{"id":15938,"date":"2016-07-25T17:48:54","date_gmt":"2016-07-25T14:48:54","guid":{"rendered":"http:\/\/btv.md\/?p=15938"},"modified":"2016-07-25T17:49:03","modified_gmt":"2016-07-25T14:49:03","slug":"dublul-omor-din-rascani-seful-adjunct-ip-andrei-grau-plasat-in-arest-la-domiciliu","status":"publish","type":"post","link":"https:\/\/www.btv.md\/ro\/dublul-omor-din-rascani-seful-adjunct-ip-andrei-grau-plasat-in-arest-la-domiciliu\/","title":{"rendered":"DUBLUL OMOR DIN R\u00c2\u015eCANI: \u015eEFUL ADJUNCT IP ANDREI GR\u00c2U, PLASAT \u00ceN AREST LA DOMICILIU"},"content":{"rendered":"<p>\u015eeful adjunct al Inspectoratului de Poli\u0163ie R\u00ee\u015fcani, Andrei Gr\u00e2u a fost plasat \u00een arest la domiciliu pentru 30 zile. O decizie \u00een acest sens a fost luat\u0103 de magistra\u0163ii Judec\u0103toriei Buiucani a Capitalei. Gr\u00e2u este \u00eenvinuit de procurori \u00een neglijen\u0163\u0103 \u00een serviciu, \u00een investigarea dublului omor de la R\u00e2\u015fcani comis de presupusul asasin Denis Golovatiuc, \u00een data de 19 iunie.<\/p>\n<p><iframe width=\"1170\" height=\"878\" data-src=\"https:\/\/www.youtube.com\/embed\/ZT8ObiDGPus?wmode=transparent&amp;rel=0&amp;feature=oembed\" frameborder=\"0\" allow=\"accelerometer; autoplay; encrypted-media; gyroscope; picture-in-picture\" allowfullscreen src=\"data:image\/svg+xml;base64,PHN2ZyB3aWR0aD0iMSIgaGVpZ2h0PSIxIiB4bWxucz0iaHR0cDovL3d3dy53My5vcmcvMjAwMC9zdmciPjwvc3ZnPg==\" class=\"lazyload\" data-load-mode=\"1\"><\/iframe><\/p>\n<p>Corneliu Popa, procurorul \u00een gestiunea c\u0103ruia se afl\u0103 dosarul celor doi capi ai poli\u0163iei de la R\u00ee\u015fcani suspenda\u0163i pe perioada anchetei de investigare a crimei, spune c\u0103 va ataca decizia primei instan\u0163e la Curtea de Apel.<\/p>\n<p>Pe l\u00e2ng\u0103 Andrei Gr\u00e2u, \u00een arest preventiv, dar \u00een isolator a fost plasat vineri, 22 iulie \u015fi Constantin Beliban, \u015feful Poli\u0163iei Criminale IP R\u00ee\u015fcani. Decizia magistra\u0163ilor de la Judec\u0103toria Buiucani\u00a0 cu privire la plasarea \u00een arest la domiciliu a \u015fefului adjunct al IP R\u00ee\u015fcani a fost dur criticat\u0103 de rudele \u015fi prietenii celor doi b\u0103l\u0163eni omor\u00e2\u0163i cu bestialitate la Nihoreni de Denis Golovatiuc.<\/p>\n<p><strong><a href=\"http:\/\/www.zdg.md\/stiri\/stiri-justitie\/retinuti-pentru-inactiune-in-elucidarea-unui-dublu-omor-ce-risca-vicecomisarul-si-seful-politiei-criminale-ai-inspectoratului-de-politie-rascani\">Dac\u0103 vor fi g\u0103si\u0163i vino\u00adva\u0163i, poli\u00ad\u021bi\u0219\u00adtii\u00a0risc\u0103 amend\u0103 de la\u00a01000 la 2000 uni\u00adt\u0103\u0163i con\u00adven\u0163io\u00adnale sau \u00eenchi\u00adsoare de la 2 la 6 ani, \u00een ambele cazuri cu pri\u00adva\u00adrea de drep\u00adtul de a ocupa anu\u00admite fun\u00adc\u0163ii sau de a exer\u00adcita o anu\u00admit\u0103 acti\u00advi\u00adtate pe un ter\u00admen de la 5 la 10\u00a0ani.<\/a><\/strong><\/p>\n","protected":false},"excerpt":{"rendered":"<p>\u015eeful adjunct al Inspectoratului de Poli\u0163ie R\u00ee\u015fcani, Andrei Gr\u00e2u a fost plasat \u00een arest la domiciliu pentru 30 zile. O decizie \u00een acest sens a fost luat\u0103 de magistra\u0163ii Judec\u0103toriei Buiucani a Capitalei. Gr\u00e2u este \u00eenvinuit de procurori \u00een neglijen\u0163\u0103 \u00een serviciu, \u00een investigarea dublului omor de la R\u00e2\u015fcani comis de presupusul asasin Denis Golovatiuc, [&hellip;]<\/p>\n","protected":false},"author":4,"featured_media":15939,"comment_status":"closed","ping_status":"closed","sticky":false,"template":"","format":"standard","meta":{"footnotes":""},"categories":[6351],"tags":[],"class_list":["post-15938","post","type-post","status-publish","format-standard","has-post-thumbnail","hentry","category-incidente"],"yoast_head":"<!-- This site is optimized with the Yoast SEO plugin v27.4 - https:\/\/yoast.com\/product\/yoast-seo-wordpress\/ -->\n<title>DUBLUL OMOR DIN R\u00c2\u015eCANI: \u015eEFUL ADJUNCT IP ANDREI GR\u00c2U, PLASAT \u00ceN AREST LA DOMICILIU - BTV<\/title>\n<meta name=\"robots\" content=\"index, follow, max-snippet:-1, max-image-preview:large, max-video-preview:-1\" \/>\n<link rel=\"canonical\" href=\"https:\/\/www.btv.md\/ro\/dublul-omor-din-rascani-seful-adjunct-ip-andrei-grau-plasat-in-arest-la-domiciliu\/\" \/>\n<meta property=\"og:locale\" content=\"ro_RO\" \/>\n<meta property=\"og:type\" content=\"article\" \/>\n<meta property=\"og:title\" content=\"DUBLUL OMOR DIN R\u00c2\u015eCANI: \u015eEFUL ADJUNCT IP ANDREI GR\u00c2U, PLASAT \u00ceN AREST LA DOMICILIU - BTV\" \/>\n<meta property=\"og:description\" content=\"\u015eeful adjunct al Inspectoratului de Poli\u0163ie R\u00ee\u015fcani, Andrei Gr\u00e2u a fost plasat \u00een arest la domiciliu pentru 30 zile. O decizie \u00een acest sens a fost luat\u0103 de magistra\u0163ii Judec\u0103toriei Buiucani a Capitalei. Gr\u00e2u este \u00eenvinuit de procurori \u00een neglijen\u0163\u0103 \u00een serviciu, \u00een investigarea dublului omor de la R\u00e2\u015fcani comis de presupusul asasin Denis Golovatiuc, [&hellip;]\" \/>\n<meta property=\"og:url\" content=\"https:\/\/www.btv.md\/ro\/dublul-omor-din-rascani-seful-adjunct-ip-andrei-grau-plasat-in-arest-la-domiciliu\/\" \/>\n<meta property=\"og:site_name\" content=\"BTV\" \/>\n<meta property=\"article:publisher\" content=\"https:\/\/www.facebook.com\/btvmoldova\/\" \/>\n<meta property=\"article:published_time\" content=\"2016-07-25T14:48:54+00:00\" \/>\n<meta property=\"article:modified_time\" content=\"2016-07-25T14:49:03+00:00\" \/>\n<meta property=\"og:image\" content=\"https:\/\/www.btv.md\/wp-content\/uploads\/2016\/07\/ioyo.jpg\" \/>\n\t<meta property=\"og:image:width\" content=\"600\" \/>\n\t<meta property=\"og:image:height\" content=\"400\" \/>\n\t<meta property=\"og:image:type\" content=\"image\/jpeg\" \/>\n<meta name=\"author\" content=\"admin\" \/>\n<meta name=\"twitter:label1\" content=\"Scris de\" \/>\n\t<meta name=\"twitter:data1\" content=\"admin\" \/>\n\t<meta name=\"twitter:label2\" content=\"Timp estimat pentru citire\" \/>\n\t<meta name=\"twitter:data2\" content=\"1 minut\" \/>\n<script type=\"application\/ld+json\" class=\"yoast-schema-graph\">{\"@context\":\"https:\\\/\\\/schema.org\",\"@graph\":[{\"@type\":\"Article\",\"@id\":\"https:\\\/\\\/www.btv.md\\\/ro\\\/dublul-omor-din-rascani-seful-adjunct-ip-andrei-grau-plasat-in-arest-la-domiciliu\\\/#article\",\"isPartOf\":{\"@id\":\"https:\\\/\\\/www.btv.md\\\/ro\\\/dublul-omor-din-rascani-seful-adjunct-ip-andrei-grau-plasat-in-arest-la-domiciliu\\\/\"},\"author\":{\"name\":\"admin\",\"@id\":\"https:\\\/\\\/www.btv.md\\\/#\\\/schema\\\/person\\\/8fadce81561b3ce2c34c46dadc4ccbf2\"},\"headline\":\"DUBLUL OMOR DIN R\u00c2\u015eCANI: \u015eEFUL ADJUNCT IP ANDREI GR\u00c2U, PLASAT \u00ceN AREST LA DOMICILIU\",\"datePublished\":\"2016-07-25T14:48:54+00:00\",\"dateModified\":\"2016-07-25T14:49:03+00:00\",\"mainEntityOfPage\":{\"@id\":\"https:\\\/\\\/www.btv.md\\\/ro\\\/dublul-omor-din-rascani-seful-adjunct-ip-andrei-grau-plasat-in-arest-la-domiciliu\\\/\"},\"wordCount\":267,\"image\":{\"@id\":\"https:\\\/\\\/www.btv.md\\\/ro\\\/dublul-omor-din-rascani-seful-adjunct-ip-andrei-grau-plasat-in-arest-la-domiciliu\\\/#primaryimage\"},\"thumbnailUrl\":\"https:\\\/\\\/www.btv.md\\\/wp-content\\\/uploads\\\/2016\\\/07\\\/ioyo.jpg\",\"articleSection\":[\"Incidente\"],\"inLanguage\":\"ro-RO\"},{\"@type\":\"WebPage\",\"@id\":\"https:\\\/\\\/www.btv.md\\\/ro\\\/dublul-omor-din-rascani-seful-adjunct-ip-andrei-grau-plasat-in-arest-la-domiciliu\\\/\",\"url\":\"https:\\\/\\\/www.btv.md\\\/ro\\\/dublul-omor-din-rascani-seful-adjunct-ip-andrei-grau-plasat-in-arest-la-domiciliu\\\/\",\"name\":\"DUBLUL OMOR DIN R\u00c2\u015eCANI: \u015eEFUL ADJUNCT IP ANDREI GR\u00c2U, PLASAT \u00ceN AREST LA DOMICILIU - BTV\",\"isPartOf\":{\"@id\":\"https:\\\/\\\/www.btv.md\\\/#website\"},\"primaryImageOfPage\":{\"@id\":\"https:\\\/\\\/www.btv.md\\\/ro\\\/dublul-omor-din-rascani-seful-adjunct-ip-andrei-grau-plasat-in-arest-la-domiciliu\\\/#primaryimage\"},\"image\":{\"@id\":\"https:\\\/\\\/www.btv.md\\\/ro\\\/dublul-omor-din-rascani-seful-adjunct-ip-andrei-grau-plasat-in-arest-la-domiciliu\\\/#primaryimage\"},\"thumbnailUrl\":\"https:\\\/\\\/www.btv.md\\\/wp-content\\\/uploads\\\/2016\\\/07\\\/ioyo.jpg\",\"datePublished\":\"2016-07-25T14:48:54+00:00\",\"dateModified\":\"2016-07-25T14:49:03+00:00\",\"author\":{\"@id\":\"https:\\\/\\\/www.btv.md\\\/#\\\/schema\\\/person\\\/8fadce81561b3ce2c34c46dadc4ccbf2\"},\"inLanguage\":\"ro-RO\",\"potentialAction\":[{\"@type\":\"ReadAction\",\"target\":[\"https:\\\/\\\/www.btv.md\\\/ro\\\/dublul-omor-din-rascani-seful-adjunct-ip-andrei-grau-plasat-in-arest-la-domiciliu\\\/\"]}]},{\"@type\":\"ImageObject\",\"inLanguage\":\"ro-RO\",\"@id\":\"https:\\\/\\\/www.btv.md\\\/ro\\\/dublul-omor-din-rascani-seful-adjunct-ip-andrei-grau-plasat-in-arest-la-domiciliu\\\/#primaryimage\",\"url\":\"https:\\\/\\\/www.btv.md\\\/wp-content\\\/uploads\\\/2016\\\/07\\\/ioyo.jpg\",\"contentUrl\":\"https:\\\/\\\/www.btv.md\\\/wp-content\\\/uploads\\\/2016\\\/07\\\/ioyo.jpg\",\"width\":600,\"height\":400},{\"@type\":\"WebSite\",\"@id\":\"https:\\\/\\\/www.btv.md\\\/#website\",\"url\":\"https:\\\/\\\/www.btv.md\\\/\",\"name\":\"BTV\",\"description\":\"\u0411\u0435\u043b\u044c\u0446\u043a\u043e\u0435 \u0442\u0435\u043b\u0435\u0432\u0438\u0434\u0435\u043d\u0438\u0435\",\"potentialAction\":[{\"@type\":\"SearchAction\",\"target\":{\"@type\":\"EntryPoint\",\"urlTemplate\":\"https:\\\/\\\/www.btv.md\\\/?s={search_term_string}\"},\"query-input\":{\"@type\":\"PropertyValueSpecification\",\"valueRequired\":true,\"valueName\":\"search_term_string\"}}],\"inLanguage\":\"ro-RO\"},{\"@type\":\"Person\",\"@id\":\"https:\\\/\\\/www.btv.md\\\/#\\\/schema\\\/person\\\/8fadce81561b3ce2c34c46dadc4ccbf2\",\"name\":\"admin\"}]}<\/script>\n<!-- \/ Yoast SEO plugin. -->","yoast_head_json":{"title":"DUBLUL OMOR DIN R\u00c2\u015eCANI: \u015eEFUL ADJUNCT IP ANDREI GR\u00c2U, PLASAT \u00ceN AREST LA DOMICILIU - BTV","robots":{"index":"index","follow":"follow","max-snippet":"max-snippet:-1","max-image-preview":"max-image-preview:large","max-video-preview":"max-video-preview:-1"},"canonical":"https:\/\/www.btv.md\/ro\/dublul-omor-din-rascani-seful-adjunct-ip-andrei-grau-plasat-in-arest-la-domiciliu\/","og_locale":"ro_RO","og_type":"article","og_title":"DUBLUL OMOR DIN R\u00c2\u015eCANI: \u015eEFUL ADJUNCT IP ANDREI GR\u00c2U, PLASAT \u00ceN AREST LA DOMICILIU - BTV","og_description":"\u015eeful adjunct al Inspectoratului de Poli\u0163ie R\u00ee\u015fcani, Andrei Gr\u00e2u a fost plasat \u00een arest la domiciliu pentru 30 zile. O decizie \u00een acest sens a fost luat\u0103 de magistra\u0163ii Judec\u0103toriei Buiucani a Capitalei. Gr\u00e2u este \u00eenvinuit de procurori \u00een neglijen\u0163\u0103 \u00een serviciu, \u00een investigarea dublului omor de la R\u00e2\u015fcani comis de presupusul asasin Denis Golovatiuc, [&hellip;]","og_url":"https:\/\/www.btv.md\/ro\/dublul-omor-din-rascani-seful-adjunct-ip-andrei-grau-plasat-in-arest-la-domiciliu\/","og_site_name":"BTV","article_publisher":"https:\/\/www.facebook.com\/btvmoldova\/","article_published_time":"2016-07-25T14:48:54+00:00","article_modified_time":"2016-07-25T14:49:03+00:00","og_image":[{"width":600,"height":400,"url":"https:\/\/www.btv.md\/wp-content\/uploads\/2016\/07\/ioyo.jpg","type":"image\/jpeg"}],"author":"admin","twitter_misc":{"Scris de":"admin","Timp estimat pentru citire":"1 minut"},"schema":{"@context":"https:\/\/schema.org","@graph":[{"@type":"Article","@id":"https:\/\/www.btv.md\/ro\/dublul-omor-din-rascani-seful-adjunct-ip-andrei-grau-plasat-in-arest-la-domiciliu\/#article","isPartOf":{"@id":"https:\/\/www.btv.md\/ro\/dublul-omor-din-rascani-seful-adjunct-ip-andrei-grau-plasat-in-arest-la-domiciliu\/"},"author":{"name":"admin","@id":"https:\/\/www.btv.md\/#\/schema\/person\/8fadce81561b3ce2c34c46dadc4ccbf2"},"headline":"DUBLUL OMOR DIN R\u00c2\u015eCANI: \u015eEFUL ADJUNCT IP ANDREI GR\u00c2U, PLASAT \u00ceN AREST LA DOMICILIU","datePublished":"2016-07-25T14:48:54+00:00","dateModified":"2016-07-25T14:49:03+00:00","mainEntityOfPage":{"@id":"https:\/\/www.btv.md\/ro\/dublul-omor-din-rascani-seful-adjunct-ip-andrei-grau-plasat-in-arest-la-domiciliu\/"},"wordCount":267,"image":{"@id":"https:\/\/www.btv.md\/ro\/dublul-omor-din-rascani-seful-adjunct-ip-andrei-grau-plasat-in-arest-la-domiciliu\/#primaryimage"},"thumbnailUrl":"https:\/\/www.btv.md\/wp-content\/uploads\/2016\/07\/ioyo.jpg","articleSection":["Incidente"],"inLanguage":"ro-RO"},{"@type":"WebPage","@id":"https:\/\/www.btv.md\/ro\/dublul-omor-din-rascani-seful-adjunct-ip-andrei-grau-plasat-in-arest-la-domiciliu\/","url":"https:\/\/www.btv.md\/ro\/dublul-omor-din-rascani-seful-adjunct-ip-andrei-grau-plasat-in-arest-la-domiciliu\/","name":"DUBLUL OMOR DIN R\u00c2\u015eCANI: \u015eEFUL ADJUNCT IP ANDREI GR\u00c2U, PLASAT \u00ceN AREST LA DOMICILIU - BTV","isPartOf":{"@id":"https:\/\/www.btv.md\/#website"},"primaryImageOfPage":{"@id":"https:\/\/www.btv.md\/ro\/dublul-omor-din-rascani-seful-adjunct-ip-andrei-grau-plasat-in-arest-la-domiciliu\/#primaryimage"},"image":{"@id":"https:\/\/www.btv.md\/ro\/dublul-omor-din-rascani-seful-adjunct-ip-andrei-grau-plasat-in-arest-la-domiciliu\/#primaryimage"},"thumbnailUrl":"https:\/\/www.btv.md\/wp-content\/uploads\/2016\/07\/ioyo.jpg","datePublished":"2016-07-25T14:48:54+00:00","dateModified":"2016-07-25T14:49:03+00:00","author":{"@id":"https:\/\/www.btv.md\/#\/schema\/person\/8fadce81561b3ce2c34c46dadc4ccbf2"},"inLanguage":"ro-RO","potentialAction":[{"@type":"ReadAction","target":["https:\/\/www.btv.md\/ro\/dublul-omor-din-rascani-seful-adjunct-ip-andrei-grau-plasat-in-arest-la-domiciliu\/"]}]},{"@type":"ImageObject","inLanguage":"ro-RO","@id":"https:\/\/www.btv.md\/ro\/dublul-omor-din-rascani-seful-adjunct-ip-andrei-grau-plasat-in-arest-la-domiciliu\/#primaryimage","url":"https:\/\/www.btv.md\/wp-content\/uploads\/2016\/07\/ioyo.jpg","contentUrl":"https:\/\/www.btv.md\/wp-content\/uploads\/2016\/07\/ioyo.jpg","width":600,"height":400},{"@type":"WebSite","@id":"https:\/\/www.btv.md\/#website","url":"https:\/\/www.btv.md\/","name":"BTV","description":"\u0411\u0435\u043b\u044c\u0446\u043a\u043e\u0435 \u0442\u0435\u043b\u0435\u0432\u0438\u0434\u0435\u043d\u0438\u0435","potentialAction":[{"@type":"SearchAction","target":{"@type":"EntryPoint","urlTemplate":"https:\/\/www.btv.md\/?s={search_term_string}"},"query-input":{"@type":"PropertyValueSpecification","valueRequired":true,"valueName":"search_term_string"}}],"inLanguage":"ro-RO"},{"@type":"Person","@id":"https:\/\/www.btv.md\/#\/schema\/person\/8fadce81561b3ce2c34c46dadc4ccbf2","name":"admin"}]}},"_links":{"self":[{"href":"https:\/\/www.btv.md\/ro\/wp-json\/wp\/v2\/posts\/15938","targetHints":{"allow":["GET"]}}],"collection":[{"href":"https:\/\/www.btv.md\/ro\/wp-json\/wp\/v2\/posts"}],"about":[{"href":"https:\/\/www.btv.md\/ro\/wp-json\/wp\/v2\/types\/post"}],"author":[{"embeddable":true,"href":"https:\/\/www.btv.md\/ro\/wp-json\/wp\/v2\/users\/4"}],"replies":[{"embeddable":true,"href":"https:\/\/www.btv.md\/ro\/wp-json\/wp\/v2\/comments?post=15938"}],"version-history":[{"count":0,"href":"https:\/\/www.btv.md\/ro\/wp-json\/wp\/v2\/posts\/15938\/revisions"}],"wp:featuredmedia":[{"embeddable":true,"href":"https:\/\/www.btv.md\/ro\/wp-json\/wp\/v2\/media\/15939"}],"wp:attachment":[{"href":"https:\/\/www.btv.md\/ro\/wp-json\/wp\/v2\/media?parent=15938"}],"wp:term":[{"taxonomy":"category","embeddable":true,"href":"https:\/\/www.btv.md\/ro\/wp-json\/wp\/v2\/categories?post=15938"},{"taxonomy":"post_tag","embeddable":true,"href":"https:\/\/www.btv.md\/ro\/wp-json\/wp\/v2\/tags?post=15938"}],"curies":[{"name":"wp","href":"https:\/\/api.w.org\/{rel}","templated":true}]}}