{"id":15944,"date":"2016-07-25T18:37:56","date_gmt":"2016-07-25T15:37:56","guid":{"rendered":"http:\/\/btv.md\/?p=15944"},"modified":"2016-07-25T18:38:09","modified_gmt":"2016-07-25T15:38:09","slug":"atacatorul-din-balti-care-si-a-lasat-victima-fara-cunostinta-este-cautat-de-politie","status":"publish","type":"post","link":"https:\/\/www.btv.md\/ro\/atacatorul-din-balti-care-si-a-lasat-victima-fara-cunostinta-este-cautat-de-politie\/","title":{"rendered":"ATACATORUL DIN B\u0102L\u0162I  CARE  \u0218I-A  L\u0102SAT  VICTIMA  F\u0102R\u0102  CUNO\u0218TIN\u021a\u0102  ESTE  C\u0102UTAT  DE  POLI\u021aIE"},"content":{"rendered":"<p>Poli\u021bia s-a autosesizat pe marginea incidentului de vineri, 22 iulie, c\u00e2nd un b\u0103rbat a fost lovit \u00een plin\u0103 strad\u0103 de c\u0103tre un trec\u0103tor. Totul s-a \u00eent\u00e2mplat pe strada Kiev din municipiul B\u0103l\u021bi. Din imaginile video, publicate de magazinul Slaider, se vede cum\u00a0 atacatorul \u00eei aplic\u0103 victimei o lovitur\u0103 cu pumnul, acesta cade la p\u0103m\u00e2nt \u0219i r\u0103m\u00e2ne nemi\u0219cat pre\u021b de c\u00e2teva minute.\u00a0<\/p>\n<p><iframe width=\"1170\" height=\"878\" data-src=\"https:\/\/www.youtube.com\/embed\/wUFfpbVs7NM?wmode=transparent&amp;rel=0&amp;feature=oembed\" frameborder=\"0\" allow=\"accelerometer; autoplay; encrypted-media; gyroscope; picture-in-picture\" allowfullscreen src=\"data:image\/svg+xml;base64,PHN2ZyB3aWR0aD0iMSIgaGVpZ2h0PSIxIiB4bWxucz0iaHR0cDovL3d3dy53My5vcmcvMjAwMC9zdmciPjwvc3ZnPg==\" class=\"lazyload\" data-load-mode=\"1\"><\/iframe><\/p>\n<p>Potrivit ofi\u021berului de pres\u0103 al Inspectoratului de Poli\u021bie B\u0103l\u021bi, Olga Bejenaru, \u00een prezent se \u00eentreprind toate m\u0103surile pentru a stabili identitatea atacatorului.<\/p>\n<p>Martorii care au v\u0103zut momentul incidentului spun c\u0103 ar fi vorba despre un conflict \u00eentre trei persoane. Ace\u0219tia mergeau \u00eempreun\u0103 c\u00e2nd a \u00eenceput cearta.<\/p>\n<p>To\u021bi cei care de\u021bin informa\u021bii despre cele \u00eent\u00e2mplate sau au recunoscut f\u0103pta\u0219ul, sunt ruga\u021bi s\u0103 sune la num\u0103rul de telefon 902 sau 23123476.<\/p>\n","protected":false},"excerpt":{"rendered":"<p>Poli\u021bia s-a autosesizat pe marginea incidentului de vineri, 22 iulie, c\u00e2nd un b\u0103rbat a fost lovit \u00een plin\u0103 strad\u0103 de c\u0103tre un trec\u0103tor. Totul s-a \u00eent\u00e2mplat pe strada Kiev din municipiul B\u0103l\u021bi. Din imaginile video, publicate de magazinul Slaider, se vede cum\u00a0 atacatorul \u00eei aplic\u0103 victimei o lovitur\u0103 cu pumnul, acesta cade la p\u0103m\u00e2nt \u0219i [&hellip;]<\/p>\n","protected":false},"author":4,"featured_media":15945,"comment_status":"closed","ping_status":"closed","sticky":false,"template":"","format":"standard","meta":{"footnotes":""},"categories":[6351],"tags":[],"class_list":["post-15944","post","type-post","status-publish","format-standard","has-post-thumbnail","hentry","category-incidente"],"yoast_head":"<!-- This site is optimized with the Yoast SEO plugin v27.4 - https:\/\/yoast.com\/product\/yoast-seo-wordpress\/ -->\n<title>ATACATORUL DIN B\u0102L\u0162I CARE \u0218I-A L\u0102SAT VICTIMA F\u0102R\u0102 CUNO\u0218TIN\u021a\u0102 ESTE C\u0102UTAT DE POLI\u021aIE - BTV<\/title>\n<meta name=\"robots\" content=\"index, follow, max-snippet:-1, max-image-preview:large, max-video-preview:-1\" \/>\n<link rel=\"canonical\" href=\"https:\/\/www.btv.md\/ro\/atacatorul-din-balti-care-si-a-lasat-victima-fara-cunostinta-este-cautat-de-politie\/\" \/>\n<meta property=\"og:locale\" content=\"ro_RO\" \/>\n<meta property=\"og:type\" content=\"article\" \/>\n<meta property=\"og:title\" content=\"ATACATORUL DIN B\u0102L\u0162I CARE \u0218I-A L\u0102SAT VICTIMA F\u0102R\u0102 CUNO\u0218TIN\u021a\u0102 ESTE C\u0102UTAT DE POLI\u021aIE - BTV\" \/>\n<meta property=\"og:description\" content=\"Poli\u021bia s-a autosesizat pe marginea incidentului de vineri, 22 iulie, c\u00e2nd un b\u0103rbat a fost lovit \u00een plin\u0103 strad\u0103 de c\u0103tre un trec\u0103tor. Totul s-a \u00eent\u00e2mplat pe strada Kiev din municipiul B\u0103l\u021bi. Din imaginile video, publicate de magazinul Slaider, se vede cum\u00a0 atacatorul \u00eei aplic\u0103 victimei o lovitur\u0103 cu pumnul, acesta cade la p\u0103m\u00e2nt \u0219i [&hellip;]\" \/>\n<meta property=\"og:url\" content=\"https:\/\/www.btv.md\/ro\/atacatorul-din-balti-care-si-a-lasat-victima-fara-cunostinta-este-cautat-de-politie\/\" \/>\n<meta property=\"og:site_name\" content=\"BTV\" \/>\n<meta property=\"article:publisher\" content=\"https:\/\/www.facebook.com\/btvmoldova\/\" \/>\n<meta property=\"article:published_time\" content=\"2016-07-25T15:37:56+00:00\" \/>\n<meta property=\"article:modified_time\" content=\"2016-07-25T15:38:09+00:00\" \/>\n<meta property=\"og:image\" content=\"https:\/\/www.btv.md\/wp-content\/uploads\/2016\/07\/uy6k.jpg\" \/>\n\t<meta property=\"og:image:width\" content=\"600\" \/>\n\t<meta property=\"og:image:height\" content=\"400\" \/>\n\t<meta property=\"og:image:type\" content=\"image\/jpeg\" \/>\n<meta name=\"author\" content=\"admin\" \/>\n<meta name=\"twitter:label1\" content=\"Scris de\" \/>\n\t<meta name=\"twitter:data1\" content=\"admin\" \/>\n\t<meta name=\"twitter:label2\" content=\"Timp estimat pentru citire\" \/>\n\t<meta name=\"twitter:data2\" content=\"1 minut\" \/>\n<script type=\"application\/ld+json\" class=\"yoast-schema-graph\">{\"@context\":\"https:\\\/\\\/schema.org\",\"@graph\":[{\"@type\":\"Article\",\"@id\":\"https:\\\/\\\/www.btv.md\\\/ro\\\/atacatorul-din-balti-care-si-a-lasat-victima-fara-cunostinta-este-cautat-de-politie\\\/#article\",\"isPartOf\":{\"@id\":\"https:\\\/\\\/www.btv.md\\\/ro\\\/atacatorul-din-balti-care-si-a-lasat-victima-fara-cunostinta-este-cautat-de-politie\\\/\"},\"author\":{\"name\":\"admin\",\"@id\":\"https:\\\/\\\/www.btv.md\\\/#\\\/schema\\\/person\\\/8fadce81561b3ce2c34c46dadc4ccbf2\"},\"headline\":\"ATACATORUL DIN B\u0102L\u0162I CARE \u0218I-A L\u0102SAT VICTIMA F\u0102R\u0102 CUNO\u0218TIN\u021a\u0102 ESTE C\u0102UTAT DE POLI\u021aIE\",\"datePublished\":\"2016-07-25T15:37:56+00:00\",\"dateModified\":\"2016-07-25T15:38:09+00:00\",\"mainEntityOfPage\":{\"@id\":\"https:\\\/\\\/www.btv.md\\\/ro\\\/atacatorul-din-balti-care-si-a-lasat-victima-fara-cunostinta-este-cautat-de-politie\\\/\"},\"wordCount\":182,\"image\":{\"@id\":\"https:\\\/\\\/www.btv.md\\\/ro\\\/atacatorul-din-balti-care-si-a-lasat-victima-fara-cunostinta-este-cautat-de-politie\\\/#primaryimage\"},\"thumbnailUrl\":\"https:\\\/\\\/www.btv.md\\\/wp-content\\\/uploads\\\/2016\\\/07\\\/uy6k.jpg\",\"articleSection\":[\"Incidente\"],\"inLanguage\":\"ro-RO\"},{\"@type\":\"WebPage\",\"@id\":\"https:\\\/\\\/www.btv.md\\\/ro\\\/atacatorul-din-balti-care-si-a-lasat-victima-fara-cunostinta-este-cautat-de-politie\\\/\",\"url\":\"https:\\\/\\\/www.btv.md\\\/ro\\\/atacatorul-din-balti-care-si-a-lasat-victima-fara-cunostinta-este-cautat-de-politie\\\/\",\"name\":\"ATACATORUL DIN B\u0102L\u0162I CARE \u0218I-A L\u0102SAT VICTIMA F\u0102R\u0102 CUNO\u0218TIN\u021a\u0102 ESTE C\u0102UTAT DE POLI\u021aIE - BTV\",\"isPartOf\":{\"@id\":\"https:\\\/\\\/www.btv.md\\\/#website\"},\"primaryImageOfPage\":{\"@id\":\"https:\\\/\\\/www.btv.md\\\/ro\\\/atacatorul-din-balti-care-si-a-lasat-victima-fara-cunostinta-este-cautat-de-politie\\\/#primaryimage\"},\"image\":{\"@id\":\"https:\\\/\\\/www.btv.md\\\/ro\\\/atacatorul-din-balti-care-si-a-lasat-victima-fara-cunostinta-este-cautat-de-politie\\\/#primaryimage\"},\"thumbnailUrl\":\"https:\\\/\\\/www.btv.md\\\/wp-content\\\/uploads\\\/2016\\\/07\\\/uy6k.jpg\",\"datePublished\":\"2016-07-25T15:37:56+00:00\",\"dateModified\":\"2016-07-25T15:38:09+00:00\",\"author\":{\"@id\":\"https:\\\/\\\/www.btv.md\\\/#\\\/schema\\\/person\\\/8fadce81561b3ce2c34c46dadc4ccbf2\"},\"inLanguage\":\"ro-RO\",\"potentialAction\":[{\"@type\":\"ReadAction\",\"target\":[\"https:\\\/\\\/www.btv.md\\\/ro\\\/atacatorul-din-balti-care-si-a-lasat-victima-fara-cunostinta-este-cautat-de-politie\\\/\"]}]},{\"@type\":\"ImageObject\",\"inLanguage\":\"ro-RO\",\"@id\":\"https:\\\/\\\/www.btv.md\\\/ro\\\/atacatorul-din-balti-care-si-a-lasat-victima-fara-cunostinta-este-cautat-de-politie\\\/#primaryimage\",\"url\":\"https:\\\/\\\/www.btv.md\\\/wp-content\\\/uploads\\\/2016\\\/07\\\/uy6k.jpg\",\"contentUrl\":\"https:\\\/\\\/www.btv.md\\\/wp-content\\\/uploads\\\/2016\\\/07\\\/uy6k.jpg\",\"width\":600,\"height\":400},{\"@type\":\"WebSite\",\"@id\":\"https:\\\/\\\/www.btv.md\\\/#website\",\"url\":\"https:\\\/\\\/www.btv.md\\\/\",\"name\":\"BTV\",\"description\":\"\u0411\u0435\u043b\u044c\u0446\u043a\u043e\u0435 \u0442\u0435\u043b\u0435\u0432\u0438\u0434\u0435\u043d\u0438\u0435\",\"potentialAction\":[{\"@type\":\"SearchAction\",\"target\":{\"@type\":\"EntryPoint\",\"urlTemplate\":\"https:\\\/\\\/www.btv.md\\\/?s={search_term_string}\"},\"query-input\":{\"@type\":\"PropertyValueSpecification\",\"valueRequired\":true,\"valueName\":\"search_term_string\"}}],\"inLanguage\":\"ro-RO\"},{\"@type\":\"Person\",\"@id\":\"https:\\\/\\\/www.btv.md\\\/#\\\/schema\\\/person\\\/8fadce81561b3ce2c34c46dadc4ccbf2\",\"name\":\"admin\"}]}<\/script>\n<!-- \/ Yoast SEO plugin. -->","yoast_head_json":{"title":"ATACATORUL DIN B\u0102L\u0162I CARE \u0218I-A L\u0102SAT VICTIMA F\u0102R\u0102 CUNO\u0218TIN\u021a\u0102 ESTE C\u0102UTAT DE POLI\u021aIE - BTV","robots":{"index":"index","follow":"follow","max-snippet":"max-snippet:-1","max-image-preview":"max-image-preview:large","max-video-preview":"max-video-preview:-1"},"canonical":"https:\/\/www.btv.md\/ro\/atacatorul-din-balti-care-si-a-lasat-victima-fara-cunostinta-este-cautat-de-politie\/","og_locale":"ro_RO","og_type":"article","og_title":"ATACATORUL DIN B\u0102L\u0162I CARE \u0218I-A L\u0102SAT VICTIMA F\u0102R\u0102 CUNO\u0218TIN\u021a\u0102 ESTE C\u0102UTAT DE POLI\u021aIE - BTV","og_description":"Poli\u021bia s-a autosesizat pe marginea incidentului de vineri, 22 iulie, c\u00e2nd un b\u0103rbat a fost lovit \u00een plin\u0103 strad\u0103 de c\u0103tre un trec\u0103tor. Totul s-a \u00eent\u00e2mplat pe strada Kiev din municipiul B\u0103l\u021bi. Din imaginile video, publicate de magazinul Slaider, se vede cum\u00a0 atacatorul \u00eei aplic\u0103 victimei o lovitur\u0103 cu pumnul, acesta cade la p\u0103m\u00e2nt \u0219i [&hellip;]","og_url":"https:\/\/www.btv.md\/ro\/atacatorul-din-balti-care-si-a-lasat-victima-fara-cunostinta-este-cautat-de-politie\/","og_site_name":"BTV","article_publisher":"https:\/\/www.facebook.com\/btvmoldova\/","article_published_time":"2016-07-25T15:37:56+00:00","article_modified_time":"2016-07-25T15:38:09+00:00","og_image":[{"width":600,"height":400,"url":"https:\/\/www.btv.md\/wp-content\/uploads\/2016\/07\/uy6k.jpg","type":"image\/jpeg"}],"author":"admin","twitter_misc":{"Scris de":"admin","Timp estimat pentru citire":"1 minut"},"schema":{"@context":"https:\/\/schema.org","@graph":[{"@type":"Article","@id":"https:\/\/www.btv.md\/ro\/atacatorul-din-balti-care-si-a-lasat-victima-fara-cunostinta-este-cautat-de-politie\/#article","isPartOf":{"@id":"https:\/\/www.btv.md\/ro\/atacatorul-din-balti-care-si-a-lasat-victima-fara-cunostinta-este-cautat-de-politie\/"},"author":{"name":"admin","@id":"https:\/\/www.btv.md\/#\/schema\/person\/8fadce81561b3ce2c34c46dadc4ccbf2"},"headline":"ATACATORUL DIN B\u0102L\u0162I CARE \u0218I-A L\u0102SAT VICTIMA F\u0102R\u0102 CUNO\u0218TIN\u021a\u0102 ESTE C\u0102UTAT DE POLI\u021aIE","datePublished":"2016-07-25T15:37:56+00:00","dateModified":"2016-07-25T15:38:09+00:00","mainEntityOfPage":{"@id":"https:\/\/www.btv.md\/ro\/atacatorul-din-balti-care-si-a-lasat-victima-fara-cunostinta-este-cautat-de-politie\/"},"wordCount":182,"image":{"@id":"https:\/\/www.btv.md\/ro\/atacatorul-din-balti-care-si-a-lasat-victima-fara-cunostinta-este-cautat-de-politie\/#primaryimage"},"thumbnailUrl":"https:\/\/www.btv.md\/wp-content\/uploads\/2016\/07\/uy6k.jpg","articleSection":["Incidente"],"inLanguage":"ro-RO"},{"@type":"WebPage","@id":"https:\/\/www.btv.md\/ro\/atacatorul-din-balti-care-si-a-lasat-victima-fara-cunostinta-este-cautat-de-politie\/","url":"https:\/\/www.btv.md\/ro\/atacatorul-din-balti-care-si-a-lasat-victima-fara-cunostinta-este-cautat-de-politie\/","name":"ATACATORUL DIN B\u0102L\u0162I CARE \u0218I-A L\u0102SAT VICTIMA F\u0102R\u0102 CUNO\u0218TIN\u021a\u0102 ESTE C\u0102UTAT DE POLI\u021aIE - BTV","isPartOf":{"@id":"https:\/\/www.btv.md\/#website"},"primaryImageOfPage":{"@id":"https:\/\/www.btv.md\/ro\/atacatorul-din-balti-care-si-a-lasat-victima-fara-cunostinta-este-cautat-de-politie\/#primaryimage"},"image":{"@id":"https:\/\/www.btv.md\/ro\/atacatorul-din-balti-care-si-a-lasat-victima-fara-cunostinta-este-cautat-de-politie\/#primaryimage"},"thumbnailUrl":"https:\/\/www.btv.md\/wp-content\/uploads\/2016\/07\/uy6k.jpg","datePublished":"2016-07-25T15:37:56+00:00","dateModified":"2016-07-25T15:38:09+00:00","author":{"@id":"https:\/\/www.btv.md\/#\/schema\/person\/8fadce81561b3ce2c34c46dadc4ccbf2"},"inLanguage":"ro-RO","potentialAction":[{"@type":"ReadAction","target":["https:\/\/www.btv.md\/ro\/atacatorul-din-balti-care-si-a-lasat-victima-fara-cunostinta-este-cautat-de-politie\/"]}]},{"@type":"ImageObject","inLanguage":"ro-RO","@id":"https:\/\/www.btv.md\/ro\/atacatorul-din-balti-care-si-a-lasat-victima-fara-cunostinta-este-cautat-de-politie\/#primaryimage","url":"https:\/\/www.btv.md\/wp-content\/uploads\/2016\/07\/uy6k.jpg","contentUrl":"https:\/\/www.btv.md\/wp-content\/uploads\/2016\/07\/uy6k.jpg","width":600,"height":400},{"@type":"WebSite","@id":"https:\/\/www.btv.md\/#website","url":"https:\/\/www.btv.md\/","name":"BTV","description":"\u0411\u0435\u043b\u044c\u0446\u043a\u043e\u0435 \u0442\u0435\u043b\u0435\u0432\u0438\u0434\u0435\u043d\u0438\u0435","potentialAction":[{"@type":"SearchAction","target":{"@type":"EntryPoint","urlTemplate":"https:\/\/www.btv.md\/?s={search_term_string}"},"query-input":{"@type":"PropertyValueSpecification","valueRequired":true,"valueName":"search_term_string"}}],"inLanguage":"ro-RO"},{"@type":"Person","@id":"https:\/\/www.btv.md\/#\/schema\/person\/8fadce81561b3ce2c34c46dadc4ccbf2","name":"admin"}]}},"_links":{"self":[{"href":"https:\/\/www.btv.md\/ro\/wp-json\/wp\/v2\/posts\/15944","targetHints":{"allow":["GET"]}}],"collection":[{"href":"https:\/\/www.btv.md\/ro\/wp-json\/wp\/v2\/posts"}],"about":[{"href":"https:\/\/www.btv.md\/ro\/wp-json\/wp\/v2\/types\/post"}],"author":[{"embeddable":true,"href":"https:\/\/www.btv.md\/ro\/wp-json\/wp\/v2\/users\/4"}],"replies":[{"embeddable":true,"href":"https:\/\/www.btv.md\/ro\/wp-json\/wp\/v2\/comments?post=15944"}],"version-history":[{"count":0,"href":"https:\/\/www.btv.md\/ro\/wp-json\/wp\/v2\/posts\/15944\/revisions"}],"wp:featuredmedia":[{"embeddable":true,"href":"https:\/\/www.btv.md\/ro\/wp-json\/wp\/v2\/media\/15945"}],"wp:attachment":[{"href":"https:\/\/www.btv.md\/ro\/wp-json\/wp\/v2\/media?parent=15944"}],"wp:term":[{"taxonomy":"category","embeddable":true,"href":"https:\/\/www.btv.md\/ro\/wp-json\/wp\/v2\/categories?post=15944"},{"taxonomy":"post_tag","embeddable":true,"href":"https:\/\/www.btv.md\/ro\/wp-json\/wp\/v2\/tags?post=15944"}],"curies":[{"name":"wp","href":"https:\/\/api.w.org\/{rel}","templated":true}]}}