{"id":15966,"date":"2016-07-26T11:35:59","date_gmt":"2016-07-26T08:35:59","guid":{"rendered":"http:\/\/btv.md\/?p=15966"},"modified":"2016-07-26T11:36:28","modified_gmt":"2016-07-26T08:36:28","slug":"interpol-moldova-confirma-retinerea-lui-veaceslav-platon","status":"publish","type":"post","link":"https:\/\/www.btv.md\/ro\/interpol-moldova-confirma-retinerea-lui-veaceslav-platon\/","title":{"rendered":"INTERPOL MOLDOVA CONFIRM\u0102 RE\u021bINEREA LUI VEACESLAV PLATON"},"content":{"rendered":"<p><strong>Serviciul de Securitate al Ucrainei \u00eempreun\u0103 cu Procuratura General\u0103 a \u021b\u0103rii vecine, au re\u021binut un cet\u0103\u021bean al Republicii Moldova la Kiev. Acesta era dat \u00een c\u0103utare de Interpol pentru comiterea infrac\u021biunilor prev\u0103zute de p. 5 art. 190 (sp\u0103lare de bani) \u0219i p 3 art. 243 (fraud\u0103 bancar\u0103), din Codul penal al Republicii Moldova, transmite unimedia.info<\/strong><\/p>\n<p><iframe width=\"1170\" height=\"878\" data-src=\"https:\/\/www.youtube.com\/embed\/5Kcitopbj_Q?wmode=transparent&amp;rel=0&amp;feature=oembed\" frameborder=\"0\" allow=\"accelerometer; autoplay; encrypted-media; gyroscope; picture-in-picture\" allowfullscreen src=\"data:image\/svg+xml;base64,PHN2ZyB3aWR0aD0iMSIgaGVpZ2h0PSIxIiB4bWxucz0iaHR0cDovL3d3dy53My5vcmcvMjAwMC9zdmciPjwvc3ZnPg==\" class=\"lazyload\" data-load-mode=\"1\"><\/iframe><\/p>\n<p>Acesta urmeaz\u0103 s\u0103 fie extr\u0103dat autorit\u0103\u021bilor din Republica Moldova.<\/p>\n<p>Despre aceasta comunic\u0103 pe\u00a0<a href=\"https:\/\/m.facebook.com\/gp.gov.ua\/posts\/707426439395621?__mref=message_bubble\">pagina de Facebook, Procuratura General\u0103 a Ucrainei<\/a>. De asemenea, persoana re\u021binut\u0103 va fi cercetat\u0103 pentru infrac\u021biuni comise \u0219i pe teritoriul Ucrainei.<\/p>\n<p>\u0218eful Biroului Na\u0163ional Central Interpol din Republica Moldova,\u00a0Fred Lecari, a declarat pentru Realitatea.md c\u0103 institu\u021bia a fost informat\u0103 oficial, \u00een diminea\u021ba zilei de azi, de c\u0103tre omologii din Ucraina, privind re\u021binerea lui\u00a0Veaceslav Platon.\u00a0<\/p>\n<p>\u00cen momentul re\u021binerii de c\u0103tre serviciile secrete \u0219i Procuratura din Ucraina,\u00a0Veaceslav Platon de\u021binea un pa\u0219aport ucrainean fals. Informa\u021bia a fost oferit\u0103 pentru Realitatea.md de c\u0103tre\u00a0\u0219efa Serviciului de pres\u0103 al Procuraturii Generale, Maria Vieru.<\/p>\n<p>Totodat\u0103, potrivit lui Vieru, Procuratura din Moldova nu a fost informat\u0103 oficial de c\u0103tre autorit\u0103\u021bile din Ucraina privind re\u021binerea omului de afaceri.<\/p>\n<p>\u201dNoi am luat deja leg\u0103tura pentru a afla mai multe detalii \u0219i pe care le vom oferi pe parcursul zilei de azi\u201d, a mai spus Vieru.<\/p>\n","protected":false},"excerpt":{"rendered":"<p>Serviciul de Securitate al Ucrainei \u00eempreun\u0103 cu Procuratura General\u0103 a \u021b\u0103rii vecine, au re\u021binut un cet\u0103\u021bean al Republicii Moldova la Kiev. Acesta era dat \u00een c\u0103utare de Interpol pentru comiterea infrac\u021biunilor prev\u0103zute de p. 5 art. 190 (sp\u0103lare de bani) \u0219i p 3 art. 243 (fraud\u0103 bancar\u0103), din Codul penal al Republicii Moldova, transmite unimedia.info [&hellip;]<\/p>\n","protected":false},"author":4,"featured_media":15967,"comment_status":"closed","ping_status":"closed","sticky":false,"template":"","format":"standard","meta":{"footnotes":""},"categories":[6351],"tags":[],"class_list":["post-15966","post","type-post","status-publish","format-standard","has-post-thumbnail","hentry","category-incidente"],"yoast_head":"<!-- This site is optimized with the Yoast SEO plugin v27.4 - https:\/\/yoast.com\/product\/yoast-seo-wordpress\/ -->\n<title>INTERPOL MOLDOVA CONFIRM\u0102 RE\u021bINEREA LUI VEACESLAV PLATON - BTV<\/title>\n<meta name=\"robots\" content=\"index, follow, max-snippet:-1, max-image-preview:large, max-video-preview:-1\" \/>\n<link rel=\"canonical\" href=\"https:\/\/www.btv.md\/ro\/interpol-moldova-confirma-retinerea-lui-veaceslav-platon\/\" \/>\n<meta property=\"og:locale\" content=\"ro_RO\" \/>\n<meta property=\"og:type\" content=\"article\" \/>\n<meta property=\"og:title\" content=\"INTERPOL MOLDOVA CONFIRM\u0102 RE\u021bINEREA LUI VEACESLAV PLATON - BTV\" \/>\n<meta property=\"og:description\" content=\"Serviciul de Securitate al Ucrainei \u00eempreun\u0103 cu Procuratura General\u0103 a \u021b\u0103rii vecine, au re\u021binut un cet\u0103\u021bean al Republicii Moldova la Kiev. Acesta era dat \u00een c\u0103utare de Interpol pentru comiterea infrac\u021biunilor prev\u0103zute de p. 5 art. 190 (sp\u0103lare de bani) \u0219i p 3 art. 243 (fraud\u0103 bancar\u0103), din Codul penal al Republicii Moldova, transmite unimedia.info [&hellip;]\" \/>\n<meta property=\"og:url\" content=\"https:\/\/www.btv.md\/ro\/interpol-moldova-confirma-retinerea-lui-veaceslav-platon\/\" \/>\n<meta property=\"og:site_name\" content=\"BTV\" \/>\n<meta property=\"article:publisher\" content=\"https:\/\/www.facebook.com\/btvmoldova\/\" \/>\n<meta property=\"article:published_time\" content=\"2016-07-26T08:35:59+00:00\" \/>\n<meta property=\"article:modified_time\" content=\"2016-07-26T08:36:28+00:00\" \/>\n<meta property=\"og:image\" content=\"https:\/\/www.btv.md\/wp-content\/uploads\/2016\/07\/rg.jpg\" \/>\n\t<meta property=\"og:image:width\" content=\"600\" \/>\n\t<meta property=\"og:image:height\" content=\"400\" \/>\n\t<meta property=\"og:image:type\" content=\"image\/jpeg\" \/>\n<meta name=\"author\" content=\"admin\" \/>\n<meta name=\"twitter:label1\" content=\"Scris de\" \/>\n\t<meta name=\"twitter:data1\" content=\"admin\" \/>\n\t<meta name=\"twitter:label2\" content=\"Timp estimat pentru citire\" \/>\n\t<meta name=\"twitter:data2\" content=\"1 minut\" \/>\n<script type=\"application\/ld+json\" class=\"yoast-schema-graph\">{\"@context\":\"https:\\\/\\\/schema.org\",\"@graph\":[{\"@type\":\"Article\",\"@id\":\"https:\\\/\\\/www.btv.md\\\/ro\\\/interpol-moldova-confirma-retinerea-lui-veaceslav-platon\\\/#article\",\"isPartOf\":{\"@id\":\"https:\\\/\\\/www.btv.md\\\/ro\\\/interpol-moldova-confirma-retinerea-lui-veaceslav-platon\\\/\"},\"author\":{\"name\":\"admin\",\"@id\":\"https:\\\/\\\/www.btv.md\\\/#\\\/schema\\\/person\\\/8fadce81561b3ce2c34c46dadc4ccbf2\"},\"headline\":\"INTERPOL MOLDOVA CONFIRM\u0102 RE\u021bINEREA LUI VEACESLAV PLATON\",\"datePublished\":\"2016-07-26T08:35:59+00:00\",\"dateModified\":\"2016-07-26T08:36:28+00:00\",\"mainEntityOfPage\":{\"@id\":\"https:\\\/\\\/www.btv.md\\\/ro\\\/interpol-moldova-confirma-retinerea-lui-veaceslav-platon\\\/\"},\"wordCount\":244,\"image\":{\"@id\":\"https:\\\/\\\/www.btv.md\\\/ro\\\/interpol-moldova-confirma-retinerea-lui-veaceslav-platon\\\/#primaryimage\"},\"thumbnailUrl\":\"https:\\\/\\\/www.btv.md\\\/wp-content\\\/uploads\\\/2016\\\/07\\\/rg.jpg\",\"articleSection\":[\"Incidente\"],\"inLanguage\":\"ro-RO\"},{\"@type\":\"WebPage\",\"@id\":\"https:\\\/\\\/www.btv.md\\\/ro\\\/interpol-moldova-confirma-retinerea-lui-veaceslav-platon\\\/\",\"url\":\"https:\\\/\\\/www.btv.md\\\/ro\\\/interpol-moldova-confirma-retinerea-lui-veaceslav-platon\\\/\",\"name\":\"INTERPOL MOLDOVA CONFIRM\u0102 RE\u021bINEREA LUI VEACESLAV PLATON - BTV\",\"isPartOf\":{\"@id\":\"https:\\\/\\\/www.btv.md\\\/#website\"},\"primaryImageOfPage\":{\"@id\":\"https:\\\/\\\/www.btv.md\\\/ro\\\/interpol-moldova-confirma-retinerea-lui-veaceslav-platon\\\/#primaryimage\"},\"image\":{\"@id\":\"https:\\\/\\\/www.btv.md\\\/ro\\\/interpol-moldova-confirma-retinerea-lui-veaceslav-platon\\\/#primaryimage\"},\"thumbnailUrl\":\"https:\\\/\\\/www.btv.md\\\/wp-content\\\/uploads\\\/2016\\\/07\\\/rg.jpg\",\"datePublished\":\"2016-07-26T08:35:59+00:00\",\"dateModified\":\"2016-07-26T08:36:28+00:00\",\"author\":{\"@id\":\"https:\\\/\\\/www.btv.md\\\/#\\\/schema\\\/person\\\/8fadce81561b3ce2c34c46dadc4ccbf2\"},\"inLanguage\":\"ro-RO\",\"potentialAction\":[{\"@type\":\"ReadAction\",\"target\":[\"https:\\\/\\\/www.btv.md\\\/ro\\\/interpol-moldova-confirma-retinerea-lui-veaceslav-platon\\\/\"]}]},{\"@type\":\"ImageObject\",\"inLanguage\":\"ro-RO\",\"@id\":\"https:\\\/\\\/www.btv.md\\\/ro\\\/interpol-moldova-confirma-retinerea-lui-veaceslav-platon\\\/#primaryimage\",\"url\":\"https:\\\/\\\/www.btv.md\\\/wp-content\\\/uploads\\\/2016\\\/07\\\/rg.jpg\",\"contentUrl\":\"https:\\\/\\\/www.btv.md\\\/wp-content\\\/uploads\\\/2016\\\/07\\\/rg.jpg\",\"width\":600,\"height\":400},{\"@type\":\"WebSite\",\"@id\":\"https:\\\/\\\/www.btv.md\\\/#website\",\"url\":\"https:\\\/\\\/www.btv.md\\\/\",\"name\":\"BTV\",\"description\":\"\u0411\u0435\u043b\u044c\u0446\u043a\u043e\u0435 \u0442\u0435\u043b\u0435\u0432\u0438\u0434\u0435\u043d\u0438\u0435\",\"potentialAction\":[{\"@type\":\"SearchAction\",\"target\":{\"@type\":\"EntryPoint\",\"urlTemplate\":\"https:\\\/\\\/www.btv.md\\\/?s={search_term_string}\"},\"query-input\":{\"@type\":\"PropertyValueSpecification\",\"valueRequired\":true,\"valueName\":\"search_term_string\"}}],\"inLanguage\":\"ro-RO\"},{\"@type\":\"Person\",\"@id\":\"https:\\\/\\\/www.btv.md\\\/#\\\/schema\\\/person\\\/8fadce81561b3ce2c34c46dadc4ccbf2\",\"name\":\"admin\"}]}<\/script>\n<!-- \/ Yoast SEO plugin. -->","yoast_head_json":{"title":"INTERPOL MOLDOVA CONFIRM\u0102 RE\u021bINEREA LUI VEACESLAV PLATON - BTV","robots":{"index":"index","follow":"follow","max-snippet":"max-snippet:-1","max-image-preview":"max-image-preview:large","max-video-preview":"max-video-preview:-1"},"canonical":"https:\/\/www.btv.md\/ro\/interpol-moldova-confirma-retinerea-lui-veaceslav-platon\/","og_locale":"ro_RO","og_type":"article","og_title":"INTERPOL MOLDOVA CONFIRM\u0102 RE\u021bINEREA LUI VEACESLAV PLATON - BTV","og_description":"Serviciul de Securitate al Ucrainei \u00eempreun\u0103 cu Procuratura General\u0103 a \u021b\u0103rii vecine, au re\u021binut un cet\u0103\u021bean al Republicii Moldova la Kiev. Acesta era dat \u00een c\u0103utare de Interpol pentru comiterea infrac\u021biunilor prev\u0103zute de p. 5 art. 190 (sp\u0103lare de bani) \u0219i p 3 art. 243 (fraud\u0103 bancar\u0103), din Codul penal al Republicii Moldova, transmite unimedia.info [&hellip;]","og_url":"https:\/\/www.btv.md\/ro\/interpol-moldova-confirma-retinerea-lui-veaceslav-platon\/","og_site_name":"BTV","article_publisher":"https:\/\/www.facebook.com\/btvmoldova\/","article_published_time":"2016-07-26T08:35:59+00:00","article_modified_time":"2016-07-26T08:36:28+00:00","og_image":[{"width":600,"height":400,"url":"https:\/\/www.btv.md\/wp-content\/uploads\/2016\/07\/rg.jpg","type":"image\/jpeg"}],"author":"admin","twitter_misc":{"Scris de":"admin","Timp estimat pentru citire":"1 minut"},"schema":{"@context":"https:\/\/schema.org","@graph":[{"@type":"Article","@id":"https:\/\/www.btv.md\/ro\/interpol-moldova-confirma-retinerea-lui-veaceslav-platon\/#article","isPartOf":{"@id":"https:\/\/www.btv.md\/ro\/interpol-moldova-confirma-retinerea-lui-veaceslav-platon\/"},"author":{"name":"admin","@id":"https:\/\/www.btv.md\/#\/schema\/person\/8fadce81561b3ce2c34c46dadc4ccbf2"},"headline":"INTERPOL MOLDOVA CONFIRM\u0102 RE\u021bINEREA LUI VEACESLAV PLATON","datePublished":"2016-07-26T08:35:59+00:00","dateModified":"2016-07-26T08:36:28+00:00","mainEntityOfPage":{"@id":"https:\/\/www.btv.md\/ro\/interpol-moldova-confirma-retinerea-lui-veaceslav-platon\/"},"wordCount":244,"image":{"@id":"https:\/\/www.btv.md\/ro\/interpol-moldova-confirma-retinerea-lui-veaceslav-platon\/#primaryimage"},"thumbnailUrl":"https:\/\/www.btv.md\/wp-content\/uploads\/2016\/07\/rg.jpg","articleSection":["Incidente"],"inLanguage":"ro-RO"},{"@type":"WebPage","@id":"https:\/\/www.btv.md\/ro\/interpol-moldova-confirma-retinerea-lui-veaceslav-platon\/","url":"https:\/\/www.btv.md\/ro\/interpol-moldova-confirma-retinerea-lui-veaceslav-platon\/","name":"INTERPOL MOLDOVA CONFIRM\u0102 RE\u021bINEREA LUI VEACESLAV PLATON - BTV","isPartOf":{"@id":"https:\/\/www.btv.md\/#website"},"primaryImageOfPage":{"@id":"https:\/\/www.btv.md\/ro\/interpol-moldova-confirma-retinerea-lui-veaceslav-platon\/#primaryimage"},"image":{"@id":"https:\/\/www.btv.md\/ro\/interpol-moldova-confirma-retinerea-lui-veaceslav-platon\/#primaryimage"},"thumbnailUrl":"https:\/\/www.btv.md\/wp-content\/uploads\/2016\/07\/rg.jpg","datePublished":"2016-07-26T08:35:59+00:00","dateModified":"2016-07-26T08:36:28+00:00","author":{"@id":"https:\/\/www.btv.md\/#\/schema\/person\/8fadce81561b3ce2c34c46dadc4ccbf2"},"inLanguage":"ro-RO","potentialAction":[{"@type":"ReadAction","target":["https:\/\/www.btv.md\/ro\/interpol-moldova-confirma-retinerea-lui-veaceslav-platon\/"]}]},{"@type":"ImageObject","inLanguage":"ro-RO","@id":"https:\/\/www.btv.md\/ro\/interpol-moldova-confirma-retinerea-lui-veaceslav-platon\/#primaryimage","url":"https:\/\/www.btv.md\/wp-content\/uploads\/2016\/07\/rg.jpg","contentUrl":"https:\/\/www.btv.md\/wp-content\/uploads\/2016\/07\/rg.jpg","width":600,"height":400},{"@type":"WebSite","@id":"https:\/\/www.btv.md\/#website","url":"https:\/\/www.btv.md\/","name":"BTV","description":"\u0411\u0435\u043b\u044c\u0446\u043a\u043e\u0435 \u0442\u0435\u043b\u0435\u0432\u0438\u0434\u0435\u043d\u0438\u0435","potentialAction":[{"@type":"SearchAction","target":{"@type":"EntryPoint","urlTemplate":"https:\/\/www.btv.md\/?s={search_term_string}"},"query-input":{"@type":"PropertyValueSpecification","valueRequired":true,"valueName":"search_term_string"}}],"inLanguage":"ro-RO"},{"@type":"Person","@id":"https:\/\/www.btv.md\/#\/schema\/person\/8fadce81561b3ce2c34c46dadc4ccbf2","name":"admin"}]}},"_links":{"self":[{"href":"https:\/\/www.btv.md\/ro\/wp-json\/wp\/v2\/posts\/15966","targetHints":{"allow":["GET"]}}],"collection":[{"href":"https:\/\/www.btv.md\/ro\/wp-json\/wp\/v2\/posts"}],"about":[{"href":"https:\/\/www.btv.md\/ro\/wp-json\/wp\/v2\/types\/post"}],"author":[{"embeddable":true,"href":"https:\/\/www.btv.md\/ro\/wp-json\/wp\/v2\/users\/4"}],"replies":[{"embeddable":true,"href":"https:\/\/www.btv.md\/ro\/wp-json\/wp\/v2\/comments?post=15966"}],"version-history":[{"count":0,"href":"https:\/\/www.btv.md\/ro\/wp-json\/wp\/v2\/posts\/15966\/revisions"}],"wp:featuredmedia":[{"embeddable":true,"href":"https:\/\/www.btv.md\/ro\/wp-json\/wp\/v2\/media\/15967"}],"wp:attachment":[{"href":"https:\/\/www.btv.md\/ro\/wp-json\/wp\/v2\/media?parent=15966"}],"wp:term":[{"taxonomy":"category","embeddable":true,"href":"https:\/\/www.btv.md\/ro\/wp-json\/wp\/v2\/categories?post=15966"},{"taxonomy":"post_tag","embeddable":true,"href":"https:\/\/www.btv.md\/ro\/wp-json\/wp\/v2\/tags?post=15966"}],"curies":[{"name":"wp","href":"https:\/\/api.w.org\/{rel}","templated":true}]}}