{"id":15994,"date":"2016-07-26T17:44:02","date_gmt":"2016-07-26T14:44:02","guid":{"rendered":"http:\/\/btv.md\/?p=15994"},"modified":"2016-07-26T17:44:20","modified_gmt":"2016-07-26T14:44:20","slug":"actorii-balteni-au-prezentat-un-nou-spectacol-ramasagul-de-vasile-alecsandri","status":"publish","type":"post","link":"https:\/\/www.btv.md\/ro\/actorii-balteni-au-prezentat-un-nou-spectacol-ramasagul-de-vasile-alecsandri\/","title":{"rendered":"ACTORII  B\u0102L\u021aENI  AU  PREZENTAT  UN  NOU  SPECTACOL\u2014\u201eR\u0102M\u0102\u0218AGUL\u201d  DE  VASILE  ALECSANDRI"},"content":{"rendered":"<p>La Teatrul Na\u0163ional din B\u0103l\u0163i s-a jucat un nou spectacol. Este vorba despre avanpremiera piesei \u201eR\u0103m\u0103\u0219agul\u201d de Vasile Alecsandri, care a adunat sute de spectatori. Ace\u0219tia s-au bucurat de o \u00eenterpretare plin\u0103 de culoare, cu mult\u0103 muzic\u0103 \u015fi dans.<\/p>\n<p><iframe width=\"1170\" height=\"878\" data-src=\"https:\/\/www.youtube.com\/embed\/uhcpAaYMGDM?wmode=transparent&amp;rel=0&amp;feature=oembed\" frameborder=\"0\" allow=\"accelerometer; autoplay; encrypted-media; gyroscope; picture-in-picture\" allowfullscreen src=\"data:image\/svg+xml;base64,PHN2ZyB3aWR0aD0iMSIgaGVpZ2h0PSIxIiB4bWxucz0iaHR0cDovL3d3dy53My5vcmcvMjAwMC9zdmciPjwvc3ZnPg==\" class=\"lazyload\" data-load-mode=\"1\"><\/iframe><\/p>\n<p>Directorul teatrului, Anatol R\u0103cil\u0103 spune c\u0103 aceasta a fost dorin\u021ba publicului, care \u00een ulima perioad\u0103 solicit\u0103 comedii, iar alegerea poate fi justificat\u0103, sus\u021bine el.<\/p>\n<p>Din distribu\u021bie fac parte actori profesioni\u0219ti, care potrivit directorului, au reu\u0219it s\u0103 preg\u0103teasc\u0103 spectacolul \u00eentr-un timp record.<\/p>\n<p>Rezultatul muncii a fost \u00eenalt apreciat, at\u00e2t de spectatori, c\u00e2t \u0219i de speciali\u0219ti \u00een domeniu.<\/p>\n<p>Spectacolul va fi prezentat publicului larg \u00een stagiunea urm\u0103toare, care va lua start \u00een luna octombrie.<\/p>\n","protected":false},"excerpt":{"rendered":"<p>La Teatrul Na\u0163ional din B\u0103l\u0163i s-a jucat un nou spectacol. Este vorba despre avanpremiera piesei \u201eR\u0103m\u0103\u0219agul\u201d de Vasile Alecsandri, care a adunat sute de spectatori. Ace\u0219tia s-au bucurat de o \u00eenterpretare plin\u0103 de culoare, cu mult\u0103 muzic\u0103 \u015fi dans. Directorul teatrului, Anatol R\u0103cil\u0103 spune c\u0103 aceasta a fost dorin\u021ba publicului, care \u00een ulima perioad\u0103 solicit\u0103 [&hellip;]<\/p>\n","protected":false},"author":4,"featured_media":15995,"comment_status":"closed","ping_status":"closed","sticky":false,"template":"","format":"standard","meta":{"footnotes":""},"categories":[6349],"tags":[],"class_list":["post-15994","post","type-post","status-publish","format-standard","has-post-thumbnail","hentry","category-social"],"yoast_head":"<!-- This site is optimized with the Yoast SEO plugin v27.4 - https:\/\/yoast.com\/product\/yoast-seo-wordpress\/ -->\n<title>ACTORII B\u0102L\u021aENI AU PREZENTAT UN NOU SPECTACOL\u2014\u201eR\u0102M\u0102\u0218AGUL\u201d DE VASILE ALECSANDRI - BTV<\/title>\n<meta name=\"robots\" content=\"index, follow, max-snippet:-1, max-image-preview:large, max-video-preview:-1\" \/>\n<link rel=\"canonical\" href=\"https:\/\/www.btv.md\/ro\/actorii-balteni-au-prezentat-un-nou-spectacol-ramasagul-de-vasile-alecsandri\/\" \/>\n<meta property=\"og:locale\" content=\"ro_RO\" \/>\n<meta property=\"og:type\" content=\"article\" \/>\n<meta property=\"og:title\" content=\"ACTORII B\u0102L\u021aENI AU PREZENTAT UN NOU SPECTACOL\u2014\u201eR\u0102M\u0102\u0218AGUL\u201d DE VASILE ALECSANDRI - BTV\" \/>\n<meta property=\"og:description\" content=\"La Teatrul Na\u0163ional din B\u0103l\u0163i s-a jucat un nou spectacol. Este vorba despre avanpremiera piesei \u201eR\u0103m\u0103\u0219agul\u201d de Vasile Alecsandri, care a adunat sute de spectatori. Ace\u0219tia s-au bucurat de o \u00eenterpretare plin\u0103 de culoare, cu mult\u0103 muzic\u0103 \u015fi dans. Directorul teatrului, Anatol R\u0103cil\u0103 spune c\u0103 aceasta a fost dorin\u021ba publicului, care \u00een ulima perioad\u0103 solicit\u0103 [&hellip;]\" \/>\n<meta property=\"og:url\" content=\"https:\/\/www.btv.md\/ro\/actorii-balteni-au-prezentat-un-nou-spectacol-ramasagul-de-vasile-alecsandri\/\" \/>\n<meta property=\"og:site_name\" content=\"BTV\" \/>\n<meta property=\"article:publisher\" content=\"https:\/\/www.facebook.com\/btvmoldova\/\" \/>\n<meta property=\"article:published_time\" content=\"2016-07-26T14:44:02+00:00\" \/>\n<meta property=\"article:modified_time\" content=\"2016-07-26T14:44:20+00:00\" \/>\n<meta property=\"og:image\" content=\"https:\/\/www.btv.md\/wp-content\/uploads\/2016\/07\/olyi.jpg\" \/>\n\t<meta property=\"og:image:width\" content=\"600\" \/>\n\t<meta property=\"og:image:height\" content=\"400\" \/>\n\t<meta property=\"og:image:type\" content=\"image\/jpeg\" \/>\n<meta name=\"author\" content=\"admin\" \/>\n<meta name=\"twitter:label1\" content=\"Scris de\" \/>\n\t<meta name=\"twitter:data1\" content=\"admin\" \/>\n\t<meta name=\"twitter:label2\" content=\"Timp estimat pentru citire\" \/>\n\t<meta name=\"twitter:data2\" content=\"1 minut\" \/>\n<script type=\"application\/ld+json\" class=\"yoast-schema-graph\">{\"@context\":\"https:\\\/\\\/schema.org\",\"@graph\":[{\"@type\":\"Article\",\"@id\":\"https:\\\/\\\/www.btv.md\\\/ro\\\/actorii-balteni-au-prezentat-un-nou-spectacol-ramasagul-de-vasile-alecsandri\\\/#article\",\"isPartOf\":{\"@id\":\"https:\\\/\\\/www.btv.md\\\/ro\\\/actorii-balteni-au-prezentat-un-nou-spectacol-ramasagul-de-vasile-alecsandri\\\/\"},\"author\":{\"name\":\"admin\",\"@id\":\"https:\\\/\\\/www.btv.md\\\/#\\\/schema\\\/person\\\/8fadce81561b3ce2c34c46dadc4ccbf2\"},\"headline\":\"ACTORII B\u0102L\u021aENI AU PREZENTAT UN NOU SPECTACOL\u2014\u201eR\u0102M\u0102\u0218AGUL\u201d DE VASILE ALECSANDRI\",\"datePublished\":\"2016-07-26T14:44:02+00:00\",\"dateModified\":\"2016-07-26T14:44:20+00:00\",\"mainEntityOfPage\":{\"@id\":\"https:\\\/\\\/www.btv.md\\\/ro\\\/actorii-balteni-au-prezentat-un-nou-spectacol-ramasagul-de-vasile-alecsandri\\\/\"},\"wordCount\":147,\"image\":{\"@id\":\"https:\\\/\\\/www.btv.md\\\/ro\\\/actorii-balteni-au-prezentat-un-nou-spectacol-ramasagul-de-vasile-alecsandri\\\/#primaryimage\"},\"thumbnailUrl\":\"https:\\\/\\\/www.btv.md\\\/wp-content\\\/uploads\\\/2016\\\/07\\\/olyi.jpg\",\"articleSection\":[\"Social\"],\"inLanguage\":\"ro-RO\"},{\"@type\":\"WebPage\",\"@id\":\"https:\\\/\\\/www.btv.md\\\/ro\\\/actorii-balteni-au-prezentat-un-nou-spectacol-ramasagul-de-vasile-alecsandri\\\/\",\"url\":\"https:\\\/\\\/www.btv.md\\\/ro\\\/actorii-balteni-au-prezentat-un-nou-spectacol-ramasagul-de-vasile-alecsandri\\\/\",\"name\":\"ACTORII B\u0102L\u021aENI AU PREZENTAT UN NOU SPECTACOL\u2014\u201eR\u0102M\u0102\u0218AGUL\u201d DE VASILE ALECSANDRI - BTV\",\"isPartOf\":{\"@id\":\"https:\\\/\\\/www.btv.md\\\/#website\"},\"primaryImageOfPage\":{\"@id\":\"https:\\\/\\\/www.btv.md\\\/ro\\\/actorii-balteni-au-prezentat-un-nou-spectacol-ramasagul-de-vasile-alecsandri\\\/#primaryimage\"},\"image\":{\"@id\":\"https:\\\/\\\/www.btv.md\\\/ro\\\/actorii-balteni-au-prezentat-un-nou-spectacol-ramasagul-de-vasile-alecsandri\\\/#primaryimage\"},\"thumbnailUrl\":\"https:\\\/\\\/www.btv.md\\\/wp-content\\\/uploads\\\/2016\\\/07\\\/olyi.jpg\",\"datePublished\":\"2016-07-26T14:44:02+00:00\",\"dateModified\":\"2016-07-26T14:44:20+00:00\",\"author\":{\"@id\":\"https:\\\/\\\/www.btv.md\\\/#\\\/schema\\\/person\\\/8fadce81561b3ce2c34c46dadc4ccbf2\"},\"inLanguage\":\"ro-RO\",\"potentialAction\":[{\"@type\":\"ReadAction\",\"target\":[\"https:\\\/\\\/www.btv.md\\\/ro\\\/actorii-balteni-au-prezentat-un-nou-spectacol-ramasagul-de-vasile-alecsandri\\\/\"]}]},{\"@type\":\"ImageObject\",\"inLanguage\":\"ro-RO\",\"@id\":\"https:\\\/\\\/www.btv.md\\\/ro\\\/actorii-balteni-au-prezentat-un-nou-spectacol-ramasagul-de-vasile-alecsandri\\\/#primaryimage\",\"url\":\"https:\\\/\\\/www.btv.md\\\/wp-content\\\/uploads\\\/2016\\\/07\\\/olyi.jpg\",\"contentUrl\":\"https:\\\/\\\/www.btv.md\\\/wp-content\\\/uploads\\\/2016\\\/07\\\/olyi.jpg\",\"width\":600,\"height\":400},{\"@type\":\"WebSite\",\"@id\":\"https:\\\/\\\/www.btv.md\\\/#website\",\"url\":\"https:\\\/\\\/www.btv.md\\\/\",\"name\":\"BTV\",\"description\":\"\u0411\u0435\u043b\u044c\u0446\u043a\u043e\u0435 \u0442\u0435\u043b\u0435\u0432\u0438\u0434\u0435\u043d\u0438\u0435\",\"potentialAction\":[{\"@type\":\"SearchAction\",\"target\":{\"@type\":\"EntryPoint\",\"urlTemplate\":\"https:\\\/\\\/www.btv.md\\\/?s={search_term_string}\"},\"query-input\":{\"@type\":\"PropertyValueSpecification\",\"valueRequired\":true,\"valueName\":\"search_term_string\"}}],\"inLanguage\":\"ro-RO\"},{\"@type\":\"Person\",\"@id\":\"https:\\\/\\\/www.btv.md\\\/#\\\/schema\\\/person\\\/8fadce81561b3ce2c34c46dadc4ccbf2\",\"name\":\"admin\"}]}<\/script>\n<!-- \/ Yoast SEO plugin. -->","yoast_head_json":{"title":"ACTORII B\u0102L\u021aENI AU PREZENTAT UN NOU SPECTACOL\u2014\u201eR\u0102M\u0102\u0218AGUL\u201d DE VASILE ALECSANDRI - BTV","robots":{"index":"index","follow":"follow","max-snippet":"max-snippet:-1","max-image-preview":"max-image-preview:large","max-video-preview":"max-video-preview:-1"},"canonical":"https:\/\/www.btv.md\/ro\/actorii-balteni-au-prezentat-un-nou-spectacol-ramasagul-de-vasile-alecsandri\/","og_locale":"ro_RO","og_type":"article","og_title":"ACTORII B\u0102L\u021aENI AU PREZENTAT UN NOU SPECTACOL\u2014\u201eR\u0102M\u0102\u0218AGUL\u201d DE VASILE ALECSANDRI - BTV","og_description":"La Teatrul Na\u0163ional din B\u0103l\u0163i s-a jucat un nou spectacol. Este vorba despre avanpremiera piesei \u201eR\u0103m\u0103\u0219agul\u201d de Vasile Alecsandri, care a adunat sute de spectatori. Ace\u0219tia s-au bucurat de o \u00eenterpretare plin\u0103 de culoare, cu mult\u0103 muzic\u0103 \u015fi dans. Directorul teatrului, Anatol R\u0103cil\u0103 spune c\u0103 aceasta a fost dorin\u021ba publicului, care \u00een ulima perioad\u0103 solicit\u0103 [&hellip;]","og_url":"https:\/\/www.btv.md\/ro\/actorii-balteni-au-prezentat-un-nou-spectacol-ramasagul-de-vasile-alecsandri\/","og_site_name":"BTV","article_publisher":"https:\/\/www.facebook.com\/btvmoldova\/","article_published_time":"2016-07-26T14:44:02+00:00","article_modified_time":"2016-07-26T14:44:20+00:00","og_image":[{"width":600,"height":400,"url":"https:\/\/www.btv.md\/wp-content\/uploads\/2016\/07\/olyi.jpg","type":"image\/jpeg"}],"author":"admin","twitter_misc":{"Scris de":"admin","Timp estimat pentru citire":"1 minut"},"schema":{"@context":"https:\/\/schema.org","@graph":[{"@type":"Article","@id":"https:\/\/www.btv.md\/ro\/actorii-balteni-au-prezentat-un-nou-spectacol-ramasagul-de-vasile-alecsandri\/#article","isPartOf":{"@id":"https:\/\/www.btv.md\/ro\/actorii-balteni-au-prezentat-un-nou-spectacol-ramasagul-de-vasile-alecsandri\/"},"author":{"name":"admin","@id":"https:\/\/www.btv.md\/#\/schema\/person\/8fadce81561b3ce2c34c46dadc4ccbf2"},"headline":"ACTORII B\u0102L\u021aENI AU PREZENTAT UN NOU SPECTACOL\u2014\u201eR\u0102M\u0102\u0218AGUL\u201d DE VASILE ALECSANDRI","datePublished":"2016-07-26T14:44:02+00:00","dateModified":"2016-07-26T14:44:20+00:00","mainEntityOfPage":{"@id":"https:\/\/www.btv.md\/ro\/actorii-balteni-au-prezentat-un-nou-spectacol-ramasagul-de-vasile-alecsandri\/"},"wordCount":147,"image":{"@id":"https:\/\/www.btv.md\/ro\/actorii-balteni-au-prezentat-un-nou-spectacol-ramasagul-de-vasile-alecsandri\/#primaryimage"},"thumbnailUrl":"https:\/\/www.btv.md\/wp-content\/uploads\/2016\/07\/olyi.jpg","articleSection":["Social"],"inLanguage":"ro-RO"},{"@type":"WebPage","@id":"https:\/\/www.btv.md\/ro\/actorii-balteni-au-prezentat-un-nou-spectacol-ramasagul-de-vasile-alecsandri\/","url":"https:\/\/www.btv.md\/ro\/actorii-balteni-au-prezentat-un-nou-spectacol-ramasagul-de-vasile-alecsandri\/","name":"ACTORII B\u0102L\u021aENI AU PREZENTAT UN NOU SPECTACOL\u2014\u201eR\u0102M\u0102\u0218AGUL\u201d DE VASILE ALECSANDRI - BTV","isPartOf":{"@id":"https:\/\/www.btv.md\/#website"},"primaryImageOfPage":{"@id":"https:\/\/www.btv.md\/ro\/actorii-balteni-au-prezentat-un-nou-spectacol-ramasagul-de-vasile-alecsandri\/#primaryimage"},"image":{"@id":"https:\/\/www.btv.md\/ro\/actorii-balteni-au-prezentat-un-nou-spectacol-ramasagul-de-vasile-alecsandri\/#primaryimage"},"thumbnailUrl":"https:\/\/www.btv.md\/wp-content\/uploads\/2016\/07\/olyi.jpg","datePublished":"2016-07-26T14:44:02+00:00","dateModified":"2016-07-26T14:44:20+00:00","author":{"@id":"https:\/\/www.btv.md\/#\/schema\/person\/8fadce81561b3ce2c34c46dadc4ccbf2"},"inLanguage":"ro-RO","potentialAction":[{"@type":"ReadAction","target":["https:\/\/www.btv.md\/ro\/actorii-balteni-au-prezentat-un-nou-spectacol-ramasagul-de-vasile-alecsandri\/"]}]},{"@type":"ImageObject","inLanguage":"ro-RO","@id":"https:\/\/www.btv.md\/ro\/actorii-balteni-au-prezentat-un-nou-spectacol-ramasagul-de-vasile-alecsandri\/#primaryimage","url":"https:\/\/www.btv.md\/wp-content\/uploads\/2016\/07\/olyi.jpg","contentUrl":"https:\/\/www.btv.md\/wp-content\/uploads\/2016\/07\/olyi.jpg","width":600,"height":400},{"@type":"WebSite","@id":"https:\/\/www.btv.md\/#website","url":"https:\/\/www.btv.md\/","name":"BTV","description":"\u0411\u0435\u043b\u044c\u0446\u043a\u043e\u0435 \u0442\u0435\u043b\u0435\u0432\u0438\u0434\u0435\u043d\u0438\u0435","potentialAction":[{"@type":"SearchAction","target":{"@type":"EntryPoint","urlTemplate":"https:\/\/www.btv.md\/?s={search_term_string}"},"query-input":{"@type":"PropertyValueSpecification","valueRequired":true,"valueName":"search_term_string"}}],"inLanguage":"ro-RO"},{"@type":"Person","@id":"https:\/\/www.btv.md\/#\/schema\/person\/8fadce81561b3ce2c34c46dadc4ccbf2","name":"admin"}]}},"_links":{"self":[{"href":"https:\/\/www.btv.md\/ro\/wp-json\/wp\/v2\/posts\/15994","targetHints":{"allow":["GET"]}}],"collection":[{"href":"https:\/\/www.btv.md\/ro\/wp-json\/wp\/v2\/posts"}],"about":[{"href":"https:\/\/www.btv.md\/ro\/wp-json\/wp\/v2\/types\/post"}],"author":[{"embeddable":true,"href":"https:\/\/www.btv.md\/ro\/wp-json\/wp\/v2\/users\/4"}],"replies":[{"embeddable":true,"href":"https:\/\/www.btv.md\/ro\/wp-json\/wp\/v2\/comments?post=15994"}],"version-history":[{"count":0,"href":"https:\/\/www.btv.md\/ro\/wp-json\/wp\/v2\/posts\/15994\/revisions"}],"wp:featuredmedia":[{"embeddable":true,"href":"https:\/\/www.btv.md\/ro\/wp-json\/wp\/v2\/media\/15995"}],"wp:attachment":[{"href":"https:\/\/www.btv.md\/ro\/wp-json\/wp\/v2\/media?parent=15994"}],"wp:term":[{"taxonomy":"category","embeddable":true,"href":"https:\/\/www.btv.md\/ro\/wp-json\/wp\/v2\/categories?post=15994"},{"taxonomy":"post_tag","embeddable":true,"href":"https:\/\/www.btv.md\/ro\/wp-json\/wp\/v2\/tags?post=15994"}],"curies":[{"name":"wp","href":"https:\/\/api.w.org\/{rel}","templated":true}]}}