{"id":16045,"date":"2016-07-27T18:32:24","date_gmt":"2016-07-27T15:32:24","guid":{"rendered":"http:\/\/btv.md\/?p=16045"},"modified":"2016-07-28T11:53:43","modified_gmt":"2016-07-28T08:53:43","slug":"doua-centrale-termice-din-balti-ar-putea-fi-renovate-de-o-companie-privata","status":"publish","type":"post","link":"https:\/\/www.btv.md\/ro\/doua-centrale-termice-din-balti-ar-putea-fi-renovate-de-o-companie-privata\/","title":{"rendered":"DOU\u0102 CENTRALE TERMICE DIN B\u0102L\u0162I AR PUTEA FI RENOVATE  DE O COMPANIE PRIVAT\u0102"},"content":{"rendered":"<p>Dou\u0103 centrale termice de pe str\u0103zile Conev \u015fi Cr\u00eelov din municipiul B\u0103l\u0163i ar putea fi renovate \u00een cadrul unui proiect pilot de parteneriat public privat. Acord care urmeaz\u0103 s\u0103 fie semnat de prim\u0103rie cu o companie care a realizat astfel de lucr\u0103ri \u00een Ucraina. O decizie \u00een acest sens a fost votat\u0103, miercuri, 27 iulie, \u00a0\u00een cadrul \u015fedin\u0163ei consiliului municipal B\u0103l\u0163i. Potrivit viceprimarului Igor \u015eeremet cele dou\u0103 puncte sunt deservite \u00een prezent de \u00centreprinderea Municipal\u0103 ,, Termogaz-B\u0103l\u0163i\u2019\u2019 care sunt\u00a0 \u00eentr-o stare depolrabil\u0103 \u015fi au nevoie de renovare.<\/p>\n<p><iframe width=\"1170\" height=\"878\" data-src=\"https:\/\/www.youtube.com\/embed\/Fu9l4zIIXBw?wmode=transparent&amp;rel=0&amp;feature=oembed\" frameborder=\"0\" allow=\"accelerometer; autoplay; encrypted-media; gyroscope; picture-in-picture\" allowfullscreen src=\"data:image\/svg+xml;base64,PHN2ZyB3aWR0aD0iMSIgaGVpZ2h0PSIxIiB4bWxucz0iaHR0cDovL3d3dy53My5vcmcvMjAwMC9zdmciPjwvc3ZnPg==\" class=\"lazyload\" data-load-mode=\"1\"><\/iframe><\/p>\n<p>Primarul de B\u0103l\u0163i, Renato Usat\u00eei a\u00a0 men\u0163ionat c\u0103 acest proiect va permite municpalit\u0103\u0163ii s\u0103 ecomisesc\u0103 at\u00e2t bani \u00een bugetul prim\u0103riei, c\u00e2t \u015fi s\u0103 sporeasc\u0103 calitaea deservirii consumatorilor de energie termic\u0103.<\/p>\n<p>Igor \u015eeremet\u00a0 a mai ad\u0103ugat c\u0103 \u00een cele dou\u0103 centrale termice vor fi instalate cazane pe biomas\u0103.\u00a0<\/p>\n","protected":false},"excerpt":{"rendered":"<p>Dou\u0103 centrale termice de pe str\u0103zile Conev \u015fi Cr\u00eelov din municipiul B\u0103l\u0163i ar putea fi renovate \u00een cadrul unui proiect pilot de parteneriat public privat. Acord care urmeaz\u0103 s\u0103 fie semnat de prim\u0103rie cu o companie care a realizat astfel de lucr\u0103ri \u00een Ucraina. O decizie \u00een acest sens a fost votat\u0103, miercuri, 27 iulie, [&hellip;]<\/p>\n","protected":false},"author":4,"featured_media":16046,"comment_status":"closed","ping_status":"closed","sticky":false,"template":"","format":"standard","meta":{"footnotes":""},"categories":[6353],"tags":[],"class_list":["post-16045","post","type-post","status-publish","format-standard","has-post-thumbnail","hentry","category-oras"],"yoast_head":"<!-- This site is optimized with the Yoast SEO plugin v27.4 - https:\/\/yoast.com\/product\/yoast-seo-wordpress\/ -->\n<title>DOU\u0102 CENTRALE TERMICE DIN B\u0102L\u0162I AR PUTEA FI RENOVATE DE O COMPANIE PRIVAT\u0102 - BTV<\/title>\n<meta name=\"robots\" content=\"index, follow, max-snippet:-1, max-image-preview:large, max-video-preview:-1\" \/>\n<link rel=\"canonical\" href=\"https:\/\/www.btv.md\/ro\/doua-centrale-termice-din-balti-ar-putea-fi-renovate-de-o-companie-privata\/\" \/>\n<meta property=\"og:locale\" content=\"ro_RO\" \/>\n<meta property=\"og:type\" content=\"article\" \/>\n<meta property=\"og:title\" content=\"DOU\u0102 CENTRALE TERMICE DIN B\u0102L\u0162I AR PUTEA FI RENOVATE DE O COMPANIE PRIVAT\u0102 - BTV\" \/>\n<meta property=\"og:description\" content=\"Dou\u0103 centrale termice de pe str\u0103zile Conev \u015fi Cr\u00eelov din municipiul B\u0103l\u0163i ar putea fi renovate \u00een cadrul unui proiect pilot de parteneriat public privat. Acord care urmeaz\u0103 s\u0103 fie semnat de prim\u0103rie cu o companie care a realizat astfel de lucr\u0103ri \u00een Ucraina. O decizie \u00een acest sens a fost votat\u0103, miercuri, 27 iulie, [&hellip;]\" \/>\n<meta property=\"og:url\" content=\"https:\/\/www.btv.md\/ro\/doua-centrale-termice-din-balti-ar-putea-fi-renovate-de-o-companie-privata\/\" \/>\n<meta property=\"og:site_name\" content=\"BTV\" \/>\n<meta property=\"article:publisher\" content=\"https:\/\/www.facebook.com\/btvmoldova\/\" \/>\n<meta property=\"article:published_time\" content=\"2016-07-27T15:32:24+00:00\" \/>\n<meta property=\"article:modified_time\" content=\"2016-07-28T08:53:43+00:00\" \/>\n<meta property=\"og:image\" content=\"https:\/\/www.btv.md\/wp-content\/uploads\/2016\/07\/jkrt-1.jpg\" \/>\n\t<meta property=\"og:image:width\" content=\"600\" \/>\n\t<meta property=\"og:image:height\" content=\"400\" \/>\n\t<meta property=\"og:image:type\" content=\"image\/jpeg\" \/>\n<meta name=\"author\" content=\"admin\" \/>\n<meta name=\"twitter:label1\" content=\"Scris de\" \/>\n\t<meta name=\"twitter:data1\" content=\"admin\" \/>\n\t<meta name=\"twitter:label2\" content=\"Timp estimat pentru citire\" \/>\n\t<meta name=\"twitter:data2\" content=\"1 minut\" \/>\n<script type=\"application\/ld+json\" class=\"yoast-schema-graph\">{\"@context\":\"https:\\\/\\\/schema.org\",\"@graph\":[{\"@type\":\"Article\",\"@id\":\"https:\\\/\\\/www.btv.md\\\/ro\\\/doua-centrale-termice-din-balti-ar-putea-fi-renovate-de-o-companie-privata\\\/#article\",\"isPartOf\":{\"@id\":\"https:\\\/\\\/www.btv.md\\\/ro\\\/doua-centrale-termice-din-balti-ar-putea-fi-renovate-de-o-companie-privata\\\/\"},\"author\":{\"name\":\"admin\",\"@id\":\"https:\\\/\\\/www.btv.md\\\/#\\\/schema\\\/person\\\/8fadce81561b3ce2c34c46dadc4ccbf2\"},\"headline\":\"DOU\u0102 CENTRALE TERMICE DIN B\u0102L\u0162I AR PUTEA FI RENOVATE DE O COMPANIE PRIVAT\u0102\",\"datePublished\":\"2016-07-27T15:32:24+00:00\",\"dateModified\":\"2016-07-28T08:53:43+00:00\",\"mainEntityOfPage\":{\"@id\":\"https:\\\/\\\/www.btv.md\\\/ro\\\/doua-centrale-termice-din-balti-ar-putea-fi-renovate-de-o-companie-privata\\\/\"},\"wordCount\":173,\"image\":{\"@id\":\"https:\\\/\\\/www.btv.md\\\/ro\\\/doua-centrale-termice-din-balti-ar-putea-fi-renovate-de-o-companie-privata\\\/#primaryimage\"},\"thumbnailUrl\":\"https:\\\/\\\/www.btv.md\\\/wp-content\\\/uploads\\\/2016\\\/07\\\/jkrt-1.jpg\",\"articleSection\":[\"Ora\u0219\"],\"inLanguage\":\"ro-RO\"},{\"@type\":\"WebPage\",\"@id\":\"https:\\\/\\\/www.btv.md\\\/ro\\\/doua-centrale-termice-din-balti-ar-putea-fi-renovate-de-o-companie-privata\\\/\",\"url\":\"https:\\\/\\\/www.btv.md\\\/ro\\\/doua-centrale-termice-din-balti-ar-putea-fi-renovate-de-o-companie-privata\\\/\",\"name\":\"DOU\u0102 CENTRALE TERMICE DIN B\u0102L\u0162I AR PUTEA FI RENOVATE DE O COMPANIE PRIVAT\u0102 - BTV\",\"isPartOf\":{\"@id\":\"https:\\\/\\\/www.btv.md\\\/#website\"},\"primaryImageOfPage\":{\"@id\":\"https:\\\/\\\/www.btv.md\\\/ro\\\/doua-centrale-termice-din-balti-ar-putea-fi-renovate-de-o-companie-privata\\\/#primaryimage\"},\"image\":{\"@id\":\"https:\\\/\\\/www.btv.md\\\/ro\\\/doua-centrale-termice-din-balti-ar-putea-fi-renovate-de-o-companie-privata\\\/#primaryimage\"},\"thumbnailUrl\":\"https:\\\/\\\/www.btv.md\\\/wp-content\\\/uploads\\\/2016\\\/07\\\/jkrt-1.jpg\",\"datePublished\":\"2016-07-27T15:32:24+00:00\",\"dateModified\":\"2016-07-28T08:53:43+00:00\",\"author\":{\"@id\":\"https:\\\/\\\/www.btv.md\\\/#\\\/schema\\\/person\\\/8fadce81561b3ce2c34c46dadc4ccbf2\"},\"inLanguage\":\"ro-RO\",\"potentialAction\":[{\"@type\":\"ReadAction\",\"target\":[\"https:\\\/\\\/www.btv.md\\\/ro\\\/doua-centrale-termice-din-balti-ar-putea-fi-renovate-de-o-companie-privata\\\/\"]}]},{\"@type\":\"ImageObject\",\"inLanguage\":\"ro-RO\",\"@id\":\"https:\\\/\\\/www.btv.md\\\/ro\\\/doua-centrale-termice-din-balti-ar-putea-fi-renovate-de-o-companie-privata\\\/#primaryimage\",\"url\":\"https:\\\/\\\/www.btv.md\\\/wp-content\\\/uploads\\\/2016\\\/07\\\/jkrt-1.jpg\",\"contentUrl\":\"https:\\\/\\\/www.btv.md\\\/wp-content\\\/uploads\\\/2016\\\/07\\\/jkrt-1.jpg\",\"width\":600,\"height\":400},{\"@type\":\"WebSite\",\"@id\":\"https:\\\/\\\/www.btv.md\\\/#website\",\"url\":\"https:\\\/\\\/www.btv.md\\\/\",\"name\":\"BTV\",\"description\":\"\u0411\u0435\u043b\u044c\u0446\u043a\u043e\u0435 \u0442\u0435\u043b\u0435\u0432\u0438\u0434\u0435\u043d\u0438\u0435\",\"potentialAction\":[{\"@type\":\"SearchAction\",\"target\":{\"@type\":\"EntryPoint\",\"urlTemplate\":\"https:\\\/\\\/www.btv.md\\\/?s={search_term_string}\"},\"query-input\":{\"@type\":\"PropertyValueSpecification\",\"valueRequired\":true,\"valueName\":\"search_term_string\"}}],\"inLanguage\":\"ro-RO\"},{\"@type\":\"Person\",\"@id\":\"https:\\\/\\\/www.btv.md\\\/#\\\/schema\\\/person\\\/8fadce81561b3ce2c34c46dadc4ccbf2\",\"name\":\"admin\"}]}<\/script>\n<!-- \/ Yoast SEO plugin. -->","yoast_head_json":{"title":"DOU\u0102 CENTRALE TERMICE DIN B\u0102L\u0162I AR PUTEA FI RENOVATE DE O COMPANIE PRIVAT\u0102 - BTV","robots":{"index":"index","follow":"follow","max-snippet":"max-snippet:-1","max-image-preview":"max-image-preview:large","max-video-preview":"max-video-preview:-1"},"canonical":"https:\/\/www.btv.md\/ro\/doua-centrale-termice-din-balti-ar-putea-fi-renovate-de-o-companie-privata\/","og_locale":"ro_RO","og_type":"article","og_title":"DOU\u0102 CENTRALE TERMICE DIN B\u0102L\u0162I AR PUTEA FI RENOVATE DE O COMPANIE PRIVAT\u0102 - BTV","og_description":"Dou\u0103 centrale termice de pe str\u0103zile Conev \u015fi Cr\u00eelov din municipiul B\u0103l\u0163i ar putea fi renovate \u00een cadrul unui proiect pilot de parteneriat public privat. Acord care urmeaz\u0103 s\u0103 fie semnat de prim\u0103rie cu o companie care a realizat astfel de lucr\u0103ri \u00een Ucraina. O decizie \u00een acest sens a fost votat\u0103, miercuri, 27 iulie, [&hellip;]","og_url":"https:\/\/www.btv.md\/ro\/doua-centrale-termice-din-balti-ar-putea-fi-renovate-de-o-companie-privata\/","og_site_name":"BTV","article_publisher":"https:\/\/www.facebook.com\/btvmoldova\/","article_published_time":"2016-07-27T15:32:24+00:00","article_modified_time":"2016-07-28T08:53:43+00:00","og_image":[{"width":600,"height":400,"url":"https:\/\/www.btv.md\/wp-content\/uploads\/2016\/07\/jkrt-1.jpg","type":"image\/jpeg"}],"author":"admin","twitter_misc":{"Scris de":"admin","Timp estimat pentru citire":"1 minut"},"schema":{"@context":"https:\/\/schema.org","@graph":[{"@type":"Article","@id":"https:\/\/www.btv.md\/ro\/doua-centrale-termice-din-balti-ar-putea-fi-renovate-de-o-companie-privata\/#article","isPartOf":{"@id":"https:\/\/www.btv.md\/ro\/doua-centrale-termice-din-balti-ar-putea-fi-renovate-de-o-companie-privata\/"},"author":{"name":"admin","@id":"https:\/\/www.btv.md\/#\/schema\/person\/8fadce81561b3ce2c34c46dadc4ccbf2"},"headline":"DOU\u0102 CENTRALE TERMICE DIN B\u0102L\u0162I AR PUTEA FI RENOVATE DE O COMPANIE PRIVAT\u0102","datePublished":"2016-07-27T15:32:24+00:00","dateModified":"2016-07-28T08:53:43+00:00","mainEntityOfPage":{"@id":"https:\/\/www.btv.md\/ro\/doua-centrale-termice-din-balti-ar-putea-fi-renovate-de-o-companie-privata\/"},"wordCount":173,"image":{"@id":"https:\/\/www.btv.md\/ro\/doua-centrale-termice-din-balti-ar-putea-fi-renovate-de-o-companie-privata\/#primaryimage"},"thumbnailUrl":"https:\/\/www.btv.md\/wp-content\/uploads\/2016\/07\/jkrt-1.jpg","articleSection":["Ora\u0219"],"inLanguage":"ro-RO"},{"@type":"WebPage","@id":"https:\/\/www.btv.md\/ro\/doua-centrale-termice-din-balti-ar-putea-fi-renovate-de-o-companie-privata\/","url":"https:\/\/www.btv.md\/ro\/doua-centrale-termice-din-balti-ar-putea-fi-renovate-de-o-companie-privata\/","name":"DOU\u0102 CENTRALE TERMICE DIN B\u0102L\u0162I AR PUTEA FI RENOVATE DE O COMPANIE PRIVAT\u0102 - BTV","isPartOf":{"@id":"https:\/\/www.btv.md\/#website"},"primaryImageOfPage":{"@id":"https:\/\/www.btv.md\/ro\/doua-centrale-termice-din-balti-ar-putea-fi-renovate-de-o-companie-privata\/#primaryimage"},"image":{"@id":"https:\/\/www.btv.md\/ro\/doua-centrale-termice-din-balti-ar-putea-fi-renovate-de-o-companie-privata\/#primaryimage"},"thumbnailUrl":"https:\/\/www.btv.md\/wp-content\/uploads\/2016\/07\/jkrt-1.jpg","datePublished":"2016-07-27T15:32:24+00:00","dateModified":"2016-07-28T08:53:43+00:00","author":{"@id":"https:\/\/www.btv.md\/#\/schema\/person\/8fadce81561b3ce2c34c46dadc4ccbf2"},"inLanguage":"ro-RO","potentialAction":[{"@type":"ReadAction","target":["https:\/\/www.btv.md\/ro\/doua-centrale-termice-din-balti-ar-putea-fi-renovate-de-o-companie-privata\/"]}]},{"@type":"ImageObject","inLanguage":"ro-RO","@id":"https:\/\/www.btv.md\/ro\/doua-centrale-termice-din-balti-ar-putea-fi-renovate-de-o-companie-privata\/#primaryimage","url":"https:\/\/www.btv.md\/wp-content\/uploads\/2016\/07\/jkrt-1.jpg","contentUrl":"https:\/\/www.btv.md\/wp-content\/uploads\/2016\/07\/jkrt-1.jpg","width":600,"height":400},{"@type":"WebSite","@id":"https:\/\/www.btv.md\/#website","url":"https:\/\/www.btv.md\/","name":"BTV","description":"\u0411\u0435\u043b\u044c\u0446\u043a\u043e\u0435 \u0442\u0435\u043b\u0435\u0432\u0438\u0434\u0435\u043d\u0438\u0435","potentialAction":[{"@type":"SearchAction","target":{"@type":"EntryPoint","urlTemplate":"https:\/\/www.btv.md\/?s={search_term_string}"},"query-input":{"@type":"PropertyValueSpecification","valueRequired":true,"valueName":"search_term_string"}}],"inLanguage":"ro-RO"},{"@type":"Person","@id":"https:\/\/www.btv.md\/#\/schema\/person\/8fadce81561b3ce2c34c46dadc4ccbf2","name":"admin"}]}},"_links":{"self":[{"href":"https:\/\/www.btv.md\/ro\/wp-json\/wp\/v2\/posts\/16045","targetHints":{"allow":["GET"]}}],"collection":[{"href":"https:\/\/www.btv.md\/ro\/wp-json\/wp\/v2\/posts"}],"about":[{"href":"https:\/\/www.btv.md\/ro\/wp-json\/wp\/v2\/types\/post"}],"author":[{"embeddable":true,"href":"https:\/\/www.btv.md\/ro\/wp-json\/wp\/v2\/users\/4"}],"replies":[{"embeddable":true,"href":"https:\/\/www.btv.md\/ro\/wp-json\/wp\/v2\/comments?post=16045"}],"version-history":[{"count":0,"href":"https:\/\/www.btv.md\/ro\/wp-json\/wp\/v2\/posts\/16045\/revisions"}],"wp:featuredmedia":[{"embeddable":true,"href":"https:\/\/www.btv.md\/ro\/wp-json\/wp\/v2\/media\/16046"}],"wp:attachment":[{"href":"https:\/\/www.btv.md\/ro\/wp-json\/wp\/v2\/media?parent=16045"}],"wp:term":[{"taxonomy":"category","embeddable":true,"href":"https:\/\/www.btv.md\/ro\/wp-json\/wp\/v2\/categories?post=16045"},{"taxonomy":"post_tag","embeddable":true,"href":"https:\/\/www.btv.md\/ro\/wp-json\/wp\/v2\/tags?post=16045"}],"curies":[{"name":"wp","href":"https:\/\/api.w.org\/{rel}","templated":true}]}}