{"id":16099,"date":"2016-07-29T12:49:28","date_gmt":"2016-07-29T09:49:28","guid":{"rendered":"http:\/\/btv.md\/?p=16099"},"modified":"2016-07-29T12:49:28","modified_gmt":"2016-07-29T09:49:28","slug":"detinutii-din-balti-au-iesit-la-iarba-verde","status":"publish","type":"post","link":"https:\/\/www.btv.md\/ro\/detinutii-din-balti-au-iesit-la-iarba-verde\/","title":{"rendered":"DE\u021aINU\u021aII  DIN  B\u0102L\u021aI  AU  IE\u0218IT  LA  IARB\u0102  VERDE"},"content":{"rendered":"<p>Emo\u021bii de nedescris pentru patru de\u021binu\u021bi ai Penitenciarului num\u0103rul 11 din B\u0103l\u021bi \u0219i familiile lor. Ace\u0219tia au avut parte de o \u00eentrevedere la picnic \u00een una din zonele verzi ale ora\u0219ului.<\/p>\n<p><iframe width=\"1170\" height=\"878\" data-src=\"https:\/\/www.youtube.com\/embed\/LsO8WVUJtLE?wmode=transparent&amp;rel=0&amp;feature=oembed\" frameborder=\"0\" allow=\"accelerometer; autoplay; encrypted-media; gyroscope; picture-in-picture\" allowfullscreen src=\"data:image\/svg+xml;base64,PHN2ZyB3aWR0aD0iMSIgaGVpZ2h0PSIxIiB4bWxucz0iaHR0cDovL3d3dy53My5vcmcvMjAwMC9zdmciPjwvc3ZnPg==\" class=\"lazyload\" data-load-mode=\"1\"><\/iframe><\/p>\n<p>Sub paza santinelei, dar aproape de cei dragi, de\u021binu\u021bii s-au sim\u021bit ca \u00een libertate.<\/p>\n<p>Andrei st\u0103 \u00een deten\u021bie de trei ani \u0219i jum\u0103tate. Acum \u00eei este greu s\u0103 vorbeasc\u0103 despre cele s\u0103v\u00e2r\u0219ite \u0219i spune c\u0103 a \u00eensu\u0219it lec\u021bia.<\/p>\n<p>\u00cent\u00e2lnirea cu mama \u00een afara penitenciarului, a \u00eensemnat mult pentru Andrei, la fel ca \u0219i pentru celal\u021bi de\u021binu\u021bi.<\/p>\n<p>De o \u00eenrevedere \u00a0emo\u021bionant\u0103 au avut parte mamele de\u021binu\u021bilor, care de fericire nu \u0219i-au putut st\u0103p\u00e2ni lacrimile.<\/p>\n<p>Potrivit angaja\u021bilor penitenciarului, o astfel de \u00eentrevedere a fost organizat\u0103 \u00een premier\u0103, la ini\u021biativa reprezentan\u021bilor unei confesiuni religioase.<\/p>\n<p>Voluntarii i-au asigurat pe to\u021bi cu m\u00e2ncare, ap\u0103, muzic\u0103 \u0219i discu\u021bii de suflet.<\/p>\n","protected":false},"excerpt":{"rendered":"<p>Emo\u021bii de nedescris pentru patru de\u021binu\u021bi ai Penitenciarului num\u0103rul 11 din B\u0103l\u021bi \u0219i familiile lor. Ace\u0219tia au avut parte de o \u00eentrevedere la picnic \u00een una din zonele verzi ale ora\u0219ului. Sub paza santinelei, dar aproape de cei dragi, de\u021binu\u021bii s-au sim\u021bit ca \u00een libertate. Andrei st\u0103 \u00een deten\u021bie de trei ani \u0219i jum\u0103tate. Acum [&hellip;]<\/p>\n","protected":false},"author":4,"featured_media":16100,"comment_status":"closed","ping_status":"closed","sticky":false,"template":"","format":"standard","meta":{"footnotes":""},"categories":[6349],"tags":[],"class_list":["post-16099","post","type-post","status-publish","format-standard","has-post-thumbnail","hentry","category-social"],"yoast_head":"<!-- This site is optimized with the Yoast SEO plugin v27.4 - https:\/\/yoast.com\/product\/yoast-seo-wordpress\/ -->\n<title>DE\u021aINU\u021aII DIN B\u0102L\u021aI AU IE\u0218IT LA IARB\u0102 VERDE - BTV<\/title>\n<meta name=\"robots\" content=\"index, follow, max-snippet:-1, max-image-preview:large, max-video-preview:-1\" \/>\n<link rel=\"canonical\" href=\"https:\/\/www.btv.md\/ro\/detinutii-din-balti-au-iesit-la-iarba-verde\/\" \/>\n<meta property=\"og:locale\" content=\"ro_RO\" \/>\n<meta property=\"og:type\" content=\"article\" \/>\n<meta property=\"og:title\" content=\"DE\u021aINU\u021aII DIN B\u0102L\u021aI AU IE\u0218IT LA IARB\u0102 VERDE - BTV\" \/>\n<meta property=\"og:description\" content=\"Emo\u021bii de nedescris pentru patru de\u021binu\u021bi ai Penitenciarului num\u0103rul 11 din B\u0103l\u021bi \u0219i familiile lor. Ace\u0219tia au avut parte de o \u00eentrevedere la picnic \u00een una din zonele verzi ale ora\u0219ului. Sub paza santinelei, dar aproape de cei dragi, de\u021binu\u021bii s-au sim\u021bit ca \u00een libertate. Andrei st\u0103 \u00een deten\u021bie de trei ani \u0219i jum\u0103tate. Acum [&hellip;]\" \/>\n<meta property=\"og:url\" content=\"https:\/\/www.btv.md\/ro\/detinutii-din-balti-au-iesit-la-iarba-verde\/\" \/>\n<meta property=\"og:site_name\" content=\"BTV\" \/>\n<meta property=\"article:publisher\" content=\"https:\/\/www.facebook.com\/btvmoldova\/\" \/>\n<meta property=\"article:published_time\" content=\"2016-07-29T09:49:28+00:00\" \/>\n<meta property=\"og:image\" content=\"https:\/\/www.btv.md\/wp-content\/uploads\/2016\/07\/uj654.jpg\" \/>\n\t<meta property=\"og:image:width\" content=\"600\" \/>\n\t<meta property=\"og:image:height\" content=\"400\" \/>\n\t<meta property=\"og:image:type\" content=\"image\/jpeg\" \/>\n<meta name=\"author\" content=\"admin\" \/>\n<meta name=\"twitter:label1\" content=\"Scris de\" \/>\n\t<meta name=\"twitter:data1\" content=\"admin\" \/>\n\t<meta name=\"twitter:label2\" content=\"Timp estimat pentru citire\" \/>\n\t<meta name=\"twitter:data2\" content=\"1 minut\" \/>\n<script type=\"application\/ld+json\" class=\"yoast-schema-graph\">{\"@context\":\"https:\\\/\\\/schema.org\",\"@graph\":[{\"@type\":\"Article\",\"@id\":\"https:\\\/\\\/www.btv.md\\\/ro\\\/detinutii-din-balti-au-iesit-la-iarba-verde\\\/#article\",\"isPartOf\":{\"@id\":\"https:\\\/\\\/www.btv.md\\\/ro\\\/detinutii-din-balti-au-iesit-la-iarba-verde\\\/\"},\"author\":{\"name\":\"admin\",\"@id\":\"https:\\\/\\\/www.btv.md\\\/#\\\/schema\\\/person\\\/8fadce81561b3ce2c34c46dadc4ccbf2\"},\"headline\":\"DE\u021aINU\u021aII DIN B\u0102L\u021aI AU IE\u0218IT LA IARB\u0102 VERDE\",\"datePublished\":\"2016-07-29T09:49:28+00:00\",\"mainEntityOfPage\":{\"@id\":\"https:\\\/\\\/www.btv.md\\\/ro\\\/detinutii-din-balti-au-iesit-la-iarba-verde\\\/\"},\"wordCount\":185,\"image\":{\"@id\":\"https:\\\/\\\/www.btv.md\\\/ro\\\/detinutii-din-balti-au-iesit-la-iarba-verde\\\/#primaryimage\"},\"thumbnailUrl\":\"https:\\\/\\\/www.btv.md\\\/wp-content\\\/uploads\\\/2016\\\/07\\\/uj654.jpg\",\"articleSection\":[\"Social\"],\"inLanguage\":\"ro-RO\"},{\"@type\":\"WebPage\",\"@id\":\"https:\\\/\\\/www.btv.md\\\/ro\\\/detinutii-din-balti-au-iesit-la-iarba-verde\\\/\",\"url\":\"https:\\\/\\\/www.btv.md\\\/ro\\\/detinutii-din-balti-au-iesit-la-iarba-verde\\\/\",\"name\":\"DE\u021aINU\u021aII DIN B\u0102L\u021aI AU IE\u0218IT LA IARB\u0102 VERDE - BTV\",\"isPartOf\":{\"@id\":\"https:\\\/\\\/www.btv.md\\\/#website\"},\"primaryImageOfPage\":{\"@id\":\"https:\\\/\\\/www.btv.md\\\/ro\\\/detinutii-din-balti-au-iesit-la-iarba-verde\\\/#primaryimage\"},\"image\":{\"@id\":\"https:\\\/\\\/www.btv.md\\\/ro\\\/detinutii-din-balti-au-iesit-la-iarba-verde\\\/#primaryimage\"},\"thumbnailUrl\":\"https:\\\/\\\/www.btv.md\\\/wp-content\\\/uploads\\\/2016\\\/07\\\/uj654.jpg\",\"datePublished\":\"2016-07-29T09:49:28+00:00\",\"author\":{\"@id\":\"https:\\\/\\\/www.btv.md\\\/#\\\/schema\\\/person\\\/8fadce81561b3ce2c34c46dadc4ccbf2\"},\"inLanguage\":\"ro-RO\",\"potentialAction\":[{\"@type\":\"ReadAction\",\"target\":[\"https:\\\/\\\/www.btv.md\\\/ro\\\/detinutii-din-balti-au-iesit-la-iarba-verde\\\/\"]}]},{\"@type\":\"ImageObject\",\"inLanguage\":\"ro-RO\",\"@id\":\"https:\\\/\\\/www.btv.md\\\/ro\\\/detinutii-din-balti-au-iesit-la-iarba-verde\\\/#primaryimage\",\"url\":\"https:\\\/\\\/www.btv.md\\\/wp-content\\\/uploads\\\/2016\\\/07\\\/uj654.jpg\",\"contentUrl\":\"https:\\\/\\\/www.btv.md\\\/wp-content\\\/uploads\\\/2016\\\/07\\\/uj654.jpg\",\"width\":600,\"height\":400},{\"@type\":\"WebSite\",\"@id\":\"https:\\\/\\\/www.btv.md\\\/#website\",\"url\":\"https:\\\/\\\/www.btv.md\\\/\",\"name\":\"BTV\",\"description\":\"\u0411\u0435\u043b\u044c\u0446\u043a\u043e\u0435 \u0442\u0435\u043b\u0435\u0432\u0438\u0434\u0435\u043d\u0438\u0435\",\"potentialAction\":[{\"@type\":\"SearchAction\",\"target\":{\"@type\":\"EntryPoint\",\"urlTemplate\":\"https:\\\/\\\/www.btv.md\\\/?s={search_term_string}\"},\"query-input\":{\"@type\":\"PropertyValueSpecification\",\"valueRequired\":true,\"valueName\":\"search_term_string\"}}],\"inLanguage\":\"ro-RO\"},{\"@type\":\"Person\",\"@id\":\"https:\\\/\\\/www.btv.md\\\/#\\\/schema\\\/person\\\/8fadce81561b3ce2c34c46dadc4ccbf2\",\"name\":\"admin\"}]}<\/script>\n<!-- \/ Yoast SEO plugin. -->","yoast_head_json":{"title":"DE\u021aINU\u021aII DIN B\u0102L\u021aI AU IE\u0218IT LA IARB\u0102 VERDE - BTV","robots":{"index":"index","follow":"follow","max-snippet":"max-snippet:-1","max-image-preview":"max-image-preview:large","max-video-preview":"max-video-preview:-1"},"canonical":"https:\/\/www.btv.md\/ro\/detinutii-din-balti-au-iesit-la-iarba-verde\/","og_locale":"ro_RO","og_type":"article","og_title":"DE\u021aINU\u021aII DIN B\u0102L\u021aI AU IE\u0218IT LA IARB\u0102 VERDE - BTV","og_description":"Emo\u021bii de nedescris pentru patru de\u021binu\u021bi ai Penitenciarului num\u0103rul 11 din B\u0103l\u021bi \u0219i familiile lor. Ace\u0219tia au avut parte de o \u00eentrevedere la picnic \u00een una din zonele verzi ale ora\u0219ului. Sub paza santinelei, dar aproape de cei dragi, de\u021binu\u021bii s-au sim\u021bit ca \u00een libertate. Andrei st\u0103 \u00een deten\u021bie de trei ani \u0219i jum\u0103tate. Acum [&hellip;]","og_url":"https:\/\/www.btv.md\/ro\/detinutii-din-balti-au-iesit-la-iarba-verde\/","og_site_name":"BTV","article_publisher":"https:\/\/www.facebook.com\/btvmoldova\/","article_published_time":"2016-07-29T09:49:28+00:00","og_image":[{"width":600,"height":400,"url":"https:\/\/www.btv.md\/wp-content\/uploads\/2016\/07\/uj654.jpg","type":"image\/jpeg"}],"author":"admin","twitter_misc":{"Scris de":"admin","Timp estimat pentru citire":"1 minut"},"schema":{"@context":"https:\/\/schema.org","@graph":[{"@type":"Article","@id":"https:\/\/www.btv.md\/ro\/detinutii-din-balti-au-iesit-la-iarba-verde\/#article","isPartOf":{"@id":"https:\/\/www.btv.md\/ro\/detinutii-din-balti-au-iesit-la-iarba-verde\/"},"author":{"name":"admin","@id":"https:\/\/www.btv.md\/#\/schema\/person\/8fadce81561b3ce2c34c46dadc4ccbf2"},"headline":"DE\u021aINU\u021aII DIN B\u0102L\u021aI AU IE\u0218IT LA IARB\u0102 VERDE","datePublished":"2016-07-29T09:49:28+00:00","mainEntityOfPage":{"@id":"https:\/\/www.btv.md\/ro\/detinutii-din-balti-au-iesit-la-iarba-verde\/"},"wordCount":185,"image":{"@id":"https:\/\/www.btv.md\/ro\/detinutii-din-balti-au-iesit-la-iarba-verde\/#primaryimage"},"thumbnailUrl":"https:\/\/www.btv.md\/wp-content\/uploads\/2016\/07\/uj654.jpg","articleSection":["Social"],"inLanguage":"ro-RO"},{"@type":"WebPage","@id":"https:\/\/www.btv.md\/ro\/detinutii-din-balti-au-iesit-la-iarba-verde\/","url":"https:\/\/www.btv.md\/ro\/detinutii-din-balti-au-iesit-la-iarba-verde\/","name":"DE\u021aINU\u021aII DIN B\u0102L\u021aI AU IE\u0218IT LA IARB\u0102 VERDE - BTV","isPartOf":{"@id":"https:\/\/www.btv.md\/#website"},"primaryImageOfPage":{"@id":"https:\/\/www.btv.md\/ro\/detinutii-din-balti-au-iesit-la-iarba-verde\/#primaryimage"},"image":{"@id":"https:\/\/www.btv.md\/ro\/detinutii-din-balti-au-iesit-la-iarba-verde\/#primaryimage"},"thumbnailUrl":"https:\/\/www.btv.md\/wp-content\/uploads\/2016\/07\/uj654.jpg","datePublished":"2016-07-29T09:49:28+00:00","author":{"@id":"https:\/\/www.btv.md\/#\/schema\/person\/8fadce81561b3ce2c34c46dadc4ccbf2"},"inLanguage":"ro-RO","potentialAction":[{"@type":"ReadAction","target":["https:\/\/www.btv.md\/ro\/detinutii-din-balti-au-iesit-la-iarba-verde\/"]}]},{"@type":"ImageObject","inLanguage":"ro-RO","@id":"https:\/\/www.btv.md\/ro\/detinutii-din-balti-au-iesit-la-iarba-verde\/#primaryimage","url":"https:\/\/www.btv.md\/wp-content\/uploads\/2016\/07\/uj654.jpg","contentUrl":"https:\/\/www.btv.md\/wp-content\/uploads\/2016\/07\/uj654.jpg","width":600,"height":400},{"@type":"WebSite","@id":"https:\/\/www.btv.md\/#website","url":"https:\/\/www.btv.md\/","name":"BTV","description":"\u0411\u0435\u043b\u044c\u0446\u043a\u043e\u0435 \u0442\u0435\u043b\u0435\u0432\u0438\u0434\u0435\u043d\u0438\u0435","potentialAction":[{"@type":"SearchAction","target":{"@type":"EntryPoint","urlTemplate":"https:\/\/www.btv.md\/?s={search_term_string}"},"query-input":{"@type":"PropertyValueSpecification","valueRequired":true,"valueName":"search_term_string"}}],"inLanguage":"ro-RO"},{"@type":"Person","@id":"https:\/\/www.btv.md\/#\/schema\/person\/8fadce81561b3ce2c34c46dadc4ccbf2","name":"admin"}]}},"_links":{"self":[{"href":"https:\/\/www.btv.md\/ro\/wp-json\/wp\/v2\/posts\/16099","targetHints":{"allow":["GET"]}}],"collection":[{"href":"https:\/\/www.btv.md\/ro\/wp-json\/wp\/v2\/posts"}],"about":[{"href":"https:\/\/www.btv.md\/ro\/wp-json\/wp\/v2\/types\/post"}],"author":[{"embeddable":true,"href":"https:\/\/www.btv.md\/ro\/wp-json\/wp\/v2\/users\/4"}],"replies":[{"embeddable":true,"href":"https:\/\/www.btv.md\/ro\/wp-json\/wp\/v2\/comments?post=16099"}],"version-history":[{"count":0,"href":"https:\/\/www.btv.md\/ro\/wp-json\/wp\/v2\/posts\/16099\/revisions"}],"wp:featuredmedia":[{"embeddable":true,"href":"https:\/\/www.btv.md\/ro\/wp-json\/wp\/v2\/media\/16100"}],"wp:attachment":[{"href":"https:\/\/www.btv.md\/ro\/wp-json\/wp\/v2\/media?parent=16099"}],"wp:term":[{"taxonomy":"category","embeddable":true,"href":"https:\/\/www.btv.md\/ro\/wp-json\/wp\/v2\/categories?post=16099"},{"taxonomy":"post_tag","embeddable":true,"href":"https:\/\/www.btv.md\/ro\/wp-json\/wp\/v2\/tags?post=16099"}],"curies":[{"name":"wp","href":"https:\/\/api.w.org\/{rel}","templated":true}]}}