{"id":16102,"date":"2016-07-29T14:50:17","date_gmt":"2016-07-29T11:50:17","guid":{"rendered":"http:\/\/btv.md\/?p=16102"},"modified":"2016-07-29T14:52:10","modified_gmt":"2016-07-29T11:52:10","slug":"un-detinut-din-balti-urma-sa-primeasca-un-telefon-mobil-in-forma-de-ceas","status":"publish","type":"post","link":"https:\/\/www.btv.md\/ro\/un-detinut-din-balti-urma-sa-primeasca-un-telefon-mobil-in-forma-de-ceas\/","title":{"rendered":"UN  DE\u021aINUT  DIN  B\u0102L\u021aI  URMA  S\u0102  PRIMEASC\u0102  UN  TELEFON  MOBIL  \u00ceN  FORM\u0102  DE  CEAS"},"content":{"rendered":"<p>Un angajat al Penitenciarului num\u0103rul 11 din B\u0103l\u021bi a fost re\u021binut la punctual de trecere \u0219i control al institu\u021biei, pentru tentativ\u0103 de introducere pe teritoriu a obiectelor interzise.<\/p>\n<p><iframe width=\"1170\" height=\"878\" data-src=\"https:\/\/www.youtube.com\/embed\/9vaa401UD0A?wmode=transparent&amp;rel=0&amp;feature=oembed\" frameborder=\"0\" allow=\"accelerometer; autoplay; encrypted-media; gyroscope; picture-in-picture\" allowfullscreen src=\"data:image\/svg+xml;base64,PHN2ZyB3aWR0aD0iMSIgaGVpZ2h0PSIxIiB4bWxucz0iaHR0cDovL3d3dy53My5vcmcvMjAwMC9zdmciPjwvc3ZnPg==\" class=\"lazyload\" data-load-mode=\"1\"><\/iframe><\/p>\n<p>Reprezentan\u021bii Penitenciarului \u00een comun cu \u00a0Inspectoratul de Poli\u0163ie B\u0103l\u0163i \u015fi Procuratura municipiului, au efectuat un control special asupra unui supraveghetor al Serviciului regim \u0219i supraveghere, \u00een momentul \u00een care acesta urma s\u0103 efectueze intrarea pe teritoriul \u00eenchisorii \u00een scop de serviciu.<\/p>\n<p>\u00cen rezultatul verific\u0103rii, la m\u00e2na acestuia a fost depistat \u015fi ridicat un telefon mobil \u00een form\u0103 de ceas.<\/p>\n<p>\u00cen privin\u021ba angajatului \u00een v\u00e2rst\u0103 de 25 de ani, a fost ini\u021biat\u0103 o anchet\u0103 intern\u0103. Acesta risc\u0103 amend\u0103 \u00een m\u0103rime de la 200 la 500 unit\u0103\u0163i conven\u0163ionale sau \u00eenchisoare de p\u00e2n\u0103 la 3 ani, cu privarea de dreptul de a ocupa anumite func\u0163ii pe un termen de p\u00e2n\u0103 la 5 ani.<\/p>\n","protected":false},"excerpt":{"rendered":"<p>Un angajat al Penitenciarului num\u0103rul 11 din B\u0103l\u021bi a fost re\u021binut la punctual de trecere \u0219i control al institu\u021biei, pentru tentativ\u0103 de introducere pe teritoriu a obiectelor interzise. Reprezentan\u021bii Penitenciarului \u00een comun cu \u00a0Inspectoratul de Poli\u0163ie B\u0103l\u0163i \u015fi Procuratura municipiului, au efectuat un control special asupra unui supraveghetor al Serviciului regim \u0219i supraveghere, \u00een momentul [&hellip;]<\/p>\n","protected":false},"author":4,"featured_media":16103,"comment_status":"closed","ping_status":"closed","sticky":false,"template":"","format":"standard","meta":{"footnotes":""},"categories":[6351],"tags":[],"class_list":["post-16102","post","type-post","status-publish","format-standard","has-post-thumbnail","hentry","category-incidente"],"yoast_head":"<!-- This site is optimized with the Yoast SEO plugin v27.4 - https:\/\/yoast.com\/product\/yoast-seo-wordpress\/ -->\n<title>UN DE\u021aINUT DIN B\u0102L\u021aI URMA S\u0102 PRIMEASC\u0102 UN TELEFON MOBIL \u00ceN FORM\u0102 DE CEAS - BTV<\/title>\n<meta name=\"robots\" content=\"index, follow, max-snippet:-1, max-image-preview:large, max-video-preview:-1\" \/>\n<link rel=\"canonical\" href=\"https:\/\/www.btv.md\/ro\/un-detinut-din-balti-urma-sa-primeasca-un-telefon-mobil-in-forma-de-ceas\/\" \/>\n<meta property=\"og:locale\" content=\"ro_RO\" \/>\n<meta property=\"og:type\" content=\"article\" \/>\n<meta property=\"og:title\" content=\"UN DE\u021aINUT DIN B\u0102L\u021aI URMA S\u0102 PRIMEASC\u0102 UN TELEFON MOBIL \u00ceN FORM\u0102 DE CEAS - BTV\" \/>\n<meta property=\"og:description\" content=\"Un angajat al Penitenciarului num\u0103rul 11 din B\u0103l\u021bi a fost re\u021binut la punctual de trecere \u0219i control al institu\u021biei, pentru tentativ\u0103 de introducere pe teritoriu a obiectelor interzise. Reprezentan\u021bii Penitenciarului \u00een comun cu \u00a0Inspectoratul de Poli\u0163ie B\u0103l\u0163i \u015fi Procuratura municipiului, au efectuat un control special asupra unui supraveghetor al Serviciului regim \u0219i supraveghere, \u00een momentul [&hellip;]\" \/>\n<meta property=\"og:url\" content=\"https:\/\/www.btv.md\/ro\/un-detinut-din-balti-urma-sa-primeasca-un-telefon-mobil-in-forma-de-ceas\/\" \/>\n<meta property=\"og:site_name\" content=\"BTV\" \/>\n<meta property=\"article:publisher\" content=\"https:\/\/www.facebook.com\/btvmoldova\/\" \/>\n<meta property=\"article:published_time\" content=\"2016-07-29T11:50:17+00:00\" \/>\n<meta property=\"article:modified_time\" content=\"2016-07-29T11:52:10+00:00\" \/>\n<meta property=\"og:image\" content=\"https:\/\/www.btv.md\/wp-content\/uploads\/2016\/07\/uyt.jpg\" \/>\n\t<meta property=\"og:image:width\" content=\"600\" \/>\n\t<meta property=\"og:image:height\" content=\"400\" \/>\n\t<meta property=\"og:image:type\" content=\"image\/jpeg\" \/>\n<meta name=\"author\" content=\"admin\" \/>\n<meta name=\"twitter:label1\" content=\"Scris de\" \/>\n\t<meta name=\"twitter:data1\" content=\"admin\" \/>\n\t<meta name=\"twitter:label2\" content=\"Timp estimat pentru citire\" \/>\n\t<meta name=\"twitter:data2\" content=\"1 minut\" \/>\n<script type=\"application\/ld+json\" class=\"yoast-schema-graph\">{\"@context\":\"https:\\\/\\\/schema.org\",\"@graph\":[{\"@type\":\"Article\",\"@id\":\"https:\\\/\\\/www.btv.md\\\/ro\\\/un-detinut-din-balti-urma-sa-primeasca-un-telefon-mobil-in-forma-de-ceas\\\/#article\",\"isPartOf\":{\"@id\":\"https:\\\/\\\/www.btv.md\\\/ro\\\/un-detinut-din-balti-urma-sa-primeasca-un-telefon-mobil-in-forma-de-ceas\\\/\"},\"author\":{\"name\":\"admin\",\"@id\":\"https:\\\/\\\/www.btv.md\\\/#\\\/schema\\\/person\\\/8fadce81561b3ce2c34c46dadc4ccbf2\"},\"headline\":\"UN DE\u021aINUT DIN B\u0102L\u021aI URMA S\u0102 PRIMEASC\u0102 UN TELEFON MOBIL \u00ceN FORM\u0102 DE CEAS\",\"datePublished\":\"2016-07-29T11:50:17+00:00\",\"dateModified\":\"2016-07-29T11:52:10+00:00\",\"mainEntityOfPage\":{\"@id\":\"https:\\\/\\\/www.btv.md\\\/ro\\\/un-detinut-din-balti-urma-sa-primeasca-un-telefon-mobil-in-forma-de-ceas\\\/\"},\"wordCount\":175,\"image\":{\"@id\":\"https:\\\/\\\/www.btv.md\\\/ro\\\/un-detinut-din-balti-urma-sa-primeasca-un-telefon-mobil-in-forma-de-ceas\\\/#primaryimage\"},\"thumbnailUrl\":\"https:\\\/\\\/www.btv.md\\\/wp-content\\\/uploads\\\/2016\\\/07\\\/uyt.jpg\",\"articleSection\":[\"Incidente\"],\"inLanguage\":\"ro-RO\"},{\"@type\":\"WebPage\",\"@id\":\"https:\\\/\\\/www.btv.md\\\/ro\\\/un-detinut-din-balti-urma-sa-primeasca-un-telefon-mobil-in-forma-de-ceas\\\/\",\"url\":\"https:\\\/\\\/www.btv.md\\\/ro\\\/un-detinut-din-balti-urma-sa-primeasca-un-telefon-mobil-in-forma-de-ceas\\\/\",\"name\":\"UN DE\u021aINUT DIN B\u0102L\u021aI URMA S\u0102 PRIMEASC\u0102 UN TELEFON MOBIL \u00ceN FORM\u0102 DE CEAS - BTV\",\"isPartOf\":{\"@id\":\"https:\\\/\\\/www.btv.md\\\/#website\"},\"primaryImageOfPage\":{\"@id\":\"https:\\\/\\\/www.btv.md\\\/ro\\\/un-detinut-din-balti-urma-sa-primeasca-un-telefon-mobil-in-forma-de-ceas\\\/#primaryimage\"},\"image\":{\"@id\":\"https:\\\/\\\/www.btv.md\\\/ro\\\/un-detinut-din-balti-urma-sa-primeasca-un-telefon-mobil-in-forma-de-ceas\\\/#primaryimage\"},\"thumbnailUrl\":\"https:\\\/\\\/www.btv.md\\\/wp-content\\\/uploads\\\/2016\\\/07\\\/uyt.jpg\",\"datePublished\":\"2016-07-29T11:50:17+00:00\",\"dateModified\":\"2016-07-29T11:52:10+00:00\",\"author\":{\"@id\":\"https:\\\/\\\/www.btv.md\\\/#\\\/schema\\\/person\\\/8fadce81561b3ce2c34c46dadc4ccbf2\"},\"inLanguage\":\"ro-RO\",\"potentialAction\":[{\"@type\":\"ReadAction\",\"target\":[\"https:\\\/\\\/www.btv.md\\\/ro\\\/un-detinut-din-balti-urma-sa-primeasca-un-telefon-mobil-in-forma-de-ceas\\\/\"]}]},{\"@type\":\"ImageObject\",\"inLanguage\":\"ro-RO\",\"@id\":\"https:\\\/\\\/www.btv.md\\\/ro\\\/un-detinut-din-balti-urma-sa-primeasca-un-telefon-mobil-in-forma-de-ceas\\\/#primaryimage\",\"url\":\"https:\\\/\\\/www.btv.md\\\/wp-content\\\/uploads\\\/2016\\\/07\\\/uyt.jpg\",\"contentUrl\":\"https:\\\/\\\/www.btv.md\\\/wp-content\\\/uploads\\\/2016\\\/07\\\/uyt.jpg\",\"width\":600,\"height\":400},{\"@type\":\"WebSite\",\"@id\":\"https:\\\/\\\/www.btv.md\\\/#website\",\"url\":\"https:\\\/\\\/www.btv.md\\\/\",\"name\":\"BTV\",\"description\":\"\u0411\u0435\u043b\u044c\u0446\u043a\u043e\u0435 \u0442\u0435\u043b\u0435\u0432\u0438\u0434\u0435\u043d\u0438\u0435\",\"potentialAction\":[{\"@type\":\"SearchAction\",\"target\":{\"@type\":\"EntryPoint\",\"urlTemplate\":\"https:\\\/\\\/www.btv.md\\\/?s={search_term_string}\"},\"query-input\":{\"@type\":\"PropertyValueSpecification\",\"valueRequired\":true,\"valueName\":\"search_term_string\"}}],\"inLanguage\":\"ro-RO\"},{\"@type\":\"Person\",\"@id\":\"https:\\\/\\\/www.btv.md\\\/#\\\/schema\\\/person\\\/8fadce81561b3ce2c34c46dadc4ccbf2\",\"name\":\"admin\"}]}<\/script>\n<!-- \/ Yoast SEO plugin. -->","yoast_head_json":{"title":"UN DE\u021aINUT DIN B\u0102L\u021aI URMA S\u0102 PRIMEASC\u0102 UN TELEFON MOBIL \u00ceN FORM\u0102 DE CEAS - BTV","robots":{"index":"index","follow":"follow","max-snippet":"max-snippet:-1","max-image-preview":"max-image-preview:large","max-video-preview":"max-video-preview:-1"},"canonical":"https:\/\/www.btv.md\/ro\/un-detinut-din-balti-urma-sa-primeasca-un-telefon-mobil-in-forma-de-ceas\/","og_locale":"ro_RO","og_type":"article","og_title":"UN DE\u021aINUT DIN B\u0102L\u021aI URMA S\u0102 PRIMEASC\u0102 UN TELEFON MOBIL \u00ceN FORM\u0102 DE CEAS - BTV","og_description":"Un angajat al Penitenciarului num\u0103rul 11 din B\u0103l\u021bi a fost re\u021binut la punctual de trecere \u0219i control al institu\u021biei, pentru tentativ\u0103 de introducere pe teritoriu a obiectelor interzise. Reprezentan\u021bii Penitenciarului \u00een comun cu \u00a0Inspectoratul de Poli\u0163ie B\u0103l\u0163i \u015fi Procuratura municipiului, au efectuat un control special asupra unui supraveghetor al Serviciului regim \u0219i supraveghere, \u00een momentul [&hellip;]","og_url":"https:\/\/www.btv.md\/ro\/un-detinut-din-balti-urma-sa-primeasca-un-telefon-mobil-in-forma-de-ceas\/","og_site_name":"BTV","article_publisher":"https:\/\/www.facebook.com\/btvmoldova\/","article_published_time":"2016-07-29T11:50:17+00:00","article_modified_time":"2016-07-29T11:52:10+00:00","og_image":[{"width":600,"height":400,"url":"https:\/\/www.btv.md\/wp-content\/uploads\/2016\/07\/uyt.jpg","type":"image\/jpeg"}],"author":"admin","twitter_misc":{"Scris de":"admin","Timp estimat pentru citire":"1 minut"},"schema":{"@context":"https:\/\/schema.org","@graph":[{"@type":"Article","@id":"https:\/\/www.btv.md\/ro\/un-detinut-din-balti-urma-sa-primeasca-un-telefon-mobil-in-forma-de-ceas\/#article","isPartOf":{"@id":"https:\/\/www.btv.md\/ro\/un-detinut-din-balti-urma-sa-primeasca-un-telefon-mobil-in-forma-de-ceas\/"},"author":{"name":"admin","@id":"https:\/\/www.btv.md\/#\/schema\/person\/8fadce81561b3ce2c34c46dadc4ccbf2"},"headline":"UN DE\u021aINUT DIN B\u0102L\u021aI URMA S\u0102 PRIMEASC\u0102 UN TELEFON MOBIL \u00ceN FORM\u0102 DE CEAS","datePublished":"2016-07-29T11:50:17+00:00","dateModified":"2016-07-29T11:52:10+00:00","mainEntityOfPage":{"@id":"https:\/\/www.btv.md\/ro\/un-detinut-din-balti-urma-sa-primeasca-un-telefon-mobil-in-forma-de-ceas\/"},"wordCount":175,"image":{"@id":"https:\/\/www.btv.md\/ro\/un-detinut-din-balti-urma-sa-primeasca-un-telefon-mobil-in-forma-de-ceas\/#primaryimage"},"thumbnailUrl":"https:\/\/www.btv.md\/wp-content\/uploads\/2016\/07\/uyt.jpg","articleSection":["Incidente"],"inLanguage":"ro-RO"},{"@type":"WebPage","@id":"https:\/\/www.btv.md\/ro\/un-detinut-din-balti-urma-sa-primeasca-un-telefon-mobil-in-forma-de-ceas\/","url":"https:\/\/www.btv.md\/ro\/un-detinut-din-balti-urma-sa-primeasca-un-telefon-mobil-in-forma-de-ceas\/","name":"UN DE\u021aINUT DIN B\u0102L\u021aI URMA S\u0102 PRIMEASC\u0102 UN TELEFON MOBIL \u00ceN FORM\u0102 DE CEAS - BTV","isPartOf":{"@id":"https:\/\/www.btv.md\/#website"},"primaryImageOfPage":{"@id":"https:\/\/www.btv.md\/ro\/un-detinut-din-balti-urma-sa-primeasca-un-telefon-mobil-in-forma-de-ceas\/#primaryimage"},"image":{"@id":"https:\/\/www.btv.md\/ro\/un-detinut-din-balti-urma-sa-primeasca-un-telefon-mobil-in-forma-de-ceas\/#primaryimage"},"thumbnailUrl":"https:\/\/www.btv.md\/wp-content\/uploads\/2016\/07\/uyt.jpg","datePublished":"2016-07-29T11:50:17+00:00","dateModified":"2016-07-29T11:52:10+00:00","author":{"@id":"https:\/\/www.btv.md\/#\/schema\/person\/8fadce81561b3ce2c34c46dadc4ccbf2"},"inLanguage":"ro-RO","potentialAction":[{"@type":"ReadAction","target":["https:\/\/www.btv.md\/ro\/un-detinut-din-balti-urma-sa-primeasca-un-telefon-mobil-in-forma-de-ceas\/"]}]},{"@type":"ImageObject","inLanguage":"ro-RO","@id":"https:\/\/www.btv.md\/ro\/un-detinut-din-balti-urma-sa-primeasca-un-telefon-mobil-in-forma-de-ceas\/#primaryimage","url":"https:\/\/www.btv.md\/wp-content\/uploads\/2016\/07\/uyt.jpg","contentUrl":"https:\/\/www.btv.md\/wp-content\/uploads\/2016\/07\/uyt.jpg","width":600,"height":400},{"@type":"WebSite","@id":"https:\/\/www.btv.md\/#website","url":"https:\/\/www.btv.md\/","name":"BTV","description":"\u0411\u0435\u043b\u044c\u0446\u043a\u043e\u0435 \u0442\u0435\u043b\u0435\u0432\u0438\u0434\u0435\u043d\u0438\u0435","potentialAction":[{"@type":"SearchAction","target":{"@type":"EntryPoint","urlTemplate":"https:\/\/www.btv.md\/?s={search_term_string}"},"query-input":{"@type":"PropertyValueSpecification","valueRequired":true,"valueName":"search_term_string"}}],"inLanguage":"ro-RO"},{"@type":"Person","@id":"https:\/\/www.btv.md\/#\/schema\/person\/8fadce81561b3ce2c34c46dadc4ccbf2","name":"admin"}]}},"_links":{"self":[{"href":"https:\/\/www.btv.md\/ro\/wp-json\/wp\/v2\/posts\/16102","targetHints":{"allow":["GET"]}}],"collection":[{"href":"https:\/\/www.btv.md\/ro\/wp-json\/wp\/v2\/posts"}],"about":[{"href":"https:\/\/www.btv.md\/ro\/wp-json\/wp\/v2\/types\/post"}],"author":[{"embeddable":true,"href":"https:\/\/www.btv.md\/ro\/wp-json\/wp\/v2\/users\/4"}],"replies":[{"embeddable":true,"href":"https:\/\/www.btv.md\/ro\/wp-json\/wp\/v2\/comments?post=16102"}],"version-history":[{"count":0,"href":"https:\/\/www.btv.md\/ro\/wp-json\/wp\/v2\/posts\/16102\/revisions"}],"wp:featuredmedia":[{"embeddable":true,"href":"https:\/\/www.btv.md\/ro\/wp-json\/wp\/v2\/media\/16103"}],"wp:attachment":[{"href":"https:\/\/www.btv.md\/ro\/wp-json\/wp\/v2\/media?parent=16102"}],"wp:term":[{"taxonomy":"category","embeddable":true,"href":"https:\/\/www.btv.md\/ro\/wp-json\/wp\/v2\/categories?post=16102"},{"taxonomy":"post_tag","embeddable":true,"href":"https:\/\/www.btv.md\/ro\/wp-json\/wp\/v2\/tags?post=16102"}],"curies":[{"name":"wp","href":"https:\/\/api.w.org\/{rel}","templated":true}]}}