{"id":16115,"date":"2016-07-29T15:42:33","date_gmt":"2016-07-29T12:42:33","guid":{"rendered":"http:\/\/btv.md\/?p=16115"},"modified":"2016-07-29T15:46:01","modified_gmt":"2016-07-29T12:46:01","slug":"20-de-ani-de-la-adoptarea-constitutiei-republicii-moldova","status":"publish","type":"post","link":"https:\/\/www.btv.md\/ro\/20-de-ani-de-la-adoptarea-constitutiei-republicii-moldova\/","title":{"rendered":"20 DE  ANI  DE  LA  ADOPTAREA  CONSTITU\u021aIEI  REPUBLICII  MOLDOVA"},"content":{"rendered":"<p><strong>Republica Moldova s\u0103rb\u0103tore\u0219te \u201eZiua Constitu\u021biei\u201d. La data de 29 iulie se \u00eemplinesc 20 de ani de la adoptarea de c\u0103tre Parlament a Constitu\u021biei Republicii Moldova, scrie <a href=\"http:\/\/unimedia.info\">Unimedia<\/a>.<\/strong><\/p>\n<p>Legea suprem\u0103 a fost votat\u0103 la 29 iulie 1994 de majoritatea deputa\u021bilor din Parlament, fiind publicat\u0103 \u00een Monitorul Oficial al Republicii Moldova din 12 august 1994 \u015fi a intrat \u00een vigoare la data de 27 august a acelua\u0219i an, de ziua Independen\u021bei Republicii Moldova.<\/p>\n<p>Conform Constitu\u021biei, Republica Moldova este un stat suveran \u015fi independent, unitar \u015fi indivizibil, iar forma de guvern\u0103m\u00e2nt a statului este republica.<\/p>\n<p>Actul prevede c\u0103 \u201eRepublica Moldova este un stat de drept, democratic, \u00een care demnitatea omului, drepturile \u015fi libert\u0103\u0163ile lui, libera dezvoltare a personalit\u0103\u0163ii umane, dreptatea \u015fi pluralismul politic reprezint\u0103 valori supreme \u015fi s\u00eent garantate\u201d.<\/p>\n<p>La fel, articolul 7 indic\u0103 c\u0103 \u201eConstitu\u0163ia Republicii Moldova este Legea ei Suprem\u0103. Nici o lege \u015fi nici un alt act juridic care contravine prevederilor Constitu\u0163iei nu are putere juridic\u0103.\u201d<\/p>\n<p>Legea Suprem\u0103 const\u0103 din 8\u00a0titluri, fiecare fiind \u00eemp\u0103r\u021bit \u00een capitole \u0219i sec\u021biuni. Astfel, \u00een total actul cuprinde 143 de articole, precum \u0219i 8 articole de Dispozi\u021bii finale \u0219i tranzitorii.<\/p>\n<p>&nbsp;<\/p>\n<p><strong>Republica Moldova s\u0103rb\u0103tore\u0219te \u201eZiua Constitu\u021biei\u201d. La data de 29 iulie se \u00eemplinesc 20 de ani de la adoptarea de c\u0103tre Parlament a Constitu\u021biei Republicii Moldova, scrie <a href=\"http:\/\/unimedia.info\">Unimedia<\/a>.<\/strong><\/p>\n<p>Legea suprem\u0103 a fost votat\u0103 la 29 iulie 1994 de majoritatea deputa\u021bilor din Parlament, fiind publicat\u0103 \u00een Monitorul Oficial al Republicii Moldova din 12 august 1994 \u015fi a intrat \u00een vigoare la data de 27 august a acelua\u0219i an, de ziua Independen\u021bei Republicii Moldova.<\/p>\n<p>Conform Constitu\u021biei, Republica Moldova este un stat suveran \u015fi independent, unitar \u015fi indivizibil, iar forma de guvern\u0103m\u00e2nt a statului este republica.<\/p>\n<p>Actul prevede c\u0103 \u201eRepublica Moldova este un stat de drept, democratic, \u00een care demnitatea omului, drepturile \u015fi libert\u0103\u0163ile lui, libera dezvoltare a personalit\u0103\u0163ii umane, dreptatea \u015fi pluralismul politic reprezint\u0103 valori supreme \u015fi s\u00eent garantate\u201d.<\/p>\n<p>La fel, articolul 7 indic\u0103 c\u0103 \u201eConstitu\u0163ia Republicii Moldova este Legea ei Suprem\u0103. Nici o lege \u015fi nici un alt act juridic care contravine prevederilor Constitu\u0163iei nu are putere juridic\u0103.\u201d<\/p>\n<p>Legea Suprem\u0103 const\u0103 din 8\u00a0titluri, fiecare fiind \u00eemp\u0103r\u021bit \u00een capitole \u0219i sec\u021biuni. Astfel, \u00een total actul cuprinde 143 de articole, precum \u0219i 8 articole de Dispozi\u021bii finale \u0219i tranzitorii.<\/p>\n","protected":false},"excerpt":{"rendered":"<p>Republica Moldova s\u0103rb\u0103tore\u0219te \u201eZiua Constitu\u021biei\u201d. La data de 29 iulie se \u00eemplinesc 20 de ani de la adoptarea de c\u0103tre Parlament a Constitu\u021biei Republicii Moldova, scrie Unimedia. Legea suprem\u0103 a fost votat\u0103 la 29 iulie 1994 de majoritatea deputa\u021bilor din Parlament, fiind publicat\u0103 \u00een Monitorul Oficial al Republicii Moldova din 12 august 1994 \u015fi a [&hellip;]<\/p>\n","protected":false},"author":4,"featured_media":16116,"comment_status":"closed","ping_status":"closed","sticky":false,"template":"","format":"standard","meta":{"footnotes":""},"categories":[6349],"tags":[],"class_list":["post-16115","post","type-post","status-publish","format-standard","has-post-thumbnail","hentry","category-social"],"yoast_head":"<!-- This site is optimized with the Yoast SEO plugin v27.4 - https:\/\/yoast.com\/product\/yoast-seo-wordpress\/ -->\n<title>20 DE ANI DE LA ADOPTAREA CONSTITU\u021aIEI REPUBLICII MOLDOVA - BTV<\/title>\n<meta name=\"robots\" content=\"index, follow, max-snippet:-1, max-image-preview:large, max-video-preview:-1\" \/>\n<link rel=\"canonical\" href=\"https:\/\/www.btv.md\/ro\/20-de-ani-de-la-adoptarea-constitutiei-republicii-moldova\/\" \/>\n<meta property=\"og:locale\" content=\"ro_RO\" \/>\n<meta property=\"og:type\" content=\"article\" \/>\n<meta property=\"og:title\" content=\"20 DE ANI DE LA ADOPTAREA CONSTITU\u021aIEI REPUBLICII MOLDOVA - BTV\" \/>\n<meta property=\"og:description\" content=\"Republica Moldova s\u0103rb\u0103tore\u0219te \u201eZiua Constitu\u021biei\u201d. La data de 29 iulie se \u00eemplinesc 20 de ani de la adoptarea de c\u0103tre Parlament a Constitu\u021biei Republicii Moldova, scrie Unimedia. Legea suprem\u0103 a fost votat\u0103 la 29 iulie 1994 de majoritatea deputa\u021bilor din Parlament, fiind publicat\u0103 \u00een Monitorul Oficial al Republicii Moldova din 12 august 1994 \u015fi a [&hellip;]\" \/>\n<meta property=\"og:url\" content=\"https:\/\/www.btv.md\/ro\/20-de-ani-de-la-adoptarea-constitutiei-republicii-moldova\/\" \/>\n<meta property=\"og:site_name\" content=\"BTV\" \/>\n<meta property=\"article:publisher\" content=\"https:\/\/www.facebook.com\/btvmoldova\/\" \/>\n<meta property=\"article:published_time\" content=\"2016-07-29T12:42:33+00:00\" \/>\n<meta property=\"article:modified_time\" content=\"2016-07-29T12:46:01+00:00\" \/>\n<meta property=\"og:image\" content=\"https:\/\/www.btv.md\/wp-content\/uploads\/2016\/07\/6be326fde23a01ecf8bf9f63d27e1e33.jpg\" \/>\n\t<meta property=\"og:image:width\" content=\"900\" \/>\n\t<meta property=\"og:image:height\" content=\"600\" \/>\n\t<meta property=\"og:image:type\" content=\"image\/jpeg\" \/>\n<meta name=\"author\" content=\"admin\" \/>\n<meta name=\"twitter:label1\" content=\"Scris de\" \/>\n\t<meta name=\"twitter:data1\" content=\"admin\" \/>\n\t<meta name=\"twitter:label2\" content=\"Timp estimat pentru citire\" \/>\n\t<meta name=\"twitter:data2\" content=\"2 minute\" \/>\n<script type=\"application\/ld+json\" class=\"yoast-schema-graph\">{\"@context\":\"https:\\\/\\\/schema.org\",\"@graph\":[{\"@type\":\"Article\",\"@id\":\"https:\\\/\\\/www.btv.md\\\/ro\\\/20-de-ani-de-la-adoptarea-constitutiei-republicii-moldova\\\/#article\",\"isPartOf\":{\"@id\":\"https:\\\/\\\/www.btv.md\\\/ro\\\/20-de-ani-de-la-adoptarea-constitutiei-republicii-moldova\\\/\"},\"author\":{\"name\":\"admin\",\"@id\":\"https:\\\/\\\/www.btv.md\\\/#\\\/schema\\\/person\\\/8fadce81561b3ce2c34c46dadc4ccbf2\"},\"headline\":\"20 DE ANI DE LA ADOPTAREA CONSTITU\u021aIEI REPUBLICII MOLDOVA\",\"datePublished\":\"2016-07-29T12:42:33+00:00\",\"dateModified\":\"2016-07-29T12:46:01+00:00\",\"mainEntityOfPage\":{\"@id\":\"https:\\\/\\\/www.btv.md\\\/ro\\\/20-de-ani-de-la-adoptarea-constitutiei-republicii-moldova\\\/\"},\"wordCount\":402,\"image\":{\"@id\":\"https:\\\/\\\/www.btv.md\\\/ro\\\/20-de-ani-de-la-adoptarea-constitutiei-republicii-moldova\\\/#primaryimage\"},\"thumbnailUrl\":\"https:\\\/\\\/www.btv.md\\\/wp-content\\\/uploads\\\/2016\\\/07\\\/6be326fde23a01ecf8bf9f63d27e1e33.jpg\",\"articleSection\":[\"Social\"],\"inLanguage\":\"ro-RO\"},{\"@type\":\"WebPage\",\"@id\":\"https:\\\/\\\/www.btv.md\\\/ro\\\/20-de-ani-de-la-adoptarea-constitutiei-republicii-moldova\\\/\",\"url\":\"https:\\\/\\\/www.btv.md\\\/ro\\\/20-de-ani-de-la-adoptarea-constitutiei-republicii-moldova\\\/\",\"name\":\"20 DE ANI DE LA ADOPTAREA CONSTITU\u021aIEI REPUBLICII MOLDOVA - BTV\",\"isPartOf\":{\"@id\":\"https:\\\/\\\/www.btv.md\\\/#website\"},\"primaryImageOfPage\":{\"@id\":\"https:\\\/\\\/www.btv.md\\\/ro\\\/20-de-ani-de-la-adoptarea-constitutiei-republicii-moldova\\\/#primaryimage\"},\"image\":{\"@id\":\"https:\\\/\\\/www.btv.md\\\/ro\\\/20-de-ani-de-la-adoptarea-constitutiei-republicii-moldova\\\/#primaryimage\"},\"thumbnailUrl\":\"https:\\\/\\\/www.btv.md\\\/wp-content\\\/uploads\\\/2016\\\/07\\\/6be326fde23a01ecf8bf9f63d27e1e33.jpg\",\"datePublished\":\"2016-07-29T12:42:33+00:00\",\"dateModified\":\"2016-07-29T12:46:01+00:00\",\"author\":{\"@id\":\"https:\\\/\\\/www.btv.md\\\/#\\\/schema\\\/person\\\/8fadce81561b3ce2c34c46dadc4ccbf2\"},\"inLanguage\":\"ro-RO\",\"potentialAction\":[{\"@type\":\"ReadAction\",\"target\":[\"https:\\\/\\\/www.btv.md\\\/ro\\\/20-de-ani-de-la-adoptarea-constitutiei-republicii-moldova\\\/\"]}]},{\"@type\":\"ImageObject\",\"inLanguage\":\"ro-RO\",\"@id\":\"https:\\\/\\\/www.btv.md\\\/ro\\\/20-de-ani-de-la-adoptarea-constitutiei-republicii-moldova\\\/#primaryimage\",\"url\":\"https:\\\/\\\/www.btv.md\\\/wp-content\\\/uploads\\\/2016\\\/07\\\/6be326fde23a01ecf8bf9f63d27e1e33.jpg\",\"contentUrl\":\"https:\\\/\\\/www.btv.md\\\/wp-content\\\/uploads\\\/2016\\\/07\\\/6be326fde23a01ecf8bf9f63d27e1e33.jpg\",\"width\":900,\"height\":600},{\"@type\":\"WebSite\",\"@id\":\"https:\\\/\\\/www.btv.md\\\/#website\",\"url\":\"https:\\\/\\\/www.btv.md\\\/\",\"name\":\"BTV\",\"description\":\"\u0411\u0435\u043b\u044c\u0446\u043a\u043e\u0435 \u0442\u0435\u043b\u0435\u0432\u0438\u0434\u0435\u043d\u0438\u0435\",\"potentialAction\":[{\"@type\":\"SearchAction\",\"target\":{\"@type\":\"EntryPoint\",\"urlTemplate\":\"https:\\\/\\\/www.btv.md\\\/?s={search_term_string}\"},\"query-input\":{\"@type\":\"PropertyValueSpecification\",\"valueRequired\":true,\"valueName\":\"search_term_string\"}}],\"inLanguage\":\"ro-RO\"},{\"@type\":\"Person\",\"@id\":\"https:\\\/\\\/www.btv.md\\\/#\\\/schema\\\/person\\\/8fadce81561b3ce2c34c46dadc4ccbf2\",\"name\":\"admin\"}]}<\/script>\n<!-- \/ Yoast SEO plugin. -->","yoast_head_json":{"title":"20 DE ANI DE LA ADOPTAREA CONSTITU\u021aIEI REPUBLICII MOLDOVA - BTV","robots":{"index":"index","follow":"follow","max-snippet":"max-snippet:-1","max-image-preview":"max-image-preview:large","max-video-preview":"max-video-preview:-1"},"canonical":"https:\/\/www.btv.md\/ro\/20-de-ani-de-la-adoptarea-constitutiei-republicii-moldova\/","og_locale":"ro_RO","og_type":"article","og_title":"20 DE ANI DE LA ADOPTAREA CONSTITU\u021aIEI REPUBLICII MOLDOVA - BTV","og_description":"Republica Moldova s\u0103rb\u0103tore\u0219te \u201eZiua Constitu\u021biei\u201d. La data de 29 iulie se \u00eemplinesc 20 de ani de la adoptarea de c\u0103tre Parlament a Constitu\u021biei Republicii Moldova, scrie Unimedia. Legea suprem\u0103 a fost votat\u0103 la 29 iulie 1994 de majoritatea deputa\u021bilor din Parlament, fiind publicat\u0103 \u00een Monitorul Oficial al Republicii Moldova din 12 august 1994 \u015fi a [&hellip;]","og_url":"https:\/\/www.btv.md\/ro\/20-de-ani-de-la-adoptarea-constitutiei-republicii-moldova\/","og_site_name":"BTV","article_publisher":"https:\/\/www.facebook.com\/btvmoldova\/","article_published_time":"2016-07-29T12:42:33+00:00","article_modified_time":"2016-07-29T12:46:01+00:00","og_image":[{"width":900,"height":600,"url":"https:\/\/www.btv.md\/wp-content\/uploads\/2016\/07\/6be326fde23a01ecf8bf9f63d27e1e33.jpg","type":"image\/jpeg"}],"author":"admin","twitter_misc":{"Scris de":"admin","Timp estimat pentru citire":"2 minute"},"schema":{"@context":"https:\/\/schema.org","@graph":[{"@type":"Article","@id":"https:\/\/www.btv.md\/ro\/20-de-ani-de-la-adoptarea-constitutiei-republicii-moldova\/#article","isPartOf":{"@id":"https:\/\/www.btv.md\/ro\/20-de-ani-de-la-adoptarea-constitutiei-republicii-moldova\/"},"author":{"name":"admin","@id":"https:\/\/www.btv.md\/#\/schema\/person\/8fadce81561b3ce2c34c46dadc4ccbf2"},"headline":"20 DE ANI DE LA ADOPTAREA CONSTITU\u021aIEI REPUBLICII MOLDOVA","datePublished":"2016-07-29T12:42:33+00:00","dateModified":"2016-07-29T12:46:01+00:00","mainEntityOfPage":{"@id":"https:\/\/www.btv.md\/ro\/20-de-ani-de-la-adoptarea-constitutiei-republicii-moldova\/"},"wordCount":402,"image":{"@id":"https:\/\/www.btv.md\/ro\/20-de-ani-de-la-adoptarea-constitutiei-republicii-moldova\/#primaryimage"},"thumbnailUrl":"https:\/\/www.btv.md\/wp-content\/uploads\/2016\/07\/6be326fde23a01ecf8bf9f63d27e1e33.jpg","articleSection":["Social"],"inLanguage":"ro-RO"},{"@type":"WebPage","@id":"https:\/\/www.btv.md\/ro\/20-de-ani-de-la-adoptarea-constitutiei-republicii-moldova\/","url":"https:\/\/www.btv.md\/ro\/20-de-ani-de-la-adoptarea-constitutiei-republicii-moldova\/","name":"20 DE ANI DE LA ADOPTAREA CONSTITU\u021aIEI REPUBLICII MOLDOVA - BTV","isPartOf":{"@id":"https:\/\/www.btv.md\/#website"},"primaryImageOfPage":{"@id":"https:\/\/www.btv.md\/ro\/20-de-ani-de-la-adoptarea-constitutiei-republicii-moldova\/#primaryimage"},"image":{"@id":"https:\/\/www.btv.md\/ro\/20-de-ani-de-la-adoptarea-constitutiei-republicii-moldova\/#primaryimage"},"thumbnailUrl":"https:\/\/www.btv.md\/wp-content\/uploads\/2016\/07\/6be326fde23a01ecf8bf9f63d27e1e33.jpg","datePublished":"2016-07-29T12:42:33+00:00","dateModified":"2016-07-29T12:46:01+00:00","author":{"@id":"https:\/\/www.btv.md\/#\/schema\/person\/8fadce81561b3ce2c34c46dadc4ccbf2"},"inLanguage":"ro-RO","potentialAction":[{"@type":"ReadAction","target":["https:\/\/www.btv.md\/ro\/20-de-ani-de-la-adoptarea-constitutiei-republicii-moldova\/"]}]},{"@type":"ImageObject","inLanguage":"ro-RO","@id":"https:\/\/www.btv.md\/ro\/20-de-ani-de-la-adoptarea-constitutiei-republicii-moldova\/#primaryimage","url":"https:\/\/www.btv.md\/wp-content\/uploads\/2016\/07\/6be326fde23a01ecf8bf9f63d27e1e33.jpg","contentUrl":"https:\/\/www.btv.md\/wp-content\/uploads\/2016\/07\/6be326fde23a01ecf8bf9f63d27e1e33.jpg","width":900,"height":600},{"@type":"WebSite","@id":"https:\/\/www.btv.md\/#website","url":"https:\/\/www.btv.md\/","name":"BTV","description":"\u0411\u0435\u043b\u044c\u0446\u043a\u043e\u0435 \u0442\u0435\u043b\u0435\u0432\u0438\u0434\u0435\u043d\u0438\u0435","potentialAction":[{"@type":"SearchAction","target":{"@type":"EntryPoint","urlTemplate":"https:\/\/www.btv.md\/?s={search_term_string}"},"query-input":{"@type":"PropertyValueSpecification","valueRequired":true,"valueName":"search_term_string"}}],"inLanguage":"ro-RO"},{"@type":"Person","@id":"https:\/\/www.btv.md\/#\/schema\/person\/8fadce81561b3ce2c34c46dadc4ccbf2","name":"admin"}]}},"_links":{"self":[{"href":"https:\/\/www.btv.md\/ro\/wp-json\/wp\/v2\/posts\/16115","targetHints":{"allow":["GET"]}}],"collection":[{"href":"https:\/\/www.btv.md\/ro\/wp-json\/wp\/v2\/posts"}],"about":[{"href":"https:\/\/www.btv.md\/ro\/wp-json\/wp\/v2\/types\/post"}],"author":[{"embeddable":true,"href":"https:\/\/www.btv.md\/ro\/wp-json\/wp\/v2\/users\/4"}],"replies":[{"embeddable":true,"href":"https:\/\/www.btv.md\/ro\/wp-json\/wp\/v2\/comments?post=16115"}],"version-history":[{"count":0,"href":"https:\/\/www.btv.md\/ro\/wp-json\/wp\/v2\/posts\/16115\/revisions"}],"wp:featuredmedia":[{"embeddable":true,"href":"https:\/\/www.btv.md\/ro\/wp-json\/wp\/v2\/media\/16116"}],"wp:attachment":[{"href":"https:\/\/www.btv.md\/ro\/wp-json\/wp\/v2\/media?parent=16115"}],"wp:term":[{"taxonomy":"category","embeddable":true,"href":"https:\/\/www.btv.md\/ro\/wp-json\/wp\/v2\/categories?post=16115"},{"taxonomy":"post_tag","embeddable":true,"href":"https:\/\/www.btv.md\/ro\/wp-json\/wp\/v2\/tags?post=16115"}],"curies":[{"name":"wp","href":"https:\/\/api.w.org\/{rel}","templated":true}]}}