{"id":16150,"date":"2016-08-01T16:50:07","date_gmt":"2016-08-01T13:50:07","guid":{"rendered":"http:\/\/btv.md\/?p=16150"},"modified":"2016-08-01T16:50:23","modified_gmt":"2016-08-01T13:50:23","slug":"zeci-de-balteni-au-ramas-fara-apa-la-robinet","status":"publish","type":"post","link":"https:\/\/www.btv.md\/ro\/zeci-de-balteni-au-ramas-fara-apa-la-robinet\/","title":{"rendered":"ZECI  DE  B\u0102L\u021aENI  AU  R\u0102MAS  F\u0102R\u0102  AP\u0102  LA  ROBINET"},"content":{"rendered":"<p>Mai mul\u021bi locuitori de pe strada Independen\u021bei din ora\u0219ul B\u0103l\u021bi au r\u0103mas de diminea\u021b\u0103 f\u0103r\u0103 ap\u0103 la robinet. Asta dup\u0103 ce o conduct\u0103 a furnizorului de ap\u0103 \u00a0s-a spart \u0219i a inundat acostamentul str\u0103zii. Locuitorii din apropiere spun c\u0103 avaria s-a produs duminic\u0103, \u00een jurul orei 17-00 iar angaja\u021bii\u00a0 Regiei \u201e Ap\u0103- Canal B\u0103l\u021bi\u201d au intervenit abia a doua zi aproape de ora miesei. Mai mult ca at\u00e2t ace\u0219tia au ad\u0103ugat c\u0103 pentru a face fa\u021b\u0103 acestei situa\u021bii sunt nevoi\u021bi s\u0103 care apa cu g\u0103leata de la o f\u00e2nt\u00e2n\u0103 care se afl\u0103 la o distan\u021b\u0103 de 500 de metri de blocurile de locuit .<\/p>\n<p><iframe width=\"1170\" height=\"878\" data-src=\"https:\/\/www.youtube.com\/embed\/XCdvA2aXPDk?wmode=transparent&amp;rel=0&amp;feature=oembed\" frameborder=\"0\" allow=\"accelerometer; autoplay; encrypted-media; gyroscope; picture-in-picture\" allowfullscreen src=\"data:image\/svg+xml;base64,PHN2ZyB3aWR0aD0iMSIgaGVpZ2h0PSIxIiB4bWxucz0iaHR0cDovL3d3dy53My5vcmcvMjAwMC9zdmciPjwvc3ZnPg==\" class=\"lazyload\" data-load-mode=\"1\"><\/iframe><\/p>\n<p>Angaja\u021bii Regiei \u201e Ap\u0103 -Canal\u201d spun c\u0103 \u021beava este veche. Totodat\u0103 ace\u0219tia au precizat c\u0103 \u00een scurt timp defec\u021biunea urmeaz\u0103 s\u0103 fie \u00eenl\u0103turat\u0103.<\/p>\n<p>Reprezentan\u021bii furnizorului de ap\u0103 nu au putut estima, deocamdat\u0103, cantitatea de ap\u0103 scurs\u0103.<\/p>\n","protected":false},"excerpt":{"rendered":"<p>Mai mul\u021bi locuitori de pe strada Independen\u021bei din ora\u0219ul B\u0103l\u021bi au r\u0103mas de diminea\u021b\u0103 f\u0103r\u0103 ap\u0103 la robinet. Asta dup\u0103 ce o conduct\u0103 a furnizorului de ap\u0103 \u00a0s-a spart \u0219i a inundat acostamentul str\u0103zii. Locuitorii din apropiere spun c\u0103 avaria s-a produs duminic\u0103, \u00een jurul orei 17-00 iar angaja\u021bii\u00a0 Regiei \u201e Ap\u0103- Canal B\u0103l\u021bi\u201d au [&hellip;]<\/p>\n","protected":false},"author":4,"featured_media":16151,"comment_status":"closed","ping_status":"closed","sticky":false,"template":"","format":"standard","meta":{"footnotes":""},"categories":[6349],"tags":[],"class_list":["post-16150","post","type-post","status-publish","format-standard","has-post-thumbnail","hentry","category-social"],"yoast_head":"<!-- This site is optimized with the Yoast SEO plugin v27.4 - https:\/\/yoast.com\/product\/yoast-seo-wordpress\/ -->\n<title>ZECI DE B\u0102L\u021aENI AU R\u0102MAS F\u0102R\u0102 AP\u0102 LA ROBINET  - BTV<\/title>\n<meta name=\"robots\" content=\"index, follow, max-snippet:-1, max-image-preview:large, max-video-preview:-1\" \/>\n<link rel=\"canonical\" href=\"https:\/\/www.btv.md\/ro\/zeci-de-balteni-au-ramas-fara-apa-la-robinet\/\" \/>\n<meta property=\"og:locale\" content=\"ro_RO\" \/>\n<meta property=\"og:type\" content=\"article\" \/>\n<meta property=\"og:title\" content=\"ZECI DE B\u0102L\u021aENI AU R\u0102MAS F\u0102R\u0102 AP\u0102 LA ROBINET  - BTV\" \/>\n<meta property=\"og:description\" content=\"Mai mul\u021bi locuitori de pe strada Independen\u021bei din ora\u0219ul B\u0103l\u021bi au r\u0103mas de diminea\u021b\u0103 f\u0103r\u0103 ap\u0103 la robinet. Asta dup\u0103 ce o conduct\u0103 a furnizorului de ap\u0103 \u00a0s-a spart \u0219i a inundat acostamentul str\u0103zii. Locuitorii din apropiere spun c\u0103 avaria s-a produs duminic\u0103, \u00een jurul orei 17-00 iar angaja\u021bii\u00a0 Regiei \u201e Ap\u0103- Canal B\u0103l\u021bi\u201d au [&hellip;]\" \/>\n<meta property=\"og:url\" content=\"https:\/\/www.btv.md\/ro\/zeci-de-balteni-au-ramas-fara-apa-la-robinet\/\" \/>\n<meta property=\"og:site_name\" content=\"BTV\" \/>\n<meta property=\"article:publisher\" content=\"https:\/\/www.facebook.com\/btvmoldova\/\" \/>\n<meta property=\"article:published_time\" content=\"2016-08-01T13:50:07+00:00\" \/>\n<meta property=\"article:modified_time\" content=\"2016-08-01T13:50:23+00:00\" \/>\n<meta property=\"og:image\" content=\"https:\/\/www.btv.md\/wp-content\/uploads\/2016\/08\/vew.jpg\" \/>\n\t<meta property=\"og:image:width\" content=\"600\" \/>\n\t<meta property=\"og:image:height\" content=\"400\" \/>\n\t<meta property=\"og:image:type\" content=\"image\/jpeg\" \/>\n<meta name=\"author\" content=\"admin\" \/>\n<meta name=\"twitter:label1\" content=\"Scris de\" \/>\n\t<meta name=\"twitter:data1\" content=\"admin\" \/>\n\t<meta name=\"twitter:label2\" content=\"Timp estimat pentru citire\" \/>\n\t<meta name=\"twitter:data2\" content=\"1 minut\" \/>\n<script type=\"application\/ld+json\" class=\"yoast-schema-graph\">{\"@context\":\"https:\\\/\\\/schema.org\",\"@graph\":[{\"@type\":\"Article\",\"@id\":\"https:\\\/\\\/www.btv.md\\\/ro\\\/zeci-de-balteni-au-ramas-fara-apa-la-robinet\\\/#article\",\"isPartOf\":{\"@id\":\"https:\\\/\\\/www.btv.md\\\/ro\\\/zeci-de-balteni-au-ramas-fara-apa-la-robinet\\\/\"},\"author\":{\"name\":\"admin\",\"@id\":\"https:\\\/\\\/www.btv.md\\\/#\\\/schema\\\/person\\\/8fadce81561b3ce2c34c46dadc4ccbf2\"},\"headline\":\"ZECI DE B\u0102L\u021aENI AU R\u0102MAS F\u0102R\u0102 AP\u0102 LA ROBINET\",\"datePublished\":\"2016-08-01T13:50:07+00:00\",\"dateModified\":\"2016-08-01T13:50:23+00:00\",\"mainEntityOfPage\":{\"@id\":\"https:\\\/\\\/www.btv.md\\\/ro\\\/zeci-de-balteni-au-ramas-fara-apa-la-robinet\\\/\"},\"wordCount\":179,\"image\":{\"@id\":\"https:\\\/\\\/www.btv.md\\\/ro\\\/zeci-de-balteni-au-ramas-fara-apa-la-robinet\\\/#primaryimage\"},\"thumbnailUrl\":\"https:\\\/\\\/www.btv.md\\\/wp-content\\\/uploads\\\/2016\\\/08\\\/vew.jpg\",\"articleSection\":[\"Social\"],\"inLanguage\":\"ro-RO\"},{\"@type\":\"WebPage\",\"@id\":\"https:\\\/\\\/www.btv.md\\\/ro\\\/zeci-de-balteni-au-ramas-fara-apa-la-robinet\\\/\",\"url\":\"https:\\\/\\\/www.btv.md\\\/ro\\\/zeci-de-balteni-au-ramas-fara-apa-la-robinet\\\/\",\"name\":\"ZECI DE B\u0102L\u021aENI AU R\u0102MAS F\u0102R\u0102 AP\u0102 LA ROBINET - BTV\",\"isPartOf\":{\"@id\":\"https:\\\/\\\/www.btv.md\\\/#website\"},\"primaryImageOfPage\":{\"@id\":\"https:\\\/\\\/www.btv.md\\\/ro\\\/zeci-de-balteni-au-ramas-fara-apa-la-robinet\\\/#primaryimage\"},\"image\":{\"@id\":\"https:\\\/\\\/www.btv.md\\\/ro\\\/zeci-de-balteni-au-ramas-fara-apa-la-robinet\\\/#primaryimage\"},\"thumbnailUrl\":\"https:\\\/\\\/www.btv.md\\\/wp-content\\\/uploads\\\/2016\\\/08\\\/vew.jpg\",\"datePublished\":\"2016-08-01T13:50:07+00:00\",\"dateModified\":\"2016-08-01T13:50:23+00:00\",\"author\":{\"@id\":\"https:\\\/\\\/www.btv.md\\\/#\\\/schema\\\/person\\\/8fadce81561b3ce2c34c46dadc4ccbf2\"},\"inLanguage\":\"ro-RO\",\"potentialAction\":[{\"@type\":\"ReadAction\",\"target\":[\"https:\\\/\\\/www.btv.md\\\/ro\\\/zeci-de-balteni-au-ramas-fara-apa-la-robinet\\\/\"]}]},{\"@type\":\"ImageObject\",\"inLanguage\":\"ro-RO\",\"@id\":\"https:\\\/\\\/www.btv.md\\\/ro\\\/zeci-de-balteni-au-ramas-fara-apa-la-robinet\\\/#primaryimage\",\"url\":\"https:\\\/\\\/www.btv.md\\\/wp-content\\\/uploads\\\/2016\\\/08\\\/vew.jpg\",\"contentUrl\":\"https:\\\/\\\/www.btv.md\\\/wp-content\\\/uploads\\\/2016\\\/08\\\/vew.jpg\",\"width\":600,\"height\":400},{\"@type\":\"WebSite\",\"@id\":\"https:\\\/\\\/www.btv.md\\\/#website\",\"url\":\"https:\\\/\\\/www.btv.md\\\/\",\"name\":\"BTV\",\"description\":\"\u0411\u0435\u043b\u044c\u0446\u043a\u043e\u0435 \u0442\u0435\u043b\u0435\u0432\u0438\u0434\u0435\u043d\u0438\u0435\",\"potentialAction\":[{\"@type\":\"SearchAction\",\"target\":{\"@type\":\"EntryPoint\",\"urlTemplate\":\"https:\\\/\\\/www.btv.md\\\/?s={search_term_string}\"},\"query-input\":{\"@type\":\"PropertyValueSpecification\",\"valueRequired\":true,\"valueName\":\"search_term_string\"}}],\"inLanguage\":\"ro-RO\"},{\"@type\":\"Person\",\"@id\":\"https:\\\/\\\/www.btv.md\\\/#\\\/schema\\\/person\\\/8fadce81561b3ce2c34c46dadc4ccbf2\",\"name\":\"admin\"}]}<\/script>\n<!-- \/ Yoast SEO plugin. -->","yoast_head_json":{"title":"ZECI DE B\u0102L\u021aENI AU R\u0102MAS F\u0102R\u0102 AP\u0102 LA ROBINET  - BTV","robots":{"index":"index","follow":"follow","max-snippet":"max-snippet:-1","max-image-preview":"max-image-preview:large","max-video-preview":"max-video-preview:-1"},"canonical":"https:\/\/www.btv.md\/ro\/zeci-de-balteni-au-ramas-fara-apa-la-robinet\/","og_locale":"ro_RO","og_type":"article","og_title":"ZECI DE B\u0102L\u021aENI AU R\u0102MAS F\u0102R\u0102 AP\u0102 LA ROBINET  - BTV","og_description":"Mai mul\u021bi locuitori de pe strada Independen\u021bei din ora\u0219ul B\u0103l\u021bi au r\u0103mas de diminea\u021b\u0103 f\u0103r\u0103 ap\u0103 la robinet. Asta dup\u0103 ce o conduct\u0103 a furnizorului de ap\u0103 \u00a0s-a spart \u0219i a inundat acostamentul str\u0103zii. Locuitorii din apropiere spun c\u0103 avaria s-a produs duminic\u0103, \u00een jurul orei 17-00 iar angaja\u021bii\u00a0 Regiei \u201e Ap\u0103- Canal B\u0103l\u021bi\u201d au [&hellip;]","og_url":"https:\/\/www.btv.md\/ro\/zeci-de-balteni-au-ramas-fara-apa-la-robinet\/","og_site_name":"BTV","article_publisher":"https:\/\/www.facebook.com\/btvmoldova\/","article_published_time":"2016-08-01T13:50:07+00:00","article_modified_time":"2016-08-01T13:50:23+00:00","og_image":[{"width":600,"height":400,"url":"https:\/\/www.btv.md\/wp-content\/uploads\/2016\/08\/vew.jpg","type":"image\/jpeg"}],"author":"admin","twitter_misc":{"Scris de":"admin","Timp estimat pentru citire":"1 minut"},"schema":{"@context":"https:\/\/schema.org","@graph":[{"@type":"Article","@id":"https:\/\/www.btv.md\/ro\/zeci-de-balteni-au-ramas-fara-apa-la-robinet\/#article","isPartOf":{"@id":"https:\/\/www.btv.md\/ro\/zeci-de-balteni-au-ramas-fara-apa-la-robinet\/"},"author":{"name":"admin","@id":"https:\/\/www.btv.md\/#\/schema\/person\/8fadce81561b3ce2c34c46dadc4ccbf2"},"headline":"ZECI DE B\u0102L\u021aENI AU R\u0102MAS F\u0102R\u0102 AP\u0102 LA ROBINET","datePublished":"2016-08-01T13:50:07+00:00","dateModified":"2016-08-01T13:50:23+00:00","mainEntityOfPage":{"@id":"https:\/\/www.btv.md\/ro\/zeci-de-balteni-au-ramas-fara-apa-la-robinet\/"},"wordCount":179,"image":{"@id":"https:\/\/www.btv.md\/ro\/zeci-de-balteni-au-ramas-fara-apa-la-robinet\/#primaryimage"},"thumbnailUrl":"https:\/\/www.btv.md\/wp-content\/uploads\/2016\/08\/vew.jpg","articleSection":["Social"],"inLanguage":"ro-RO"},{"@type":"WebPage","@id":"https:\/\/www.btv.md\/ro\/zeci-de-balteni-au-ramas-fara-apa-la-robinet\/","url":"https:\/\/www.btv.md\/ro\/zeci-de-balteni-au-ramas-fara-apa-la-robinet\/","name":"ZECI DE B\u0102L\u021aENI AU R\u0102MAS F\u0102R\u0102 AP\u0102 LA ROBINET - BTV","isPartOf":{"@id":"https:\/\/www.btv.md\/#website"},"primaryImageOfPage":{"@id":"https:\/\/www.btv.md\/ro\/zeci-de-balteni-au-ramas-fara-apa-la-robinet\/#primaryimage"},"image":{"@id":"https:\/\/www.btv.md\/ro\/zeci-de-balteni-au-ramas-fara-apa-la-robinet\/#primaryimage"},"thumbnailUrl":"https:\/\/www.btv.md\/wp-content\/uploads\/2016\/08\/vew.jpg","datePublished":"2016-08-01T13:50:07+00:00","dateModified":"2016-08-01T13:50:23+00:00","author":{"@id":"https:\/\/www.btv.md\/#\/schema\/person\/8fadce81561b3ce2c34c46dadc4ccbf2"},"inLanguage":"ro-RO","potentialAction":[{"@type":"ReadAction","target":["https:\/\/www.btv.md\/ro\/zeci-de-balteni-au-ramas-fara-apa-la-robinet\/"]}]},{"@type":"ImageObject","inLanguage":"ro-RO","@id":"https:\/\/www.btv.md\/ro\/zeci-de-balteni-au-ramas-fara-apa-la-robinet\/#primaryimage","url":"https:\/\/www.btv.md\/wp-content\/uploads\/2016\/08\/vew.jpg","contentUrl":"https:\/\/www.btv.md\/wp-content\/uploads\/2016\/08\/vew.jpg","width":600,"height":400},{"@type":"WebSite","@id":"https:\/\/www.btv.md\/#website","url":"https:\/\/www.btv.md\/","name":"BTV","description":"\u0411\u0435\u043b\u044c\u0446\u043a\u043e\u0435 \u0442\u0435\u043b\u0435\u0432\u0438\u0434\u0435\u043d\u0438\u0435","potentialAction":[{"@type":"SearchAction","target":{"@type":"EntryPoint","urlTemplate":"https:\/\/www.btv.md\/?s={search_term_string}"},"query-input":{"@type":"PropertyValueSpecification","valueRequired":true,"valueName":"search_term_string"}}],"inLanguage":"ro-RO"},{"@type":"Person","@id":"https:\/\/www.btv.md\/#\/schema\/person\/8fadce81561b3ce2c34c46dadc4ccbf2","name":"admin"}]}},"_links":{"self":[{"href":"https:\/\/www.btv.md\/ro\/wp-json\/wp\/v2\/posts\/16150","targetHints":{"allow":["GET"]}}],"collection":[{"href":"https:\/\/www.btv.md\/ro\/wp-json\/wp\/v2\/posts"}],"about":[{"href":"https:\/\/www.btv.md\/ro\/wp-json\/wp\/v2\/types\/post"}],"author":[{"embeddable":true,"href":"https:\/\/www.btv.md\/ro\/wp-json\/wp\/v2\/users\/4"}],"replies":[{"embeddable":true,"href":"https:\/\/www.btv.md\/ro\/wp-json\/wp\/v2\/comments?post=16150"}],"version-history":[{"count":0,"href":"https:\/\/www.btv.md\/ro\/wp-json\/wp\/v2\/posts\/16150\/revisions"}],"wp:featuredmedia":[{"embeddable":true,"href":"https:\/\/www.btv.md\/ro\/wp-json\/wp\/v2\/media\/16151"}],"wp:attachment":[{"href":"https:\/\/www.btv.md\/ro\/wp-json\/wp\/v2\/media?parent=16150"}],"wp:term":[{"taxonomy":"category","embeddable":true,"href":"https:\/\/www.btv.md\/ro\/wp-json\/wp\/v2\/categories?post=16150"},{"taxonomy":"post_tag","embeddable":true,"href":"https:\/\/www.btv.md\/ro\/wp-json\/wp\/v2\/tags?post=16150"}],"curies":[{"name":"wp","href":"https:\/\/api.w.org\/{rel}","templated":true}]}}