{"id":161746,"date":"2021-12-17T11:48:51","date_gmt":"2021-12-17T09:48:51","guid":{"rendered":"https:\/\/www.btv.md\/?p=161746"},"modified":"2021-12-17T11:48:51","modified_gmt":"2021-12-17T09:48:51","slug":"functionar-anta-prins-in-flagrant-cu-mita-ce-risca-acesta","status":"publish","type":"post","link":"https:\/\/www.btv.md\/ro\/functionar-anta-prins-in-flagrant-cu-mita-ce-risca-acesta\/","title":{"rendered":"Func\u021bionar ANTA, prins \u00een flagrant cu mit\u0103. Ce risc\u0103 acesta"},"content":{"rendered":"<p class=\"preamble\"><strong>Un func\u021bionar de la Agen\u021bia Na\u021bional\u0103 Transport Auto a ajuns \u00een izolatorul CNA, dup\u0103 ce ofi\u021berii \u0219i procurorii anticorup\u021bie l-au re\u021binut \u00een flagrant delict cu mit\u0103. B\u0103rbatul este cercetat penal \u00eentr-un dosar pornit pe ac\u021biuni de corupere pasiv\u0103, transmite <a href=\"https:\/\/agora.md\/stiri\/96652\/functionar-anta-prins-in-flagrant-cu-mita-ce-risca-acesta?fbclid=IwAR1bmP16ZRuMVSNIXwXPeky8y4TPSsKY7yFT1S7q4xw8a2ZZFymebKQ2zpI\">Agora.md<\/a>.\u00a0<\/strong><\/p>\n<p>Cazul dat a fost denun\u021bat la CNA, iar cei circa 10.500 de lei au fost transmi\u0219i sub controlul ofi\u021berilor anticorup\u021bie. Re\u021binerea \u00een flagrant delict a avut loc la parcarea unui magazin din capital\u0103. Mai mult dec\u00e2t at\u00e2t \u00een urma perchezi\u021biilor, banii au fost depista\u021bi pe bancheta din spate a ma\u0219inii suspectului.<\/p>\n<p>Men\u021bion\u0103m faptul c\u0103 dac\u0103 va fi g\u0103sit vinovat, func\u021bionarul risc\u0103 p\u00e2n\u0103 la circa \u0219apte ani de deten\u021bie, pedeaps\u0103 penal\u0103 \u0219i privarea de dreptul de a ocupa func\u0163ii publice sau de a exercita o anumit\u0103 activitate pe un termen de la cinci la zece ani.<\/p>\n","protected":false},"excerpt":{"rendered":"<p>Un func\u021bionar de la Agen\u021bia Na\u021bional\u0103 Transport Auto a ajuns \u00een izolatorul CNA, dup\u0103 ce ofi\u021berii \u0219i procurorii anticorup\u021bie l-au re\u021binut \u00een flagrant delict cu mit\u0103. B\u0103rbatul este cercetat penal \u00eentr-un dosar pornit pe ac\u021biuni de corupere pasiv\u0103, transmite Agora.md.\u00a0 Cazul dat a fost denun\u021bat la CNA, iar cei circa 10.500 de lei au fost [&hellip;]<\/p>\n","protected":false},"author":4,"featured_media":161629,"comment_status":"open","ping_status":"closed","sticky":false,"template":"","format":"standard","meta":{"footnotes":""},"categories":[6351,6349,6377],"tags":[33585,7894,36542,36541,36540,35853,23005],"class_list":["post-161746","post","type-post","status-publish","format-standard","has-post-thumbnail","hentry","category-incidente","category-social","category-stiri","tag-acesta","tag-anta","tag-ce-risca","tag-cu-mita","tag-functionar","tag-in-flagrant","tag-prins"],"yoast_head":"<!-- This site is optimized with the Yoast SEO plugin v27.4 - https:\/\/yoast.com\/product\/yoast-seo-wordpress\/ -->\n<title>Func\u021bionar ANTA, prins \u00een flagrant cu mit\u0103. Ce risc\u0103 acesta - BTV<\/title>\n<meta name=\"robots\" content=\"index, follow, max-snippet:-1, max-image-preview:large, max-video-preview:-1\" \/>\n<link rel=\"canonical\" href=\"https:\/\/www.btv.md\/ro\/functionar-anta-prins-in-flagrant-cu-mita-ce-risca-acesta\/\" \/>\n<meta property=\"og:locale\" content=\"ro_RO\" \/>\n<meta property=\"og:type\" content=\"article\" \/>\n<meta property=\"og:title\" content=\"Func\u021bionar ANTA, prins \u00een flagrant cu mit\u0103. Ce risc\u0103 acesta - BTV\" \/>\n<meta property=\"og:description\" content=\"Un func\u021bionar de la Agen\u021bia Na\u021bional\u0103 Transport Auto a ajuns \u00een izolatorul CNA, dup\u0103 ce ofi\u021berii \u0219i procurorii anticorup\u021bie l-au re\u021binut \u00een flagrant delict cu mit\u0103. B\u0103rbatul este cercetat penal \u00eentr-un dosar pornit pe ac\u021biuni de corupere pasiv\u0103, transmite Agora.md.\u00a0 Cazul dat a fost denun\u021bat la CNA, iar cei circa 10.500 de lei au fost [&hellip;]\" \/>\n<meta property=\"og:url\" content=\"https:\/\/www.btv.md\/ro\/functionar-anta-prins-in-flagrant-cu-mita-ce-risca-acesta\/\" \/>\n<meta property=\"og:site_name\" content=\"BTV\" \/>\n<meta property=\"article:publisher\" content=\"https:\/\/www.facebook.com\/btvmoldova\/\" \/>\n<meta property=\"article:published_time\" content=\"2021-12-17T09:48:51+00:00\" \/>\n<meta property=\"og:image\" content=\"https:\/\/www.btv.md\/wp-content\/uploads\/2021\/12\/vzyatka.jpg\" \/>\n\t<meta property=\"og:image:width\" content=\"1280\" \/>\n\t<meta property=\"og:image:height\" content=\"775\" \/>\n\t<meta property=\"og:image:type\" content=\"image\/jpeg\" \/>\n<meta name=\"author\" content=\"admin\" \/>\n<meta name=\"twitter:label1\" content=\"Scris de\" \/>\n\t<meta name=\"twitter:data1\" content=\"admin\" \/>\n\t<meta name=\"twitter:label2\" content=\"Timp estimat pentru citire\" \/>\n\t<meta name=\"twitter:data2\" content=\"1 minut\" \/>\n<script type=\"application\/ld+json\" class=\"yoast-schema-graph\">{\"@context\":\"https:\\\/\\\/schema.org\",\"@graph\":[{\"@type\":\"Article\",\"@id\":\"https:\\\/\\\/www.btv.md\\\/ro\\\/functionar-anta-prins-in-flagrant-cu-mita-ce-risca-acesta\\\/#article\",\"isPartOf\":{\"@id\":\"https:\\\/\\\/www.btv.md\\\/ro\\\/functionar-anta-prins-in-flagrant-cu-mita-ce-risca-acesta\\\/\"},\"author\":{\"name\":\"admin\",\"@id\":\"https:\\\/\\\/www.btv.md\\\/#\\\/schema\\\/person\\\/8fadce81561b3ce2c34c46dadc4ccbf2\"},\"headline\":\"Func\u021bionar ANTA, prins \u00een flagrant cu mit\u0103. Ce risc\u0103 acesta\",\"datePublished\":\"2021-12-17T09:48:51+00:00\",\"mainEntityOfPage\":{\"@id\":\"https:\\\/\\\/www.btv.md\\\/ro\\\/functionar-anta-prins-in-flagrant-cu-mita-ce-risca-acesta\\\/\"},\"wordCount\":171,\"commentCount\":0,\"image\":{\"@id\":\"https:\\\/\\\/www.btv.md\\\/ro\\\/functionar-anta-prins-in-flagrant-cu-mita-ce-risca-acesta\\\/#primaryimage\"},\"thumbnailUrl\":\"https:\\\/\\\/www.btv.md\\\/wp-content\\\/uploads\\\/2021\\\/12\\\/vzyatka.jpg\",\"keywords\":[\"Acesta\",\"ANTA\",\"Ce risc\u0103\",\"cu mit\u0103\",\"Func\u021bionar\",\"\u00een flagrant\",\"prins\"],\"articleSection\":[\"Incidente\",\"Social\",\"\u0218tiri\"],\"inLanguage\":\"ro-RO\",\"potentialAction\":[{\"@type\":\"CommentAction\",\"name\":\"Comment\",\"target\":[\"https:\\\/\\\/www.btv.md\\\/ro\\\/functionar-anta-prins-in-flagrant-cu-mita-ce-risca-acesta\\\/#respond\"]}]},{\"@type\":\"WebPage\",\"@id\":\"https:\\\/\\\/www.btv.md\\\/ro\\\/functionar-anta-prins-in-flagrant-cu-mita-ce-risca-acesta\\\/\",\"url\":\"https:\\\/\\\/www.btv.md\\\/ro\\\/functionar-anta-prins-in-flagrant-cu-mita-ce-risca-acesta\\\/\",\"name\":\"Func\u021bionar ANTA, prins \u00een flagrant cu mit\u0103. Ce risc\u0103 acesta - BTV\",\"isPartOf\":{\"@id\":\"https:\\\/\\\/www.btv.md\\\/#website\"},\"primaryImageOfPage\":{\"@id\":\"https:\\\/\\\/www.btv.md\\\/ro\\\/functionar-anta-prins-in-flagrant-cu-mita-ce-risca-acesta\\\/#primaryimage\"},\"image\":{\"@id\":\"https:\\\/\\\/www.btv.md\\\/ro\\\/functionar-anta-prins-in-flagrant-cu-mita-ce-risca-acesta\\\/#primaryimage\"},\"thumbnailUrl\":\"https:\\\/\\\/www.btv.md\\\/wp-content\\\/uploads\\\/2021\\\/12\\\/vzyatka.jpg\",\"datePublished\":\"2021-12-17T09:48:51+00:00\",\"author\":{\"@id\":\"https:\\\/\\\/www.btv.md\\\/#\\\/schema\\\/person\\\/8fadce81561b3ce2c34c46dadc4ccbf2\"},\"inLanguage\":\"ro-RO\",\"potentialAction\":[{\"@type\":\"ReadAction\",\"target\":[\"https:\\\/\\\/www.btv.md\\\/ro\\\/functionar-anta-prins-in-flagrant-cu-mita-ce-risca-acesta\\\/\"]}]},{\"@type\":\"ImageObject\",\"inLanguage\":\"ro-RO\",\"@id\":\"https:\\\/\\\/www.btv.md\\\/ro\\\/functionar-anta-prins-in-flagrant-cu-mita-ce-risca-acesta\\\/#primaryimage\",\"url\":\"https:\\\/\\\/www.btv.md\\\/wp-content\\\/uploads\\\/2021\\\/12\\\/vzyatka.jpg\",\"contentUrl\":\"https:\\\/\\\/www.btv.md\\\/wp-content\\\/uploads\\\/2021\\\/12\\\/vzyatka.jpg\",\"width\":1280,\"height\":775,\"caption\":\"Totodat\u0103, orice persoan\u0103 se prezum\u0103 a fi nevinovat\u0103 p\u00e2n\u0103 la pronun\u021barea unei decizii definitive \u0219i irevocabile de judecat\u0103. Foto: aif.md\"},{\"@type\":\"WebSite\",\"@id\":\"https:\\\/\\\/www.btv.md\\\/#website\",\"url\":\"https:\\\/\\\/www.btv.md\\\/\",\"name\":\"BTV\",\"description\":\"\u0411\u0435\u043b\u044c\u0446\u043a\u043e\u0435 \u0442\u0435\u043b\u0435\u0432\u0438\u0434\u0435\u043d\u0438\u0435\",\"potentialAction\":[{\"@type\":\"SearchAction\",\"target\":{\"@type\":\"EntryPoint\",\"urlTemplate\":\"https:\\\/\\\/www.btv.md\\\/?s={search_term_string}\"},\"query-input\":{\"@type\":\"PropertyValueSpecification\",\"valueRequired\":true,\"valueName\":\"search_term_string\"}}],\"inLanguage\":\"ro-RO\"},{\"@type\":\"Person\",\"@id\":\"https:\\\/\\\/www.btv.md\\\/#\\\/schema\\\/person\\\/8fadce81561b3ce2c34c46dadc4ccbf2\",\"name\":\"admin\"}]}<\/script>\n<!-- \/ Yoast SEO plugin. -->","yoast_head_json":{"title":"Func\u021bionar ANTA, prins \u00een flagrant cu mit\u0103. Ce risc\u0103 acesta - BTV","robots":{"index":"index","follow":"follow","max-snippet":"max-snippet:-1","max-image-preview":"max-image-preview:large","max-video-preview":"max-video-preview:-1"},"canonical":"https:\/\/www.btv.md\/ro\/functionar-anta-prins-in-flagrant-cu-mita-ce-risca-acesta\/","og_locale":"ro_RO","og_type":"article","og_title":"Func\u021bionar ANTA, prins \u00een flagrant cu mit\u0103. Ce risc\u0103 acesta - BTV","og_description":"Un func\u021bionar de la Agen\u021bia Na\u021bional\u0103 Transport Auto a ajuns \u00een izolatorul CNA, dup\u0103 ce ofi\u021berii \u0219i procurorii anticorup\u021bie l-au re\u021binut \u00een flagrant delict cu mit\u0103. B\u0103rbatul este cercetat penal \u00eentr-un dosar pornit pe ac\u021biuni de corupere pasiv\u0103, transmite Agora.md.\u00a0 Cazul dat a fost denun\u021bat la CNA, iar cei circa 10.500 de lei au fost [&hellip;]","og_url":"https:\/\/www.btv.md\/ro\/functionar-anta-prins-in-flagrant-cu-mita-ce-risca-acesta\/","og_site_name":"BTV","article_publisher":"https:\/\/www.facebook.com\/btvmoldova\/","article_published_time":"2021-12-17T09:48:51+00:00","og_image":[{"width":1280,"height":775,"url":"https:\/\/www.btv.md\/wp-content\/uploads\/2021\/12\/vzyatka.jpg","type":"image\/jpeg"}],"author":"admin","twitter_misc":{"Scris de":"admin","Timp estimat pentru citire":"1 minut"},"schema":{"@context":"https:\/\/schema.org","@graph":[{"@type":"Article","@id":"https:\/\/www.btv.md\/ro\/functionar-anta-prins-in-flagrant-cu-mita-ce-risca-acesta\/#article","isPartOf":{"@id":"https:\/\/www.btv.md\/ro\/functionar-anta-prins-in-flagrant-cu-mita-ce-risca-acesta\/"},"author":{"name":"admin","@id":"https:\/\/www.btv.md\/#\/schema\/person\/8fadce81561b3ce2c34c46dadc4ccbf2"},"headline":"Func\u021bionar ANTA, prins \u00een flagrant cu mit\u0103. Ce risc\u0103 acesta","datePublished":"2021-12-17T09:48:51+00:00","mainEntityOfPage":{"@id":"https:\/\/www.btv.md\/ro\/functionar-anta-prins-in-flagrant-cu-mita-ce-risca-acesta\/"},"wordCount":171,"commentCount":0,"image":{"@id":"https:\/\/www.btv.md\/ro\/functionar-anta-prins-in-flagrant-cu-mita-ce-risca-acesta\/#primaryimage"},"thumbnailUrl":"https:\/\/www.btv.md\/wp-content\/uploads\/2021\/12\/vzyatka.jpg","keywords":["Acesta","ANTA","Ce risc\u0103","cu mit\u0103","Func\u021bionar","\u00een flagrant","prins"],"articleSection":["Incidente","Social","\u0218tiri"],"inLanguage":"ro-RO","potentialAction":[{"@type":"CommentAction","name":"Comment","target":["https:\/\/www.btv.md\/ro\/functionar-anta-prins-in-flagrant-cu-mita-ce-risca-acesta\/#respond"]}]},{"@type":"WebPage","@id":"https:\/\/www.btv.md\/ro\/functionar-anta-prins-in-flagrant-cu-mita-ce-risca-acesta\/","url":"https:\/\/www.btv.md\/ro\/functionar-anta-prins-in-flagrant-cu-mita-ce-risca-acesta\/","name":"Func\u021bionar ANTA, prins \u00een flagrant cu mit\u0103. Ce risc\u0103 acesta - BTV","isPartOf":{"@id":"https:\/\/www.btv.md\/#website"},"primaryImageOfPage":{"@id":"https:\/\/www.btv.md\/ro\/functionar-anta-prins-in-flagrant-cu-mita-ce-risca-acesta\/#primaryimage"},"image":{"@id":"https:\/\/www.btv.md\/ro\/functionar-anta-prins-in-flagrant-cu-mita-ce-risca-acesta\/#primaryimage"},"thumbnailUrl":"https:\/\/www.btv.md\/wp-content\/uploads\/2021\/12\/vzyatka.jpg","datePublished":"2021-12-17T09:48:51+00:00","author":{"@id":"https:\/\/www.btv.md\/#\/schema\/person\/8fadce81561b3ce2c34c46dadc4ccbf2"},"inLanguage":"ro-RO","potentialAction":[{"@type":"ReadAction","target":["https:\/\/www.btv.md\/ro\/functionar-anta-prins-in-flagrant-cu-mita-ce-risca-acesta\/"]}]},{"@type":"ImageObject","inLanguage":"ro-RO","@id":"https:\/\/www.btv.md\/ro\/functionar-anta-prins-in-flagrant-cu-mita-ce-risca-acesta\/#primaryimage","url":"https:\/\/www.btv.md\/wp-content\/uploads\/2021\/12\/vzyatka.jpg","contentUrl":"https:\/\/www.btv.md\/wp-content\/uploads\/2021\/12\/vzyatka.jpg","width":1280,"height":775,"caption":"Totodat\u0103, orice persoan\u0103 se prezum\u0103 a fi nevinovat\u0103 p\u00e2n\u0103 la pronun\u021barea unei decizii definitive \u0219i irevocabile de judecat\u0103. Foto: aif.md"},{"@type":"WebSite","@id":"https:\/\/www.btv.md\/#website","url":"https:\/\/www.btv.md\/","name":"BTV","description":"\u0411\u0435\u043b\u044c\u0446\u043a\u043e\u0435 \u0442\u0435\u043b\u0435\u0432\u0438\u0434\u0435\u043d\u0438\u0435","potentialAction":[{"@type":"SearchAction","target":{"@type":"EntryPoint","urlTemplate":"https:\/\/www.btv.md\/?s={search_term_string}"},"query-input":{"@type":"PropertyValueSpecification","valueRequired":true,"valueName":"search_term_string"}}],"inLanguage":"ro-RO"},{"@type":"Person","@id":"https:\/\/www.btv.md\/#\/schema\/person\/8fadce81561b3ce2c34c46dadc4ccbf2","name":"admin"}]}},"_links":{"self":[{"href":"https:\/\/www.btv.md\/ro\/wp-json\/wp\/v2\/posts\/161746","targetHints":{"allow":["GET"]}}],"collection":[{"href":"https:\/\/www.btv.md\/ro\/wp-json\/wp\/v2\/posts"}],"about":[{"href":"https:\/\/www.btv.md\/ro\/wp-json\/wp\/v2\/types\/post"}],"author":[{"embeddable":true,"href":"https:\/\/www.btv.md\/ro\/wp-json\/wp\/v2\/users\/4"}],"replies":[{"embeddable":true,"href":"https:\/\/www.btv.md\/ro\/wp-json\/wp\/v2\/comments?post=161746"}],"version-history":[{"count":0,"href":"https:\/\/www.btv.md\/ro\/wp-json\/wp\/v2\/posts\/161746\/revisions"}],"wp:featuredmedia":[{"embeddable":true,"href":"https:\/\/www.btv.md\/ro\/wp-json\/wp\/v2\/media\/161629"}],"wp:attachment":[{"href":"https:\/\/www.btv.md\/ro\/wp-json\/wp\/v2\/media?parent=161746"}],"wp:term":[{"taxonomy":"category","embeddable":true,"href":"https:\/\/www.btv.md\/ro\/wp-json\/wp\/v2\/categories?post=161746"},{"taxonomy":"post_tag","embeddable":true,"href":"https:\/\/www.btv.md\/ro\/wp-json\/wp\/v2\/tags?post=161746"}],"curies":[{"name":"wp","href":"https:\/\/api.w.org\/{rel}","templated":true}]}}