{"id":161758,"date":"2021-12-17T12:29:20","date_gmt":"2021-12-17T10:29:20","guid":{"rendered":"https:\/\/www.btv.md\/?p=161758"},"modified":"2021-12-17T12:29:20","modified_gmt":"2021-12-17T10:29:20","slug":"vanatoarea-de-soferi-in-chisinau-igp-anunta-cate-vehicule-au-fost-evacuate-pe-parcursul-anului-curent","status":"publish","type":"post","link":"https:\/\/www.btv.md\/ro\/vanatoarea-de-soferi-in-chisinau-igp-anunta-cate-vehicule-au-fost-evacuate-pe-parcursul-anului-curent\/","title":{"rendered":"V\u00e2n\u0103toarea de \u015foferi \u00een Chi\u015fin\u0103u. IGP anun\u021b\u0103 c\u00e2te vehicule au fost evacuate pe parcursul anului curent"},"content":{"rendered":"<p><strong>Num\u0103rul amenzilor aplicate \u0219oferilor \u00een municipiul Chi\u0219in\u0103u, pentru blocarea, oprirea \u0219i sta\u021bionarea neregulamentar\u0103, a crescut de aproape trei ori \u00een ultimii patru ani. \u00cen contextul dat potrivit conducerii Inspectoratului General al Poli\u021biei, pe parcursul anului curent, din acest motiv au fost evacuate din ora\u0219 \u0219i transportate la parcarea special\u0103 de la Tru\u0219eni, peste circa 6 500 de vehicule, tranmsite <a href=\"https:\/\/realitatea.md\/video-vanatoarea-de-soferi-in-chisinau-igp-anunta-cate-vehicule-au-fost-evacuate-pe-parcursul-anului-curent\/\">realitatea.md.\u00a0<\/a><\/strong><\/p>\n<p>Aceste datele au fost prezentate joi, la data de 16 decembrie, de c\u0103tre \u0219eful adjunct al IGP, Alexandru Bejan.<\/p>\n<div class=\"margin-auto\">\n<div id=\"admixer-hb-216-637568592982450705\"><\/div>\n<\/div>\n<blockquote><p><em>\u201ePe parcursul anului curent, au fost documenta\u021bi circa 24 754 de conduc\u0103tori auto, pentru parcarea \u00een locurile interzise sau bloc\u0103ri de treceri. Acest num\u0103r de \u00eenc\u0103lc\u0103ri este mult mai mare dec\u00e2t perioadele anterioare, \u00eenregistr\u0103m cre\u0219teri practic de cinci ori a document\u0103rilor respective \u0219i aceea\u0219i situa\u021bie putem s\u0103 o remarc\u0103m \u0219i \u00een cazul automobilelor ridicate, evacuate \u00een acest caz. \u00cen acest an, \u00een jur de 6 534 de unit\u0103\u021bi de transport au fost ridicate, ceea ce este practic de 10 ori mai mult dec\u00e2t anul precedent. Din 10 cazuri de document\u0103ri de ridicarea a transportului, \u0219apte le realiz\u0103m \u00een urma apelurilor cet\u0103\u021benilor sau \u00een baza demersurilor administra\u021biei publice locale\u201d, <\/em>a declarat Alexandru Bejan<em>.<\/em><\/p><\/blockquote>\n<p>Mai mult dec\u00e2t at\u00e2t resposabilul a mai precizat c\u0103 at\u00e2t procesele verbale, c\u00e2t \u0219i procedura de ridicare a vehiculelor nu este f\u0103cut\u0103 de poli\u021bi\u0219ti doar pentru a-\u0219i argumenta orele petrecute la locul de munc\u0103, ci pentru c\u0103 este o atribu\u021bie elementar\u0103 a poli\u021biei.<\/p>\n<p>Potrivit sursei citate din toamna anului 2020, ma\u0219inile parcate la nimereal\u0103 \u00een Capital\u0103 au \u00eenceput s\u0103 fie evacuate la o parcare special amenajat\u0103 din afara ora\u0219ului.<\/p>\n<p>Men\u021bion\u0103m c\u0103, pentru a-\u0219i recupera mijloacele de transport, conduc\u0103torii trebuie s\u0103 achite anumite taxe, \u00een func\u021bie de durata afl\u0103rii acestora la parcarea special\u0103.<\/p>\n<p><iframe data-src=\"https:\/\/www.facebook.com\/plugins\/video.php?height=314&amp;href=https%3A%2F%2Fwww.facebook.com%2Frealitatea.md%2Fvideos%2F1027523337830020%2F&amp;show_text=false&amp;width=560&amp;t=0\" width=\"560\" height=\"314\" frameborder=\"0\" scrolling=\"no\" allowfullscreen=\"allowfullscreen\" data-mce-fragment=\"1\" src=\"data:image\/svg+xml;base64,PHN2ZyB3aWR0aD0iMSIgaGVpZ2h0PSIxIiB4bWxucz0iaHR0cDovL3d3dy53My5vcmcvMjAwMC9zdmciPjwvc3ZnPg==\" class=\"lazyload\" data-load-mode=\"1\"><\/iframe><\/p>\n","protected":false},"excerpt":{"rendered":"<p>Num\u0103rul amenzilor aplicate \u0219oferilor \u00een municipiul Chi\u0219in\u0103u, pentru blocarea, oprirea \u0219i sta\u021bionarea neregulamentar\u0103, a crescut de aproape trei ori \u00een ultimii patru ani. \u00cen contextul dat potrivit conducerii Inspectoratului General al Poli\u021biei, pe parcursul anului curent, din acest motiv au fost evacuate din ora\u0219 \u0219i transportate la parcarea special\u0103 de la Tru\u0219eni, peste circa 6 [&hellip;]<\/p>\n","protected":false},"author":4,"featured_media":161763,"comment_status":"open","ping_status":"closed","sticky":false,"template":"","format":"video","meta":{"footnotes":""},"categories":[6351,6377],"tags":[7755,8091,31075,10564,36551],"class_list":["post-161758","post","type-post","status-publish","format-video","has-post-thumbnail","hentry","category-incidente","category-stiri","tag-chisinau-ro","tag-evacuate","tag-igp-ro","tag-masini-ro","tag-vanatoare-de-soferi","post_format-post-format-video"],"yoast_head":"<!-- This site is optimized with the Yoast SEO plugin v27.4 - https:\/\/yoast.com\/product\/yoast-seo-wordpress\/ -->\n<title>V\u00e2n\u0103toarea de \u015foferi \u00een Chi\u015fin\u0103u. IGP anun\u021b\u0103 c\u00e2te vehicule au fost evacuate pe parcursul anului curent - BTV<\/title>\n<meta name=\"robots\" content=\"index, follow, max-snippet:-1, max-image-preview:large, max-video-preview:-1\" \/>\n<link rel=\"canonical\" href=\"https:\/\/www.btv.md\/ro\/vanatoarea-de-soferi-in-chisinau-igp-anunta-cate-vehicule-au-fost-evacuate-pe-parcursul-anului-curent\/\" \/>\n<meta property=\"og:locale\" content=\"ro_RO\" \/>\n<meta property=\"og:type\" content=\"article\" \/>\n<meta property=\"og:title\" content=\"Video\/\/ V\u00e2n\u0103toarea de \u015foferi \u00een Chi\u015fin\u0103u. IGP anun\u021b\u0103 c\u00e2te vehicule au fost evacuate pe parcursul anului curent\" \/>\n<meta property=\"og:description\" content=\"Num\u0103rul amenzilor aplicate \u0219oferilor \u00een municipiul Chi\u0219in\u0103u, pentru blocarea, oprirea \u0219i sta\u021bionarea neregulamentar\u0103, a crescut de aproape trei ori \u00een ultimii patru ani. \u00cen contextul dat potrivit conducerii Inspectoratului General al Poli\u021biei, pe parcursul anului curent, din acest motiv au fost evacuate din ora\u0219 \u0219i transportate la parcarea special\u0103 de la Tru\u0219eni, peste circa 6 [&hellip;]\" \/>\n<meta property=\"og:url\" content=\"https:\/\/www.btv.md\/ro\/vanatoarea-de-soferi-in-chisinau-igp-anunta-cate-vehicule-au-fost-evacuate-pe-parcursul-anului-curent\/\" \/>\n<meta property=\"og:site_name\" content=\"BTV\" \/>\n<meta property=\"article:publisher\" content=\"https:\/\/www.facebook.com\/btvmoldova\/\" \/>\n<meta property=\"article:published_time\" content=\"2021-12-17T10:29:20+00:00\" \/>\n<meta property=\"og:image\" content=\"https:\/\/www.btv.md\/wp-content\/uploads\/2021\/12\/pentru-a-si-recupera-mijloacele-de-transport-conducatorii-trebuie-sa-achite-anumite-taxe-in-functie-de-durata-aflarii-acestora-la-parcarea-speciala..jpg\" \/>\n\t<meta property=\"og:image:width\" content=\"809\" \/>\n\t<meta property=\"og:image:height\" content=\"456\" \/>\n\t<meta property=\"og:image:type\" content=\"image\/jpeg\" \/>\n<meta name=\"author\" content=\"admin\" \/>\n<meta name=\"twitter:label1\" content=\"Scris de\" \/>\n\t<meta name=\"twitter:data1\" content=\"admin\" \/>\n\t<meta name=\"twitter:label2\" content=\"Timp estimat pentru citire\" \/>\n\t<meta name=\"twitter:data2\" content=\"2 minute\" \/>\n<script type=\"application\/ld+json\" class=\"yoast-schema-graph\">{\"@context\":\"https:\\\/\\\/schema.org\",\"@graph\":[{\"@type\":\"Article\",\"@id\":\"https:\\\/\\\/www.btv.md\\\/ro\\\/vanatoarea-de-soferi-in-chisinau-igp-anunta-cate-vehicule-au-fost-evacuate-pe-parcursul-anului-curent\\\/#article\",\"isPartOf\":{\"@id\":\"https:\\\/\\\/www.btv.md\\\/ro\\\/vanatoarea-de-soferi-in-chisinau-igp-anunta-cate-vehicule-au-fost-evacuate-pe-parcursul-anului-curent\\\/\"},\"author\":{\"name\":\"admin\",\"@id\":\"https:\\\/\\\/www.btv.md\\\/#\\\/schema\\\/person\\\/8fadce81561b3ce2c34c46dadc4ccbf2\"},\"headline\":\"V\u00e2n\u0103toarea de \u015foferi \u00een Chi\u015fin\u0103u. IGP anun\u021b\u0103 c\u00e2te vehicule au fost evacuate pe parcursul anului curent\",\"datePublished\":\"2021-12-17T10:29:20+00:00\",\"mainEntityOfPage\":{\"@id\":\"https:\\\/\\\/www.btv.md\\\/ro\\\/vanatoarea-de-soferi-in-chisinau-igp-anunta-cate-vehicule-au-fost-evacuate-pe-parcursul-anului-curent\\\/\"},\"wordCount\":339,\"commentCount\":0,\"image\":{\"@id\":\"https:\\\/\\\/www.btv.md\\\/ro\\\/vanatoarea-de-soferi-in-chisinau-igp-anunta-cate-vehicule-au-fost-evacuate-pe-parcursul-anului-curent\\\/#primaryimage\"},\"thumbnailUrl\":\"https:\\\/\\\/www.btv.md\\\/wp-content\\\/uploads\\\/2021\\\/12\\\/pentru-a-si-recupera-mijloacele-de-transport-conducatorii-trebuie-sa-achite-anumite-taxe-in-functie-de-durata-aflarii-acestora-la-parcarea-speciala..jpg\",\"keywords\":[\"Chi\u0219in\u0103u\",\"evacuate\",\"IGP\",\"ma\u0219ini\",\"v\u00e2n\u0103toare de \u0219oferi\"],\"articleSection\":[\"Incidente\",\"\u0218tiri\"],\"inLanguage\":\"ro-RO\",\"potentialAction\":[{\"@type\":\"CommentAction\",\"name\":\"Comment\",\"target\":[\"https:\\\/\\\/www.btv.md\\\/ro\\\/vanatoarea-de-soferi-in-chisinau-igp-anunta-cate-vehicule-au-fost-evacuate-pe-parcursul-anului-curent\\\/#respond\"]}]},{\"@type\":\"WebPage\",\"@id\":\"https:\\\/\\\/www.btv.md\\\/ro\\\/vanatoarea-de-soferi-in-chisinau-igp-anunta-cate-vehicule-au-fost-evacuate-pe-parcursul-anului-curent\\\/\",\"url\":\"https:\\\/\\\/www.btv.md\\\/ro\\\/vanatoarea-de-soferi-in-chisinau-igp-anunta-cate-vehicule-au-fost-evacuate-pe-parcursul-anului-curent\\\/\",\"name\":\"V\u00e2n\u0103toarea de \u015foferi \u00een Chi\u015fin\u0103u. IGP anun\u021b\u0103 c\u00e2te vehicule au fost evacuate pe parcursul anului curent - BTV\",\"isPartOf\":{\"@id\":\"https:\\\/\\\/www.btv.md\\\/#website\"},\"primaryImageOfPage\":{\"@id\":\"https:\\\/\\\/www.btv.md\\\/ro\\\/vanatoarea-de-soferi-in-chisinau-igp-anunta-cate-vehicule-au-fost-evacuate-pe-parcursul-anului-curent\\\/#primaryimage\"},\"image\":{\"@id\":\"https:\\\/\\\/www.btv.md\\\/ro\\\/vanatoarea-de-soferi-in-chisinau-igp-anunta-cate-vehicule-au-fost-evacuate-pe-parcursul-anului-curent\\\/#primaryimage\"},\"thumbnailUrl\":\"https:\\\/\\\/www.btv.md\\\/wp-content\\\/uploads\\\/2021\\\/12\\\/pentru-a-si-recupera-mijloacele-de-transport-conducatorii-trebuie-sa-achite-anumite-taxe-in-functie-de-durata-aflarii-acestora-la-parcarea-speciala..jpg\",\"datePublished\":\"2021-12-17T10:29:20+00:00\",\"author\":{\"@id\":\"https:\\\/\\\/www.btv.md\\\/#\\\/schema\\\/person\\\/8fadce81561b3ce2c34c46dadc4ccbf2\"},\"inLanguage\":\"ro-RO\",\"potentialAction\":[{\"@type\":\"ReadAction\",\"target\":[\"https:\\\/\\\/www.btv.md\\\/ro\\\/vanatoarea-de-soferi-in-chisinau-igp-anunta-cate-vehicule-au-fost-evacuate-pe-parcursul-anului-curent\\\/\"]}]},{\"@type\":\"ImageObject\",\"inLanguage\":\"ro-RO\",\"@id\":\"https:\\\/\\\/www.btv.md\\\/ro\\\/vanatoarea-de-soferi-in-chisinau-igp-anunta-cate-vehicule-au-fost-evacuate-pe-parcursul-anului-curent\\\/#primaryimage\",\"url\":\"https:\\\/\\\/www.btv.md\\\/wp-content\\\/uploads\\\/2021\\\/12\\\/pentru-a-si-recupera-mijloacele-de-transport-conducatorii-trebuie-sa-achite-anumite-taxe-in-functie-de-durata-aflarii-acestora-la-parcarea-speciala..jpg\",\"contentUrl\":\"https:\\\/\\\/www.btv.md\\\/wp-content\\\/uploads\\\/2021\\\/12\\\/pentru-a-si-recupera-mijloacele-de-transport-conducatorii-trebuie-sa-achite-anumite-taxe-in-functie-de-durata-aflarii-acestora-la-parcarea-speciala..jpg\",\"width\":809,\"height\":456,\"caption\":\"Pentru a-\u0219i recupera mijloacele de transport, conduc\u0103torii trebuie s\u0103 achite anumite taxe, \u00een func\u021bie de durata afl\u0103rii acestora la parcarea special\u0103. Foto: facebook.com\\\/\u0410\u043d\u0442\u043e\u043d\u0438\u043e \u0411\u0430\u043d\u0434\u0435\u0440\u0430\u0441\"},{\"@type\":\"WebSite\",\"@id\":\"https:\\\/\\\/www.btv.md\\\/#website\",\"url\":\"https:\\\/\\\/www.btv.md\\\/\",\"name\":\"BTV\",\"description\":\"\u0411\u0435\u043b\u044c\u0446\u043a\u043e\u0435 \u0442\u0435\u043b\u0435\u0432\u0438\u0434\u0435\u043d\u0438\u0435\",\"potentialAction\":[{\"@type\":\"SearchAction\",\"target\":{\"@type\":\"EntryPoint\",\"urlTemplate\":\"https:\\\/\\\/www.btv.md\\\/?s={search_term_string}\"},\"query-input\":{\"@type\":\"PropertyValueSpecification\",\"valueRequired\":true,\"valueName\":\"search_term_string\"}}],\"inLanguage\":\"ro-RO\"},{\"@type\":\"Person\",\"@id\":\"https:\\\/\\\/www.btv.md\\\/#\\\/schema\\\/person\\\/8fadce81561b3ce2c34c46dadc4ccbf2\",\"name\":\"admin\"}]}<\/script>\n<!-- \/ Yoast SEO plugin. -->","yoast_head_json":{"title":"V\u00e2n\u0103toarea de \u015foferi \u00een Chi\u015fin\u0103u. IGP anun\u021b\u0103 c\u00e2te vehicule au fost evacuate pe parcursul anului curent - BTV","robots":{"index":"index","follow":"follow","max-snippet":"max-snippet:-1","max-image-preview":"max-image-preview:large","max-video-preview":"max-video-preview:-1"},"canonical":"https:\/\/www.btv.md\/ro\/vanatoarea-de-soferi-in-chisinau-igp-anunta-cate-vehicule-au-fost-evacuate-pe-parcursul-anului-curent\/","og_locale":"ro_RO","og_type":"article","og_title":"Video\/\/ V\u00e2n\u0103toarea de \u015foferi \u00een Chi\u015fin\u0103u. IGP anun\u021b\u0103 c\u00e2te vehicule au fost evacuate pe parcursul anului curent","og_description":"Num\u0103rul amenzilor aplicate \u0219oferilor \u00een municipiul Chi\u0219in\u0103u, pentru blocarea, oprirea \u0219i sta\u021bionarea neregulamentar\u0103, a crescut de aproape trei ori \u00een ultimii patru ani. \u00cen contextul dat potrivit conducerii Inspectoratului General al Poli\u021biei, pe parcursul anului curent, din acest motiv au fost evacuate din ora\u0219 \u0219i transportate la parcarea special\u0103 de la Tru\u0219eni, peste circa 6 [&hellip;]","og_url":"https:\/\/www.btv.md\/ro\/vanatoarea-de-soferi-in-chisinau-igp-anunta-cate-vehicule-au-fost-evacuate-pe-parcursul-anului-curent\/","og_site_name":"BTV","article_publisher":"https:\/\/www.facebook.com\/btvmoldova\/","article_published_time":"2021-12-17T10:29:20+00:00","og_image":[{"width":809,"height":456,"url":"https:\/\/www.btv.md\/wp-content\/uploads\/2021\/12\/pentru-a-si-recupera-mijloacele-de-transport-conducatorii-trebuie-sa-achite-anumite-taxe-in-functie-de-durata-aflarii-acestora-la-parcarea-speciala..jpg","type":"image\/jpeg"}],"author":"admin","twitter_misc":{"Scris de":"admin","Timp estimat pentru citire":"2 minute"},"schema":{"@context":"https:\/\/schema.org","@graph":[{"@type":"Article","@id":"https:\/\/www.btv.md\/ro\/vanatoarea-de-soferi-in-chisinau-igp-anunta-cate-vehicule-au-fost-evacuate-pe-parcursul-anului-curent\/#article","isPartOf":{"@id":"https:\/\/www.btv.md\/ro\/vanatoarea-de-soferi-in-chisinau-igp-anunta-cate-vehicule-au-fost-evacuate-pe-parcursul-anului-curent\/"},"author":{"name":"admin","@id":"https:\/\/www.btv.md\/#\/schema\/person\/8fadce81561b3ce2c34c46dadc4ccbf2"},"headline":"V\u00e2n\u0103toarea de \u015foferi \u00een Chi\u015fin\u0103u. IGP anun\u021b\u0103 c\u00e2te vehicule au fost evacuate pe parcursul anului curent","datePublished":"2021-12-17T10:29:20+00:00","mainEntityOfPage":{"@id":"https:\/\/www.btv.md\/ro\/vanatoarea-de-soferi-in-chisinau-igp-anunta-cate-vehicule-au-fost-evacuate-pe-parcursul-anului-curent\/"},"wordCount":339,"commentCount":0,"image":{"@id":"https:\/\/www.btv.md\/ro\/vanatoarea-de-soferi-in-chisinau-igp-anunta-cate-vehicule-au-fost-evacuate-pe-parcursul-anului-curent\/#primaryimage"},"thumbnailUrl":"https:\/\/www.btv.md\/wp-content\/uploads\/2021\/12\/pentru-a-si-recupera-mijloacele-de-transport-conducatorii-trebuie-sa-achite-anumite-taxe-in-functie-de-durata-aflarii-acestora-la-parcarea-speciala..jpg","keywords":["Chi\u0219in\u0103u","evacuate","IGP","ma\u0219ini","v\u00e2n\u0103toare de \u0219oferi"],"articleSection":["Incidente","\u0218tiri"],"inLanguage":"ro-RO","potentialAction":[{"@type":"CommentAction","name":"Comment","target":["https:\/\/www.btv.md\/ro\/vanatoarea-de-soferi-in-chisinau-igp-anunta-cate-vehicule-au-fost-evacuate-pe-parcursul-anului-curent\/#respond"]}]},{"@type":"WebPage","@id":"https:\/\/www.btv.md\/ro\/vanatoarea-de-soferi-in-chisinau-igp-anunta-cate-vehicule-au-fost-evacuate-pe-parcursul-anului-curent\/","url":"https:\/\/www.btv.md\/ro\/vanatoarea-de-soferi-in-chisinau-igp-anunta-cate-vehicule-au-fost-evacuate-pe-parcursul-anului-curent\/","name":"V\u00e2n\u0103toarea de \u015foferi \u00een Chi\u015fin\u0103u. IGP anun\u021b\u0103 c\u00e2te vehicule au fost evacuate pe parcursul anului curent - BTV","isPartOf":{"@id":"https:\/\/www.btv.md\/#website"},"primaryImageOfPage":{"@id":"https:\/\/www.btv.md\/ro\/vanatoarea-de-soferi-in-chisinau-igp-anunta-cate-vehicule-au-fost-evacuate-pe-parcursul-anului-curent\/#primaryimage"},"image":{"@id":"https:\/\/www.btv.md\/ro\/vanatoarea-de-soferi-in-chisinau-igp-anunta-cate-vehicule-au-fost-evacuate-pe-parcursul-anului-curent\/#primaryimage"},"thumbnailUrl":"https:\/\/www.btv.md\/wp-content\/uploads\/2021\/12\/pentru-a-si-recupera-mijloacele-de-transport-conducatorii-trebuie-sa-achite-anumite-taxe-in-functie-de-durata-aflarii-acestora-la-parcarea-speciala..jpg","datePublished":"2021-12-17T10:29:20+00:00","author":{"@id":"https:\/\/www.btv.md\/#\/schema\/person\/8fadce81561b3ce2c34c46dadc4ccbf2"},"inLanguage":"ro-RO","potentialAction":[{"@type":"ReadAction","target":["https:\/\/www.btv.md\/ro\/vanatoarea-de-soferi-in-chisinau-igp-anunta-cate-vehicule-au-fost-evacuate-pe-parcursul-anului-curent\/"]}]},{"@type":"ImageObject","inLanguage":"ro-RO","@id":"https:\/\/www.btv.md\/ro\/vanatoarea-de-soferi-in-chisinau-igp-anunta-cate-vehicule-au-fost-evacuate-pe-parcursul-anului-curent\/#primaryimage","url":"https:\/\/www.btv.md\/wp-content\/uploads\/2021\/12\/pentru-a-si-recupera-mijloacele-de-transport-conducatorii-trebuie-sa-achite-anumite-taxe-in-functie-de-durata-aflarii-acestora-la-parcarea-speciala..jpg","contentUrl":"https:\/\/www.btv.md\/wp-content\/uploads\/2021\/12\/pentru-a-si-recupera-mijloacele-de-transport-conducatorii-trebuie-sa-achite-anumite-taxe-in-functie-de-durata-aflarii-acestora-la-parcarea-speciala..jpg","width":809,"height":456,"caption":"Pentru a-\u0219i recupera mijloacele de transport, conduc\u0103torii trebuie s\u0103 achite anumite taxe, \u00een func\u021bie de durata afl\u0103rii acestora la parcarea special\u0103. Foto: facebook.com\/\u0410\u043d\u0442\u043e\u043d\u0438\u043e \u0411\u0430\u043d\u0434\u0435\u0440\u0430\u0441"},{"@type":"WebSite","@id":"https:\/\/www.btv.md\/#website","url":"https:\/\/www.btv.md\/","name":"BTV","description":"\u0411\u0435\u043b\u044c\u0446\u043a\u043e\u0435 \u0442\u0435\u043b\u0435\u0432\u0438\u0434\u0435\u043d\u0438\u0435","potentialAction":[{"@type":"SearchAction","target":{"@type":"EntryPoint","urlTemplate":"https:\/\/www.btv.md\/?s={search_term_string}"},"query-input":{"@type":"PropertyValueSpecification","valueRequired":true,"valueName":"search_term_string"}}],"inLanguage":"ro-RO"},{"@type":"Person","@id":"https:\/\/www.btv.md\/#\/schema\/person\/8fadce81561b3ce2c34c46dadc4ccbf2","name":"admin"}]}},"_links":{"self":[{"href":"https:\/\/www.btv.md\/ro\/wp-json\/wp\/v2\/posts\/161758","targetHints":{"allow":["GET"]}}],"collection":[{"href":"https:\/\/www.btv.md\/ro\/wp-json\/wp\/v2\/posts"}],"about":[{"href":"https:\/\/www.btv.md\/ro\/wp-json\/wp\/v2\/types\/post"}],"author":[{"embeddable":true,"href":"https:\/\/www.btv.md\/ro\/wp-json\/wp\/v2\/users\/4"}],"replies":[{"embeddable":true,"href":"https:\/\/www.btv.md\/ro\/wp-json\/wp\/v2\/comments?post=161758"}],"version-history":[{"count":0,"href":"https:\/\/www.btv.md\/ro\/wp-json\/wp\/v2\/posts\/161758\/revisions"}],"wp:featuredmedia":[{"embeddable":true,"href":"https:\/\/www.btv.md\/ro\/wp-json\/wp\/v2\/media\/161763"}],"wp:attachment":[{"href":"https:\/\/www.btv.md\/ro\/wp-json\/wp\/v2\/media?parent=161758"}],"wp:term":[{"taxonomy":"category","embeddable":true,"href":"https:\/\/www.btv.md\/ro\/wp-json\/wp\/v2\/categories?post=161758"},{"taxonomy":"post_tag","embeddable":true,"href":"https:\/\/www.btv.md\/ro\/wp-json\/wp\/v2\/tags?post=161758"}],"curies":[{"name":"wp","href":"https:\/\/api.w.org\/{rel}","templated":true}]}}