{"id":16200,"date":"2016-08-02T17:31:39","date_gmt":"2016-08-02T14:31:39","guid":{"rendered":"http:\/\/btv.md\/?p=16200"},"modified":"2016-08-02T17:31:50","modified_gmt":"2016-08-02T14:31:50","slug":"la-maternitatea-din-balti-mamicile-aleg-alaptatul-la-san","status":"publish","type":"post","link":"https:\/\/www.btv.md\/ro\/la-maternitatea-din-balti-mamicile-aleg-alaptatul-la-san\/","title":{"rendered":"LA  MATERNITATEA  DIN  B\u0102L\u021aI  M\u0102MICILE  ALEG  AL\u0102PTATUL  LA  S\u00c2N"},"content":{"rendered":"<p>Promovarea al\u0103pt\u0103rii la s\u00e2n aduce rezultate. Cel pu\u021bin asta sus\u021bin medicii de la Centrul Perinatologic din B\u0103l\u021bi, unde rata de al\u0103ptare a nou-n\u0103scu\u021bilor este \u00een cre\u0219tere. \u0218i statistica pe \u021bar\u0103 la acest capitol este una \u00eembucur\u0103toare. Datele arat\u0103 c\u0103 <strong>\u00een Republica Moldova, num\u0103rul mamelor care al\u0103pteaz\u0103 s-a majorat \u00een ultimii ani.<\/strong> Astfel, \u00een 2015, peste 32 de mii de femei \u015fi-au al\u0103ptat bebelu\u015fii p\u00e2n\u0103 la \u015fase luni, cu aproximativ 1.400 mai multe fa\u0163\u0103 de 2014.<\/p>\n<p><iframe width=\"1170\" height=\"878\" data-src=\"https:\/\/www.youtube.com\/embed\/wZov7KGXQlY?wmode=transparent&amp;rel=0&amp;feature=oembed\" frameborder=\"0\" allow=\"accelerometer; autoplay; encrypted-media; gyroscope; picture-in-picture\" allowfullscreen src=\"data:image\/svg+xml;base64,PHN2ZyB3aWR0aD0iMSIgaGVpZ2h0PSIxIiB4bWxucz0iaHR0cDovL3d3dy53My5vcmcvMjAwMC9zdmciPjwvc3ZnPg==\" class=\"lazyload\" data-load-mode=\"1\"><\/iframe><\/p>\n<p>S\u0103pt\u0103m\u00e2na Mondial\u0103 a Al\u0103pt\u0103rii este marcat\u0103 anual la \u00eenceputul lunii august, \u00een circa 170 de \u0163\u0103ri. Scopul principal este de a \u00eencuraja mamele s\u0103 renun\u021be la alimenta\u021bia artificial\u0103 pentru copii, dar \u0219i diete, \u00een favoarea al\u0103pt\u0103rii.<\/p>\n<p><strong>Medicii sus\u021bin c\u0103 amestecurile pentru copii sunt destul de hr\u0103nitoare. Totu\u0219i al\u0103ptatul la s\u00e2n este un liant mai puternic dintre mam\u0103 \u0219i copil \u0219i nu presupune mari cheltuieli.<\/strong><\/p>\n<p>Tinerele m\u0103mici care au n\u0103scut recent la maternitatea din B\u0103l\u021bi, spun c\u0103 nu s-au g\u00e2ndit nici pentru o clip\u0103 s\u0103 renun\u021be la al\u0103ptat.<\/p>\n<p><strong>Organiza\u021bia Mondial\u0103 a S\u0103n\u0103t\u0103\u021bii recomand\u0103 al\u0103ptarea la s\u00e2n timp de 2 ani.<\/strong><\/p>\n<p>S-a constatat c\u0103 femeile tinere, sub 30 de ani, care nasc si al\u0103pteaz\u0103 mai mult timp, au un risc sc\u0103zut de a face cancer de s\u00e2n.<\/p>\n","protected":false},"excerpt":{"rendered":"<p>Promovarea al\u0103pt\u0103rii la s\u00e2n aduce rezultate. Cel pu\u021bin asta sus\u021bin medicii de la Centrul Perinatologic din B\u0103l\u021bi, unde rata de al\u0103ptare a nou-n\u0103scu\u021bilor este \u00een cre\u0219tere. \u0218i statistica pe \u021bar\u0103 la acest capitol este una \u00eembucur\u0103toare. Datele arat\u0103 c\u0103 \u00een Republica Moldova, num\u0103rul mamelor care al\u0103pteaz\u0103 s-a majorat \u00een ultimii ani. Astfel, \u00een 2015, peste [&hellip;]<\/p>\n","protected":false},"author":4,"featured_media":16201,"comment_status":"closed","ping_status":"closed","sticky":false,"template":"","format":"standard","meta":{"footnotes":""},"categories":[6349],"tags":[],"class_list":["post-16200","post","type-post","status-publish","format-standard","has-post-thumbnail","hentry","category-social"],"yoast_head":"<!-- This site is optimized with the Yoast SEO plugin v27.4 - https:\/\/yoast.com\/product\/yoast-seo-wordpress\/ -->\n<title>LA MATERNITATEA DIN B\u0102L\u021aI M\u0102MICILE ALEG AL\u0102PTATUL LA S\u00c2N - BTV<\/title>\n<meta name=\"robots\" content=\"index, follow, max-snippet:-1, max-image-preview:large, max-video-preview:-1\" \/>\n<link rel=\"canonical\" href=\"https:\/\/www.btv.md\/ro\/la-maternitatea-din-balti-mamicile-aleg-alaptatul-la-san\/\" \/>\n<meta property=\"og:locale\" content=\"ro_RO\" \/>\n<meta property=\"og:type\" content=\"article\" \/>\n<meta property=\"og:title\" content=\"LA MATERNITATEA DIN B\u0102L\u021aI M\u0102MICILE ALEG AL\u0102PTATUL LA S\u00c2N - BTV\" \/>\n<meta property=\"og:description\" content=\"Promovarea al\u0103pt\u0103rii la s\u00e2n aduce rezultate. Cel pu\u021bin asta sus\u021bin medicii de la Centrul Perinatologic din B\u0103l\u021bi, unde rata de al\u0103ptare a nou-n\u0103scu\u021bilor este \u00een cre\u0219tere. \u0218i statistica pe \u021bar\u0103 la acest capitol este una \u00eembucur\u0103toare. Datele arat\u0103 c\u0103 \u00een Republica Moldova, num\u0103rul mamelor care al\u0103pteaz\u0103 s-a majorat \u00een ultimii ani. Astfel, \u00een 2015, peste [&hellip;]\" \/>\n<meta property=\"og:url\" content=\"https:\/\/www.btv.md\/ro\/la-maternitatea-din-balti-mamicile-aleg-alaptatul-la-san\/\" \/>\n<meta property=\"og:site_name\" content=\"BTV\" \/>\n<meta property=\"article:publisher\" content=\"https:\/\/www.facebook.com\/btvmoldova\/\" \/>\n<meta property=\"article:published_time\" content=\"2016-08-02T14:31:39+00:00\" \/>\n<meta property=\"article:modified_time\" content=\"2016-08-02T14:31:50+00:00\" \/>\n<meta property=\"og:image\" content=\"https:\/\/www.btv.md\/wp-content\/uploads\/2016\/08\/kghxd.jpg\" \/>\n\t<meta property=\"og:image:width\" content=\"600\" \/>\n\t<meta property=\"og:image:height\" content=\"400\" \/>\n\t<meta property=\"og:image:type\" content=\"image\/jpeg\" \/>\n<meta name=\"author\" content=\"admin\" \/>\n<meta name=\"twitter:label1\" content=\"Scris de\" \/>\n\t<meta name=\"twitter:data1\" content=\"admin\" \/>\n\t<meta name=\"twitter:label2\" content=\"Timp estimat pentru citire\" \/>\n\t<meta name=\"twitter:data2\" content=\"1 minut\" \/>\n<script type=\"application\/ld+json\" class=\"yoast-schema-graph\">{\"@context\":\"https:\\\/\\\/schema.org\",\"@graph\":[{\"@type\":\"Article\",\"@id\":\"https:\\\/\\\/www.btv.md\\\/ro\\\/la-maternitatea-din-balti-mamicile-aleg-alaptatul-la-san\\\/#article\",\"isPartOf\":{\"@id\":\"https:\\\/\\\/www.btv.md\\\/ro\\\/la-maternitatea-din-balti-mamicile-aleg-alaptatul-la-san\\\/\"},\"author\":{\"name\":\"admin\",\"@id\":\"https:\\\/\\\/www.btv.md\\\/#\\\/schema\\\/person\\\/8fadce81561b3ce2c34c46dadc4ccbf2\"},\"headline\":\"LA MATERNITATEA DIN B\u0102L\u021aI M\u0102MICILE ALEG AL\u0102PTATUL LA S\u00c2N\",\"datePublished\":\"2016-08-02T14:31:39+00:00\",\"dateModified\":\"2016-08-02T14:31:50+00:00\",\"mainEntityOfPage\":{\"@id\":\"https:\\\/\\\/www.btv.md\\\/ro\\\/la-maternitatea-din-balti-mamicile-aleg-alaptatul-la-san\\\/\"},\"wordCount\":259,\"image\":{\"@id\":\"https:\\\/\\\/www.btv.md\\\/ro\\\/la-maternitatea-din-balti-mamicile-aleg-alaptatul-la-san\\\/#primaryimage\"},\"thumbnailUrl\":\"https:\\\/\\\/www.btv.md\\\/wp-content\\\/uploads\\\/2016\\\/08\\\/kghxd.jpg\",\"articleSection\":[\"Social\"],\"inLanguage\":\"ro-RO\"},{\"@type\":\"WebPage\",\"@id\":\"https:\\\/\\\/www.btv.md\\\/ro\\\/la-maternitatea-din-balti-mamicile-aleg-alaptatul-la-san\\\/\",\"url\":\"https:\\\/\\\/www.btv.md\\\/ro\\\/la-maternitatea-din-balti-mamicile-aleg-alaptatul-la-san\\\/\",\"name\":\"LA MATERNITATEA DIN B\u0102L\u021aI M\u0102MICILE ALEG AL\u0102PTATUL LA S\u00c2N - BTV\",\"isPartOf\":{\"@id\":\"https:\\\/\\\/www.btv.md\\\/#website\"},\"primaryImageOfPage\":{\"@id\":\"https:\\\/\\\/www.btv.md\\\/ro\\\/la-maternitatea-din-balti-mamicile-aleg-alaptatul-la-san\\\/#primaryimage\"},\"image\":{\"@id\":\"https:\\\/\\\/www.btv.md\\\/ro\\\/la-maternitatea-din-balti-mamicile-aleg-alaptatul-la-san\\\/#primaryimage\"},\"thumbnailUrl\":\"https:\\\/\\\/www.btv.md\\\/wp-content\\\/uploads\\\/2016\\\/08\\\/kghxd.jpg\",\"datePublished\":\"2016-08-02T14:31:39+00:00\",\"dateModified\":\"2016-08-02T14:31:50+00:00\",\"author\":{\"@id\":\"https:\\\/\\\/www.btv.md\\\/#\\\/schema\\\/person\\\/8fadce81561b3ce2c34c46dadc4ccbf2\"},\"inLanguage\":\"ro-RO\",\"potentialAction\":[{\"@type\":\"ReadAction\",\"target\":[\"https:\\\/\\\/www.btv.md\\\/ro\\\/la-maternitatea-din-balti-mamicile-aleg-alaptatul-la-san\\\/\"]}]},{\"@type\":\"ImageObject\",\"inLanguage\":\"ro-RO\",\"@id\":\"https:\\\/\\\/www.btv.md\\\/ro\\\/la-maternitatea-din-balti-mamicile-aleg-alaptatul-la-san\\\/#primaryimage\",\"url\":\"https:\\\/\\\/www.btv.md\\\/wp-content\\\/uploads\\\/2016\\\/08\\\/kghxd.jpg\",\"contentUrl\":\"https:\\\/\\\/www.btv.md\\\/wp-content\\\/uploads\\\/2016\\\/08\\\/kghxd.jpg\",\"width\":600,\"height\":400},{\"@type\":\"WebSite\",\"@id\":\"https:\\\/\\\/www.btv.md\\\/#website\",\"url\":\"https:\\\/\\\/www.btv.md\\\/\",\"name\":\"BTV\",\"description\":\"\u0411\u0435\u043b\u044c\u0446\u043a\u043e\u0435 \u0442\u0435\u043b\u0435\u0432\u0438\u0434\u0435\u043d\u0438\u0435\",\"potentialAction\":[{\"@type\":\"SearchAction\",\"target\":{\"@type\":\"EntryPoint\",\"urlTemplate\":\"https:\\\/\\\/www.btv.md\\\/?s={search_term_string}\"},\"query-input\":{\"@type\":\"PropertyValueSpecification\",\"valueRequired\":true,\"valueName\":\"search_term_string\"}}],\"inLanguage\":\"ro-RO\"},{\"@type\":\"Person\",\"@id\":\"https:\\\/\\\/www.btv.md\\\/#\\\/schema\\\/person\\\/8fadce81561b3ce2c34c46dadc4ccbf2\",\"name\":\"admin\"}]}<\/script>\n<!-- \/ Yoast SEO plugin. -->","yoast_head_json":{"title":"LA MATERNITATEA DIN B\u0102L\u021aI M\u0102MICILE ALEG AL\u0102PTATUL LA S\u00c2N - BTV","robots":{"index":"index","follow":"follow","max-snippet":"max-snippet:-1","max-image-preview":"max-image-preview:large","max-video-preview":"max-video-preview:-1"},"canonical":"https:\/\/www.btv.md\/ro\/la-maternitatea-din-balti-mamicile-aleg-alaptatul-la-san\/","og_locale":"ro_RO","og_type":"article","og_title":"LA MATERNITATEA DIN B\u0102L\u021aI M\u0102MICILE ALEG AL\u0102PTATUL LA S\u00c2N - BTV","og_description":"Promovarea al\u0103pt\u0103rii la s\u00e2n aduce rezultate. Cel pu\u021bin asta sus\u021bin medicii de la Centrul Perinatologic din B\u0103l\u021bi, unde rata de al\u0103ptare a nou-n\u0103scu\u021bilor este \u00een cre\u0219tere. \u0218i statistica pe \u021bar\u0103 la acest capitol este una \u00eembucur\u0103toare. Datele arat\u0103 c\u0103 \u00een Republica Moldova, num\u0103rul mamelor care al\u0103pteaz\u0103 s-a majorat \u00een ultimii ani. Astfel, \u00een 2015, peste [&hellip;]","og_url":"https:\/\/www.btv.md\/ro\/la-maternitatea-din-balti-mamicile-aleg-alaptatul-la-san\/","og_site_name":"BTV","article_publisher":"https:\/\/www.facebook.com\/btvmoldova\/","article_published_time":"2016-08-02T14:31:39+00:00","article_modified_time":"2016-08-02T14:31:50+00:00","og_image":[{"width":600,"height":400,"url":"https:\/\/www.btv.md\/wp-content\/uploads\/2016\/08\/kghxd.jpg","type":"image\/jpeg"}],"author":"admin","twitter_misc":{"Scris de":"admin","Timp estimat pentru citire":"1 minut"},"schema":{"@context":"https:\/\/schema.org","@graph":[{"@type":"Article","@id":"https:\/\/www.btv.md\/ro\/la-maternitatea-din-balti-mamicile-aleg-alaptatul-la-san\/#article","isPartOf":{"@id":"https:\/\/www.btv.md\/ro\/la-maternitatea-din-balti-mamicile-aleg-alaptatul-la-san\/"},"author":{"name":"admin","@id":"https:\/\/www.btv.md\/#\/schema\/person\/8fadce81561b3ce2c34c46dadc4ccbf2"},"headline":"LA MATERNITATEA DIN B\u0102L\u021aI M\u0102MICILE ALEG AL\u0102PTATUL LA S\u00c2N","datePublished":"2016-08-02T14:31:39+00:00","dateModified":"2016-08-02T14:31:50+00:00","mainEntityOfPage":{"@id":"https:\/\/www.btv.md\/ro\/la-maternitatea-din-balti-mamicile-aleg-alaptatul-la-san\/"},"wordCount":259,"image":{"@id":"https:\/\/www.btv.md\/ro\/la-maternitatea-din-balti-mamicile-aleg-alaptatul-la-san\/#primaryimage"},"thumbnailUrl":"https:\/\/www.btv.md\/wp-content\/uploads\/2016\/08\/kghxd.jpg","articleSection":["Social"],"inLanguage":"ro-RO"},{"@type":"WebPage","@id":"https:\/\/www.btv.md\/ro\/la-maternitatea-din-balti-mamicile-aleg-alaptatul-la-san\/","url":"https:\/\/www.btv.md\/ro\/la-maternitatea-din-balti-mamicile-aleg-alaptatul-la-san\/","name":"LA MATERNITATEA DIN B\u0102L\u021aI M\u0102MICILE ALEG AL\u0102PTATUL LA S\u00c2N - BTV","isPartOf":{"@id":"https:\/\/www.btv.md\/#website"},"primaryImageOfPage":{"@id":"https:\/\/www.btv.md\/ro\/la-maternitatea-din-balti-mamicile-aleg-alaptatul-la-san\/#primaryimage"},"image":{"@id":"https:\/\/www.btv.md\/ro\/la-maternitatea-din-balti-mamicile-aleg-alaptatul-la-san\/#primaryimage"},"thumbnailUrl":"https:\/\/www.btv.md\/wp-content\/uploads\/2016\/08\/kghxd.jpg","datePublished":"2016-08-02T14:31:39+00:00","dateModified":"2016-08-02T14:31:50+00:00","author":{"@id":"https:\/\/www.btv.md\/#\/schema\/person\/8fadce81561b3ce2c34c46dadc4ccbf2"},"inLanguage":"ro-RO","potentialAction":[{"@type":"ReadAction","target":["https:\/\/www.btv.md\/ro\/la-maternitatea-din-balti-mamicile-aleg-alaptatul-la-san\/"]}]},{"@type":"ImageObject","inLanguage":"ro-RO","@id":"https:\/\/www.btv.md\/ro\/la-maternitatea-din-balti-mamicile-aleg-alaptatul-la-san\/#primaryimage","url":"https:\/\/www.btv.md\/wp-content\/uploads\/2016\/08\/kghxd.jpg","contentUrl":"https:\/\/www.btv.md\/wp-content\/uploads\/2016\/08\/kghxd.jpg","width":600,"height":400},{"@type":"WebSite","@id":"https:\/\/www.btv.md\/#website","url":"https:\/\/www.btv.md\/","name":"BTV","description":"\u0411\u0435\u043b\u044c\u0446\u043a\u043e\u0435 \u0442\u0435\u043b\u0435\u0432\u0438\u0434\u0435\u043d\u0438\u0435","potentialAction":[{"@type":"SearchAction","target":{"@type":"EntryPoint","urlTemplate":"https:\/\/www.btv.md\/?s={search_term_string}"},"query-input":{"@type":"PropertyValueSpecification","valueRequired":true,"valueName":"search_term_string"}}],"inLanguage":"ro-RO"},{"@type":"Person","@id":"https:\/\/www.btv.md\/#\/schema\/person\/8fadce81561b3ce2c34c46dadc4ccbf2","name":"admin"}]}},"_links":{"self":[{"href":"https:\/\/www.btv.md\/ro\/wp-json\/wp\/v2\/posts\/16200","targetHints":{"allow":["GET"]}}],"collection":[{"href":"https:\/\/www.btv.md\/ro\/wp-json\/wp\/v2\/posts"}],"about":[{"href":"https:\/\/www.btv.md\/ro\/wp-json\/wp\/v2\/types\/post"}],"author":[{"embeddable":true,"href":"https:\/\/www.btv.md\/ro\/wp-json\/wp\/v2\/users\/4"}],"replies":[{"embeddable":true,"href":"https:\/\/www.btv.md\/ro\/wp-json\/wp\/v2\/comments?post=16200"}],"version-history":[{"count":0,"href":"https:\/\/www.btv.md\/ro\/wp-json\/wp\/v2\/posts\/16200\/revisions"}],"wp:featuredmedia":[{"embeddable":true,"href":"https:\/\/www.btv.md\/ro\/wp-json\/wp\/v2\/media\/16201"}],"wp:attachment":[{"href":"https:\/\/www.btv.md\/ro\/wp-json\/wp\/v2\/media?parent=16200"}],"wp:term":[{"taxonomy":"category","embeddable":true,"href":"https:\/\/www.btv.md\/ro\/wp-json\/wp\/v2\/categories?post=16200"},{"taxonomy":"post_tag","embeddable":true,"href":"https:\/\/www.btv.md\/ro\/wp-json\/wp\/v2\/tags?post=16200"}],"curies":[{"name":"wp","href":"https:\/\/api.w.org\/{rel}","templated":true}]}}