{"id":16236,"date":"2016-08-03T22:25:54","date_gmt":"2016-08-03T19:25:54","guid":{"rendered":"http:\/\/btv.md\/?p=16236"},"modified":"2016-08-03T22:26:09","modified_gmt":"2016-08-03T19:26:09","slug":"locuitorii-unei-strazi-din-balti-nu-au-parte-de-nopti-linistite","status":"publish","type":"post","link":"https:\/\/www.btv.md\/ro\/locuitorii-unei-strazi-din-balti-nu-au-parte-de-nopti-linistite\/","title":{"rendered":"LOCUITORII UNEI STR\u0102ZI DIN B\u0102L\u0162I NU AU PARTE DE NOP\u0162I LINI\u015eTITE"},"content":{"rendered":"<p>Locuitorii str\u0103zii Burebista de trei luni viseaz\u0103 la nop\u0163i lini\u015ftite \u015fi zile senine. Ace\u015ftia\u00a0 sunt teroriza\u0163ii zi \u015fi noapte de gal\u0103gia infernal\u0103 generat\u0103 de o fabric\u0103 din apropiere, care potrivit lor\u00a0 produce alcool. Oamenii spun c\u0103 din cauza\u00a0 camioanelor care transport\u0103 materia prim\u0103 la fabric\u0103 este deteriorat drumul \u015fi zilnic strada este plin\u0103 de colb. Pe l\u00e2ng\u0103 zgomot \u015fi ma\u015finile de mare tonaj din \u0163evele de e\u015fapamet ale \u00eentreprinderii ies substan\u0163e nocive afirm\u0103 louitorii.<\/p>\n<p><iframe width=\"1170\" height=\"878\" data-src=\"https:\/\/www.youtube.com\/embed\/7T9D8VxdwuA?wmode=transparent&amp;rel=0&amp;feature=oembed\" frameborder=\"0\" allow=\"accelerometer; autoplay; encrypted-media; gyroscope; picture-in-picture\" allowfullscreen src=\"data:image\/svg+xml;base64,PHN2ZyB3aWR0aD0iMSIgaGVpZ2h0PSIxIiB4bWxucz0iaHR0cDovL3d3dy53My5vcmcvMjAwMC9zdmciPjwvc3ZnPg==\" class=\"lazyload\" data-load-mode=\"1\"><\/iframe><\/p>\n<p>Oamenii nemul\u0163umi\u0163i solicit\u0103 ajutor din partea administra\u0163iei publice locale, \u00een special a primarului Renato Usat\u00eei \u015fi a viceprimarului Igor \u015eeremet.<\/p>\n<p>Directorul \u00eentreprinderii SRL ,,PRODUSE GRUP\u2019\u2019 pe teritoriul c\u0103reia se afl\u0103 aproape 10 \u00eentreprinderii a declarat pentru BTV c\u0103 va depune tot efortul pentru a dimunua incomodit\u0103\u0163ile create locuitorilor.<\/p>\n<p>&nbsp;<\/p>\n","protected":false},"excerpt":{"rendered":"<p>Locuitorii str\u0103zii Burebista de trei luni viseaz\u0103 la nop\u0163i lini\u015ftite \u015fi zile senine. Ace\u015ftia\u00a0 sunt teroriza\u0163ii zi \u015fi noapte de gal\u0103gia infernal\u0103 generat\u0103 de o fabric\u0103 din apropiere, care potrivit lor\u00a0 produce alcool. Oamenii spun c\u0103 din cauza\u00a0 camioanelor care transport\u0103 materia prim\u0103 la fabric\u0103 este deteriorat drumul \u015fi zilnic strada este plin\u0103 de colb. [&hellip;]<\/p>\n","protected":false},"author":4,"featured_media":16237,"comment_status":"closed","ping_status":"closed","sticky":false,"template":"","format":"standard","meta":{"footnotes":""},"categories":[6353],"tags":[],"class_list":["post-16236","post","type-post","status-publish","format-standard","has-post-thumbnail","hentry","category-oras"],"yoast_head":"<!-- This site is optimized with the Yoast SEO plugin v27.4 - https:\/\/yoast.com\/product\/yoast-seo-wordpress\/ -->\n<title>LOCUITORII UNEI STR\u0102ZI DIN B\u0102L\u0162I NU AU PARTE DE NOP\u0162I LINI\u015eTITE - BTV<\/title>\n<meta name=\"robots\" content=\"index, follow, max-snippet:-1, max-image-preview:large, max-video-preview:-1\" \/>\n<link rel=\"canonical\" href=\"https:\/\/www.btv.md\/ro\/locuitorii-unei-strazi-din-balti-nu-au-parte-de-nopti-linistite\/\" \/>\n<meta property=\"og:locale\" content=\"ro_RO\" \/>\n<meta property=\"og:type\" content=\"article\" \/>\n<meta property=\"og:title\" content=\"LOCUITORII UNEI STR\u0102ZI DIN B\u0102L\u0162I NU AU PARTE DE NOP\u0162I LINI\u015eTITE - BTV\" \/>\n<meta property=\"og:description\" content=\"Locuitorii str\u0103zii Burebista de trei luni viseaz\u0103 la nop\u0163i lini\u015ftite \u015fi zile senine. Ace\u015ftia\u00a0 sunt teroriza\u0163ii zi \u015fi noapte de gal\u0103gia infernal\u0103 generat\u0103 de o fabric\u0103 din apropiere, care potrivit lor\u00a0 produce alcool. Oamenii spun c\u0103 din cauza\u00a0 camioanelor care transport\u0103 materia prim\u0103 la fabric\u0103 este deteriorat drumul \u015fi zilnic strada este plin\u0103 de colb. [&hellip;]\" \/>\n<meta property=\"og:url\" content=\"https:\/\/www.btv.md\/ro\/locuitorii-unei-strazi-din-balti-nu-au-parte-de-nopti-linistite\/\" \/>\n<meta property=\"og:site_name\" content=\"BTV\" \/>\n<meta property=\"article:publisher\" content=\"https:\/\/www.facebook.com\/btvmoldova\/\" \/>\n<meta property=\"article:published_time\" content=\"2016-08-03T19:25:54+00:00\" \/>\n<meta property=\"article:modified_time\" content=\"2016-08-03T19:26:09+00:00\" \/>\n<meta property=\"og:image\" content=\"https:\/\/www.btv.md\/wp-content\/uploads\/2016\/08\/rgwg.jpg\" \/>\n\t<meta property=\"og:image:width\" content=\"600\" \/>\n\t<meta property=\"og:image:height\" content=\"400\" \/>\n\t<meta property=\"og:image:type\" content=\"image\/jpeg\" \/>\n<meta name=\"author\" content=\"admin\" \/>\n<meta name=\"twitter:label1\" content=\"Scris de\" \/>\n\t<meta name=\"twitter:data1\" content=\"admin\" \/>\n\t<meta name=\"twitter:label2\" content=\"Timp estimat pentru citire\" \/>\n\t<meta name=\"twitter:data2\" content=\"1 minut\" \/>\n<script type=\"application\/ld+json\" class=\"yoast-schema-graph\">{\"@context\":\"https:\\\/\\\/schema.org\",\"@graph\":[{\"@type\":\"Article\",\"@id\":\"https:\\\/\\\/www.btv.md\\\/ro\\\/locuitorii-unei-strazi-din-balti-nu-au-parte-de-nopti-linistite\\\/#article\",\"isPartOf\":{\"@id\":\"https:\\\/\\\/www.btv.md\\\/ro\\\/locuitorii-unei-strazi-din-balti-nu-au-parte-de-nopti-linistite\\\/\"},\"author\":{\"name\":\"admin\",\"@id\":\"https:\\\/\\\/www.btv.md\\\/#\\\/schema\\\/person\\\/8fadce81561b3ce2c34c46dadc4ccbf2\"},\"headline\":\"LOCUITORII UNEI STR\u0102ZI DIN B\u0102L\u0162I NU AU PARTE DE NOP\u0162I LINI\u015eTITE\",\"datePublished\":\"2016-08-03T19:25:54+00:00\",\"dateModified\":\"2016-08-03T19:26:09+00:00\",\"mainEntityOfPage\":{\"@id\":\"https:\\\/\\\/www.btv.md\\\/ro\\\/locuitorii-unei-strazi-din-balti-nu-au-parte-de-nopti-linistite\\\/\"},\"wordCount\":160,\"image\":{\"@id\":\"https:\\\/\\\/www.btv.md\\\/ro\\\/locuitorii-unei-strazi-din-balti-nu-au-parte-de-nopti-linistite\\\/#primaryimage\"},\"thumbnailUrl\":\"https:\\\/\\\/www.btv.md\\\/wp-content\\\/uploads\\\/2016\\\/08\\\/rgwg.jpg\",\"articleSection\":[\"Ora\u0219\"],\"inLanguage\":\"ro-RO\"},{\"@type\":\"WebPage\",\"@id\":\"https:\\\/\\\/www.btv.md\\\/ro\\\/locuitorii-unei-strazi-din-balti-nu-au-parte-de-nopti-linistite\\\/\",\"url\":\"https:\\\/\\\/www.btv.md\\\/ro\\\/locuitorii-unei-strazi-din-balti-nu-au-parte-de-nopti-linistite\\\/\",\"name\":\"LOCUITORII UNEI STR\u0102ZI DIN B\u0102L\u0162I NU AU PARTE DE NOP\u0162I LINI\u015eTITE - BTV\",\"isPartOf\":{\"@id\":\"https:\\\/\\\/www.btv.md\\\/#website\"},\"primaryImageOfPage\":{\"@id\":\"https:\\\/\\\/www.btv.md\\\/ro\\\/locuitorii-unei-strazi-din-balti-nu-au-parte-de-nopti-linistite\\\/#primaryimage\"},\"image\":{\"@id\":\"https:\\\/\\\/www.btv.md\\\/ro\\\/locuitorii-unei-strazi-din-balti-nu-au-parte-de-nopti-linistite\\\/#primaryimage\"},\"thumbnailUrl\":\"https:\\\/\\\/www.btv.md\\\/wp-content\\\/uploads\\\/2016\\\/08\\\/rgwg.jpg\",\"datePublished\":\"2016-08-03T19:25:54+00:00\",\"dateModified\":\"2016-08-03T19:26:09+00:00\",\"author\":{\"@id\":\"https:\\\/\\\/www.btv.md\\\/#\\\/schema\\\/person\\\/8fadce81561b3ce2c34c46dadc4ccbf2\"},\"inLanguage\":\"ro-RO\",\"potentialAction\":[{\"@type\":\"ReadAction\",\"target\":[\"https:\\\/\\\/www.btv.md\\\/ro\\\/locuitorii-unei-strazi-din-balti-nu-au-parte-de-nopti-linistite\\\/\"]}]},{\"@type\":\"ImageObject\",\"inLanguage\":\"ro-RO\",\"@id\":\"https:\\\/\\\/www.btv.md\\\/ro\\\/locuitorii-unei-strazi-din-balti-nu-au-parte-de-nopti-linistite\\\/#primaryimage\",\"url\":\"https:\\\/\\\/www.btv.md\\\/wp-content\\\/uploads\\\/2016\\\/08\\\/rgwg.jpg\",\"contentUrl\":\"https:\\\/\\\/www.btv.md\\\/wp-content\\\/uploads\\\/2016\\\/08\\\/rgwg.jpg\",\"width\":600,\"height\":400},{\"@type\":\"WebSite\",\"@id\":\"https:\\\/\\\/www.btv.md\\\/#website\",\"url\":\"https:\\\/\\\/www.btv.md\\\/\",\"name\":\"BTV\",\"description\":\"\u0411\u0435\u043b\u044c\u0446\u043a\u043e\u0435 \u0442\u0435\u043b\u0435\u0432\u0438\u0434\u0435\u043d\u0438\u0435\",\"potentialAction\":[{\"@type\":\"SearchAction\",\"target\":{\"@type\":\"EntryPoint\",\"urlTemplate\":\"https:\\\/\\\/www.btv.md\\\/?s={search_term_string}\"},\"query-input\":{\"@type\":\"PropertyValueSpecification\",\"valueRequired\":true,\"valueName\":\"search_term_string\"}}],\"inLanguage\":\"ro-RO\"},{\"@type\":\"Person\",\"@id\":\"https:\\\/\\\/www.btv.md\\\/#\\\/schema\\\/person\\\/8fadce81561b3ce2c34c46dadc4ccbf2\",\"name\":\"admin\"}]}<\/script>\n<!-- \/ Yoast SEO plugin. -->","yoast_head_json":{"title":"LOCUITORII UNEI STR\u0102ZI DIN B\u0102L\u0162I NU AU PARTE DE NOP\u0162I LINI\u015eTITE - BTV","robots":{"index":"index","follow":"follow","max-snippet":"max-snippet:-1","max-image-preview":"max-image-preview:large","max-video-preview":"max-video-preview:-1"},"canonical":"https:\/\/www.btv.md\/ro\/locuitorii-unei-strazi-din-balti-nu-au-parte-de-nopti-linistite\/","og_locale":"ro_RO","og_type":"article","og_title":"LOCUITORII UNEI STR\u0102ZI DIN B\u0102L\u0162I NU AU PARTE DE NOP\u0162I LINI\u015eTITE - BTV","og_description":"Locuitorii str\u0103zii Burebista de trei luni viseaz\u0103 la nop\u0163i lini\u015ftite \u015fi zile senine. Ace\u015ftia\u00a0 sunt teroriza\u0163ii zi \u015fi noapte de gal\u0103gia infernal\u0103 generat\u0103 de o fabric\u0103 din apropiere, care potrivit lor\u00a0 produce alcool. Oamenii spun c\u0103 din cauza\u00a0 camioanelor care transport\u0103 materia prim\u0103 la fabric\u0103 este deteriorat drumul \u015fi zilnic strada este plin\u0103 de colb. [&hellip;]","og_url":"https:\/\/www.btv.md\/ro\/locuitorii-unei-strazi-din-balti-nu-au-parte-de-nopti-linistite\/","og_site_name":"BTV","article_publisher":"https:\/\/www.facebook.com\/btvmoldova\/","article_published_time":"2016-08-03T19:25:54+00:00","article_modified_time":"2016-08-03T19:26:09+00:00","og_image":[{"width":600,"height":400,"url":"https:\/\/www.btv.md\/wp-content\/uploads\/2016\/08\/rgwg.jpg","type":"image\/jpeg"}],"author":"admin","twitter_misc":{"Scris de":"admin","Timp estimat pentru citire":"1 minut"},"schema":{"@context":"https:\/\/schema.org","@graph":[{"@type":"Article","@id":"https:\/\/www.btv.md\/ro\/locuitorii-unei-strazi-din-balti-nu-au-parte-de-nopti-linistite\/#article","isPartOf":{"@id":"https:\/\/www.btv.md\/ro\/locuitorii-unei-strazi-din-balti-nu-au-parte-de-nopti-linistite\/"},"author":{"name":"admin","@id":"https:\/\/www.btv.md\/#\/schema\/person\/8fadce81561b3ce2c34c46dadc4ccbf2"},"headline":"LOCUITORII UNEI STR\u0102ZI DIN B\u0102L\u0162I NU AU PARTE DE NOP\u0162I LINI\u015eTITE","datePublished":"2016-08-03T19:25:54+00:00","dateModified":"2016-08-03T19:26:09+00:00","mainEntityOfPage":{"@id":"https:\/\/www.btv.md\/ro\/locuitorii-unei-strazi-din-balti-nu-au-parte-de-nopti-linistite\/"},"wordCount":160,"image":{"@id":"https:\/\/www.btv.md\/ro\/locuitorii-unei-strazi-din-balti-nu-au-parte-de-nopti-linistite\/#primaryimage"},"thumbnailUrl":"https:\/\/www.btv.md\/wp-content\/uploads\/2016\/08\/rgwg.jpg","articleSection":["Ora\u0219"],"inLanguage":"ro-RO"},{"@type":"WebPage","@id":"https:\/\/www.btv.md\/ro\/locuitorii-unei-strazi-din-balti-nu-au-parte-de-nopti-linistite\/","url":"https:\/\/www.btv.md\/ro\/locuitorii-unei-strazi-din-balti-nu-au-parte-de-nopti-linistite\/","name":"LOCUITORII UNEI STR\u0102ZI DIN B\u0102L\u0162I NU AU PARTE DE NOP\u0162I LINI\u015eTITE - BTV","isPartOf":{"@id":"https:\/\/www.btv.md\/#website"},"primaryImageOfPage":{"@id":"https:\/\/www.btv.md\/ro\/locuitorii-unei-strazi-din-balti-nu-au-parte-de-nopti-linistite\/#primaryimage"},"image":{"@id":"https:\/\/www.btv.md\/ro\/locuitorii-unei-strazi-din-balti-nu-au-parte-de-nopti-linistite\/#primaryimage"},"thumbnailUrl":"https:\/\/www.btv.md\/wp-content\/uploads\/2016\/08\/rgwg.jpg","datePublished":"2016-08-03T19:25:54+00:00","dateModified":"2016-08-03T19:26:09+00:00","author":{"@id":"https:\/\/www.btv.md\/#\/schema\/person\/8fadce81561b3ce2c34c46dadc4ccbf2"},"inLanguage":"ro-RO","potentialAction":[{"@type":"ReadAction","target":["https:\/\/www.btv.md\/ro\/locuitorii-unei-strazi-din-balti-nu-au-parte-de-nopti-linistite\/"]}]},{"@type":"ImageObject","inLanguage":"ro-RO","@id":"https:\/\/www.btv.md\/ro\/locuitorii-unei-strazi-din-balti-nu-au-parte-de-nopti-linistite\/#primaryimage","url":"https:\/\/www.btv.md\/wp-content\/uploads\/2016\/08\/rgwg.jpg","contentUrl":"https:\/\/www.btv.md\/wp-content\/uploads\/2016\/08\/rgwg.jpg","width":600,"height":400},{"@type":"WebSite","@id":"https:\/\/www.btv.md\/#website","url":"https:\/\/www.btv.md\/","name":"BTV","description":"\u0411\u0435\u043b\u044c\u0446\u043a\u043e\u0435 \u0442\u0435\u043b\u0435\u0432\u0438\u0434\u0435\u043d\u0438\u0435","potentialAction":[{"@type":"SearchAction","target":{"@type":"EntryPoint","urlTemplate":"https:\/\/www.btv.md\/?s={search_term_string}"},"query-input":{"@type":"PropertyValueSpecification","valueRequired":true,"valueName":"search_term_string"}}],"inLanguage":"ro-RO"},{"@type":"Person","@id":"https:\/\/www.btv.md\/#\/schema\/person\/8fadce81561b3ce2c34c46dadc4ccbf2","name":"admin"}]}},"_links":{"self":[{"href":"https:\/\/www.btv.md\/ro\/wp-json\/wp\/v2\/posts\/16236","targetHints":{"allow":["GET"]}}],"collection":[{"href":"https:\/\/www.btv.md\/ro\/wp-json\/wp\/v2\/posts"}],"about":[{"href":"https:\/\/www.btv.md\/ro\/wp-json\/wp\/v2\/types\/post"}],"author":[{"embeddable":true,"href":"https:\/\/www.btv.md\/ro\/wp-json\/wp\/v2\/users\/4"}],"replies":[{"embeddable":true,"href":"https:\/\/www.btv.md\/ro\/wp-json\/wp\/v2\/comments?post=16236"}],"version-history":[{"count":0,"href":"https:\/\/www.btv.md\/ro\/wp-json\/wp\/v2\/posts\/16236\/revisions"}],"wp:featuredmedia":[{"embeddable":true,"href":"https:\/\/www.btv.md\/ro\/wp-json\/wp\/v2\/media\/16237"}],"wp:attachment":[{"href":"https:\/\/www.btv.md\/ro\/wp-json\/wp\/v2\/media?parent=16236"}],"wp:term":[{"taxonomy":"category","embeddable":true,"href":"https:\/\/www.btv.md\/ro\/wp-json\/wp\/v2\/categories?post=16236"},{"taxonomy":"post_tag","embeddable":true,"href":"https:\/\/www.btv.md\/ro\/wp-json\/wp\/v2\/tags?post=16236"}],"curies":[{"name":"wp","href":"https:\/\/api.w.org\/{rel}","templated":true}]}}