{"id":16261,"date":"2016-08-04T16:21:57","date_gmt":"2016-08-04T13:21:57","guid":{"rendered":"http:\/\/btv.md\/?p=16261"},"modified":"2016-08-04T16:22:05","modified_gmt":"2016-08-04T13:22:05","slug":"terasa-teatrului-din-balti-a-intrat-in-reparatie","status":"publish","type":"post","link":"https:\/\/www.btv.md\/ro\/terasa-teatrului-din-balti-a-intrat-in-reparatie\/","title":{"rendered":"TERASA  TEATRULUI  DIN  B\u0102L\u021aI  A  INTRAT  \u00ceN  REPARA\u0162IE"},"content":{"rendered":"<p>Terasa Teatrului Na\u021bional \u201eVasile Alecsandri\u201d din B\u0103l\u021bi a intrat \u00een repara\u021bie. Lucr\u0103rile de renovare a tavanului \u0219i a pere\u021bilor au demarat recent \u0219i urmeaz\u0103 s\u0103 fie finalizate p\u00e2n\u0103 la \u00eenceputul lunii septembrie. Directorul teatrului, Anatol R\u0103cil\u0103, a men\u021bionat c\u0103 este vorba despre o colaborare cu un agent economic, care a venit cu ini\u021biativa de a deschide o cafenea. \u00a0Potrivit lui R\u0103cil\u0103, acest lucru va aduce un profit considerabil teatrului \u0219i va pune punct mizeriei \u0219i vizitelor continue ale fum\u0103torilor \u0219i vandalilor.<\/p>\n<p><iframe width=\"1170\" height=\"878\" data-src=\"https:\/\/www.youtube.com\/embed\/2-4jWfQ0hP4?wmode=transparent&amp;rel=0&amp;feature=oembed\" frameborder=\"0\" allow=\"accelerometer; autoplay; encrypted-media; gyroscope; picture-in-picture\" allowfullscreen src=\"data:image\/svg+xml;base64,PHN2ZyB3aWR0aD0iMSIgaGVpZ2h0PSIxIiB4bWxucz0iaHR0cDovL3d3dy53My5vcmcvMjAwMC9zdmciPjwvc3ZnPg==\" class=\"lazyload\" data-load-mode=\"1\"><\/iframe><\/p>\n<p>R\u0103cil\u0103 a mai accentuat, c\u0103 arhitectura teatrului nu va avea de suferit. Ba dimpotriv\u0103, totul va ar\u0103ta mult mai bine. Plus la toate, directorul sper\u0103 c\u0103 astfel vor putea atrage mai mul\u021bi spectatori.<\/p>\n<p>Arenda va aduce un venit lunar de aproape 20 de mii de lei, bani care vor fi cheltui\u0163i pentru \u00eentre\u021binerea teatrului.<\/p>\n","protected":false},"excerpt":{"rendered":"<p>Terasa Teatrului Na\u021bional \u201eVasile Alecsandri\u201d din B\u0103l\u021bi a intrat \u00een repara\u021bie. Lucr\u0103rile de renovare a tavanului \u0219i a pere\u021bilor au demarat recent \u0219i urmeaz\u0103 s\u0103 fie finalizate p\u00e2n\u0103 la \u00eenceputul lunii septembrie. Directorul teatrului, Anatol R\u0103cil\u0103, a men\u021bionat c\u0103 este vorba despre o colaborare cu un agent economic, care a venit cu ini\u021biativa de a [&hellip;]<\/p>\n","protected":false},"author":4,"featured_media":16262,"comment_status":"closed","ping_status":"closed","sticky":false,"template":"","format":"standard","meta":{"footnotes":""},"categories":[6349],"tags":[],"class_list":["post-16261","post","type-post","status-publish","format-standard","has-post-thumbnail","hentry","category-social"],"yoast_head":"<!-- This site is optimized with the Yoast SEO plugin v27.4 - https:\/\/yoast.com\/product\/yoast-seo-wordpress\/ -->\n<title>TERASA TEATRULUI DIN B\u0102L\u021aI A INTRAT \u00ceN REPARA\u0162IE - BTV<\/title>\n<meta name=\"robots\" content=\"index, follow, max-snippet:-1, max-image-preview:large, max-video-preview:-1\" \/>\n<link rel=\"canonical\" href=\"https:\/\/www.btv.md\/ro\/terasa-teatrului-din-balti-a-intrat-in-reparatie\/\" \/>\n<meta property=\"og:locale\" content=\"ro_RO\" \/>\n<meta property=\"og:type\" content=\"article\" \/>\n<meta property=\"og:title\" content=\"TERASA TEATRULUI DIN B\u0102L\u021aI A INTRAT \u00ceN REPARA\u0162IE - BTV\" \/>\n<meta property=\"og:description\" content=\"Terasa Teatrului Na\u021bional \u201eVasile Alecsandri\u201d din B\u0103l\u021bi a intrat \u00een repara\u021bie. Lucr\u0103rile de renovare a tavanului \u0219i a pere\u021bilor au demarat recent \u0219i urmeaz\u0103 s\u0103 fie finalizate p\u00e2n\u0103 la \u00eenceputul lunii septembrie. Directorul teatrului, Anatol R\u0103cil\u0103, a men\u021bionat c\u0103 este vorba despre o colaborare cu un agent economic, care a venit cu ini\u021biativa de a [&hellip;]\" \/>\n<meta property=\"og:url\" content=\"https:\/\/www.btv.md\/ro\/terasa-teatrului-din-balti-a-intrat-in-reparatie\/\" \/>\n<meta property=\"og:site_name\" content=\"BTV\" \/>\n<meta property=\"article:publisher\" content=\"https:\/\/www.facebook.com\/btvmoldova\/\" \/>\n<meta property=\"article:published_time\" content=\"2016-08-04T13:21:57+00:00\" \/>\n<meta property=\"article:modified_time\" content=\"2016-08-04T13:22:05+00:00\" \/>\n<meta property=\"og:image\" content=\"https:\/\/www.btv.md\/wp-content\/uploads\/2016\/08\/hrtw.jpg\" \/>\n\t<meta property=\"og:image:width\" content=\"600\" \/>\n\t<meta property=\"og:image:height\" content=\"400\" \/>\n\t<meta property=\"og:image:type\" content=\"image\/jpeg\" \/>\n<meta name=\"author\" content=\"admin\" \/>\n<meta name=\"twitter:label1\" content=\"Scris de\" \/>\n\t<meta name=\"twitter:data1\" content=\"admin\" \/>\n\t<meta name=\"twitter:label2\" content=\"Timp estimat pentru citire\" \/>\n\t<meta name=\"twitter:data2\" content=\"1 minut\" \/>\n<script type=\"application\/ld+json\" class=\"yoast-schema-graph\">{\"@context\":\"https:\\\/\\\/schema.org\",\"@graph\":[{\"@type\":\"Article\",\"@id\":\"https:\\\/\\\/www.btv.md\\\/ro\\\/terasa-teatrului-din-balti-a-intrat-in-reparatie\\\/#article\",\"isPartOf\":{\"@id\":\"https:\\\/\\\/www.btv.md\\\/ro\\\/terasa-teatrului-din-balti-a-intrat-in-reparatie\\\/\"},\"author\":{\"name\":\"admin\",\"@id\":\"https:\\\/\\\/www.btv.md\\\/#\\\/schema\\\/person\\\/8fadce81561b3ce2c34c46dadc4ccbf2\"},\"headline\":\"TERASA TEATRULUI DIN B\u0102L\u021aI A INTRAT \u00ceN REPARA\u0162IE\",\"datePublished\":\"2016-08-04T13:21:57+00:00\",\"dateModified\":\"2016-08-04T13:22:05+00:00\",\"mainEntityOfPage\":{\"@id\":\"https:\\\/\\\/www.btv.md\\\/ro\\\/terasa-teatrului-din-balti-a-intrat-in-reparatie\\\/\"},\"wordCount\":168,\"image\":{\"@id\":\"https:\\\/\\\/www.btv.md\\\/ro\\\/terasa-teatrului-din-balti-a-intrat-in-reparatie\\\/#primaryimage\"},\"thumbnailUrl\":\"https:\\\/\\\/www.btv.md\\\/wp-content\\\/uploads\\\/2016\\\/08\\\/hrtw.jpg\",\"articleSection\":[\"Social\"],\"inLanguage\":\"ro-RO\"},{\"@type\":\"WebPage\",\"@id\":\"https:\\\/\\\/www.btv.md\\\/ro\\\/terasa-teatrului-din-balti-a-intrat-in-reparatie\\\/\",\"url\":\"https:\\\/\\\/www.btv.md\\\/ro\\\/terasa-teatrului-din-balti-a-intrat-in-reparatie\\\/\",\"name\":\"TERASA TEATRULUI DIN B\u0102L\u021aI A INTRAT \u00ceN REPARA\u0162IE - BTV\",\"isPartOf\":{\"@id\":\"https:\\\/\\\/www.btv.md\\\/#website\"},\"primaryImageOfPage\":{\"@id\":\"https:\\\/\\\/www.btv.md\\\/ro\\\/terasa-teatrului-din-balti-a-intrat-in-reparatie\\\/#primaryimage\"},\"image\":{\"@id\":\"https:\\\/\\\/www.btv.md\\\/ro\\\/terasa-teatrului-din-balti-a-intrat-in-reparatie\\\/#primaryimage\"},\"thumbnailUrl\":\"https:\\\/\\\/www.btv.md\\\/wp-content\\\/uploads\\\/2016\\\/08\\\/hrtw.jpg\",\"datePublished\":\"2016-08-04T13:21:57+00:00\",\"dateModified\":\"2016-08-04T13:22:05+00:00\",\"author\":{\"@id\":\"https:\\\/\\\/www.btv.md\\\/#\\\/schema\\\/person\\\/8fadce81561b3ce2c34c46dadc4ccbf2\"},\"inLanguage\":\"ro-RO\",\"potentialAction\":[{\"@type\":\"ReadAction\",\"target\":[\"https:\\\/\\\/www.btv.md\\\/ro\\\/terasa-teatrului-din-balti-a-intrat-in-reparatie\\\/\"]}]},{\"@type\":\"ImageObject\",\"inLanguage\":\"ro-RO\",\"@id\":\"https:\\\/\\\/www.btv.md\\\/ro\\\/terasa-teatrului-din-balti-a-intrat-in-reparatie\\\/#primaryimage\",\"url\":\"https:\\\/\\\/www.btv.md\\\/wp-content\\\/uploads\\\/2016\\\/08\\\/hrtw.jpg\",\"contentUrl\":\"https:\\\/\\\/www.btv.md\\\/wp-content\\\/uploads\\\/2016\\\/08\\\/hrtw.jpg\",\"width\":600,\"height\":400},{\"@type\":\"WebSite\",\"@id\":\"https:\\\/\\\/www.btv.md\\\/#website\",\"url\":\"https:\\\/\\\/www.btv.md\\\/\",\"name\":\"BTV\",\"description\":\"\u0411\u0435\u043b\u044c\u0446\u043a\u043e\u0435 \u0442\u0435\u043b\u0435\u0432\u0438\u0434\u0435\u043d\u0438\u0435\",\"potentialAction\":[{\"@type\":\"SearchAction\",\"target\":{\"@type\":\"EntryPoint\",\"urlTemplate\":\"https:\\\/\\\/www.btv.md\\\/?s={search_term_string}\"},\"query-input\":{\"@type\":\"PropertyValueSpecification\",\"valueRequired\":true,\"valueName\":\"search_term_string\"}}],\"inLanguage\":\"ro-RO\"},{\"@type\":\"Person\",\"@id\":\"https:\\\/\\\/www.btv.md\\\/#\\\/schema\\\/person\\\/8fadce81561b3ce2c34c46dadc4ccbf2\",\"name\":\"admin\"}]}<\/script>\n<!-- \/ Yoast SEO plugin. -->","yoast_head_json":{"title":"TERASA TEATRULUI DIN B\u0102L\u021aI A INTRAT \u00ceN REPARA\u0162IE - BTV","robots":{"index":"index","follow":"follow","max-snippet":"max-snippet:-1","max-image-preview":"max-image-preview:large","max-video-preview":"max-video-preview:-1"},"canonical":"https:\/\/www.btv.md\/ro\/terasa-teatrului-din-balti-a-intrat-in-reparatie\/","og_locale":"ro_RO","og_type":"article","og_title":"TERASA TEATRULUI DIN B\u0102L\u021aI A INTRAT \u00ceN REPARA\u0162IE - BTV","og_description":"Terasa Teatrului Na\u021bional \u201eVasile Alecsandri\u201d din B\u0103l\u021bi a intrat \u00een repara\u021bie. Lucr\u0103rile de renovare a tavanului \u0219i a pere\u021bilor au demarat recent \u0219i urmeaz\u0103 s\u0103 fie finalizate p\u00e2n\u0103 la \u00eenceputul lunii septembrie. Directorul teatrului, Anatol R\u0103cil\u0103, a men\u021bionat c\u0103 este vorba despre o colaborare cu un agent economic, care a venit cu ini\u021biativa de a [&hellip;]","og_url":"https:\/\/www.btv.md\/ro\/terasa-teatrului-din-balti-a-intrat-in-reparatie\/","og_site_name":"BTV","article_publisher":"https:\/\/www.facebook.com\/btvmoldova\/","article_published_time":"2016-08-04T13:21:57+00:00","article_modified_time":"2016-08-04T13:22:05+00:00","og_image":[{"width":600,"height":400,"url":"https:\/\/www.btv.md\/wp-content\/uploads\/2016\/08\/hrtw.jpg","type":"image\/jpeg"}],"author":"admin","twitter_misc":{"Scris de":"admin","Timp estimat pentru citire":"1 minut"},"schema":{"@context":"https:\/\/schema.org","@graph":[{"@type":"Article","@id":"https:\/\/www.btv.md\/ro\/terasa-teatrului-din-balti-a-intrat-in-reparatie\/#article","isPartOf":{"@id":"https:\/\/www.btv.md\/ro\/terasa-teatrului-din-balti-a-intrat-in-reparatie\/"},"author":{"name":"admin","@id":"https:\/\/www.btv.md\/#\/schema\/person\/8fadce81561b3ce2c34c46dadc4ccbf2"},"headline":"TERASA TEATRULUI DIN B\u0102L\u021aI A INTRAT \u00ceN REPARA\u0162IE","datePublished":"2016-08-04T13:21:57+00:00","dateModified":"2016-08-04T13:22:05+00:00","mainEntityOfPage":{"@id":"https:\/\/www.btv.md\/ro\/terasa-teatrului-din-balti-a-intrat-in-reparatie\/"},"wordCount":168,"image":{"@id":"https:\/\/www.btv.md\/ro\/terasa-teatrului-din-balti-a-intrat-in-reparatie\/#primaryimage"},"thumbnailUrl":"https:\/\/www.btv.md\/wp-content\/uploads\/2016\/08\/hrtw.jpg","articleSection":["Social"],"inLanguage":"ro-RO"},{"@type":"WebPage","@id":"https:\/\/www.btv.md\/ro\/terasa-teatrului-din-balti-a-intrat-in-reparatie\/","url":"https:\/\/www.btv.md\/ro\/terasa-teatrului-din-balti-a-intrat-in-reparatie\/","name":"TERASA TEATRULUI DIN B\u0102L\u021aI A INTRAT \u00ceN REPARA\u0162IE - BTV","isPartOf":{"@id":"https:\/\/www.btv.md\/#website"},"primaryImageOfPage":{"@id":"https:\/\/www.btv.md\/ro\/terasa-teatrului-din-balti-a-intrat-in-reparatie\/#primaryimage"},"image":{"@id":"https:\/\/www.btv.md\/ro\/terasa-teatrului-din-balti-a-intrat-in-reparatie\/#primaryimage"},"thumbnailUrl":"https:\/\/www.btv.md\/wp-content\/uploads\/2016\/08\/hrtw.jpg","datePublished":"2016-08-04T13:21:57+00:00","dateModified":"2016-08-04T13:22:05+00:00","author":{"@id":"https:\/\/www.btv.md\/#\/schema\/person\/8fadce81561b3ce2c34c46dadc4ccbf2"},"inLanguage":"ro-RO","potentialAction":[{"@type":"ReadAction","target":["https:\/\/www.btv.md\/ro\/terasa-teatrului-din-balti-a-intrat-in-reparatie\/"]}]},{"@type":"ImageObject","inLanguage":"ro-RO","@id":"https:\/\/www.btv.md\/ro\/terasa-teatrului-din-balti-a-intrat-in-reparatie\/#primaryimage","url":"https:\/\/www.btv.md\/wp-content\/uploads\/2016\/08\/hrtw.jpg","contentUrl":"https:\/\/www.btv.md\/wp-content\/uploads\/2016\/08\/hrtw.jpg","width":600,"height":400},{"@type":"WebSite","@id":"https:\/\/www.btv.md\/#website","url":"https:\/\/www.btv.md\/","name":"BTV","description":"\u0411\u0435\u043b\u044c\u0446\u043a\u043e\u0435 \u0442\u0435\u043b\u0435\u0432\u0438\u0434\u0435\u043d\u0438\u0435","potentialAction":[{"@type":"SearchAction","target":{"@type":"EntryPoint","urlTemplate":"https:\/\/www.btv.md\/?s={search_term_string}"},"query-input":{"@type":"PropertyValueSpecification","valueRequired":true,"valueName":"search_term_string"}}],"inLanguage":"ro-RO"},{"@type":"Person","@id":"https:\/\/www.btv.md\/#\/schema\/person\/8fadce81561b3ce2c34c46dadc4ccbf2","name":"admin"}]}},"_links":{"self":[{"href":"https:\/\/www.btv.md\/ro\/wp-json\/wp\/v2\/posts\/16261","targetHints":{"allow":["GET"]}}],"collection":[{"href":"https:\/\/www.btv.md\/ro\/wp-json\/wp\/v2\/posts"}],"about":[{"href":"https:\/\/www.btv.md\/ro\/wp-json\/wp\/v2\/types\/post"}],"author":[{"embeddable":true,"href":"https:\/\/www.btv.md\/ro\/wp-json\/wp\/v2\/users\/4"}],"replies":[{"embeddable":true,"href":"https:\/\/www.btv.md\/ro\/wp-json\/wp\/v2\/comments?post=16261"}],"version-history":[{"count":0,"href":"https:\/\/www.btv.md\/ro\/wp-json\/wp\/v2\/posts\/16261\/revisions"}],"wp:featuredmedia":[{"embeddable":true,"href":"https:\/\/www.btv.md\/ro\/wp-json\/wp\/v2\/media\/16262"}],"wp:attachment":[{"href":"https:\/\/www.btv.md\/ro\/wp-json\/wp\/v2\/media?parent=16261"}],"wp:term":[{"taxonomy":"category","embeddable":true,"href":"https:\/\/www.btv.md\/ro\/wp-json\/wp\/v2\/categories?post=16261"},{"taxonomy":"post_tag","embeddable":true,"href":"https:\/\/www.btv.md\/ro\/wp-json\/wp\/v2\/tags?post=16261"}],"curies":[{"name":"wp","href":"https:\/\/api.w.org\/{rel}","templated":true}]}}