{"id":16264,"date":"2016-08-04T16:50:16","date_gmt":"2016-08-04T13:50:16","guid":{"rendered":"http:\/\/btv.md\/?p=16264"},"modified":"2016-08-04T16:50:24","modified_gmt":"2016-08-04T13:50:24","slug":"la-balti-a-inceput-comercializarea-miezului-de-nuca-verde","status":"publish","type":"post","link":"https:\/\/www.btv.md\/ro\/la-balti-a-inceput-comercializarea-miezului-de-nuca-verde\/","title":{"rendered":"LA  B\u0102L\u021aI  A  \u00ceNCEPUT  COMERCIALIZAREA   MIEZULUI  DE  NUC\u0102  VERDE"},"content":{"rendered":"<p><strong>\u00cen pie\u021bele din municipiul B\u0103l\u021bi a ap\u0103rut primul miez de nuc\u0103 verde. V\u00e2nz\u0103torii spun c\u0103 de\u0219i este prematur\u0103 comercializarea miezului de nuc\u0103, totu\u0219i pentru ei aceasta reprezint\u0103 unica surs\u0103 de venit.<\/strong><\/p>\n<p><iframe width=\"1170\" height=\"878\" data-src=\"https:\/\/www.youtube.com\/embed\/ayXXUT6G5KY?wmode=transparent&amp;rel=0&amp;feature=oembed\" frameborder=\"0\" allow=\"accelerometer; autoplay; encrypted-media; gyroscope; picture-in-picture\" allowfullscreen src=\"data:image\/svg+xml;base64,PHN2ZyB3aWR0aD0iMSIgaGVpZ2h0PSIxIiB4bWxucz0iaHR0cDovL3d3dy53My5vcmcvMjAwMC9zdmciPjwvc3ZnPg==\" class=\"lazyload\" data-load-mode=\"1\"><\/iframe><\/p>\n<p>Comercian\u021bii ambulan\u021bi spun c\u0103 de o s\u0103pt\u0103m\u00e2n\u0103 nu-\u0219i m-ai v\u0103d capul din coji de nuc\u0103. Potrivit lor produsul este la mare c\u0103utare.<\/p>\n<p>Cump\u0103r\u0103toriin afirm\u0103 c\u0103 sunt mul\u021bumi\u021bi at\u00e2t de pre\u021b c\u00e2t \u0219i de calitatea miezului de nuc\u0103 verde.<\/p>\n<p>\u00a0\u00cen pie\u021bele\u00a0 din municipiul B\u0103l\u021bi un p\u0103har de 500 de ml de miez de nuc\u0103 verde cost\u0103 de la 10 la 15 lei.<\/p>\n","protected":false},"excerpt":{"rendered":"<p>\u00cen pie\u021bele din municipiul B\u0103l\u021bi a ap\u0103rut primul miez de nuc\u0103 verde. V\u00e2nz\u0103torii spun c\u0103 de\u0219i este prematur\u0103 comercializarea miezului de nuc\u0103, totu\u0219i pentru ei aceasta reprezint\u0103 unica surs\u0103 de venit. Comercian\u021bii ambulan\u021bi spun c\u0103 de o s\u0103pt\u0103m\u00e2n\u0103 nu-\u0219i m-ai v\u0103d capul din coji de nuc\u0103. Potrivit lor produsul este la mare c\u0103utare. Cump\u0103r\u0103toriin afirm\u0103 [&hellip;]<\/p>\n","protected":false},"author":4,"featured_media":16265,"comment_status":"closed","ping_status":"closed","sticky":false,"template":"","format":"standard","meta":{"footnotes":""},"categories":[6349],"tags":[],"class_list":["post-16264","post","type-post","status-publish","format-standard","has-post-thumbnail","hentry","category-social"],"yoast_head":"<!-- This site is optimized with the Yoast SEO plugin v27.4 - https:\/\/yoast.com\/product\/yoast-seo-wordpress\/ -->\n<title>LA B\u0102L\u021aI A \u00ceNCEPUT COMERCIALIZAREA  MIEZULUI DE NUC\u0102 VERDE  - BTV<\/title>\n<meta name=\"robots\" content=\"index, follow, max-snippet:-1, max-image-preview:large, max-video-preview:-1\" \/>\n<link rel=\"canonical\" href=\"https:\/\/www.btv.md\/ro\/la-balti-a-inceput-comercializarea-miezului-de-nuca-verde\/\" \/>\n<meta property=\"og:locale\" content=\"ro_RO\" \/>\n<meta property=\"og:type\" content=\"article\" \/>\n<meta property=\"og:title\" content=\"LA B\u0102L\u021aI A \u00ceNCEPUT COMERCIALIZAREA  MIEZULUI DE NUC\u0102 VERDE  - BTV\" \/>\n<meta property=\"og:description\" content=\"\u00cen pie\u021bele din municipiul B\u0103l\u021bi a ap\u0103rut primul miez de nuc\u0103 verde. V\u00e2nz\u0103torii spun c\u0103 de\u0219i este prematur\u0103 comercializarea miezului de nuc\u0103, totu\u0219i pentru ei aceasta reprezint\u0103 unica surs\u0103 de venit. Comercian\u021bii ambulan\u021bi spun c\u0103 de o s\u0103pt\u0103m\u00e2n\u0103 nu-\u0219i m-ai v\u0103d capul din coji de nuc\u0103. Potrivit lor produsul este la mare c\u0103utare. Cump\u0103r\u0103toriin afirm\u0103 [&hellip;]\" \/>\n<meta property=\"og:url\" content=\"https:\/\/www.btv.md\/ro\/la-balti-a-inceput-comercializarea-miezului-de-nuca-verde\/\" \/>\n<meta property=\"og:site_name\" content=\"BTV\" \/>\n<meta property=\"article:publisher\" content=\"https:\/\/www.facebook.com\/btvmoldova\/\" \/>\n<meta property=\"article:published_time\" content=\"2016-08-04T13:50:16+00:00\" \/>\n<meta property=\"article:modified_time\" content=\"2016-08-04T13:50:24+00:00\" \/>\n<meta property=\"og:image\" content=\"https:\/\/www.btv.md\/wp-content\/uploads\/2016\/08\/herg.jpg\" \/>\n\t<meta property=\"og:image:width\" content=\"600\" \/>\n\t<meta property=\"og:image:height\" content=\"400\" \/>\n\t<meta property=\"og:image:type\" content=\"image\/jpeg\" \/>\n<meta name=\"author\" content=\"admin\" \/>\n<meta name=\"twitter:label1\" content=\"Scris de\" \/>\n\t<meta name=\"twitter:data1\" content=\"admin\" \/>\n\t<meta name=\"twitter:label2\" content=\"Timp estimat pentru citire\" \/>\n\t<meta name=\"twitter:data2\" content=\"1 minut\" \/>\n<script type=\"application\/ld+json\" class=\"yoast-schema-graph\">{\"@context\":\"https:\\\/\\\/schema.org\",\"@graph\":[{\"@type\":\"Article\",\"@id\":\"https:\\\/\\\/www.btv.md\\\/ro\\\/la-balti-a-inceput-comercializarea-miezului-de-nuca-verde\\\/#article\",\"isPartOf\":{\"@id\":\"https:\\\/\\\/www.btv.md\\\/ro\\\/la-balti-a-inceput-comercializarea-miezului-de-nuca-verde\\\/\"},\"author\":{\"name\":\"admin\",\"@id\":\"https:\\\/\\\/www.btv.md\\\/#\\\/schema\\\/person\\\/8fadce81561b3ce2c34c46dadc4ccbf2\"},\"headline\":\"LA B\u0102L\u021aI A \u00ceNCEPUT COMERCIALIZAREA MIEZULUI DE NUC\u0102 VERDE\",\"datePublished\":\"2016-08-04T13:50:16+00:00\",\"dateModified\":\"2016-08-04T13:50:24+00:00\",\"mainEntityOfPage\":{\"@id\":\"https:\\\/\\\/www.btv.md\\\/ro\\\/la-balti-a-inceput-comercializarea-miezului-de-nuca-verde\\\/\"},\"wordCount\":132,\"image\":{\"@id\":\"https:\\\/\\\/www.btv.md\\\/ro\\\/la-balti-a-inceput-comercializarea-miezului-de-nuca-verde\\\/#primaryimage\"},\"thumbnailUrl\":\"https:\\\/\\\/www.btv.md\\\/wp-content\\\/uploads\\\/2016\\\/08\\\/herg.jpg\",\"articleSection\":[\"Social\"],\"inLanguage\":\"ro-RO\"},{\"@type\":\"WebPage\",\"@id\":\"https:\\\/\\\/www.btv.md\\\/ro\\\/la-balti-a-inceput-comercializarea-miezului-de-nuca-verde\\\/\",\"url\":\"https:\\\/\\\/www.btv.md\\\/ro\\\/la-balti-a-inceput-comercializarea-miezului-de-nuca-verde\\\/\",\"name\":\"LA B\u0102L\u021aI A \u00ceNCEPUT COMERCIALIZAREA MIEZULUI DE NUC\u0102 VERDE - BTV\",\"isPartOf\":{\"@id\":\"https:\\\/\\\/www.btv.md\\\/#website\"},\"primaryImageOfPage\":{\"@id\":\"https:\\\/\\\/www.btv.md\\\/ro\\\/la-balti-a-inceput-comercializarea-miezului-de-nuca-verde\\\/#primaryimage\"},\"image\":{\"@id\":\"https:\\\/\\\/www.btv.md\\\/ro\\\/la-balti-a-inceput-comercializarea-miezului-de-nuca-verde\\\/#primaryimage\"},\"thumbnailUrl\":\"https:\\\/\\\/www.btv.md\\\/wp-content\\\/uploads\\\/2016\\\/08\\\/herg.jpg\",\"datePublished\":\"2016-08-04T13:50:16+00:00\",\"dateModified\":\"2016-08-04T13:50:24+00:00\",\"author\":{\"@id\":\"https:\\\/\\\/www.btv.md\\\/#\\\/schema\\\/person\\\/8fadce81561b3ce2c34c46dadc4ccbf2\"},\"inLanguage\":\"ro-RO\",\"potentialAction\":[{\"@type\":\"ReadAction\",\"target\":[\"https:\\\/\\\/www.btv.md\\\/ro\\\/la-balti-a-inceput-comercializarea-miezului-de-nuca-verde\\\/\"]}]},{\"@type\":\"ImageObject\",\"inLanguage\":\"ro-RO\",\"@id\":\"https:\\\/\\\/www.btv.md\\\/ro\\\/la-balti-a-inceput-comercializarea-miezului-de-nuca-verde\\\/#primaryimage\",\"url\":\"https:\\\/\\\/www.btv.md\\\/wp-content\\\/uploads\\\/2016\\\/08\\\/herg.jpg\",\"contentUrl\":\"https:\\\/\\\/www.btv.md\\\/wp-content\\\/uploads\\\/2016\\\/08\\\/herg.jpg\",\"width\":600,\"height\":400},{\"@type\":\"WebSite\",\"@id\":\"https:\\\/\\\/www.btv.md\\\/#website\",\"url\":\"https:\\\/\\\/www.btv.md\\\/\",\"name\":\"BTV\",\"description\":\"\u0411\u0435\u043b\u044c\u0446\u043a\u043e\u0435 \u0442\u0435\u043b\u0435\u0432\u0438\u0434\u0435\u043d\u0438\u0435\",\"potentialAction\":[{\"@type\":\"SearchAction\",\"target\":{\"@type\":\"EntryPoint\",\"urlTemplate\":\"https:\\\/\\\/www.btv.md\\\/?s={search_term_string}\"},\"query-input\":{\"@type\":\"PropertyValueSpecification\",\"valueRequired\":true,\"valueName\":\"search_term_string\"}}],\"inLanguage\":\"ro-RO\"},{\"@type\":\"Person\",\"@id\":\"https:\\\/\\\/www.btv.md\\\/#\\\/schema\\\/person\\\/8fadce81561b3ce2c34c46dadc4ccbf2\",\"name\":\"admin\"}]}<\/script>\n<!-- \/ Yoast SEO plugin. -->","yoast_head_json":{"title":"LA B\u0102L\u021aI A \u00ceNCEPUT COMERCIALIZAREA  MIEZULUI DE NUC\u0102 VERDE  - BTV","robots":{"index":"index","follow":"follow","max-snippet":"max-snippet:-1","max-image-preview":"max-image-preview:large","max-video-preview":"max-video-preview:-1"},"canonical":"https:\/\/www.btv.md\/ro\/la-balti-a-inceput-comercializarea-miezului-de-nuca-verde\/","og_locale":"ro_RO","og_type":"article","og_title":"LA B\u0102L\u021aI A \u00ceNCEPUT COMERCIALIZAREA  MIEZULUI DE NUC\u0102 VERDE  - BTV","og_description":"\u00cen pie\u021bele din municipiul B\u0103l\u021bi a ap\u0103rut primul miez de nuc\u0103 verde. V\u00e2nz\u0103torii spun c\u0103 de\u0219i este prematur\u0103 comercializarea miezului de nuc\u0103, totu\u0219i pentru ei aceasta reprezint\u0103 unica surs\u0103 de venit. Comercian\u021bii ambulan\u021bi spun c\u0103 de o s\u0103pt\u0103m\u00e2n\u0103 nu-\u0219i m-ai v\u0103d capul din coji de nuc\u0103. Potrivit lor produsul este la mare c\u0103utare. Cump\u0103r\u0103toriin afirm\u0103 [&hellip;]","og_url":"https:\/\/www.btv.md\/ro\/la-balti-a-inceput-comercializarea-miezului-de-nuca-verde\/","og_site_name":"BTV","article_publisher":"https:\/\/www.facebook.com\/btvmoldova\/","article_published_time":"2016-08-04T13:50:16+00:00","article_modified_time":"2016-08-04T13:50:24+00:00","og_image":[{"width":600,"height":400,"url":"https:\/\/www.btv.md\/wp-content\/uploads\/2016\/08\/herg.jpg","type":"image\/jpeg"}],"author":"admin","twitter_misc":{"Scris de":"admin","Timp estimat pentru citire":"1 minut"},"schema":{"@context":"https:\/\/schema.org","@graph":[{"@type":"Article","@id":"https:\/\/www.btv.md\/ro\/la-balti-a-inceput-comercializarea-miezului-de-nuca-verde\/#article","isPartOf":{"@id":"https:\/\/www.btv.md\/ro\/la-balti-a-inceput-comercializarea-miezului-de-nuca-verde\/"},"author":{"name":"admin","@id":"https:\/\/www.btv.md\/#\/schema\/person\/8fadce81561b3ce2c34c46dadc4ccbf2"},"headline":"LA B\u0102L\u021aI A \u00ceNCEPUT COMERCIALIZAREA MIEZULUI DE NUC\u0102 VERDE","datePublished":"2016-08-04T13:50:16+00:00","dateModified":"2016-08-04T13:50:24+00:00","mainEntityOfPage":{"@id":"https:\/\/www.btv.md\/ro\/la-balti-a-inceput-comercializarea-miezului-de-nuca-verde\/"},"wordCount":132,"image":{"@id":"https:\/\/www.btv.md\/ro\/la-balti-a-inceput-comercializarea-miezului-de-nuca-verde\/#primaryimage"},"thumbnailUrl":"https:\/\/www.btv.md\/wp-content\/uploads\/2016\/08\/herg.jpg","articleSection":["Social"],"inLanguage":"ro-RO"},{"@type":"WebPage","@id":"https:\/\/www.btv.md\/ro\/la-balti-a-inceput-comercializarea-miezului-de-nuca-verde\/","url":"https:\/\/www.btv.md\/ro\/la-balti-a-inceput-comercializarea-miezului-de-nuca-verde\/","name":"LA B\u0102L\u021aI A \u00ceNCEPUT COMERCIALIZAREA MIEZULUI DE NUC\u0102 VERDE - BTV","isPartOf":{"@id":"https:\/\/www.btv.md\/#website"},"primaryImageOfPage":{"@id":"https:\/\/www.btv.md\/ro\/la-balti-a-inceput-comercializarea-miezului-de-nuca-verde\/#primaryimage"},"image":{"@id":"https:\/\/www.btv.md\/ro\/la-balti-a-inceput-comercializarea-miezului-de-nuca-verde\/#primaryimage"},"thumbnailUrl":"https:\/\/www.btv.md\/wp-content\/uploads\/2016\/08\/herg.jpg","datePublished":"2016-08-04T13:50:16+00:00","dateModified":"2016-08-04T13:50:24+00:00","author":{"@id":"https:\/\/www.btv.md\/#\/schema\/person\/8fadce81561b3ce2c34c46dadc4ccbf2"},"inLanguage":"ro-RO","potentialAction":[{"@type":"ReadAction","target":["https:\/\/www.btv.md\/ro\/la-balti-a-inceput-comercializarea-miezului-de-nuca-verde\/"]}]},{"@type":"ImageObject","inLanguage":"ro-RO","@id":"https:\/\/www.btv.md\/ro\/la-balti-a-inceput-comercializarea-miezului-de-nuca-verde\/#primaryimage","url":"https:\/\/www.btv.md\/wp-content\/uploads\/2016\/08\/herg.jpg","contentUrl":"https:\/\/www.btv.md\/wp-content\/uploads\/2016\/08\/herg.jpg","width":600,"height":400},{"@type":"WebSite","@id":"https:\/\/www.btv.md\/#website","url":"https:\/\/www.btv.md\/","name":"BTV","description":"\u0411\u0435\u043b\u044c\u0446\u043a\u043e\u0435 \u0442\u0435\u043b\u0435\u0432\u0438\u0434\u0435\u043d\u0438\u0435","potentialAction":[{"@type":"SearchAction","target":{"@type":"EntryPoint","urlTemplate":"https:\/\/www.btv.md\/?s={search_term_string}"},"query-input":{"@type":"PropertyValueSpecification","valueRequired":true,"valueName":"search_term_string"}}],"inLanguage":"ro-RO"},{"@type":"Person","@id":"https:\/\/www.btv.md\/#\/schema\/person\/8fadce81561b3ce2c34c46dadc4ccbf2","name":"admin"}]}},"_links":{"self":[{"href":"https:\/\/www.btv.md\/ro\/wp-json\/wp\/v2\/posts\/16264","targetHints":{"allow":["GET"]}}],"collection":[{"href":"https:\/\/www.btv.md\/ro\/wp-json\/wp\/v2\/posts"}],"about":[{"href":"https:\/\/www.btv.md\/ro\/wp-json\/wp\/v2\/types\/post"}],"author":[{"embeddable":true,"href":"https:\/\/www.btv.md\/ro\/wp-json\/wp\/v2\/users\/4"}],"replies":[{"embeddable":true,"href":"https:\/\/www.btv.md\/ro\/wp-json\/wp\/v2\/comments?post=16264"}],"version-history":[{"count":0,"href":"https:\/\/www.btv.md\/ro\/wp-json\/wp\/v2\/posts\/16264\/revisions"}],"wp:featuredmedia":[{"embeddable":true,"href":"https:\/\/www.btv.md\/ro\/wp-json\/wp\/v2\/media\/16265"}],"wp:attachment":[{"href":"https:\/\/www.btv.md\/ro\/wp-json\/wp\/v2\/media?parent=16264"}],"wp:term":[{"taxonomy":"category","embeddable":true,"href":"https:\/\/www.btv.md\/ro\/wp-json\/wp\/v2\/categories?post=16264"},{"taxonomy":"post_tag","embeddable":true,"href":"https:\/\/www.btv.md\/ro\/wp-json\/wp\/v2\/tags?post=16264"}],"curies":[{"name":"wp","href":"https:\/\/api.w.org\/{rel}","templated":true}]}}