{"id":16271,"date":"2016-08-05T16:14:46","date_gmt":"2016-08-05T13:14:46","guid":{"rendered":"http:\/\/btv.md\/?p=16271"},"modified":"2016-08-05T16:14:54","modified_gmt":"2016-08-05T13:14:54","slug":"medic-igienist-sa-nu-cumparati-porumb-fiert-din-strada","status":"publish","type":"post","link":"https:\/\/www.btv.md\/ro\/medic-igienist-sa-nu-cumparati-porumb-fiert-din-strada\/","title":{"rendered":"MEDIC IGIENIST: S\u0102 NU CUMP\u0102RA\u0162I PORUMB FIERT DIN STRAD\u0102 !"},"content":{"rendered":"<p>B\u0103l\u021benii evit\u0103 s\u0103 cumpere porumbul fiert de la v\u00e2nz\u0103torii ambulan\u021bi.Potrivit lor aceast\u0103 pl\u0103cerea iar putea costa s\u0103n\u0103tatea.\u00a0 Medicii igieni\u015fti afirm\u0103 c\u0103 acest produs alimentar v\u00e2ndut \u00een condi\u0163ii insalubre prezint\u0103 un focar de infec\u021bii.<\/p>\n<p><iframe width=\"1170\" height=\"878\" data-src=\"https:\/\/www.youtube.com\/embed\/0opBMtFDk8c?wmode=transparent&amp;rel=0&amp;feature=oembed\" frameborder=\"0\" allow=\"accelerometer; autoplay; encrypted-media; gyroscope; picture-in-picture\" allowfullscreen src=\"data:image\/svg+xml;base64,PHN2ZyB3aWR0aD0iMSIgaGVpZ2h0PSIxIiB4bWxucz0iaHR0cDovL3d3dy53My5vcmcvMjAwMC9zdmciPjwvc3ZnPg==\" class=\"lazyload\" data-load-mode=\"1\"><\/iframe><\/p>\n<p>\u00cen Pia\u021ba Central\u0103 din municipiul B\u0103l\u021bi am g\u0103sit un \u00a0singur v\u00e2nz\u0103tor ambulant de porumb fiert. Aceasta este o b\u0103tr\u00e2n\u0103 de 70 de ani care spune c\u0103 nu de\u021bine nici un document care s\u0103 confirme calitatea produsului, iar \u00een \u00a0activitatea sa\u00a0 mizeaz\u0103 doar pe \u00eencrederea clien\u021bilor. De asemenea b\u0103tr\u00e2na a ad\u0103ugat c\u0103 de opt ani vinde porumb fiert \u00een pie\u021bele din B\u0103l\u021bi.<\/p>\n<p>Un semn de alarm\u0103 bat \u0219i medicii de la Serviciul de S\u0103n\u0103tate Public\u0103 din municipiul B\u0103l\u021bi.<\/p>\n<p>\u00cen B\u0103l\u021bi un \u015ftiulete de porumb fiert const\u0103 de la doi la trei lei.<\/p>\n<p>&nbsp;<\/p>\n","protected":false},"excerpt":{"rendered":"<p>B\u0103l\u021benii evit\u0103 s\u0103 cumpere porumbul fiert de la v\u00e2nz\u0103torii ambulan\u021bi.Potrivit lor aceast\u0103 pl\u0103cerea iar putea costa s\u0103n\u0103tatea.\u00a0 Medicii igieni\u015fti afirm\u0103 c\u0103 acest produs alimentar v\u00e2ndut \u00een condi\u0163ii insalubre prezint\u0103 un focar de infec\u021bii. \u00cen Pia\u021ba Central\u0103 din municipiul B\u0103l\u021bi am g\u0103sit un \u00a0singur v\u00e2nz\u0103tor ambulant de porumb fiert. Aceasta este o b\u0103tr\u00e2n\u0103 de 70 de [&hellip;]<\/p>\n","protected":false},"author":4,"featured_media":16272,"comment_status":"closed","ping_status":"closed","sticky":false,"template":"","format":"standard","meta":{"footnotes":""},"categories":[6349],"tags":[],"class_list":["post-16271","post","type-post","status-publish","format-standard","has-post-thumbnail","hentry","category-social"],"yoast_head":"<!-- This site is optimized with the Yoast SEO plugin v27.4 - https:\/\/yoast.com\/product\/yoast-seo-wordpress\/ -->\n<title>MEDIC IGIENIST: S\u0102 NU CUMP\u0102RA\u0162I PORUMB FIERT DIN STRAD\u0102 ! - BTV<\/title>\n<meta name=\"robots\" content=\"index, follow, max-snippet:-1, max-image-preview:large, max-video-preview:-1\" \/>\n<link rel=\"canonical\" href=\"https:\/\/www.btv.md\/ro\/medic-igienist-sa-nu-cumparati-porumb-fiert-din-strada\/\" \/>\n<meta property=\"og:locale\" content=\"ro_RO\" \/>\n<meta property=\"og:type\" content=\"article\" \/>\n<meta property=\"og:title\" content=\"MEDIC IGIENIST: S\u0102 NU CUMP\u0102RA\u0162I PORUMB FIERT DIN STRAD\u0102 ! - BTV\" \/>\n<meta property=\"og:description\" content=\"B\u0103l\u021benii evit\u0103 s\u0103 cumpere porumbul fiert de la v\u00e2nz\u0103torii ambulan\u021bi.Potrivit lor aceast\u0103 pl\u0103cerea iar putea costa s\u0103n\u0103tatea.\u00a0 Medicii igieni\u015fti afirm\u0103 c\u0103 acest produs alimentar v\u00e2ndut \u00een condi\u0163ii insalubre prezint\u0103 un focar de infec\u021bii. \u00cen Pia\u021ba Central\u0103 din municipiul B\u0103l\u021bi am g\u0103sit un \u00a0singur v\u00e2nz\u0103tor ambulant de porumb fiert. Aceasta este o b\u0103tr\u00e2n\u0103 de 70 de [&hellip;]\" \/>\n<meta property=\"og:url\" content=\"https:\/\/www.btv.md\/ro\/medic-igienist-sa-nu-cumparati-porumb-fiert-din-strada\/\" \/>\n<meta property=\"og:site_name\" content=\"BTV\" \/>\n<meta property=\"article:publisher\" content=\"https:\/\/www.facebook.com\/btvmoldova\/\" \/>\n<meta property=\"article:published_time\" content=\"2016-08-05T13:14:46+00:00\" \/>\n<meta property=\"article:modified_time\" content=\"2016-08-05T13:14:54+00:00\" \/>\n<meta property=\"og:image\" content=\"https:\/\/www.btv.md\/wp-content\/uploads\/2016\/08\/gy5ik.jpg\" \/>\n\t<meta property=\"og:image:width\" content=\"600\" \/>\n\t<meta property=\"og:image:height\" content=\"400\" \/>\n\t<meta property=\"og:image:type\" content=\"image\/jpeg\" \/>\n<meta name=\"author\" content=\"admin\" \/>\n<meta name=\"twitter:label1\" content=\"Scris de\" \/>\n\t<meta name=\"twitter:data1\" content=\"admin\" \/>\n\t<meta name=\"twitter:label2\" content=\"Timp estimat pentru citire\" \/>\n\t<meta name=\"twitter:data2\" content=\"1 minut\" \/>\n<script type=\"application\/ld+json\" class=\"yoast-schema-graph\">{\"@context\":\"https:\\\/\\\/schema.org\",\"@graph\":[{\"@type\":\"Article\",\"@id\":\"https:\\\/\\\/www.btv.md\\\/ro\\\/medic-igienist-sa-nu-cumparati-porumb-fiert-din-strada\\\/#article\",\"isPartOf\":{\"@id\":\"https:\\\/\\\/www.btv.md\\\/ro\\\/medic-igienist-sa-nu-cumparati-porumb-fiert-din-strada\\\/\"},\"author\":{\"name\":\"admin\",\"@id\":\"https:\\\/\\\/www.btv.md\\\/#\\\/schema\\\/person\\\/8fadce81561b3ce2c34c46dadc4ccbf2\"},\"headline\":\"MEDIC IGIENIST: S\u0102 NU CUMP\u0102RA\u0162I PORUMB FIERT DIN STRAD\u0102 !\",\"datePublished\":\"2016-08-05T13:14:46+00:00\",\"dateModified\":\"2016-08-05T13:14:54+00:00\",\"mainEntityOfPage\":{\"@id\":\"https:\\\/\\\/www.btv.md\\\/ro\\\/medic-igienist-sa-nu-cumparati-porumb-fiert-din-strada\\\/\"},\"wordCount\":175,\"image\":{\"@id\":\"https:\\\/\\\/www.btv.md\\\/ro\\\/medic-igienist-sa-nu-cumparati-porumb-fiert-din-strada\\\/#primaryimage\"},\"thumbnailUrl\":\"https:\\\/\\\/www.btv.md\\\/wp-content\\\/uploads\\\/2016\\\/08\\\/gy5ik.jpg\",\"articleSection\":[\"Social\"],\"inLanguage\":\"ro-RO\"},{\"@type\":\"WebPage\",\"@id\":\"https:\\\/\\\/www.btv.md\\\/ro\\\/medic-igienist-sa-nu-cumparati-porumb-fiert-din-strada\\\/\",\"url\":\"https:\\\/\\\/www.btv.md\\\/ro\\\/medic-igienist-sa-nu-cumparati-porumb-fiert-din-strada\\\/\",\"name\":\"MEDIC IGIENIST: S\u0102 NU CUMP\u0102RA\u0162I PORUMB FIERT DIN STRAD\u0102 ! - BTV\",\"isPartOf\":{\"@id\":\"https:\\\/\\\/www.btv.md\\\/#website\"},\"primaryImageOfPage\":{\"@id\":\"https:\\\/\\\/www.btv.md\\\/ro\\\/medic-igienist-sa-nu-cumparati-porumb-fiert-din-strada\\\/#primaryimage\"},\"image\":{\"@id\":\"https:\\\/\\\/www.btv.md\\\/ro\\\/medic-igienist-sa-nu-cumparati-porumb-fiert-din-strada\\\/#primaryimage\"},\"thumbnailUrl\":\"https:\\\/\\\/www.btv.md\\\/wp-content\\\/uploads\\\/2016\\\/08\\\/gy5ik.jpg\",\"datePublished\":\"2016-08-05T13:14:46+00:00\",\"dateModified\":\"2016-08-05T13:14:54+00:00\",\"author\":{\"@id\":\"https:\\\/\\\/www.btv.md\\\/#\\\/schema\\\/person\\\/8fadce81561b3ce2c34c46dadc4ccbf2\"},\"inLanguage\":\"ro-RO\",\"potentialAction\":[{\"@type\":\"ReadAction\",\"target\":[\"https:\\\/\\\/www.btv.md\\\/ro\\\/medic-igienist-sa-nu-cumparati-porumb-fiert-din-strada\\\/\"]}]},{\"@type\":\"ImageObject\",\"inLanguage\":\"ro-RO\",\"@id\":\"https:\\\/\\\/www.btv.md\\\/ro\\\/medic-igienist-sa-nu-cumparati-porumb-fiert-din-strada\\\/#primaryimage\",\"url\":\"https:\\\/\\\/www.btv.md\\\/wp-content\\\/uploads\\\/2016\\\/08\\\/gy5ik.jpg\",\"contentUrl\":\"https:\\\/\\\/www.btv.md\\\/wp-content\\\/uploads\\\/2016\\\/08\\\/gy5ik.jpg\",\"width\":600,\"height\":400},{\"@type\":\"WebSite\",\"@id\":\"https:\\\/\\\/www.btv.md\\\/#website\",\"url\":\"https:\\\/\\\/www.btv.md\\\/\",\"name\":\"BTV\",\"description\":\"\u0411\u0435\u043b\u044c\u0446\u043a\u043e\u0435 \u0442\u0435\u043b\u0435\u0432\u0438\u0434\u0435\u043d\u0438\u0435\",\"potentialAction\":[{\"@type\":\"SearchAction\",\"target\":{\"@type\":\"EntryPoint\",\"urlTemplate\":\"https:\\\/\\\/www.btv.md\\\/?s={search_term_string}\"},\"query-input\":{\"@type\":\"PropertyValueSpecification\",\"valueRequired\":true,\"valueName\":\"search_term_string\"}}],\"inLanguage\":\"ro-RO\"},{\"@type\":\"Person\",\"@id\":\"https:\\\/\\\/www.btv.md\\\/#\\\/schema\\\/person\\\/8fadce81561b3ce2c34c46dadc4ccbf2\",\"name\":\"admin\"}]}<\/script>\n<!-- \/ Yoast SEO plugin. -->","yoast_head_json":{"title":"MEDIC IGIENIST: S\u0102 NU CUMP\u0102RA\u0162I PORUMB FIERT DIN STRAD\u0102 ! - BTV","robots":{"index":"index","follow":"follow","max-snippet":"max-snippet:-1","max-image-preview":"max-image-preview:large","max-video-preview":"max-video-preview:-1"},"canonical":"https:\/\/www.btv.md\/ro\/medic-igienist-sa-nu-cumparati-porumb-fiert-din-strada\/","og_locale":"ro_RO","og_type":"article","og_title":"MEDIC IGIENIST: S\u0102 NU CUMP\u0102RA\u0162I PORUMB FIERT DIN STRAD\u0102 ! - BTV","og_description":"B\u0103l\u021benii evit\u0103 s\u0103 cumpere porumbul fiert de la v\u00e2nz\u0103torii ambulan\u021bi.Potrivit lor aceast\u0103 pl\u0103cerea iar putea costa s\u0103n\u0103tatea.\u00a0 Medicii igieni\u015fti afirm\u0103 c\u0103 acest produs alimentar v\u00e2ndut \u00een condi\u0163ii insalubre prezint\u0103 un focar de infec\u021bii. \u00cen Pia\u021ba Central\u0103 din municipiul B\u0103l\u021bi am g\u0103sit un \u00a0singur v\u00e2nz\u0103tor ambulant de porumb fiert. Aceasta este o b\u0103tr\u00e2n\u0103 de 70 de [&hellip;]","og_url":"https:\/\/www.btv.md\/ro\/medic-igienist-sa-nu-cumparati-porumb-fiert-din-strada\/","og_site_name":"BTV","article_publisher":"https:\/\/www.facebook.com\/btvmoldova\/","article_published_time":"2016-08-05T13:14:46+00:00","article_modified_time":"2016-08-05T13:14:54+00:00","og_image":[{"width":600,"height":400,"url":"https:\/\/www.btv.md\/wp-content\/uploads\/2016\/08\/gy5ik.jpg","type":"image\/jpeg"}],"author":"admin","twitter_misc":{"Scris de":"admin","Timp estimat pentru citire":"1 minut"},"schema":{"@context":"https:\/\/schema.org","@graph":[{"@type":"Article","@id":"https:\/\/www.btv.md\/ro\/medic-igienist-sa-nu-cumparati-porumb-fiert-din-strada\/#article","isPartOf":{"@id":"https:\/\/www.btv.md\/ro\/medic-igienist-sa-nu-cumparati-porumb-fiert-din-strada\/"},"author":{"name":"admin","@id":"https:\/\/www.btv.md\/#\/schema\/person\/8fadce81561b3ce2c34c46dadc4ccbf2"},"headline":"MEDIC IGIENIST: S\u0102 NU CUMP\u0102RA\u0162I PORUMB FIERT DIN STRAD\u0102 !","datePublished":"2016-08-05T13:14:46+00:00","dateModified":"2016-08-05T13:14:54+00:00","mainEntityOfPage":{"@id":"https:\/\/www.btv.md\/ro\/medic-igienist-sa-nu-cumparati-porumb-fiert-din-strada\/"},"wordCount":175,"image":{"@id":"https:\/\/www.btv.md\/ro\/medic-igienist-sa-nu-cumparati-porumb-fiert-din-strada\/#primaryimage"},"thumbnailUrl":"https:\/\/www.btv.md\/wp-content\/uploads\/2016\/08\/gy5ik.jpg","articleSection":["Social"],"inLanguage":"ro-RO"},{"@type":"WebPage","@id":"https:\/\/www.btv.md\/ro\/medic-igienist-sa-nu-cumparati-porumb-fiert-din-strada\/","url":"https:\/\/www.btv.md\/ro\/medic-igienist-sa-nu-cumparati-porumb-fiert-din-strada\/","name":"MEDIC IGIENIST: S\u0102 NU CUMP\u0102RA\u0162I PORUMB FIERT DIN STRAD\u0102 ! - BTV","isPartOf":{"@id":"https:\/\/www.btv.md\/#website"},"primaryImageOfPage":{"@id":"https:\/\/www.btv.md\/ro\/medic-igienist-sa-nu-cumparati-porumb-fiert-din-strada\/#primaryimage"},"image":{"@id":"https:\/\/www.btv.md\/ro\/medic-igienist-sa-nu-cumparati-porumb-fiert-din-strada\/#primaryimage"},"thumbnailUrl":"https:\/\/www.btv.md\/wp-content\/uploads\/2016\/08\/gy5ik.jpg","datePublished":"2016-08-05T13:14:46+00:00","dateModified":"2016-08-05T13:14:54+00:00","author":{"@id":"https:\/\/www.btv.md\/#\/schema\/person\/8fadce81561b3ce2c34c46dadc4ccbf2"},"inLanguage":"ro-RO","potentialAction":[{"@type":"ReadAction","target":["https:\/\/www.btv.md\/ro\/medic-igienist-sa-nu-cumparati-porumb-fiert-din-strada\/"]}]},{"@type":"ImageObject","inLanguage":"ro-RO","@id":"https:\/\/www.btv.md\/ro\/medic-igienist-sa-nu-cumparati-porumb-fiert-din-strada\/#primaryimage","url":"https:\/\/www.btv.md\/wp-content\/uploads\/2016\/08\/gy5ik.jpg","contentUrl":"https:\/\/www.btv.md\/wp-content\/uploads\/2016\/08\/gy5ik.jpg","width":600,"height":400},{"@type":"WebSite","@id":"https:\/\/www.btv.md\/#website","url":"https:\/\/www.btv.md\/","name":"BTV","description":"\u0411\u0435\u043b\u044c\u0446\u043a\u043e\u0435 \u0442\u0435\u043b\u0435\u0432\u0438\u0434\u0435\u043d\u0438\u0435","potentialAction":[{"@type":"SearchAction","target":{"@type":"EntryPoint","urlTemplate":"https:\/\/www.btv.md\/?s={search_term_string}"},"query-input":{"@type":"PropertyValueSpecification","valueRequired":true,"valueName":"search_term_string"}}],"inLanguage":"ro-RO"},{"@type":"Person","@id":"https:\/\/www.btv.md\/#\/schema\/person\/8fadce81561b3ce2c34c46dadc4ccbf2","name":"admin"}]}},"_links":{"self":[{"href":"https:\/\/www.btv.md\/ro\/wp-json\/wp\/v2\/posts\/16271","targetHints":{"allow":["GET"]}}],"collection":[{"href":"https:\/\/www.btv.md\/ro\/wp-json\/wp\/v2\/posts"}],"about":[{"href":"https:\/\/www.btv.md\/ro\/wp-json\/wp\/v2\/types\/post"}],"author":[{"embeddable":true,"href":"https:\/\/www.btv.md\/ro\/wp-json\/wp\/v2\/users\/4"}],"replies":[{"embeddable":true,"href":"https:\/\/www.btv.md\/ro\/wp-json\/wp\/v2\/comments?post=16271"}],"version-history":[{"count":0,"href":"https:\/\/www.btv.md\/ro\/wp-json\/wp\/v2\/posts\/16271\/revisions"}],"wp:featuredmedia":[{"embeddable":true,"href":"https:\/\/www.btv.md\/ro\/wp-json\/wp\/v2\/media\/16272"}],"wp:attachment":[{"href":"https:\/\/www.btv.md\/ro\/wp-json\/wp\/v2\/media?parent=16271"}],"wp:term":[{"taxonomy":"category","embeddable":true,"href":"https:\/\/www.btv.md\/ro\/wp-json\/wp\/v2\/categories?post=16271"},{"taxonomy":"post_tag","embeddable":true,"href":"https:\/\/www.btv.md\/ro\/wp-json\/wp\/v2\/tags?post=16271"}],"curies":[{"name":"wp","href":"https:\/\/api.w.org\/{rel}","templated":true}]}}