{"id":16277,"date":"2016-08-05T16:51:11","date_gmt":"2016-08-05T13:51:11","guid":{"rendered":"http:\/\/btv.md\/?p=16277"},"modified":"2016-08-05T16:51:38","modified_gmt":"2016-08-05T13:51:38","slug":"mai-multe-strazi-din-balti-intra-in-reparatii","status":"publish","type":"post","link":"https:\/\/www.btv.md\/ro\/mai-multe-strazi-din-balti-intra-in-reparatii\/","title":{"rendered":"MAI  MULTE  STR\u0102ZI  DIN  B\u0102L\u021aI  INTR\u0102  \u00ceN  REPARA\u021aII"},"content":{"rendered":"<p>Mai multe str\u0103zi din B\u0103l\u021bi urmeaz\u0103 s\u0103 fie reabilitate p\u00e2n\u0103 la sf\u00e2r\u0219itul lunii august. Este vorba despre strada Sorocii, Sadovoe, Decebal, Feroviarilor, Ivano Franco, dar \u0219i strada Pu\u0219chin, unde trotuarul va fi acoperit cu piatr\u0103 pavat\u0103.<\/p>\n<p><iframe width=\"1170\" height=\"878\" data-src=\"https:\/\/www.youtube.com\/embed\/QmCW1vk5HJg?wmode=transparent&amp;rel=0&amp;feature=oembed\" frameborder=\"0\" allow=\"accelerometer; autoplay; encrypted-media; gyroscope; picture-in-picture\" allowfullscreen src=\"data:image\/svg+xml;base64,PHN2ZyB3aWR0aD0iMSIgaGVpZ2h0PSIxIiB4bWxucz0iaHR0cDovL3d3dy53My5vcmcvMjAwMC9zdmciPjwvc3ZnPg==\" class=\"lazyload\" data-load-mode=\"1\"><\/iframe><\/p>\n<p>Lucr\u0103rile sunt \u00een toi \u0219i pe strada Sadovoe. Locuitorii de aici abia a\u0219teapt\u0103 s\u0103 vad\u0103 rezultatul final.<\/p>\n<p>Lucr\u0103rile de reabilitare a str\u0103zii Decebal, Feroviarilor \u0219i Ivano Franco, vor demara \u00een maxim dou\u0103 s\u0103pt\u0103m\u00e2ni.<\/p>\n","protected":false},"excerpt":{"rendered":"<p>Mai multe str\u0103zi din B\u0103l\u021bi urmeaz\u0103 s\u0103 fie reabilitate p\u00e2n\u0103 la sf\u00e2r\u0219itul lunii august. Este vorba despre strada Sorocii, Sadovoe, Decebal, Feroviarilor, Ivano Franco, dar \u0219i strada Pu\u0219chin, unde trotuarul va fi acoperit cu piatr\u0103 pavat\u0103. Lucr\u0103rile sunt \u00een toi \u0219i pe strada Sadovoe. Locuitorii de aici abia a\u0219teapt\u0103 s\u0103 vad\u0103 rezultatul final. Lucr\u0103rile de [&hellip;]<\/p>\n","protected":false},"author":4,"featured_media":16278,"comment_status":"closed","ping_status":"closed","sticky":false,"template":"","format":"standard","meta":{"footnotes":""},"categories":[6353],"tags":[],"class_list":["post-16277","post","type-post","status-publish","format-standard","has-post-thumbnail","hentry","category-oras"],"yoast_head":"<!-- This site is optimized with the Yoast SEO plugin v27.4 - https:\/\/yoast.com\/product\/yoast-seo-wordpress\/ -->\n<title>MAI MULTE STR\u0102ZI DIN B\u0102L\u021aI INTR\u0102 \u00ceN REPARA\u021aII - BTV<\/title>\n<meta name=\"robots\" content=\"index, follow, max-snippet:-1, max-image-preview:large, max-video-preview:-1\" \/>\n<link rel=\"canonical\" href=\"https:\/\/www.btv.md\/ro\/mai-multe-strazi-din-balti-intra-in-reparatii\/\" \/>\n<meta property=\"og:locale\" content=\"ro_RO\" \/>\n<meta property=\"og:type\" content=\"article\" \/>\n<meta property=\"og:title\" content=\"MAI MULTE STR\u0102ZI DIN B\u0102L\u021aI INTR\u0102 \u00ceN REPARA\u021aII - BTV\" \/>\n<meta property=\"og:description\" content=\"Mai multe str\u0103zi din B\u0103l\u021bi urmeaz\u0103 s\u0103 fie reabilitate p\u00e2n\u0103 la sf\u00e2r\u0219itul lunii august. Este vorba despre strada Sorocii, Sadovoe, Decebal, Feroviarilor, Ivano Franco, dar \u0219i strada Pu\u0219chin, unde trotuarul va fi acoperit cu piatr\u0103 pavat\u0103. Lucr\u0103rile sunt \u00een toi \u0219i pe strada Sadovoe. Locuitorii de aici abia a\u0219teapt\u0103 s\u0103 vad\u0103 rezultatul final. Lucr\u0103rile de [&hellip;]\" \/>\n<meta property=\"og:url\" content=\"https:\/\/www.btv.md\/ro\/mai-multe-strazi-din-balti-intra-in-reparatii\/\" \/>\n<meta property=\"og:site_name\" content=\"BTV\" \/>\n<meta property=\"article:publisher\" content=\"https:\/\/www.facebook.com\/btvmoldova\/\" \/>\n<meta property=\"article:published_time\" content=\"2016-08-05T13:51:11+00:00\" \/>\n<meta property=\"article:modified_time\" content=\"2016-08-05T13:51:38+00:00\" \/>\n<meta property=\"og:image\" content=\"https:\/\/www.btv.md\/wp-content\/uploads\/2016\/08\/DV003901.AVI.00_00_03_06.nepodvizhnoe-izobrazhenie002.jpg\" \/>\n\t<meta property=\"og:image:width\" content=\"720\" \/>\n\t<meta property=\"og:image:height\" content=\"576\" \/>\n\t<meta property=\"og:image:type\" content=\"image\/jpeg\" \/>\n<meta name=\"author\" content=\"admin\" \/>\n<meta name=\"twitter:label1\" content=\"Scris de\" \/>\n\t<meta name=\"twitter:data1\" content=\"admin\" \/>\n<script type=\"application\/ld+json\" class=\"yoast-schema-graph\">{\"@context\":\"https:\\\/\\\/schema.org\",\"@graph\":[{\"@type\":\"Article\",\"@id\":\"https:\\\/\\\/www.btv.md\\\/ro\\\/mai-multe-strazi-din-balti-intra-in-reparatii\\\/#article\",\"isPartOf\":{\"@id\":\"https:\\\/\\\/www.btv.md\\\/ro\\\/mai-multe-strazi-din-balti-intra-in-reparatii\\\/\"},\"author\":{\"name\":\"admin\",\"@id\":\"https:\\\/\\\/www.btv.md\\\/#\\\/schema\\\/person\\\/8fadce81561b3ce2c34c46dadc4ccbf2\"},\"headline\":\"MAI MULTE STR\u0102ZI DIN B\u0102L\u021aI INTR\u0102 \u00ceN REPARA\u021aII\",\"datePublished\":\"2016-08-05T13:51:11+00:00\",\"dateModified\":\"2016-08-05T13:51:38+00:00\",\"mainEntityOfPage\":{\"@id\":\"https:\\\/\\\/www.btv.md\\\/ro\\\/mai-multe-strazi-din-balti-intra-in-reparatii\\\/\"},\"wordCount\":101,\"image\":{\"@id\":\"https:\\\/\\\/www.btv.md\\\/ro\\\/mai-multe-strazi-din-balti-intra-in-reparatii\\\/#primaryimage\"},\"thumbnailUrl\":\"https:\\\/\\\/www.btv.md\\\/wp-content\\\/uploads\\\/2016\\\/08\\\/DV003901.AVI.00_00_03_06.nepodvizhnoe-izobrazhenie002.jpg\",\"articleSection\":[\"Ora\u0219\"],\"inLanguage\":\"ro-RO\"},{\"@type\":\"WebPage\",\"@id\":\"https:\\\/\\\/www.btv.md\\\/ro\\\/mai-multe-strazi-din-balti-intra-in-reparatii\\\/\",\"url\":\"https:\\\/\\\/www.btv.md\\\/ro\\\/mai-multe-strazi-din-balti-intra-in-reparatii\\\/\",\"name\":\"MAI MULTE STR\u0102ZI DIN B\u0102L\u021aI INTR\u0102 \u00ceN REPARA\u021aII - BTV\",\"isPartOf\":{\"@id\":\"https:\\\/\\\/www.btv.md\\\/#website\"},\"primaryImageOfPage\":{\"@id\":\"https:\\\/\\\/www.btv.md\\\/ro\\\/mai-multe-strazi-din-balti-intra-in-reparatii\\\/#primaryimage\"},\"image\":{\"@id\":\"https:\\\/\\\/www.btv.md\\\/ro\\\/mai-multe-strazi-din-balti-intra-in-reparatii\\\/#primaryimage\"},\"thumbnailUrl\":\"https:\\\/\\\/www.btv.md\\\/wp-content\\\/uploads\\\/2016\\\/08\\\/DV003901.AVI.00_00_03_06.nepodvizhnoe-izobrazhenie002.jpg\",\"datePublished\":\"2016-08-05T13:51:11+00:00\",\"dateModified\":\"2016-08-05T13:51:38+00:00\",\"author\":{\"@id\":\"https:\\\/\\\/www.btv.md\\\/#\\\/schema\\\/person\\\/8fadce81561b3ce2c34c46dadc4ccbf2\"},\"inLanguage\":\"ro-RO\",\"potentialAction\":[{\"@type\":\"ReadAction\",\"target\":[\"https:\\\/\\\/www.btv.md\\\/ro\\\/mai-multe-strazi-din-balti-intra-in-reparatii\\\/\"]}]},{\"@type\":\"ImageObject\",\"inLanguage\":\"ro-RO\",\"@id\":\"https:\\\/\\\/www.btv.md\\\/ro\\\/mai-multe-strazi-din-balti-intra-in-reparatii\\\/#primaryimage\",\"url\":\"https:\\\/\\\/www.btv.md\\\/wp-content\\\/uploads\\\/2016\\\/08\\\/DV003901.AVI.00_00_03_06.nepodvizhnoe-izobrazhenie002.jpg\",\"contentUrl\":\"https:\\\/\\\/www.btv.md\\\/wp-content\\\/uploads\\\/2016\\\/08\\\/DV003901.AVI.00_00_03_06.nepodvizhnoe-izobrazhenie002.jpg\",\"width\":720,\"height\":576},{\"@type\":\"WebSite\",\"@id\":\"https:\\\/\\\/www.btv.md\\\/#website\",\"url\":\"https:\\\/\\\/www.btv.md\\\/\",\"name\":\"BTV\",\"description\":\"\u0411\u0435\u043b\u044c\u0446\u043a\u043e\u0435 \u0442\u0435\u043b\u0435\u0432\u0438\u0434\u0435\u043d\u0438\u0435\",\"potentialAction\":[{\"@type\":\"SearchAction\",\"target\":{\"@type\":\"EntryPoint\",\"urlTemplate\":\"https:\\\/\\\/www.btv.md\\\/?s={search_term_string}\"},\"query-input\":{\"@type\":\"PropertyValueSpecification\",\"valueRequired\":true,\"valueName\":\"search_term_string\"}}],\"inLanguage\":\"ro-RO\"},{\"@type\":\"Person\",\"@id\":\"https:\\\/\\\/www.btv.md\\\/#\\\/schema\\\/person\\\/8fadce81561b3ce2c34c46dadc4ccbf2\",\"name\":\"admin\"}]}<\/script>\n<!-- \/ Yoast SEO plugin. -->","yoast_head_json":{"title":"MAI MULTE STR\u0102ZI DIN B\u0102L\u021aI INTR\u0102 \u00ceN REPARA\u021aII - BTV","robots":{"index":"index","follow":"follow","max-snippet":"max-snippet:-1","max-image-preview":"max-image-preview:large","max-video-preview":"max-video-preview:-1"},"canonical":"https:\/\/www.btv.md\/ro\/mai-multe-strazi-din-balti-intra-in-reparatii\/","og_locale":"ro_RO","og_type":"article","og_title":"MAI MULTE STR\u0102ZI DIN B\u0102L\u021aI INTR\u0102 \u00ceN REPARA\u021aII - BTV","og_description":"Mai multe str\u0103zi din B\u0103l\u021bi urmeaz\u0103 s\u0103 fie reabilitate p\u00e2n\u0103 la sf\u00e2r\u0219itul lunii august. Este vorba despre strada Sorocii, Sadovoe, Decebal, Feroviarilor, Ivano Franco, dar \u0219i strada Pu\u0219chin, unde trotuarul va fi acoperit cu piatr\u0103 pavat\u0103. Lucr\u0103rile sunt \u00een toi \u0219i pe strada Sadovoe. Locuitorii de aici abia a\u0219teapt\u0103 s\u0103 vad\u0103 rezultatul final. Lucr\u0103rile de [&hellip;]","og_url":"https:\/\/www.btv.md\/ro\/mai-multe-strazi-din-balti-intra-in-reparatii\/","og_site_name":"BTV","article_publisher":"https:\/\/www.facebook.com\/btvmoldova\/","article_published_time":"2016-08-05T13:51:11+00:00","article_modified_time":"2016-08-05T13:51:38+00:00","og_image":[{"width":720,"height":576,"url":"https:\/\/www.btv.md\/wp-content\/uploads\/2016\/08\/DV003901.AVI.00_00_03_06.nepodvizhnoe-izobrazhenie002.jpg","type":"image\/jpeg"}],"author":"admin","twitter_misc":{"Scris de":"admin"},"schema":{"@context":"https:\/\/schema.org","@graph":[{"@type":"Article","@id":"https:\/\/www.btv.md\/ro\/mai-multe-strazi-din-balti-intra-in-reparatii\/#article","isPartOf":{"@id":"https:\/\/www.btv.md\/ro\/mai-multe-strazi-din-balti-intra-in-reparatii\/"},"author":{"name":"admin","@id":"https:\/\/www.btv.md\/#\/schema\/person\/8fadce81561b3ce2c34c46dadc4ccbf2"},"headline":"MAI MULTE STR\u0102ZI DIN B\u0102L\u021aI INTR\u0102 \u00ceN REPARA\u021aII","datePublished":"2016-08-05T13:51:11+00:00","dateModified":"2016-08-05T13:51:38+00:00","mainEntityOfPage":{"@id":"https:\/\/www.btv.md\/ro\/mai-multe-strazi-din-balti-intra-in-reparatii\/"},"wordCount":101,"image":{"@id":"https:\/\/www.btv.md\/ro\/mai-multe-strazi-din-balti-intra-in-reparatii\/#primaryimage"},"thumbnailUrl":"https:\/\/www.btv.md\/wp-content\/uploads\/2016\/08\/DV003901.AVI.00_00_03_06.nepodvizhnoe-izobrazhenie002.jpg","articleSection":["Ora\u0219"],"inLanguage":"ro-RO"},{"@type":"WebPage","@id":"https:\/\/www.btv.md\/ro\/mai-multe-strazi-din-balti-intra-in-reparatii\/","url":"https:\/\/www.btv.md\/ro\/mai-multe-strazi-din-balti-intra-in-reparatii\/","name":"MAI MULTE STR\u0102ZI DIN B\u0102L\u021aI INTR\u0102 \u00ceN REPARA\u021aII - BTV","isPartOf":{"@id":"https:\/\/www.btv.md\/#website"},"primaryImageOfPage":{"@id":"https:\/\/www.btv.md\/ro\/mai-multe-strazi-din-balti-intra-in-reparatii\/#primaryimage"},"image":{"@id":"https:\/\/www.btv.md\/ro\/mai-multe-strazi-din-balti-intra-in-reparatii\/#primaryimage"},"thumbnailUrl":"https:\/\/www.btv.md\/wp-content\/uploads\/2016\/08\/DV003901.AVI.00_00_03_06.nepodvizhnoe-izobrazhenie002.jpg","datePublished":"2016-08-05T13:51:11+00:00","dateModified":"2016-08-05T13:51:38+00:00","author":{"@id":"https:\/\/www.btv.md\/#\/schema\/person\/8fadce81561b3ce2c34c46dadc4ccbf2"},"inLanguage":"ro-RO","potentialAction":[{"@type":"ReadAction","target":["https:\/\/www.btv.md\/ro\/mai-multe-strazi-din-balti-intra-in-reparatii\/"]}]},{"@type":"ImageObject","inLanguage":"ro-RO","@id":"https:\/\/www.btv.md\/ro\/mai-multe-strazi-din-balti-intra-in-reparatii\/#primaryimage","url":"https:\/\/www.btv.md\/wp-content\/uploads\/2016\/08\/DV003901.AVI.00_00_03_06.nepodvizhnoe-izobrazhenie002.jpg","contentUrl":"https:\/\/www.btv.md\/wp-content\/uploads\/2016\/08\/DV003901.AVI.00_00_03_06.nepodvizhnoe-izobrazhenie002.jpg","width":720,"height":576},{"@type":"WebSite","@id":"https:\/\/www.btv.md\/#website","url":"https:\/\/www.btv.md\/","name":"BTV","description":"\u0411\u0435\u043b\u044c\u0446\u043a\u043e\u0435 \u0442\u0435\u043b\u0435\u0432\u0438\u0434\u0435\u043d\u0438\u0435","potentialAction":[{"@type":"SearchAction","target":{"@type":"EntryPoint","urlTemplate":"https:\/\/www.btv.md\/?s={search_term_string}"},"query-input":{"@type":"PropertyValueSpecification","valueRequired":true,"valueName":"search_term_string"}}],"inLanguage":"ro-RO"},{"@type":"Person","@id":"https:\/\/www.btv.md\/#\/schema\/person\/8fadce81561b3ce2c34c46dadc4ccbf2","name":"admin"}]}},"_links":{"self":[{"href":"https:\/\/www.btv.md\/ro\/wp-json\/wp\/v2\/posts\/16277","targetHints":{"allow":["GET"]}}],"collection":[{"href":"https:\/\/www.btv.md\/ro\/wp-json\/wp\/v2\/posts"}],"about":[{"href":"https:\/\/www.btv.md\/ro\/wp-json\/wp\/v2\/types\/post"}],"author":[{"embeddable":true,"href":"https:\/\/www.btv.md\/ro\/wp-json\/wp\/v2\/users\/4"}],"replies":[{"embeddable":true,"href":"https:\/\/www.btv.md\/ro\/wp-json\/wp\/v2\/comments?post=16277"}],"version-history":[{"count":0,"href":"https:\/\/www.btv.md\/ro\/wp-json\/wp\/v2\/posts\/16277\/revisions"}],"wp:featuredmedia":[{"embeddable":true,"href":"https:\/\/www.btv.md\/ro\/wp-json\/wp\/v2\/media\/16278"}],"wp:attachment":[{"href":"https:\/\/www.btv.md\/ro\/wp-json\/wp\/v2\/media?parent=16277"}],"wp:term":[{"taxonomy":"category","embeddable":true,"href":"https:\/\/www.btv.md\/ro\/wp-json\/wp\/v2\/categories?post=16277"},{"taxonomy":"post_tag","embeddable":true,"href":"https:\/\/www.btv.md\/ro\/wp-json\/wp\/v2\/tags?post=16277"}],"curies":[{"name":"wp","href":"https:\/\/api.w.org\/{rel}","templated":true}]}}