{"id":16283,"date":"2016-08-08T16:11:18","date_gmt":"2016-08-08T13:11:18","guid":{"rendered":"http:\/\/btv.md\/?p=16283"},"modified":"2016-08-08T16:11:28","modified_gmt":"2016-08-08T13:11:28","slug":"renato-usatii-indeamna-cetatenii-sa-iasa-la-actiuni-de-protest-dupa-27-august","status":"publish","type":"post","link":"https:\/\/www.btv.md\/ro\/renato-usatii-indeamna-cetatenii-sa-iasa-la-actiuni-de-protest-dupa-27-august\/","title":{"rendered":"RENATO USAT\u00ceI \u00ceNDEAMN\u0102 CET\u0102\u0162ENII S\u0102 IAS\u0102 LA AC\u0162IUNI DE PROTEST DUP\u0102 27 AUGUST"},"content":{"rendered":"<p>P\u00e2n\u0103 la desf\u0103\u015furarea alegerilor preziden\u0163iale\u00a0 din 30 octombrie, cet\u0103\u0163enii Republicii Moldova trebuie s\u0103 ias\u0103 la ac\u0163iuni de protest \u00eempotriva actualei guvern\u0103ri. \u00cendemnul vine din partea liderului Partidului Nostru, Renato Usat\u00eei lansat vineri pe re\u0163eaua de socializare facebook. Acesta a mai ad\u0103ugat c\u0103 manifest\u0103rile trebuie s\u0103 \u00eenceapa imediat dup\u0103 Ziua Independen\u0163ei sau \u00eenceputul lunii septembrie.<\/p>\n<p><iframe width=\"1170\" height=\"878\" data-src=\"https:\/\/www.youtube.com\/embed\/odEUCQ_GTPU?wmode=transparent&amp;rel=0&amp;feature=oembed\" frameborder=\"0\" allow=\"accelerometer; autoplay; encrypted-media; gyroscope; picture-in-picture\" allowfullscreen src=\"data:image\/svg+xml;base64,PHN2ZyB3aWR0aD0iMSIgaGVpZ2h0PSIxIiB4bWxucz0iaHR0cDovL3d3dy53My5vcmcvMjAwMC9zdmciPjwvc3ZnPg==\" class=\"lazyload\" data-load-mode=\"1\"><\/iframe><\/p>\n<p>De asemenea, \u00een aceea\u015fi postare video Usat\u00eei a amintit c\u0103 \u00eentr-una din emisiunile de la un post privat de Televiziun, partidele de la guvernare vor \u00eenainta un candidat la func\u0163ia de pre\u015fedinte din domeniul culturii. Se pare c\u0103 liderul partidului Nostru a avut dreptate. Acum c\u00e2teva zile, soscietatea civil\u0103 probabil controlat\u0103 de oligarhul Vladimir Plahotniuc la propus pe maestrul Eugen Doga s\u0103 participe \u00een cursa electoral\u0103 pentru fotoliul de pre\u015fedinte a Republicii Moldova.<\/p>\n<p>La r\u00e2ndul s\u0103u, analistul politic Alexei Tulbure a declarat pentru BTV c\u0103 istoria Republicii Moldova a cunoscut o perioade c\u00e2nd \u0163ara a fost condus\u0103 de pesonalit\u0103\u0163i venite din domeniul culturii. Acesta a f\u0103cut trimitere la \u00eenceputul anilor 90\u00a0 a secolului trecut.<\/p>\n<p>Renato Usat\u00eei a precizat de nenum\u0103rate ori, c\u0103 Vlad Plahotniuc \u015fi acoli\u0163ii s\u0103-i preg\u0103tesc un \u015fir de surprize pentru cet\u0103\u0163eni. El\u00a0 spune c\u0103 Plahotniuc inten\u0163ioneaz\u0103 s\u0103 modifice sistemul electoral de alegere a legislativului imediat dup\u0103 campania preziden\u0163ialelor.<\/p>\n<p>Duminic\u0103 7 august, reprezentan\u0163ii Platformei DA \u00eentr-o declara\u021bie emis\u0103 \u201echeam\u0103 \u00een mod repetat opozi\u021bia \u0219i societatea civil\u0103 s\u0103 se ridice la ac\u021biuni masive \u00eempotriva dictaturii instaurate de gruparea criminal\u0103 \u0219i calific\u0103 drept oportun apelul privind organizarea unui protest masiv al \u00eentregii opozi\u021bii \u00eempotriva dictaturii Plahotniuc, care a fost f\u0103cut recent \u0219i de c\u0103tre liderul Partidului Nostru\u201d.<\/p>\n<p>Posturile de Televiziune \u015fi mass-media controlat\u0103 de Plahotniuc nu au comentat deocamdat\u0103 declara\u0163iile celor dou\u0103 tabere. Publica\u0163ia online Deschide.MD a scris \u00eentr-un articol intitulat <a href=\"http:\/\/deschide.md\/ro\/news\/politic\/30201\/Platforma-DAsolidar%C4%83-cu-Usat%C3%AEi-Chem%C4%83m-lumea-la-un-nou-protest-masiv!.htm\"><strong>Platforma DA,solidar\u0103 cu Usat\u00eei: Chem\u0103m lumea la un nou protest masiv!<\/strong><\/a>, scrie c\u0103 \u00a0Platforma DA <em>a f\u0103cut un apel c\u0103tre societatea civil\u0103 \u0219i opozi\u021bie cu solicitarea organiz\u0103rii unui protest \u00eempotriva guvern\u0103rii antipopulare, care s\u0103 fi unit toate for\u021bele reformatoare.<\/em><\/p>\n","protected":false},"excerpt":{"rendered":"<p>P\u00e2n\u0103 la desf\u0103\u015furarea alegerilor preziden\u0163iale\u00a0 din 30 octombrie, cet\u0103\u0163enii Republicii Moldova trebuie s\u0103 ias\u0103 la ac\u0163iuni de protest \u00eempotriva actualei guvern\u0103ri. \u00cendemnul vine din partea liderului Partidului Nostru, Renato Usat\u00eei lansat vineri pe re\u0163eaua de socializare facebook. Acesta a mai ad\u0103ugat c\u0103 manifest\u0103rile trebuie s\u0103 \u00eenceapa imediat dup\u0103 Ziua Independen\u0163ei sau \u00eenceputul lunii septembrie. De [&hellip;]<\/p>\n","protected":false},"author":4,"featured_media":15884,"comment_status":"closed","ping_status":"closed","sticky":false,"template":"","format":"standard","meta":{"footnotes":""},"categories":[6368],"tags":[],"class_list":["post-16283","post","type-post","status-publish","format-standard","has-post-thumbnail","hentry","category-politica-ro"],"yoast_head":"<!-- This site is optimized with the Yoast SEO plugin v27.4 - https:\/\/yoast.com\/product\/yoast-seo-wordpress\/ -->\n<title>RENATO USAT\u00ceI \u00ceNDEAMN\u0102 CET\u0102\u0162ENII S\u0102 IAS\u0102 LA AC\u0162IUNI DE PROTEST DUP\u0102 27 AUGUST - BTV<\/title>\n<meta name=\"robots\" content=\"index, follow, max-snippet:-1, max-image-preview:large, max-video-preview:-1\" \/>\n<link rel=\"canonical\" href=\"https:\/\/www.btv.md\/ro\/renato-usatii-indeamna-cetatenii-sa-iasa-la-actiuni-de-protest-dupa-27-august\/\" \/>\n<meta property=\"og:locale\" content=\"ro_RO\" \/>\n<meta property=\"og:type\" content=\"article\" \/>\n<meta property=\"og:title\" content=\"RENATO USAT\u00ceI \u00ceNDEAMN\u0102 CET\u0102\u0162ENII S\u0102 IAS\u0102 LA AC\u0162IUNI DE PROTEST DUP\u0102 27 AUGUST - BTV\" \/>\n<meta property=\"og:description\" content=\"P\u00e2n\u0103 la desf\u0103\u015furarea alegerilor preziden\u0163iale\u00a0 din 30 octombrie, cet\u0103\u0163enii Republicii Moldova trebuie s\u0103 ias\u0103 la ac\u0163iuni de protest \u00eempotriva actualei guvern\u0103ri. \u00cendemnul vine din partea liderului Partidului Nostru, Renato Usat\u00eei lansat vineri pe re\u0163eaua de socializare facebook. Acesta a mai ad\u0103ugat c\u0103 manifest\u0103rile trebuie s\u0103 \u00eenceapa imediat dup\u0103 Ziua Independen\u0163ei sau \u00eenceputul lunii septembrie. De [&hellip;]\" \/>\n<meta property=\"og:url\" content=\"https:\/\/www.btv.md\/ro\/renato-usatii-indeamna-cetatenii-sa-iasa-la-actiuni-de-protest-dupa-27-august\/\" \/>\n<meta property=\"og:site_name\" content=\"BTV\" \/>\n<meta property=\"article:publisher\" content=\"https:\/\/www.facebook.com\/btvmoldova\/\" \/>\n<meta property=\"article:published_time\" content=\"2016-08-08T13:11:18+00:00\" \/>\n<meta property=\"article:modified_time\" content=\"2016-08-08T13:11:28+00:00\" \/>\n<meta property=\"og:image\" content=\"https:\/\/www.btv.md\/wp-content\/uploads\/2016\/07\/630926.jpg\" \/>\n\t<meta property=\"og:image:width\" content=\"832\" \/>\n\t<meta property=\"og:image:height\" content=\"540\" \/>\n\t<meta property=\"og:image:type\" content=\"image\/jpeg\" \/>\n<meta name=\"author\" content=\"admin\" \/>\n<meta name=\"twitter:label1\" content=\"Scris de\" \/>\n\t<meta name=\"twitter:data1\" content=\"admin\" \/>\n\t<meta name=\"twitter:label2\" content=\"Timp estimat pentru citire\" \/>\n\t<meta name=\"twitter:data2\" content=\"2 minute\" \/>\n<script type=\"application\/ld+json\" class=\"yoast-schema-graph\">{\"@context\":\"https:\\\/\\\/schema.org\",\"@graph\":[{\"@type\":\"Article\",\"@id\":\"https:\\\/\\\/www.btv.md\\\/ro\\\/renato-usatii-indeamna-cetatenii-sa-iasa-la-actiuni-de-protest-dupa-27-august\\\/#article\",\"isPartOf\":{\"@id\":\"https:\\\/\\\/www.btv.md\\\/ro\\\/renato-usatii-indeamna-cetatenii-sa-iasa-la-actiuni-de-protest-dupa-27-august\\\/\"},\"author\":{\"name\":\"admin\",\"@id\":\"https:\\\/\\\/www.btv.md\\\/#\\\/schema\\\/person\\\/8fadce81561b3ce2c34c46dadc4ccbf2\"},\"headline\":\"RENATO USAT\u00ceI \u00ceNDEAMN\u0102 CET\u0102\u0162ENII S\u0102 IAS\u0102 LA AC\u0162IUNI DE PROTEST DUP\u0102 27 AUGUST\",\"datePublished\":\"2016-08-08T13:11:18+00:00\",\"dateModified\":\"2016-08-08T13:11:28+00:00\",\"mainEntityOfPage\":{\"@id\":\"https:\\\/\\\/www.btv.md\\\/ro\\\/renato-usatii-indeamna-cetatenii-sa-iasa-la-actiuni-de-protest-dupa-27-august\\\/\"},\"wordCount\":390,\"image\":{\"@id\":\"https:\\\/\\\/www.btv.md\\\/ro\\\/renato-usatii-indeamna-cetatenii-sa-iasa-la-actiuni-de-protest-dupa-27-august\\\/#primaryimage\"},\"thumbnailUrl\":\"https:\\\/\\\/www.btv.md\\\/wp-content\\\/uploads\\\/2016\\\/07\\\/630926.jpg\",\"articleSection\":[\"Politic\u0103\"],\"inLanguage\":\"ro-RO\"},{\"@type\":\"WebPage\",\"@id\":\"https:\\\/\\\/www.btv.md\\\/ro\\\/renato-usatii-indeamna-cetatenii-sa-iasa-la-actiuni-de-protest-dupa-27-august\\\/\",\"url\":\"https:\\\/\\\/www.btv.md\\\/ro\\\/renato-usatii-indeamna-cetatenii-sa-iasa-la-actiuni-de-protest-dupa-27-august\\\/\",\"name\":\"RENATO USAT\u00ceI \u00ceNDEAMN\u0102 CET\u0102\u0162ENII S\u0102 IAS\u0102 LA AC\u0162IUNI DE PROTEST DUP\u0102 27 AUGUST - BTV\",\"isPartOf\":{\"@id\":\"https:\\\/\\\/www.btv.md\\\/#website\"},\"primaryImageOfPage\":{\"@id\":\"https:\\\/\\\/www.btv.md\\\/ro\\\/renato-usatii-indeamna-cetatenii-sa-iasa-la-actiuni-de-protest-dupa-27-august\\\/#primaryimage\"},\"image\":{\"@id\":\"https:\\\/\\\/www.btv.md\\\/ro\\\/renato-usatii-indeamna-cetatenii-sa-iasa-la-actiuni-de-protest-dupa-27-august\\\/#primaryimage\"},\"thumbnailUrl\":\"https:\\\/\\\/www.btv.md\\\/wp-content\\\/uploads\\\/2016\\\/07\\\/630926.jpg\",\"datePublished\":\"2016-08-08T13:11:18+00:00\",\"dateModified\":\"2016-08-08T13:11:28+00:00\",\"author\":{\"@id\":\"https:\\\/\\\/www.btv.md\\\/#\\\/schema\\\/person\\\/8fadce81561b3ce2c34c46dadc4ccbf2\"},\"inLanguage\":\"ro-RO\",\"potentialAction\":[{\"@type\":\"ReadAction\",\"target\":[\"https:\\\/\\\/www.btv.md\\\/ro\\\/renato-usatii-indeamna-cetatenii-sa-iasa-la-actiuni-de-protest-dupa-27-august\\\/\"]}]},{\"@type\":\"ImageObject\",\"inLanguage\":\"ro-RO\",\"@id\":\"https:\\\/\\\/www.btv.md\\\/ro\\\/renato-usatii-indeamna-cetatenii-sa-iasa-la-actiuni-de-protest-dupa-27-august\\\/#primaryimage\",\"url\":\"https:\\\/\\\/www.btv.md\\\/wp-content\\\/uploads\\\/2016\\\/07\\\/630926.jpg\",\"contentUrl\":\"https:\\\/\\\/www.btv.md\\\/wp-content\\\/uploads\\\/2016\\\/07\\\/630926.jpg\",\"width\":832,\"height\":540},{\"@type\":\"WebSite\",\"@id\":\"https:\\\/\\\/www.btv.md\\\/#website\",\"url\":\"https:\\\/\\\/www.btv.md\\\/\",\"name\":\"BTV\",\"description\":\"\u0411\u0435\u043b\u044c\u0446\u043a\u043e\u0435 \u0442\u0435\u043b\u0435\u0432\u0438\u0434\u0435\u043d\u0438\u0435\",\"potentialAction\":[{\"@type\":\"SearchAction\",\"target\":{\"@type\":\"EntryPoint\",\"urlTemplate\":\"https:\\\/\\\/www.btv.md\\\/?s={search_term_string}\"},\"query-input\":{\"@type\":\"PropertyValueSpecification\",\"valueRequired\":true,\"valueName\":\"search_term_string\"}}],\"inLanguage\":\"ro-RO\"},{\"@type\":\"Person\",\"@id\":\"https:\\\/\\\/www.btv.md\\\/#\\\/schema\\\/person\\\/8fadce81561b3ce2c34c46dadc4ccbf2\",\"name\":\"admin\"}]}<\/script>\n<!-- \/ Yoast SEO plugin. -->","yoast_head_json":{"title":"RENATO USAT\u00ceI \u00ceNDEAMN\u0102 CET\u0102\u0162ENII S\u0102 IAS\u0102 LA AC\u0162IUNI DE PROTEST DUP\u0102 27 AUGUST - BTV","robots":{"index":"index","follow":"follow","max-snippet":"max-snippet:-1","max-image-preview":"max-image-preview:large","max-video-preview":"max-video-preview:-1"},"canonical":"https:\/\/www.btv.md\/ro\/renato-usatii-indeamna-cetatenii-sa-iasa-la-actiuni-de-protest-dupa-27-august\/","og_locale":"ro_RO","og_type":"article","og_title":"RENATO USAT\u00ceI \u00ceNDEAMN\u0102 CET\u0102\u0162ENII S\u0102 IAS\u0102 LA AC\u0162IUNI DE PROTEST DUP\u0102 27 AUGUST - BTV","og_description":"P\u00e2n\u0103 la desf\u0103\u015furarea alegerilor preziden\u0163iale\u00a0 din 30 octombrie, cet\u0103\u0163enii Republicii Moldova trebuie s\u0103 ias\u0103 la ac\u0163iuni de protest \u00eempotriva actualei guvern\u0103ri. \u00cendemnul vine din partea liderului Partidului Nostru, Renato Usat\u00eei lansat vineri pe re\u0163eaua de socializare facebook. Acesta a mai ad\u0103ugat c\u0103 manifest\u0103rile trebuie s\u0103 \u00eenceapa imediat dup\u0103 Ziua Independen\u0163ei sau \u00eenceputul lunii septembrie. De [&hellip;]","og_url":"https:\/\/www.btv.md\/ro\/renato-usatii-indeamna-cetatenii-sa-iasa-la-actiuni-de-protest-dupa-27-august\/","og_site_name":"BTV","article_publisher":"https:\/\/www.facebook.com\/btvmoldova\/","article_published_time":"2016-08-08T13:11:18+00:00","article_modified_time":"2016-08-08T13:11:28+00:00","og_image":[{"width":832,"height":540,"url":"https:\/\/www.btv.md\/wp-content\/uploads\/2016\/07\/630926.jpg","type":"image\/jpeg"}],"author":"admin","twitter_misc":{"Scris de":"admin","Timp estimat pentru citire":"2 minute"},"schema":{"@context":"https:\/\/schema.org","@graph":[{"@type":"Article","@id":"https:\/\/www.btv.md\/ro\/renato-usatii-indeamna-cetatenii-sa-iasa-la-actiuni-de-protest-dupa-27-august\/#article","isPartOf":{"@id":"https:\/\/www.btv.md\/ro\/renato-usatii-indeamna-cetatenii-sa-iasa-la-actiuni-de-protest-dupa-27-august\/"},"author":{"name":"admin","@id":"https:\/\/www.btv.md\/#\/schema\/person\/8fadce81561b3ce2c34c46dadc4ccbf2"},"headline":"RENATO USAT\u00ceI \u00ceNDEAMN\u0102 CET\u0102\u0162ENII S\u0102 IAS\u0102 LA AC\u0162IUNI DE PROTEST DUP\u0102 27 AUGUST","datePublished":"2016-08-08T13:11:18+00:00","dateModified":"2016-08-08T13:11:28+00:00","mainEntityOfPage":{"@id":"https:\/\/www.btv.md\/ro\/renato-usatii-indeamna-cetatenii-sa-iasa-la-actiuni-de-protest-dupa-27-august\/"},"wordCount":390,"image":{"@id":"https:\/\/www.btv.md\/ro\/renato-usatii-indeamna-cetatenii-sa-iasa-la-actiuni-de-protest-dupa-27-august\/#primaryimage"},"thumbnailUrl":"https:\/\/www.btv.md\/wp-content\/uploads\/2016\/07\/630926.jpg","articleSection":["Politic\u0103"],"inLanguage":"ro-RO"},{"@type":"WebPage","@id":"https:\/\/www.btv.md\/ro\/renato-usatii-indeamna-cetatenii-sa-iasa-la-actiuni-de-protest-dupa-27-august\/","url":"https:\/\/www.btv.md\/ro\/renato-usatii-indeamna-cetatenii-sa-iasa-la-actiuni-de-protest-dupa-27-august\/","name":"RENATO USAT\u00ceI \u00ceNDEAMN\u0102 CET\u0102\u0162ENII S\u0102 IAS\u0102 LA AC\u0162IUNI DE PROTEST DUP\u0102 27 AUGUST - BTV","isPartOf":{"@id":"https:\/\/www.btv.md\/#website"},"primaryImageOfPage":{"@id":"https:\/\/www.btv.md\/ro\/renato-usatii-indeamna-cetatenii-sa-iasa-la-actiuni-de-protest-dupa-27-august\/#primaryimage"},"image":{"@id":"https:\/\/www.btv.md\/ro\/renato-usatii-indeamna-cetatenii-sa-iasa-la-actiuni-de-protest-dupa-27-august\/#primaryimage"},"thumbnailUrl":"https:\/\/www.btv.md\/wp-content\/uploads\/2016\/07\/630926.jpg","datePublished":"2016-08-08T13:11:18+00:00","dateModified":"2016-08-08T13:11:28+00:00","author":{"@id":"https:\/\/www.btv.md\/#\/schema\/person\/8fadce81561b3ce2c34c46dadc4ccbf2"},"inLanguage":"ro-RO","potentialAction":[{"@type":"ReadAction","target":["https:\/\/www.btv.md\/ro\/renato-usatii-indeamna-cetatenii-sa-iasa-la-actiuni-de-protest-dupa-27-august\/"]}]},{"@type":"ImageObject","inLanguage":"ro-RO","@id":"https:\/\/www.btv.md\/ro\/renato-usatii-indeamna-cetatenii-sa-iasa-la-actiuni-de-protest-dupa-27-august\/#primaryimage","url":"https:\/\/www.btv.md\/wp-content\/uploads\/2016\/07\/630926.jpg","contentUrl":"https:\/\/www.btv.md\/wp-content\/uploads\/2016\/07\/630926.jpg","width":832,"height":540},{"@type":"WebSite","@id":"https:\/\/www.btv.md\/#website","url":"https:\/\/www.btv.md\/","name":"BTV","description":"\u0411\u0435\u043b\u044c\u0446\u043a\u043e\u0435 \u0442\u0435\u043b\u0435\u0432\u0438\u0434\u0435\u043d\u0438\u0435","potentialAction":[{"@type":"SearchAction","target":{"@type":"EntryPoint","urlTemplate":"https:\/\/www.btv.md\/?s={search_term_string}"},"query-input":{"@type":"PropertyValueSpecification","valueRequired":true,"valueName":"search_term_string"}}],"inLanguage":"ro-RO"},{"@type":"Person","@id":"https:\/\/www.btv.md\/#\/schema\/person\/8fadce81561b3ce2c34c46dadc4ccbf2","name":"admin"}]}},"_links":{"self":[{"href":"https:\/\/www.btv.md\/ro\/wp-json\/wp\/v2\/posts\/16283","targetHints":{"allow":["GET"]}}],"collection":[{"href":"https:\/\/www.btv.md\/ro\/wp-json\/wp\/v2\/posts"}],"about":[{"href":"https:\/\/www.btv.md\/ro\/wp-json\/wp\/v2\/types\/post"}],"author":[{"embeddable":true,"href":"https:\/\/www.btv.md\/ro\/wp-json\/wp\/v2\/users\/4"}],"replies":[{"embeddable":true,"href":"https:\/\/www.btv.md\/ro\/wp-json\/wp\/v2\/comments?post=16283"}],"version-history":[{"count":0,"href":"https:\/\/www.btv.md\/ro\/wp-json\/wp\/v2\/posts\/16283\/revisions"}],"wp:featuredmedia":[{"embeddable":true,"href":"https:\/\/www.btv.md\/ro\/wp-json\/wp\/v2\/media\/15884"}],"wp:attachment":[{"href":"https:\/\/www.btv.md\/ro\/wp-json\/wp\/v2\/media?parent=16283"}],"wp:term":[{"taxonomy":"category","embeddable":true,"href":"https:\/\/www.btv.md\/ro\/wp-json\/wp\/v2\/categories?post=16283"},{"taxonomy":"post_tag","embeddable":true,"href":"https:\/\/www.btv.md\/ro\/wp-json\/wp\/v2\/tags?post=16283"}],"curies":[{"name":"wp","href":"https:\/\/api.w.org\/{rel}","templated":true}]}}