{"id":16342,"date":"2016-08-11T15:25:05","date_gmt":"2016-08-11T12:25:05","guid":{"rendered":"http:\/\/btv.md\/?p=16342"},"modified":"2016-08-11T15:25:22","modified_gmt":"2016-08-11T12:25:22","slug":"la-balti-sunt-de-doua-ori-mai-multe-biserici-decat-scoli","status":"publish","type":"post","link":"https:\/\/www.btv.md\/ro\/la-balti-sunt-de-doua-ori-mai-multe-biserici-decat-scoli\/","title":{"rendered":"LA B\u0102L\u0162I SUNT DE DOU\u0102 ORI MAI MULTE BISERICI DEC\u00c2T \u015eCOLI"},"content":{"rendered":"<h2>Municipiul B\u0103l\u0163i are \u00a0de dou\u0103 ori mai multe biserici dec\u00e2t \u015fcoli. Statisticile arat\u0103 c\u0103, \u00een 25 de ani de independen\u0163\u0103 a Republicii Moldova, num\u0103rul bisericilor \u015fi enoria\u015filor au crescut spectaculos, \u00een vreme ce cifra unit\u0103\u0163ilor de \u00eenv\u0103\u0163\u0103m\u00e2nt \u015fi elevilor s-au \u00eempu\u0163inat sub ochii no\u015ftri.<\/h2>\n<p>&nbsp;<\/p>\n<p><iframe width=\"1170\" height=\"878\" data-src=\"https:\/\/www.youtube.com\/embed\/ZTS4yQcIyTw?wmode=transparent&amp;rel=0&amp;feature=oembed\" frameborder=\"0\" allow=\"accelerometer; autoplay; encrypted-media; gyroscope; picture-in-picture\" allowfullscreen src=\"data:image\/svg+xml;base64,PHN2ZyB3aWR0aD0iMSIgaGVpZ2h0PSIxIiB4bWxucz0iaHR0cDovL3d3dy53My5vcmcvMjAwMC9zdmciPjwvc3ZnPg==\" class=\"lazyload\" data-load-mode=\"1\"><\/iframe><\/p>\n<p>\u00cen 1991, B\u0103l\u0163iul avea opt biserici. \u00cen aceast\u0103 categorie sunt incluse l\u0103ca\u015fele sfinte func\u0163ionale \u015fi nefunc\u0163ionale din acea perioad\u0103.\u00a0 Ei bine odat\u0103 cu\u00a0 destr\u0103marea \u00a0vigurosului imperiu sovietic sau URSS se pare c\u0103 dumnezeii, diferitor confesiuni au v\u0103rsat lumin\u0103 peste b\u0103l\u0163eni. Ca urmare din 1991 p\u00e2n\u0103 \u00een present, \u00een municipiu au fost construite \u015fi sunt \u00een proces de edificare 47 de biserici.<\/p>\n<p>Construc\u0163ia locurilor pentru rug\u0103ciuni \u015fi medita\u0163ii \u00een opinia unor directori de institu\u0163ii de \u00eenv\u0103\u0163\u0103m\u00e2nt este caracterizat\u0103 drept investi\u0163ii \u00een afaceri pe termen lung.<\/p>\n<p>Republica Moldova, potrivit Constitu\u0163iei este un stat laic. Totu\u015fi conform statisticilor\u00a0 biserica se bucur\u0103 de o autoritate \u00een sociatatea dintre Prut \u015fi Nistru, \u00een propor\u0163ie de 90 la sut\u0103. Din p\u0103cate \u00een l\u0103ca\u015fele de cult cre\u015ftin ortodoxe politicul e la el acas\u0103. Bine\u00een\u0163eles preo\u0163imea abordeaz\u0103 tot felul de probleme de ordin moralicesc din educa\u0163ie \u015fi \u00eenv\u0103\u0163\u0103m\u00e2nt, \u00eens\u0103 nu-\u015fi impune autoritatea finaciar\u0103 \u00een a construi \u015fcoli sau alte institu\u0163ii de \u00eenv\u0103\u0163\u0103m\u00e2nt a\u015fa cum a putem observa \u00een alte state din vest sau est.<\/p>\n<p>\u00cen opinia analistului politic Alexei Tulbure cre\u015fterea num\u0103rului de l\u0103ca\u015fe de ordin religios\u00a0 d\u0103 dovad\u0103 c\u0103 societatea moldoveneasc\u0103 este \u00een proces de stagnare.<\/p>\n<p>\u00cen prezent \u00een municipiul B\u0103l\u0163i func\u0163ioneaz\u0103 27 de \u015fcoli.<\/p>\n","protected":false},"excerpt":{"rendered":"<p>Municipiul B\u0103l\u0163i are \u00a0de dou\u0103 ori mai multe biserici dec\u00e2t \u015fcoli. Statisticile arat\u0103 c\u0103, \u00een 25 de ani de independen\u0163\u0103 a Republicii Moldova, num\u0103rul bisericilor \u015fi enoria\u015filor au crescut spectaculos, \u00een vreme ce cifra unit\u0103\u0163ilor de \u00eenv\u0103\u0163\u0103m\u00e2nt \u015fi elevilor s-au \u00eempu\u0163inat sub ochii no\u015ftri. &nbsp; \u00cen 1991, B\u0103l\u0163iul avea opt biserici. \u00cen aceast\u0103 categorie sunt [&hellip;]<\/p>\n","protected":false},"author":4,"featured_media":16343,"comment_status":"closed","ping_status":"closed","sticky":false,"template":"","format":"standard","meta":{"footnotes":""},"categories":[6349],"tags":[],"class_list":["post-16342","post","type-post","status-publish","format-standard","has-post-thumbnail","hentry","category-social"],"yoast_head":"<!-- This site is optimized with the Yoast SEO plugin v27.4 - https:\/\/yoast.com\/product\/yoast-seo-wordpress\/ -->\n<title>LA B\u0102L\u0162I SUNT DE DOU\u0102 ORI MAI MULTE BISERICI DEC\u00c2T \u015eCOLI - BTV<\/title>\n<meta name=\"robots\" content=\"index, follow, max-snippet:-1, max-image-preview:large, max-video-preview:-1\" \/>\n<link rel=\"canonical\" href=\"https:\/\/www.btv.md\/ro\/la-balti-sunt-de-doua-ori-mai-multe-biserici-decat-scoli\/\" \/>\n<meta property=\"og:locale\" content=\"ro_RO\" \/>\n<meta property=\"og:type\" content=\"article\" \/>\n<meta property=\"og:title\" content=\"LA B\u0102L\u0162I SUNT DE DOU\u0102 ORI MAI MULTE BISERICI DEC\u00c2T \u015eCOLI - BTV\" \/>\n<meta property=\"og:description\" content=\"Municipiul B\u0103l\u0163i are \u00a0de dou\u0103 ori mai multe biserici dec\u00e2t \u015fcoli. Statisticile arat\u0103 c\u0103, \u00een 25 de ani de independen\u0163\u0103 a Republicii Moldova, num\u0103rul bisericilor \u015fi enoria\u015filor au crescut spectaculos, \u00een vreme ce cifra unit\u0103\u0163ilor de \u00eenv\u0103\u0163\u0103m\u00e2nt \u015fi elevilor s-au \u00eempu\u0163inat sub ochii no\u015ftri. &nbsp; \u00cen 1991, B\u0103l\u0163iul avea opt biserici. \u00cen aceast\u0103 categorie sunt [&hellip;]\" \/>\n<meta property=\"og:url\" content=\"https:\/\/www.btv.md\/ro\/la-balti-sunt-de-doua-ori-mai-multe-biserici-decat-scoli\/\" \/>\n<meta property=\"og:site_name\" content=\"BTV\" \/>\n<meta property=\"article:publisher\" content=\"https:\/\/www.facebook.com\/btvmoldova\/\" \/>\n<meta property=\"article:published_time\" content=\"2016-08-11T12:25:05+00:00\" \/>\n<meta property=\"article:modified_time\" content=\"2016-08-11T12:25:22+00:00\" \/>\n<meta property=\"og:image\" content=\"https:\/\/www.btv.md\/wp-content\/uploads\/2016\/08\/fef-1.jpg\" \/>\n\t<meta property=\"og:image:width\" content=\"600\" \/>\n\t<meta property=\"og:image:height\" content=\"400\" \/>\n\t<meta property=\"og:image:type\" content=\"image\/jpeg\" \/>\n<meta name=\"author\" content=\"admin\" \/>\n<meta name=\"twitter:label1\" content=\"Scris de\" \/>\n\t<meta name=\"twitter:data1\" content=\"admin\" \/>\n\t<meta name=\"twitter:label2\" content=\"Timp estimat pentru citire\" \/>\n\t<meta name=\"twitter:data2\" content=\"1 minut\" \/>\n<script type=\"application\/ld+json\" class=\"yoast-schema-graph\">{\"@context\":\"https:\\\/\\\/schema.org\",\"@graph\":[{\"@type\":\"Article\",\"@id\":\"https:\\\/\\\/www.btv.md\\\/ro\\\/la-balti-sunt-de-doua-ori-mai-multe-biserici-decat-scoli\\\/#article\",\"isPartOf\":{\"@id\":\"https:\\\/\\\/www.btv.md\\\/ro\\\/la-balti-sunt-de-doua-ori-mai-multe-biserici-decat-scoli\\\/\"},\"author\":{\"name\":\"admin\",\"@id\":\"https:\\\/\\\/www.btv.md\\\/#\\\/schema\\\/person\\\/8fadce81561b3ce2c34c46dadc4ccbf2\"},\"headline\":\"LA B\u0102L\u0162I SUNT DE DOU\u0102 ORI MAI MULTE BISERICI DEC\u00c2T \u015eCOLI\",\"datePublished\":\"2016-08-11T12:25:05+00:00\",\"dateModified\":\"2016-08-11T12:25:22+00:00\",\"mainEntityOfPage\":{\"@id\":\"https:\\\/\\\/www.btv.md\\\/ro\\\/la-balti-sunt-de-doua-ori-mai-multe-biserici-decat-scoli\\\/\"},\"wordCount\":309,\"image\":{\"@id\":\"https:\\\/\\\/www.btv.md\\\/ro\\\/la-balti-sunt-de-doua-ori-mai-multe-biserici-decat-scoli\\\/#primaryimage\"},\"thumbnailUrl\":\"https:\\\/\\\/www.btv.md\\\/wp-content\\\/uploads\\\/2016\\\/08\\\/fef-1.jpg\",\"articleSection\":[\"Social\"],\"inLanguage\":\"ro-RO\"},{\"@type\":\"WebPage\",\"@id\":\"https:\\\/\\\/www.btv.md\\\/ro\\\/la-balti-sunt-de-doua-ori-mai-multe-biserici-decat-scoli\\\/\",\"url\":\"https:\\\/\\\/www.btv.md\\\/ro\\\/la-balti-sunt-de-doua-ori-mai-multe-biserici-decat-scoli\\\/\",\"name\":\"LA B\u0102L\u0162I SUNT DE DOU\u0102 ORI MAI MULTE BISERICI DEC\u00c2T \u015eCOLI - BTV\",\"isPartOf\":{\"@id\":\"https:\\\/\\\/www.btv.md\\\/#website\"},\"primaryImageOfPage\":{\"@id\":\"https:\\\/\\\/www.btv.md\\\/ro\\\/la-balti-sunt-de-doua-ori-mai-multe-biserici-decat-scoli\\\/#primaryimage\"},\"image\":{\"@id\":\"https:\\\/\\\/www.btv.md\\\/ro\\\/la-balti-sunt-de-doua-ori-mai-multe-biserici-decat-scoli\\\/#primaryimage\"},\"thumbnailUrl\":\"https:\\\/\\\/www.btv.md\\\/wp-content\\\/uploads\\\/2016\\\/08\\\/fef-1.jpg\",\"datePublished\":\"2016-08-11T12:25:05+00:00\",\"dateModified\":\"2016-08-11T12:25:22+00:00\",\"author\":{\"@id\":\"https:\\\/\\\/www.btv.md\\\/#\\\/schema\\\/person\\\/8fadce81561b3ce2c34c46dadc4ccbf2\"},\"inLanguage\":\"ro-RO\",\"potentialAction\":[{\"@type\":\"ReadAction\",\"target\":[\"https:\\\/\\\/www.btv.md\\\/ro\\\/la-balti-sunt-de-doua-ori-mai-multe-biserici-decat-scoli\\\/\"]}]},{\"@type\":\"ImageObject\",\"inLanguage\":\"ro-RO\",\"@id\":\"https:\\\/\\\/www.btv.md\\\/ro\\\/la-balti-sunt-de-doua-ori-mai-multe-biserici-decat-scoli\\\/#primaryimage\",\"url\":\"https:\\\/\\\/www.btv.md\\\/wp-content\\\/uploads\\\/2016\\\/08\\\/fef-1.jpg\",\"contentUrl\":\"https:\\\/\\\/www.btv.md\\\/wp-content\\\/uploads\\\/2016\\\/08\\\/fef-1.jpg\",\"width\":600,\"height\":400},{\"@type\":\"WebSite\",\"@id\":\"https:\\\/\\\/www.btv.md\\\/#website\",\"url\":\"https:\\\/\\\/www.btv.md\\\/\",\"name\":\"BTV\",\"description\":\"\u0411\u0435\u043b\u044c\u0446\u043a\u043e\u0435 \u0442\u0435\u043b\u0435\u0432\u0438\u0434\u0435\u043d\u0438\u0435\",\"potentialAction\":[{\"@type\":\"SearchAction\",\"target\":{\"@type\":\"EntryPoint\",\"urlTemplate\":\"https:\\\/\\\/www.btv.md\\\/?s={search_term_string}\"},\"query-input\":{\"@type\":\"PropertyValueSpecification\",\"valueRequired\":true,\"valueName\":\"search_term_string\"}}],\"inLanguage\":\"ro-RO\"},{\"@type\":\"Person\",\"@id\":\"https:\\\/\\\/www.btv.md\\\/#\\\/schema\\\/person\\\/8fadce81561b3ce2c34c46dadc4ccbf2\",\"name\":\"admin\"}]}<\/script>\n<!-- \/ Yoast SEO plugin. -->","yoast_head_json":{"title":"LA B\u0102L\u0162I SUNT DE DOU\u0102 ORI MAI MULTE BISERICI DEC\u00c2T \u015eCOLI - BTV","robots":{"index":"index","follow":"follow","max-snippet":"max-snippet:-1","max-image-preview":"max-image-preview:large","max-video-preview":"max-video-preview:-1"},"canonical":"https:\/\/www.btv.md\/ro\/la-balti-sunt-de-doua-ori-mai-multe-biserici-decat-scoli\/","og_locale":"ro_RO","og_type":"article","og_title":"LA B\u0102L\u0162I SUNT DE DOU\u0102 ORI MAI MULTE BISERICI DEC\u00c2T \u015eCOLI - BTV","og_description":"Municipiul B\u0103l\u0163i are \u00a0de dou\u0103 ori mai multe biserici dec\u00e2t \u015fcoli. Statisticile arat\u0103 c\u0103, \u00een 25 de ani de independen\u0163\u0103 a Republicii Moldova, num\u0103rul bisericilor \u015fi enoria\u015filor au crescut spectaculos, \u00een vreme ce cifra unit\u0103\u0163ilor de \u00eenv\u0103\u0163\u0103m\u00e2nt \u015fi elevilor s-au \u00eempu\u0163inat sub ochii no\u015ftri. &nbsp; \u00cen 1991, B\u0103l\u0163iul avea opt biserici. \u00cen aceast\u0103 categorie sunt [&hellip;]","og_url":"https:\/\/www.btv.md\/ro\/la-balti-sunt-de-doua-ori-mai-multe-biserici-decat-scoli\/","og_site_name":"BTV","article_publisher":"https:\/\/www.facebook.com\/btvmoldova\/","article_published_time":"2016-08-11T12:25:05+00:00","article_modified_time":"2016-08-11T12:25:22+00:00","og_image":[{"width":600,"height":400,"url":"https:\/\/www.btv.md\/wp-content\/uploads\/2016\/08\/fef-1.jpg","type":"image\/jpeg"}],"author":"admin","twitter_misc":{"Scris de":"admin","Timp estimat pentru citire":"1 minut"},"schema":{"@context":"https:\/\/schema.org","@graph":[{"@type":"Article","@id":"https:\/\/www.btv.md\/ro\/la-balti-sunt-de-doua-ori-mai-multe-biserici-decat-scoli\/#article","isPartOf":{"@id":"https:\/\/www.btv.md\/ro\/la-balti-sunt-de-doua-ori-mai-multe-biserici-decat-scoli\/"},"author":{"name":"admin","@id":"https:\/\/www.btv.md\/#\/schema\/person\/8fadce81561b3ce2c34c46dadc4ccbf2"},"headline":"LA B\u0102L\u0162I SUNT DE DOU\u0102 ORI MAI MULTE BISERICI DEC\u00c2T \u015eCOLI","datePublished":"2016-08-11T12:25:05+00:00","dateModified":"2016-08-11T12:25:22+00:00","mainEntityOfPage":{"@id":"https:\/\/www.btv.md\/ro\/la-balti-sunt-de-doua-ori-mai-multe-biserici-decat-scoli\/"},"wordCount":309,"image":{"@id":"https:\/\/www.btv.md\/ro\/la-balti-sunt-de-doua-ori-mai-multe-biserici-decat-scoli\/#primaryimage"},"thumbnailUrl":"https:\/\/www.btv.md\/wp-content\/uploads\/2016\/08\/fef-1.jpg","articleSection":["Social"],"inLanguage":"ro-RO"},{"@type":"WebPage","@id":"https:\/\/www.btv.md\/ro\/la-balti-sunt-de-doua-ori-mai-multe-biserici-decat-scoli\/","url":"https:\/\/www.btv.md\/ro\/la-balti-sunt-de-doua-ori-mai-multe-biserici-decat-scoli\/","name":"LA B\u0102L\u0162I SUNT DE DOU\u0102 ORI MAI MULTE BISERICI DEC\u00c2T \u015eCOLI - BTV","isPartOf":{"@id":"https:\/\/www.btv.md\/#website"},"primaryImageOfPage":{"@id":"https:\/\/www.btv.md\/ro\/la-balti-sunt-de-doua-ori-mai-multe-biserici-decat-scoli\/#primaryimage"},"image":{"@id":"https:\/\/www.btv.md\/ro\/la-balti-sunt-de-doua-ori-mai-multe-biserici-decat-scoli\/#primaryimage"},"thumbnailUrl":"https:\/\/www.btv.md\/wp-content\/uploads\/2016\/08\/fef-1.jpg","datePublished":"2016-08-11T12:25:05+00:00","dateModified":"2016-08-11T12:25:22+00:00","author":{"@id":"https:\/\/www.btv.md\/#\/schema\/person\/8fadce81561b3ce2c34c46dadc4ccbf2"},"inLanguage":"ro-RO","potentialAction":[{"@type":"ReadAction","target":["https:\/\/www.btv.md\/ro\/la-balti-sunt-de-doua-ori-mai-multe-biserici-decat-scoli\/"]}]},{"@type":"ImageObject","inLanguage":"ro-RO","@id":"https:\/\/www.btv.md\/ro\/la-balti-sunt-de-doua-ori-mai-multe-biserici-decat-scoli\/#primaryimage","url":"https:\/\/www.btv.md\/wp-content\/uploads\/2016\/08\/fef-1.jpg","contentUrl":"https:\/\/www.btv.md\/wp-content\/uploads\/2016\/08\/fef-1.jpg","width":600,"height":400},{"@type":"WebSite","@id":"https:\/\/www.btv.md\/#website","url":"https:\/\/www.btv.md\/","name":"BTV","description":"\u0411\u0435\u043b\u044c\u0446\u043a\u043e\u0435 \u0442\u0435\u043b\u0435\u0432\u0438\u0434\u0435\u043d\u0438\u0435","potentialAction":[{"@type":"SearchAction","target":{"@type":"EntryPoint","urlTemplate":"https:\/\/www.btv.md\/?s={search_term_string}"},"query-input":{"@type":"PropertyValueSpecification","valueRequired":true,"valueName":"search_term_string"}}],"inLanguage":"ro-RO"},{"@type":"Person","@id":"https:\/\/www.btv.md\/#\/schema\/person\/8fadce81561b3ce2c34c46dadc4ccbf2","name":"admin"}]}},"_links":{"self":[{"href":"https:\/\/www.btv.md\/ro\/wp-json\/wp\/v2\/posts\/16342","targetHints":{"allow":["GET"]}}],"collection":[{"href":"https:\/\/www.btv.md\/ro\/wp-json\/wp\/v2\/posts"}],"about":[{"href":"https:\/\/www.btv.md\/ro\/wp-json\/wp\/v2\/types\/post"}],"author":[{"embeddable":true,"href":"https:\/\/www.btv.md\/ro\/wp-json\/wp\/v2\/users\/4"}],"replies":[{"embeddable":true,"href":"https:\/\/www.btv.md\/ro\/wp-json\/wp\/v2\/comments?post=16342"}],"version-history":[{"count":0,"href":"https:\/\/www.btv.md\/ro\/wp-json\/wp\/v2\/posts\/16342\/revisions"}],"wp:featuredmedia":[{"embeddable":true,"href":"https:\/\/www.btv.md\/ro\/wp-json\/wp\/v2\/media\/16343"}],"wp:attachment":[{"href":"https:\/\/www.btv.md\/ro\/wp-json\/wp\/v2\/media?parent=16342"}],"wp:term":[{"taxonomy":"category","embeddable":true,"href":"https:\/\/www.btv.md\/ro\/wp-json\/wp\/v2\/categories?post=16342"},{"taxonomy":"post_tag","embeddable":true,"href":"https:\/\/www.btv.md\/ro\/wp-json\/wp\/v2\/tags?post=16342"}],"curies":[{"name":"wp","href":"https:\/\/api.w.org\/{rel}","templated":true}]}}