{"id":16395,"date":"2016-08-15T19:30:31","date_gmt":"2016-08-15T16:30:31","guid":{"rendered":"http:\/\/btv.md\/?p=16395"},"modified":"2016-08-15T19:30:44","modified_gmt":"2016-08-15T16:30:44","slug":"in-audienta-la-viceprimarii-de-balti","status":"publish","type":"post","link":"https:\/\/www.btv.md\/ro\/in-audienta-la-viceprimarii-de-balti\/","title":{"rendered":"\u00ceN AUDIEN\u0162\u0102 LA VICEPRIMARII DE B\u0102L\u0162I"},"content":{"rendered":"<p>Zeci de b\u0103l\u021beni s-au adunat luni, 15 august, \u00een holul prim\u0103riei, acolo unde a avut loc audien\u021ba cet\u0103\u021benilor de c\u0103tre viceprimari. La ordinea zilei au fost abordate \u00eentreb\u0103ri ce \u021bin de prestarea serviciilor de salubrizare, construc\u021bia \u0219i renovarea spa\u021biilor locative, dar \u0219i prestarea \u00eent\u00e2rziat\u0103 a serviciilor pentru persoanele cu probleme grave de s\u0103n\u0103tate.<\/p>\n<p>https:\/\/youtu.be\/ONs4xV2gn0U.<\/p>\n<p>\u0218i comercian\u021bii din parcul central s-au ar\u0103tat nemul\u021bumi\u021bi de activitatea unor colegi \u0219i au venit la prim\u0103rie s\u0103-\u0219i caute dreptate.<\/p>\n<p>La fel de discutat a fost renovarea blocurilor locative. Unii locatari au declarat c\u0103 locuin\u021bele lor nu au fost reparate de zeci de ani. Pentru a diminua fenomenul dat \u015fi b\u0103l\u0163enii s\u0103 ob\u0163in\u0103 rezultate palpabile \u00een sfera dat\u0103, prim\u0103ria a inclus acest domeniu \u00een \u201eStrategia de dezvoltare a municipiului B\u0103l\u021bi pentru anii 2016-2019\u201d. Autorii documentului\u00a0 men\u0163ioneaz\u0103 c\u0103 \u00een decurs de dou\u0103 decenii blocurile locative din B\u0103l\u0163i, care sunt incluse \u00een fondul locativ nu au fost renovate. Construc\u0163iile inginere\u015fti din unele cl\u0103diri edificate acum 20-60 ani ating gradul uzur\u0103 100 de procente.<\/p>\n","protected":false},"excerpt":{"rendered":"<p>Zeci de b\u0103l\u021beni s-au adunat luni, 15 august, \u00een holul prim\u0103riei, acolo unde a avut loc audien\u021ba cet\u0103\u021benilor de c\u0103tre viceprimari. La ordinea zilei au fost abordate \u00eentreb\u0103ri ce \u021bin de prestarea serviciilor de salubrizare, construc\u021bia \u0219i renovarea spa\u021biilor locative, dar \u0219i prestarea \u00eent\u00e2rziat\u0103 a serviciilor pentru persoanele cu probleme grave de s\u0103n\u0103tate. https:\/\/youtu.be\/ONs4xV2gn0U. \u0218i [&hellip;]<\/p>\n","protected":false},"author":4,"featured_media":16396,"comment_status":"closed","ping_status":"closed","sticky":false,"template":"","format":"standard","meta":{"footnotes":""},"categories":[6353],"tags":[],"class_list":["post-16395","post","type-post","status-publish","format-standard","has-post-thumbnail","hentry","category-oras"],"yoast_head":"<!-- This site is optimized with the Yoast SEO plugin v27.4 - https:\/\/yoast.com\/product\/yoast-seo-wordpress\/ -->\n<title>\u00ceN AUDIEN\u0162\u0102 LA VICEPRIMARII DE B\u0102L\u0162I - BTV<\/title>\n<meta name=\"robots\" content=\"index, follow, max-snippet:-1, max-image-preview:large, max-video-preview:-1\" \/>\n<link rel=\"canonical\" href=\"https:\/\/www.btv.md\/ro\/in-audienta-la-viceprimarii-de-balti\/\" \/>\n<meta property=\"og:locale\" content=\"ro_RO\" \/>\n<meta property=\"og:type\" content=\"article\" \/>\n<meta property=\"og:title\" content=\"\u00ceN AUDIEN\u0162\u0102 LA VICEPRIMARII DE B\u0102L\u0162I - BTV\" \/>\n<meta property=\"og:description\" content=\"Zeci de b\u0103l\u021beni s-au adunat luni, 15 august, \u00een holul prim\u0103riei, acolo unde a avut loc audien\u021ba cet\u0103\u021benilor de c\u0103tre viceprimari. La ordinea zilei au fost abordate \u00eentreb\u0103ri ce \u021bin de prestarea serviciilor de salubrizare, construc\u021bia \u0219i renovarea spa\u021biilor locative, dar \u0219i prestarea \u00eent\u00e2rziat\u0103 a serviciilor pentru persoanele cu probleme grave de s\u0103n\u0103tate. https:\/\/youtu.be\/ONs4xV2gn0U. \u0218i [&hellip;]\" \/>\n<meta property=\"og:url\" content=\"https:\/\/www.btv.md\/ro\/in-audienta-la-viceprimarii-de-balti\/\" \/>\n<meta property=\"og:site_name\" content=\"BTV\" \/>\n<meta property=\"article:publisher\" content=\"https:\/\/www.facebook.com\/btvmoldova\/\" \/>\n<meta property=\"article:published_time\" content=\"2016-08-15T16:30:31+00:00\" \/>\n<meta property=\"article:modified_time\" content=\"2016-08-15T16:30:44+00:00\" \/>\n<meta property=\"og:image\" content=\"https:\/\/www.btv.md\/wp-content\/uploads\/2016\/08\/12.08-audienta_md.avi_snapshot_07.11_2016.08.15_18.05.51.jpg\" \/>\n\t<meta property=\"og:image:width\" content=\"706\" \/>\n\t<meta property=\"og:image:height\" content=\"476\" \/>\n\t<meta property=\"og:image:type\" content=\"image\/jpeg\" \/>\n<meta name=\"author\" content=\"admin\" \/>\n<meta name=\"twitter:label1\" content=\"Scris de\" \/>\n\t<meta name=\"twitter:data1\" content=\"admin\" \/>\n\t<meta name=\"twitter:label2\" content=\"Timp estimat pentru citire\" \/>\n\t<meta name=\"twitter:data2\" content=\"1 minut\" \/>\n<script type=\"application\/ld+json\" class=\"yoast-schema-graph\">{\"@context\":\"https:\\\/\\\/schema.org\",\"@graph\":[{\"@type\":\"Article\",\"@id\":\"https:\\\/\\\/www.btv.md\\\/ro\\\/in-audienta-la-viceprimarii-de-balti\\\/#article\",\"isPartOf\":{\"@id\":\"https:\\\/\\\/www.btv.md\\\/ro\\\/in-audienta-la-viceprimarii-de-balti\\\/\"},\"author\":{\"name\":\"admin\",\"@id\":\"https:\\\/\\\/www.btv.md\\\/#\\\/schema\\\/person\\\/8fadce81561b3ce2c34c46dadc4ccbf2\"},\"headline\":\"\u00ceN AUDIEN\u0162\u0102 LA VICEPRIMARII DE B\u0102L\u0162I\",\"datePublished\":\"2016-08-15T16:30:31+00:00\",\"dateModified\":\"2016-08-15T16:30:44+00:00\",\"mainEntityOfPage\":{\"@id\":\"https:\\\/\\\/www.btv.md\\\/ro\\\/in-audienta-la-viceprimarii-de-balti\\\/\"},\"wordCount\":209,\"image\":{\"@id\":\"https:\\\/\\\/www.btv.md\\\/ro\\\/in-audienta-la-viceprimarii-de-balti\\\/#primaryimage\"},\"thumbnailUrl\":\"https:\\\/\\\/www.btv.md\\\/wp-content\\\/uploads\\\/2016\\\/08\\\/12.08-audienta_md.avi_snapshot_07.11_2016.08.15_18.05.51.jpg\",\"articleSection\":[\"Ora\u0219\"],\"inLanguage\":\"ro-RO\"},{\"@type\":\"WebPage\",\"@id\":\"https:\\\/\\\/www.btv.md\\\/ro\\\/in-audienta-la-viceprimarii-de-balti\\\/\",\"url\":\"https:\\\/\\\/www.btv.md\\\/ro\\\/in-audienta-la-viceprimarii-de-balti\\\/\",\"name\":\"\u00ceN AUDIEN\u0162\u0102 LA VICEPRIMARII DE B\u0102L\u0162I - BTV\",\"isPartOf\":{\"@id\":\"https:\\\/\\\/www.btv.md\\\/#website\"},\"primaryImageOfPage\":{\"@id\":\"https:\\\/\\\/www.btv.md\\\/ro\\\/in-audienta-la-viceprimarii-de-balti\\\/#primaryimage\"},\"image\":{\"@id\":\"https:\\\/\\\/www.btv.md\\\/ro\\\/in-audienta-la-viceprimarii-de-balti\\\/#primaryimage\"},\"thumbnailUrl\":\"https:\\\/\\\/www.btv.md\\\/wp-content\\\/uploads\\\/2016\\\/08\\\/12.08-audienta_md.avi_snapshot_07.11_2016.08.15_18.05.51.jpg\",\"datePublished\":\"2016-08-15T16:30:31+00:00\",\"dateModified\":\"2016-08-15T16:30:44+00:00\",\"author\":{\"@id\":\"https:\\\/\\\/www.btv.md\\\/#\\\/schema\\\/person\\\/8fadce81561b3ce2c34c46dadc4ccbf2\"},\"inLanguage\":\"ro-RO\",\"potentialAction\":[{\"@type\":\"ReadAction\",\"target\":[\"https:\\\/\\\/www.btv.md\\\/ro\\\/in-audienta-la-viceprimarii-de-balti\\\/\"]}]},{\"@type\":\"ImageObject\",\"inLanguage\":\"ro-RO\",\"@id\":\"https:\\\/\\\/www.btv.md\\\/ro\\\/in-audienta-la-viceprimarii-de-balti\\\/#primaryimage\",\"url\":\"https:\\\/\\\/www.btv.md\\\/wp-content\\\/uploads\\\/2016\\\/08\\\/12.08-audienta_md.avi_snapshot_07.11_2016.08.15_18.05.51.jpg\",\"contentUrl\":\"https:\\\/\\\/www.btv.md\\\/wp-content\\\/uploads\\\/2016\\\/08\\\/12.08-audienta_md.avi_snapshot_07.11_2016.08.15_18.05.51.jpg\",\"width\":706,\"height\":476},{\"@type\":\"WebSite\",\"@id\":\"https:\\\/\\\/www.btv.md\\\/#website\",\"url\":\"https:\\\/\\\/www.btv.md\\\/\",\"name\":\"BTV\",\"description\":\"\u0411\u0435\u043b\u044c\u0446\u043a\u043e\u0435 \u0442\u0435\u043b\u0435\u0432\u0438\u0434\u0435\u043d\u0438\u0435\",\"potentialAction\":[{\"@type\":\"SearchAction\",\"target\":{\"@type\":\"EntryPoint\",\"urlTemplate\":\"https:\\\/\\\/www.btv.md\\\/?s={search_term_string}\"},\"query-input\":{\"@type\":\"PropertyValueSpecification\",\"valueRequired\":true,\"valueName\":\"search_term_string\"}}],\"inLanguage\":\"ro-RO\"},{\"@type\":\"Person\",\"@id\":\"https:\\\/\\\/www.btv.md\\\/#\\\/schema\\\/person\\\/8fadce81561b3ce2c34c46dadc4ccbf2\",\"name\":\"admin\"}]}<\/script>\n<!-- \/ Yoast SEO plugin. -->","yoast_head_json":{"title":"\u00ceN AUDIEN\u0162\u0102 LA VICEPRIMARII DE B\u0102L\u0162I - BTV","robots":{"index":"index","follow":"follow","max-snippet":"max-snippet:-1","max-image-preview":"max-image-preview:large","max-video-preview":"max-video-preview:-1"},"canonical":"https:\/\/www.btv.md\/ro\/in-audienta-la-viceprimarii-de-balti\/","og_locale":"ro_RO","og_type":"article","og_title":"\u00ceN AUDIEN\u0162\u0102 LA VICEPRIMARII DE B\u0102L\u0162I - BTV","og_description":"Zeci de b\u0103l\u021beni s-au adunat luni, 15 august, \u00een holul prim\u0103riei, acolo unde a avut loc audien\u021ba cet\u0103\u021benilor de c\u0103tre viceprimari. La ordinea zilei au fost abordate \u00eentreb\u0103ri ce \u021bin de prestarea serviciilor de salubrizare, construc\u021bia \u0219i renovarea spa\u021biilor locative, dar \u0219i prestarea \u00eent\u00e2rziat\u0103 a serviciilor pentru persoanele cu probleme grave de s\u0103n\u0103tate. https:\/\/youtu.be\/ONs4xV2gn0U. \u0218i [&hellip;]","og_url":"https:\/\/www.btv.md\/ro\/in-audienta-la-viceprimarii-de-balti\/","og_site_name":"BTV","article_publisher":"https:\/\/www.facebook.com\/btvmoldova\/","article_published_time":"2016-08-15T16:30:31+00:00","article_modified_time":"2016-08-15T16:30:44+00:00","og_image":[{"width":706,"height":476,"url":"https:\/\/www.btv.md\/wp-content\/uploads\/2016\/08\/12.08-audienta_md.avi_snapshot_07.11_2016.08.15_18.05.51.jpg","type":"image\/jpeg"}],"author":"admin","twitter_misc":{"Scris de":"admin","Timp estimat pentru citire":"1 minut"},"schema":{"@context":"https:\/\/schema.org","@graph":[{"@type":"Article","@id":"https:\/\/www.btv.md\/ro\/in-audienta-la-viceprimarii-de-balti\/#article","isPartOf":{"@id":"https:\/\/www.btv.md\/ro\/in-audienta-la-viceprimarii-de-balti\/"},"author":{"name":"admin","@id":"https:\/\/www.btv.md\/#\/schema\/person\/8fadce81561b3ce2c34c46dadc4ccbf2"},"headline":"\u00ceN AUDIEN\u0162\u0102 LA VICEPRIMARII DE B\u0102L\u0162I","datePublished":"2016-08-15T16:30:31+00:00","dateModified":"2016-08-15T16:30:44+00:00","mainEntityOfPage":{"@id":"https:\/\/www.btv.md\/ro\/in-audienta-la-viceprimarii-de-balti\/"},"wordCount":209,"image":{"@id":"https:\/\/www.btv.md\/ro\/in-audienta-la-viceprimarii-de-balti\/#primaryimage"},"thumbnailUrl":"https:\/\/www.btv.md\/wp-content\/uploads\/2016\/08\/12.08-audienta_md.avi_snapshot_07.11_2016.08.15_18.05.51.jpg","articleSection":["Ora\u0219"],"inLanguage":"ro-RO"},{"@type":"WebPage","@id":"https:\/\/www.btv.md\/ro\/in-audienta-la-viceprimarii-de-balti\/","url":"https:\/\/www.btv.md\/ro\/in-audienta-la-viceprimarii-de-balti\/","name":"\u00ceN AUDIEN\u0162\u0102 LA VICEPRIMARII DE B\u0102L\u0162I - BTV","isPartOf":{"@id":"https:\/\/www.btv.md\/#website"},"primaryImageOfPage":{"@id":"https:\/\/www.btv.md\/ro\/in-audienta-la-viceprimarii-de-balti\/#primaryimage"},"image":{"@id":"https:\/\/www.btv.md\/ro\/in-audienta-la-viceprimarii-de-balti\/#primaryimage"},"thumbnailUrl":"https:\/\/www.btv.md\/wp-content\/uploads\/2016\/08\/12.08-audienta_md.avi_snapshot_07.11_2016.08.15_18.05.51.jpg","datePublished":"2016-08-15T16:30:31+00:00","dateModified":"2016-08-15T16:30:44+00:00","author":{"@id":"https:\/\/www.btv.md\/#\/schema\/person\/8fadce81561b3ce2c34c46dadc4ccbf2"},"inLanguage":"ro-RO","potentialAction":[{"@type":"ReadAction","target":["https:\/\/www.btv.md\/ro\/in-audienta-la-viceprimarii-de-balti\/"]}]},{"@type":"ImageObject","inLanguage":"ro-RO","@id":"https:\/\/www.btv.md\/ro\/in-audienta-la-viceprimarii-de-balti\/#primaryimage","url":"https:\/\/www.btv.md\/wp-content\/uploads\/2016\/08\/12.08-audienta_md.avi_snapshot_07.11_2016.08.15_18.05.51.jpg","contentUrl":"https:\/\/www.btv.md\/wp-content\/uploads\/2016\/08\/12.08-audienta_md.avi_snapshot_07.11_2016.08.15_18.05.51.jpg","width":706,"height":476},{"@type":"WebSite","@id":"https:\/\/www.btv.md\/#website","url":"https:\/\/www.btv.md\/","name":"BTV","description":"\u0411\u0435\u043b\u044c\u0446\u043a\u043e\u0435 \u0442\u0435\u043b\u0435\u0432\u0438\u0434\u0435\u043d\u0438\u0435","potentialAction":[{"@type":"SearchAction","target":{"@type":"EntryPoint","urlTemplate":"https:\/\/www.btv.md\/?s={search_term_string}"},"query-input":{"@type":"PropertyValueSpecification","valueRequired":true,"valueName":"search_term_string"}}],"inLanguage":"ro-RO"},{"@type":"Person","@id":"https:\/\/www.btv.md\/#\/schema\/person\/8fadce81561b3ce2c34c46dadc4ccbf2","name":"admin"}]}},"_links":{"self":[{"href":"https:\/\/www.btv.md\/ro\/wp-json\/wp\/v2\/posts\/16395","targetHints":{"allow":["GET"]}}],"collection":[{"href":"https:\/\/www.btv.md\/ro\/wp-json\/wp\/v2\/posts"}],"about":[{"href":"https:\/\/www.btv.md\/ro\/wp-json\/wp\/v2\/types\/post"}],"author":[{"embeddable":true,"href":"https:\/\/www.btv.md\/ro\/wp-json\/wp\/v2\/users\/4"}],"replies":[{"embeddable":true,"href":"https:\/\/www.btv.md\/ro\/wp-json\/wp\/v2\/comments?post=16395"}],"version-history":[{"count":0,"href":"https:\/\/www.btv.md\/ro\/wp-json\/wp\/v2\/posts\/16395\/revisions"}],"wp:featuredmedia":[{"embeddable":true,"href":"https:\/\/www.btv.md\/ro\/wp-json\/wp\/v2\/media\/16396"}],"wp:attachment":[{"href":"https:\/\/www.btv.md\/ro\/wp-json\/wp\/v2\/media?parent=16395"}],"wp:term":[{"taxonomy":"category","embeddable":true,"href":"https:\/\/www.btv.md\/ro\/wp-json\/wp\/v2\/categories?post=16395"},{"taxonomy":"post_tag","embeddable":true,"href":"https:\/\/www.btv.md\/ro\/wp-json\/wp\/v2\/tags?post=16395"}],"curies":[{"name":"wp","href":"https:\/\/api.w.org\/{rel}","templated":true}]}}