{"id":164384,"date":"2022-01-05T11:34:53","date_gmt":"2022-01-05T09:34:53","guid":{"rendered":"https:\/\/www.btv.md\/?p=164384"},"modified":"2022-01-05T11:34:53","modified_gmt":"2022-01-05T09:34:53","slug":"o-toyota-a-ramas-suspendata-pe-semisferele-unui-bulevard-din-chisinau","status":"publish","type":"post","link":"https:\/\/www.btv.md\/ro\/o-toyota-a-ramas-suspendata-pe-semisferele-unui-bulevard-din-chisinau\/","title":{"rendered":"O Toyota a r\u0103mas suspendat\u0103 pe semisferele unui bulevard din Chi\u0219in\u0103u"},"content":{"rendered":"<p><strong>De cur\u00e2nd, bulevardul Grigore Vieru a primit o alee pietonal\u0103 recent reparat\u0103 pe zona sa central\u0103, iar odat\u0103 cu asta aleea a \u00eentret\u0103iat la un nivel cu c\u00e2\u0163iva centimetri mai ridicat \u015fi precedentele spa\u0163ii de \u00eentoarcere de pe acest bulevard.<\/strong><\/p>\n<p>Spa\u0163iul de la intersec\u0163ia cu strada Ierusalim, spre exemplu, care anterior era folosit ca o parcare mare \u015fi nereglementat\u0103, a devenit interzis vir\u0103rii, iar pentru ca \u015foferii s\u0103 nu \u00eencarce, de o parte \u015fi de alta a aleii \u00een\u0103l\u0163ate au fost instalate semisfere, transmite <a href=\"https:\/\/piataauto.md\/Stiri\/2022\/01\/VIDEO-O-Toyota-RAV4-a-ramas-aseara-suspendata-pe-semisferele-recent-instalate-pe-bulevardul-Grigore-Vieru-din-Chisinau\/\" target=\"_blank\" rel=\"nofollow noopener noreferrer\">pia\u021baauto.md<\/a>.<\/p>\n<p>Totu\u015fi, \u015foferii nu doar c\u0103 parcheaz\u0103 \u00een apropierea acestor semisfere, dar se pot vedea \u015fi semisfere mi\u015fcate pe centru, care s\u0103 creeze spa\u0163iu de trecere peste aleea pietonal\u0103 pentru unii \u015foferi mai \u015fmecheri. Tocmai pe o asemenea semisfer\u0103 mi\u015fcat\u0103 pare s\u0103 se fi blocat, asear\u0103, o Toyota RAV4.<\/p>\n<p><iframe title=\"O Toyota a r\u0103mas suspendat\u0103 pe o semisfer\u0103 \u00een Chi\u0219in\u0103u\" width=\"1170\" height=\"658\" data-src=\"https:\/\/www.youtube.com\/embed\/KZ8SlH7t7K4?wmode=transparent&amp;rel=0&amp;feature=oembed\" frameborder=\"0\" allow=\"accelerometer; autoplay; clipboard-write; encrypted-media; gyroscope; picture-in-picture\" allowfullscreen src=\"data:image\/svg+xml;base64,PHN2ZyB3aWR0aD0iMSIgaGVpZ2h0PSIxIiB4bWxucz0iaHR0cDovL3d3dy53My5vcmcvMjAwMC9zdmciPjwvc3ZnPg==\" class=\"lazyload\" data-load-mode=\"1\"><\/iframe><\/p>\n<p>Aceast\u0103 pare s\u0103 fi dat \u00een mar\u015farier pentru a ie\u015fi din locul s\u0103u de parcare, dup\u0103 care a lovit semisfera, neobserv\u00e2nd-o, \u015fi \u00eentruc\u00e2t ma\u015fina are o gard\u0103 la sol mai mare, efectul a fost c\u0103 ma\u015fina a urcat peste semisfer\u0103 \u015fi a r\u0103mas apoi suspendat\u0103 pe ea, c\u00e2nd ro\u0163ile fa\u0163\u0103 au r\u0103mas \u00een aer.<\/p>\n<p>Din fericire, c\u00e2\u0163iva trec\u0103tori au ajutat proprietara de Toyota \u015fi au \u00eempins ma\u015fina, eliber\u00e2nd-o din captivitatea suspendat\u0103.<\/p>\n<p>Totu\u015fi, de\u015fi \u015foferi\u0163a poart\u0103 r\u0103spundere f\u0103r\u0103 \u00eendoial\u0103 pentru pruden\u0163a fa\u0163\u0103 de ceea ce se afl\u0103 \u00een jurul s\u0103u la manevrare, \u00een acest caz problema e \u00een egal\u0103 m\u0103sur\u0103 \u015fi \u00een faptul c\u0103 cineva a mutat anterior semisfera \u00eentr-un loc \u00een care ea nu avea ce c\u0103uta.<\/p>\n","protected":false},"excerpt":{"rendered":"<p>De cur\u00e2nd, bulevardul Grigore Vieru a primit o alee pietonal\u0103 recent reparat\u0103 pe zona sa central\u0103, iar odat\u0103 cu asta aleea a \u00eentret\u0103iat la un nivel cu c\u00e2\u0163iva centimetri mai ridicat \u015fi precedentele spa\u0163ii de \u00eentoarcere de pe acest bulevard. Spa\u0163iul de la intersec\u0163ia cu strada Ierusalim, spre exemplu, care anterior era folosit ca o [&hellip;]<\/p>\n","protected":false},"author":26,"featured_media":164385,"comment_status":"open","ping_status":"closed","sticky":false,"template":"","format":"video","meta":{"footnotes":""},"categories":[6351],"tags":[32217,37856,7755,37855,37854,30570],"class_list":["post-164384","post","type-post","status-publish","format-video","has-post-thumbnail","hentry","category-incidente","tag-a-ramas","tag-bulevard","tag-chisinau-ro","tag-semisferele","tag-suspendata","tag-toyota-ro","post_format-post-format-video"],"yoast_head":"<!-- This site is optimized with the Yoast SEO plugin v27.4 - https:\/\/yoast.com\/product\/yoast-seo-wordpress\/ -->\n<title>O Toyota a r\u0103mas suspendat\u0103 pe semisferele unui bulevard din Chi\u0219in\u0103u - BTV<\/title>\n<meta name=\"robots\" content=\"index, follow, max-snippet:-1, max-image-preview:large, max-video-preview:-1\" \/>\n<link rel=\"canonical\" href=\"https:\/\/www.btv.md\/ro\/amp\/o-toyota-a-ramas-suspendata-pe-semisferele-unui-bulevard-din-chisinau\/\" \/>\n<meta property=\"og:locale\" content=\"ro_RO\" \/>\n<meta property=\"og:type\" content=\"article\" \/>\n<meta property=\"og:title\" content=\"Video\/\/ O Toyota a r\u0103mas suspendat\u0103 pe semisferele unui bulevard din Chi\u0219in\u0103u\" \/>\n<meta property=\"og:description\" content=\"De cur\u00e2nd, bulevardul Grigore Vieru a primit o alee pietonal\u0103 recent reparat\u0103 pe zona sa central\u0103, iar odat\u0103 cu asta aleea a \u00eentret\u0103iat la un nivel cu c\u00e2\u0163iva centimetri mai ridicat \u015fi precedentele spa\u0163ii de \u00eentoarcere de pe acest bulevard. Spa\u0163iul de la intersec\u0163ia cu strada Ierusalim, spre exemplu, care anterior era folosit ca o [&hellip;]\" \/>\n<meta property=\"og:url\" content=\"https:\/\/www.btv.md\/ro\/amp\/o-toyota-a-ramas-suspendata-pe-semisferele-unui-bulevard-din-chisinau\/\" \/>\n<meta property=\"og:site_name\" content=\"BTV\" \/>\n<meta property=\"article:publisher\" content=\"https:\/\/www.facebook.com\/btvmoldova\/\" \/>\n<meta property=\"article:published_time\" content=\"2022-01-05T09:34:53+00:00\" \/>\n<meta property=\"og:image\" content=\"https:\/\/www.btv.md\/wp-content\/uploads\/2022\/01\/o-toyota-a-ramas-blocata.jpg\" \/>\n\t<meta property=\"og:image:width\" content=\"809\" \/>\n\t<meta property=\"og:image:height\" content=\"456\" \/>\n\t<meta property=\"og:image:type\" content=\"image\/jpeg\" \/>\n<meta name=\"author\" content=\"Victoria Ursu\" \/>\n<meta name=\"twitter:label1\" content=\"Scris de\" \/>\n\t<meta name=\"twitter:data1\" content=\"Victoria Ursu\" \/>\n\t<meta name=\"twitter:label2\" content=\"Timp estimat pentru citire\" \/>\n\t<meta name=\"twitter:data2\" content=\"2 minute\" \/>\n<script type=\"application\/ld+json\" class=\"yoast-schema-graph\">{\"@context\":\"https:\\\/\\\/schema.org\",\"@graph\":[{\"@type\":\"Article\",\"@id\":\"https:\\\/\\\/www.btv.md\\\/ro\\\/amp\\\/o-toyota-a-ramas-suspendata-pe-semisferele-unui-bulevard-din-chisinau\\\/#article\",\"isPartOf\":{\"@id\":\"https:\\\/\\\/www.btv.md\\\/ro\\\/amp\\\/o-toyota-a-ramas-suspendata-pe-semisferele-unui-bulevard-din-chisinau\\\/\"},\"author\":{\"name\":\"Victoria Ursu\",\"@id\":\"https:\\\/\\\/www.btv.md\\\/#\\\/schema\\\/person\\\/e4b592cd4d0aac4a25b0ac526c4c341f\"},\"headline\":\"O Toyota a r\u0103mas suspendat\u0103 pe semisferele unui bulevard din Chi\u0219in\u0103u\",\"datePublished\":\"2022-01-05T09:34:53+00:00\",\"mainEntityOfPage\":{\"@id\":\"https:\\\/\\\/www.btv.md\\\/ro\\\/amp\\\/o-toyota-a-ramas-suspendata-pe-semisferele-unui-bulevard-din-chisinau\\\/\"},\"wordCount\":313,\"commentCount\":0,\"image\":{\"@id\":\"https:\\\/\\\/www.btv.md\\\/ro\\\/amp\\\/o-toyota-a-ramas-suspendata-pe-semisferele-unui-bulevard-din-chisinau\\\/#primaryimage\"},\"thumbnailUrl\":\"https:\\\/\\\/www.btv.md\\\/wp-content\\\/uploads\\\/2022\\\/01\\\/o-toyota-a-ramas-blocata.jpg\",\"keywords\":[\"A r\u0103mas\",\"bulevard\",\"Chi\u0219in\u0103u\",\"semisferele\",\"suspendat\u0103\",\"Toyota\"],\"articleSection\":[\"Incidente\"],\"inLanguage\":\"ro-RO\",\"potentialAction\":[{\"@type\":\"CommentAction\",\"name\":\"Comment\",\"target\":[\"https:\\\/\\\/www.btv.md\\\/ro\\\/amp\\\/o-toyota-a-ramas-suspendata-pe-semisferele-unui-bulevard-din-chisinau\\\/#respond\"]}]},{\"@type\":\"WebPage\",\"@id\":\"https:\\\/\\\/www.btv.md\\\/ro\\\/amp\\\/o-toyota-a-ramas-suspendata-pe-semisferele-unui-bulevard-din-chisinau\\\/\",\"url\":\"https:\\\/\\\/www.btv.md\\\/ro\\\/amp\\\/o-toyota-a-ramas-suspendata-pe-semisferele-unui-bulevard-din-chisinau\\\/\",\"name\":\"O Toyota a r\u0103mas suspendat\u0103 pe semisferele unui bulevard din Chi\u0219in\u0103u - BTV\",\"isPartOf\":{\"@id\":\"https:\\\/\\\/www.btv.md\\\/#website\"},\"primaryImageOfPage\":{\"@id\":\"https:\\\/\\\/www.btv.md\\\/ro\\\/amp\\\/o-toyota-a-ramas-suspendata-pe-semisferele-unui-bulevard-din-chisinau\\\/#primaryimage\"},\"image\":{\"@id\":\"https:\\\/\\\/www.btv.md\\\/ro\\\/amp\\\/o-toyota-a-ramas-suspendata-pe-semisferele-unui-bulevard-din-chisinau\\\/#primaryimage\"},\"thumbnailUrl\":\"https:\\\/\\\/www.btv.md\\\/wp-content\\\/uploads\\\/2022\\\/01\\\/o-toyota-a-ramas-blocata.jpg\",\"datePublished\":\"2022-01-05T09:34:53+00:00\",\"author\":{\"@id\":\"https:\\\/\\\/www.btv.md\\\/#\\\/schema\\\/person\\\/e4b592cd4d0aac4a25b0ac526c4c341f\"},\"inLanguage\":\"ro-RO\",\"potentialAction\":[{\"@type\":\"ReadAction\",\"target\":[\"https:\\\/\\\/www.btv.md\\\/ro\\\/amp\\\/o-toyota-a-ramas-suspendata-pe-semisferele-unui-bulevard-din-chisinau\\\/\"]}]},{\"@type\":\"ImageObject\",\"inLanguage\":\"ro-RO\",\"@id\":\"https:\\\/\\\/www.btv.md\\\/ro\\\/amp\\\/o-toyota-a-ramas-suspendata-pe-semisferele-unui-bulevard-din-chisinau\\\/#primaryimage\",\"url\":\"https:\\\/\\\/www.btv.md\\\/wp-content\\\/uploads\\\/2022\\\/01\\\/o-toyota-a-ramas-blocata.jpg\",\"contentUrl\":\"https:\\\/\\\/www.btv.md\\\/wp-content\\\/uploads\\\/2022\\\/01\\\/o-toyota-a-ramas-blocata.jpg\",\"width\":809,\"height\":456,\"caption\":\"Foto: \u0218tiri.md.\"},{\"@type\":\"WebSite\",\"@id\":\"https:\\\/\\\/www.btv.md\\\/#website\",\"url\":\"https:\\\/\\\/www.btv.md\\\/\",\"name\":\"BTV\",\"description\":\"\u0411\u0435\u043b\u044c\u0446\u043a\u043e\u0435 \u0442\u0435\u043b\u0435\u0432\u0438\u0434\u0435\u043d\u0438\u0435\",\"potentialAction\":[{\"@type\":\"SearchAction\",\"target\":{\"@type\":\"EntryPoint\",\"urlTemplate\":\"https:\\\/\\\/www.btv.md\\\/?s={search_term_string}\"},\"query-input\":{\"@type\":\"PropertyValueSpecification\",\"valueRequired\":true,\"valueName\":\"search_term_string\"}}],\"inLanguage\":\"ro-RO\"},{\"@type\":\"Person\",\"@id\":\"https:\\\/\\\/www.btv.md\\\/#\\\/schema\\\/person\\\/e4b592cd4d0aac4a25b0ac526c4c341f\",\"name\":\"Victoria Ursu\"}]}<\/script>\n<!-- \/ Yoast SEO plugin. -->","yoast_head_json":{"title":"O Toyota a r\u0103mas suspendat\u0103 pe semisferele unui bulevard din Chi\u0219in\u0103u - BTV","robots":{"index":"index","follow":"follow","max-snippet":"max-snippet:-1","max-image-preview":"max-image-preview:large","max-video-preview":"max-video-preview:-1"},"canonical":"https:\/\/www.btv.md\/ro\/amp\/o-toyota-a-ramas-suspendata-pe-semisferele-unui-bulevard-din-chisinau\/","og_locale":"ro_RO","og_type":"article","og_title":"Video\/\/ O Toyota a r\u0103mas suspendat\u0103 pe semisferele unui bulevard din Chi\u0219in\u0103u","og_description":"De cur\u00e2nd, bulevardul Grigore Vieru a primit o alee pietonal\u0103 recent reparat\u0103 pe zona sa central\u0103, iar odat\u0103 cu asta aleea a \u00eentret\u0103iat la un nivel cu c\u00e2\u0163iva centimetri mai ridicat \u015fi precedentele spa\u0163ii de \u00eentoarcere de pe acest bulevard. Spa\u0163iul de la intersec\u0163ia cu strada Ierusalim, spre exemplu, care anterior era folosit ca o [&hellip;]","og_url":"https:\/\/www.btv.md\/ro\/amp\/o-toyota-a-ramas-suspendata-pe-semisferele-unui-bulevard-din-chisinau\/","og_site_name":"BTV","article_publisher":"https:\/\/www.facebook.com\/btvmoldova\/","article_published_time":"2022-01-05T09:34:53+00:00","og_image":[{"width":809,"height":456,"url":"https:\/\/www.btv.md\/wp-content\/uploads\/2022\/01\/o-toyota-a-ramas-blocata.jpg","type":"image\/jpeg"}],"author":"Victoria Ursu","twitter_misc":{"Scris de":"Victoria Ursu","Timp estimat pentru citire":"2 minute"},"schema":{"@context":"https:\/\/schema.org","@graph":[{"@type":"Article","@id":"https:\/\/www.btv.md\/ro\/amp\/o-toyota-a-ramas-suspendata-pe-semisferele-unui-bulevard-din-chisinau\/#article","isPartOf":{"@id":"https:\/\/www.btv.md\/ro\/amp\/o-toyota-a-ramas-suspendata-pe-semisferele-unui-bulevard-din-chisinau\/"},"author":{"name":"Victoria Ursu","@id":"https:\/\/www.btv.md\/#\/schema\/person\/e4b592cd4d0aac4a25b0ac526c4c341f"},"headline":"O Toyota a r\u0103mas suspendat\u0103 pe semisferele unui bulevard din Chi\u0219in\u0103u","datePublished":"2022-01-05T09:34:53+00:00","mainEntityOfPage":{"@id":"https:\/\/www.btv.md\/ro\/amp\/o-toyota-a-ramas-suspendata-pe-semisferele-unui-bulevard-din-chisinau\/"},"wordCount":313,"commentCount":0,"image":{"@id":"https:\/\/www.btv.md\/ro\/amp\/o-toyota-a-ramas-suspendata-pe-semisferele-unui-bulevard-din-chisinau\/#primaryimage"},"thumbnailUrl":"https:\/\/www.btv.md\/wp-content\/uploads\/2022\/01\/o-toyota-a-ramas-blocata.jpg","keywords":["A r\u0103mas","bulevard","Chi\u0219in\u0103u","semisferele","suspendat\u0103","Toyota"],"articleSection":["Incidente"],"inLanguage":"ro-RO","potentialAction":[{"@type":"CommentAction","name":"Comment","target":["https:\/\/www.btv.md\/ro\/amp\/o-toyota-a-ramas-suspendata-pe-semisferele-unui-bulevard-din-chisinau\/#respond"]}]},{"@type":"WebPage","@id":"https:\/\/www.btv.md\/ro\/amp\/o-toyota-a-ramas-suspendata-pe-semisferele-unui-bulevard-din-chisinau\/","url":"https:\/\/www.btv.md\/ro\/amp\/o-toyota-a-ramas-suspendata-pe-semisferele-unui-bulevard-din-chisinau\/","name":"O Toyota a r\u0103mas suspendat\u0103 pe semisferele unui bulevard din Chi\u0219in\u0103u - BTV","isPartOf":{"@id":"https:\/\/www.btv.md\/#website"},"primaryImageOfPage":{"@id":"https:\/\/www.btv.md\/ro\/amp\/o-toyota-a-ramas-suspendata-pe-semisferele-unui-bulevard-din-chisinau\/#primaryimage"},"image":{"@id":"https:\/\/www.btv.md\/ro\/amp\/o-toyota-a-ramas-suspendata-pe-semisferele-unui-bulevard-din-chisinau\/#primaryimage"},"thumbnailUrl":"https:\/\/www.btv.md\/wp-content\/uploads\/2022\/01\/o-toyota-a-ramas-blocata.jpg","datePublished":"2022-01-05T09:34:53+00:00","author":{"@id":"https:\/\/www.btv.md\/#\/schema\/person\/e4b592cd4d0aac4a25b0ac526c4c341f"},"inLanguage":"ro-RO","potentialAction":[{"@type":"ReadAction","target":["https:\/\/www.btv.md\/ro\/amp\/o-toyota-a-ramas-suspendata-pe-semisferele-unui-bulevard-din-chisinau\/"]}]},{"@type":"ImageObject","inLanguage":"ro-RO","@id":"https:\/\/www.btv.md\/ro\/amp\/o-toyota-a-ramas-suspendata-pe-semisferele-unui-bulevard-din-chisinau\/#primaryimage","url":"https:\/\/www.btv.md\/wp-content\/uploads\/2022\/01\/o-toyota-a-ramas-blocata.jpg","contentUrl":"https:\/\/www.btv.md\/wp-content\/uploads\/2022\/01\/o-toyota-a-ramas-blocata.jpg","width":809,"height":456,"caption":"Foto: \u0218tiri.md."},{"@type":"WebSite","@id":"https:\/\/www.btv.md\/#website","url":"https:\/\/www.btv.md\/","name":"BTV","description":"\u0411\u0435\u043b\u044c\u0446\u043a\u043e\u0435 \u0442\u0435\u043b\u0435\u0432\u0438\u0434\u0435\u043d\u0438\u0435","potentialAction":[{"@type":"SearchAction","target":{"@type":"EntryPoint","urlTemplate":"https:\/\/www.btv.md\/?s={search_term_string}"},"query-input":{"@type":"PropertyValueSpecification","valueRequired":true,"valueName":"search_term_string"}}],"inLanguage":"ro-RO"},{"@type":"Person","@id":"https:\/\/www.btv.md\/#\/schema\/person\/e4b592cd4d0aac4a25b0ac526c4c341f","name":"Victoria Ursu"}]}},"_links":{"self":[{"href":"https:\/\/www.btv.md\/ro\/wp-json\/wp\/v2\/posts\/164384","targetHints":{"allow":["GET"]}}],"collection":[{"href":"https:\/\/www.btv.md\/ro\/wp-json\/wp\/v2\/posts"}],"about":[{"href":"https:\/\/www.btv.md\/ro\/wp-json\/wp\/v2\/types\/post"}],"author":[{"embeddable":true,"href":"https:\/\/www.btv.md\/ro\/wp-json\/wp\/v2\/users\/26"}],"replies":[{"embeddable":true,"href":"https:\/\/www.btv.md\/ro\/wp-json\/wp\/v2\/comments?post=164384"}],"version-history":[{"count":0,"href":"https:\/\/www.btv.md\/ro\/wp-json\/wp\/v2\/posts\/164384\/revisions"}],"wp:featuredmedia":[{"embeddable":true,"href":"https:\/\/www.btv.md\/ro\/wp-json\/wp\/v2\/media\/164385"}],"wp:attachment":[{"href":"https:\/\/www.btv.md\/ro\/wp-json\/wp\/v2\/media?parent=164384"}],"wp:term":[{"taxonomy":"category","embeddable":true,"href":"https:\/\/www.btv.md\/ro\/wp-json\/wp\/v2\/categories?post=164384"},{"taxonomy":"post_tag","embeddable":true,"href":"https:\/\/www.btv.md\/ro\/wp-json\/wp\/v2\/tags?post=164384"}],"curies":[{"name":"wp","href":"https:\/\/api.w.org\/{rel}","templated":true}]}}