{"id":164762,"date":"2022-01-28T13:24:07","date_gmt":"2022-01-28T11:24:07","guid":{"rendered":"https:\/\/www.btv.md\/?p=164762"},"modified":"2022-01-28T13:24:07","modified_gmt":"2022-01-28T11:24:07","slug":"tragedie-la-cantemir-un-barbat-a-murit-dupa-ce-a-cazut-de-pe-acoperisul-unei-scoli-de-la-o-inaltime-de-aproximativ-9-metri","status":"publish","type":"post","link":"https:\/\/www.btv.md\/ro\/tragedie-la-cantemir-un-barbat-a-murit-dupa-ce-a-cazut-de-pe-acoperisul-unei-scoli-de-la-o-inaltime-de-aproximativ-9-metri\/","title":{"rendered":"Tragedie la Cantemir! Un b\u0103rbat a murit, dup\u0103 ce a c\u0103zut de pe acoperi\u0219ul unei \u0219coli, de la o \u00een\u0103l\u021bime de aproximativ 9 metri"},"content":{"rendered":"<p><strong>Tragedie \u00een satul L\u0103rgu\u021ba, raionul Cantemir. Un b\u0103rbat a murit, dup\u0103 ce a c\u0103zut de pe acoperi\u0219ul \u0219colii, scrie <a href=\"https:\/\/tv8.md\/2022\/28\/01\/tragedie-la-cantemir-un-barbat-a-murit-dupa-ce-a-cazut-de-pe-acoperisul-unei-scoli-de-la-o-inaltime-de-aproximativ-9-metri\/191440\">tv8.md.\u00a0<\/a>\u00a0<\/strong><\/p>\n<p>Nenorocirea s-a produs joi. Potrivit poli\u021biei, victima \u00een v\u00e2rst\u0103 de 60 de ani, era \u0219ef de gospod\u0103rie \u00een institu\u021bia de \u00eenv\u0103\u021b\u0103m\u00e2nt.<\/p>\n<p>B\u0103rbatul efectua lucr\u0103ri de repara\u021bie la acoperi\u0219ul s\u0103lii de sport a gimnaziului din localitate, c\u00e2nd a c\u0103zut de la o \u00een\u0103l\u021bime de aproximativ nou\u0103 metri. Din nefericire, acesta s-a stins p\u00e2n\u0103 la sosirea ambulan\u021bei.<\/p>\n<p>Cadavrul b\u0103rbatului a fost \u00eendreptat la Centrul de Medicin\u0103 Legal\u0103, pentru efectuarea expertizei medico &#8211; legale.<\/p>\n","protected":false},"excerpt":{"rendered":"<p>Tragedie \u00een satul L\u0103rgu\u021ba, raionul Cantemir. Un b\u0103rbat a murit, dup\u0103 ce a c\u0103zut de pe acoperi\u0219ul \u0219colii, scrie tv8.md.\u00a0\u00a0 Nenorocirea s-a produs joi. Potrivit poli\u021biei, victima \u00een v\u00e2rst\u0103 de 60 de ani, era \u0219ef de gospod\u0103rie \u00een institu\u021bia de \u00eenv\u0103\u021b\u0103m\u00e2nt. B\u0103rbatul efectua lucr\u0103ri de repara\u021bie la acoperi\u0219ul s\u0103lii de sport a gimnaziului din localitate, [&hellip;]<\/p>\n","protected":false},"author":26,"featured_media":164763,"comment_status":"open","ping_status":"closed","sticky":false,"template":"","format":"standard","meta":{"footnotes":""},"categories":[6351],"tags":[38120,14790,38121,38119,8260,38118],"class_list":["post-164762","post","type-post","status-publish","format-standard","has-post-thumbnail","hentry","category-incidente","tag-9-metri","tag-a-cazut","tag-cantemir-ro","tag-de-pe-acoperisul-scolii","tag-tragedie","tag-un-barbat-a-murit"],"yoast_head":"<!-- This site is optimized with the Yoast SEO plugin v27.4 - https:\/\/yoast.com\/product\/yoast-seo-wordpress\/ -->\n<title>Tragedie la Cantemir! Un b\u0103rbat a murit, dup\u0103 ce a c\u0103zut de pe acoperi\u0219ul unei \u0219coli, de la o \u00een\u0103l\u021bime de aproximativ 9 metri - BTV<\/title>\n<meta name=\"robots\" content=\"index, follow, max-snippet:-1, max-image-preview:large, max-video-preview:-1\" \/>\n<link rel=\"canonical\" href=\"https:\/\/www.btv.md\/ro\/tragedie-la-cantemir-un-barbat-a-murit-dupa-ce-a-cazut-de-pe-acoperisul-unei-scoli-de-la-o-inaltime-de-aproximativ-9-metri\/\" \/>\n<meta property=\"og:locale\" content=\"ro_RO\" \/>\n<meta property=\"og:type\" content=\"article\" \/>\n<meta property=\"og:title\" content=\"Tragedie la Cantemir! Un b\u0103rbat a murit, dup\u0103 ce a c\u0103zut de pe acoperi\u0219ul unei \u0219coli, de la o \u00een\u0103l\u021bime de aproximativ 9 metri - BTV\" \/>\n<meta property=\"og:description\" content=\"Tragedie \u00een satul L\u0103rgu\u021ba, raionul Cantemir. Un b\u0103rbat a murit, dup\u0103 ce a c\u0103zut de pe acoperi\u0219ul \u0219colii, scrie tv8.md.\u00a0\u00a0 Nenorocirea s-a produs joi. Potrivit poli\u021biei, victima \u00een v\u00e2rst\u0103 de 60 de ani, era \u0219ef de gospod\u0103rie \u00een institu\u021bia de \u00eenv\u0103\u021b\u0103m\u00e2nt. B\u0103rbatul efectua lucr\u0103ri de repara\u021bie la acoperi\u0219ul s\u0103lii de sport a gimnaziului din localitate, [&hellip;]\" \/>\n<meta property=\"og:url\" content=\"https:\/\/www.btv.md\/ro\/tragedie-la-cantemir-un-barbat-a-murit-dupa-ce-a-cazut-de-pe-acoperisul-unei-scoli-de-la-o-inaltime-de-aproximativ-9-metri\/\" \/>\n<meta property=\"og:site_name\" content=\"BTV\" \/>\n<meta property=\"article:publisher\" content=\"https:\/\/www.facebook.com\/btvmoldova\/\" \/>\n<meta property=\"article:published_time\" content=\"2022-01-28T11:24:07+00:00\" \/>\n<meta property=\"og:image\" content=\"https:\/\/www.btv.md\/wp-content\/uploads\/2022\/01\/un-barbat-murit-dupa-ce-a-cazut-de-pe-acoperisul-scoii-la-cantemir.jpg\" \/>\n\t<meta property=\"og:image:width\" content=\"1280\" \/>\n\t<meta property=\"og:image:height\" content=\"720\" \/>\n\t<meta property=\"og:image:type\" content=\"image\/jpeg\" \/>\n<meta name=\"author\" content=\"Victoria Ursu\" \/>\n<meta name=\"twitter:label1\" content=\"Scris de\" \/>\n\t<meta name=\"twitter:data1\" content=\"Victoria Ursu\" \/>\n\t<meta name=\"twitter:label2\" content=\"Timp estimat pentru citire\" \/>\n\t<meta name=\"twitter:data2\" content=\"1 minut\" \/>\n<script type=\"application\/ld+json\" class=\"yoast-schema-graph\">{\"@context\":\"https:\\\/\\\/schema.org\",\"@graph\":[{\"@type\":\"Article\",\"@id\":\"https:\\\/\\\/www.btv.md\\\/ro\\\/tragedie-la-cantemir-un-barbat-a-murit-dupa-ce-a-cazut-de-pe-acoperisul-unei-scoli-de-la-o-inaltime-de-aproximativ-9-metri\\\/#article\",\"isPartOf\":{\"@id\":\"https:\\\/\\\/www.btv.md\\\/ro\\\/tragedie-la-cantemir-un-barbat-a-murit-dupa-ce-a-cazut-de-pe-acoperisul-unei-scoli-de-la-o-inaltime-de-aproximativ-9-metri\\\/\"},\"author\":{\"name\":\"Victoria Ursu\",\"@id\":\"https:\\\/\\\/www.btv.md\\\/#\\\/schema\\\/person\\\/e4b592cd4d0aac4a25b0ac526c4c341f\"},\"headline\":\"Tragedie la Cantemir! Un b\u0103rbat a murit, dup\u0103 ce a c\u0103zut de pe acoperi\u0219ul unei \u0219coli, de la o \u00een\u0103l\u021bime de aproximativ 9 metri\",\"datePublished\":\"2022-01-28T11:24:07+00:00\",\"mainEntityOfPage\":{\"@id\":\"https:\\\/\\\/www.btv.md\\\/ro\\\/tragedie-la-cantemir-un-barbat-a-murit-dupa-ce-a-cazut-de-pe-acoperisul-unei-scoli-de-la-o-inaltime-de-aproximativ-9-metri\\\/\"},\"wordCount\":142,\"commentCount\":0,\"image\":{\"@id\":\"https:\\\/\\\/www.btv.md\\\/ro\\\/tragedie-la-cantemir-un-barbat-a-murit-dupa-ce-a-cazut-de-pe-acoperisul-unei-scoli-de-la-o-inaltime-de-aproximativ-9-metri\\\/#primaryimage\"},\"thumbnailUrl\":\"https:\\\/\\\/www.btv.md\\\/wp-content\\\/uploads\\\/2022\\\/01\\\/un-barbat-murit-dupa-ce-a-cazut-de-pe-acoperisul-scoii-la-cantemir.jpg\",\"keywords\":[\"9 metri\",\"a c\u0103zut\",\"Cantemir\",\"de pe acoperi\u0219ul \u0219colii\",\"tragedie\",\"un b\u0103rbat a murit\"],\"articleSection\":[\"Incidente\"],\"inLanguage\":\"ro-RO\",\"potentialAction\":[{\"@type\":\"CommentAction\",\"name\":\"Comment\",\"target\":[\"https:\\\/\\\/www.btv.md\\\/ro\\\/tragedie-la-cantemir-un-barbat-a-murit-dupa-ce-a-cazut-de-pe-acoperisul-unei-scoli-de-la-o-inaltime-de-aproximativ-9-metri\\\/#respond\"]}]},{\"@type\":\"WebPage\",\"@id\":\"https:\\\/\\\/www.btv.md\\\/ro\\\/tragedie-la-cantemir-un-barbat-a-murit-dupa-ce-a-cazut-de-pe-acoperisul-unei-scoli-de-la-o-inaltime-de-aproximativ-9-metri\\\/\",\"url\":\"https:\\\/\\\/www.btv.md\\\/ro\\\/tragedie-la-cantemir-un-barbat-a-murit-dupa-ce-a-cazut-de-pe-acoperisul-unei-scoli-de-la-o-inaltime-de-aproximativ-9-metri\\\/\",\"name\":\"Tragedie la Cantemir! Un b\u0103rbat a murit, dup\u0103 ce a c\u0103zut de pe acoperi\u0219ul unei \u0219coli, de la o \u00een\u0103l\u021bime de aproximativ 9 metri - BTV\",\"isPartOf\":{\"@id\":\"https:\\\/\\\/www.btv.md\\\/#website\"},\"primaryImageOfPage\":{\"@id\":\"https:\\\/\\\/www.btv.md\\\/ro\\\/tragedie-la-cantemir-un-barbat-a-murit-dupa-ce-a-cazut-de-pe-acoperisul-unei-scoli-de-la-o-inaltime-de-aproximativ-9-metri\\\/#primaryimage\"},\"image\":{\"@id\":\"https:\\\/\\\/www.btv.md\\\/ro\\\/tragedie-la-cantemir-un-barbat-a-murit-dupa-ce-a-cazut-de-pe-acoperisul-unei-scoli-de-la-o-inaltime-de-aproximativ-9-metri\\\/#primaryimage\"},\"thumbnailUrl\":\"https:\\\/\\\/www.btv.md\\\/wp-content\\\/uploads\\\/2022\\\/01\\\/un-barbat-murit-dupa-ce-a-cazut-de-pe-acoperisul-scoii-la-cantemir.jpg\",\"datePublished\":\"2022-01-28T11:24:07+00:00\",\"author\":{\"@id\":\"https:\\\/\\\/www.btv.md\\\/#\\\/schema\\\/person\\\/e4b592cd4d0aac4a25b0ac526c4c341f\"},\"inLanguage\":\"ro-RO\",\"potentialAction\":[{\"@type\":\"ReadAction\",\"target\":[\"https:\\\/\\\/www.btv.md\\\/ro\\\/tragedie-la-cantemir-un-barbat-a-murit-dupa-ce-a-cazut-de-pe-acoperisul-unei-scoli-de-la-o-inaltime-de-aproximativ-9-metri\\\/\"]}]},{\"@type\":\"ImageObject\",\"inLanguage\":\"ro-RO\",\"@id\":\"https:\\\/\\\/www.btv.md\\\/ro\\\/tragedie-la-cantemir-un-barbat-a-murit-dupa-ce-a-cazut-de-pe-acoperisul-unei-scoli-de-la-o-inaltime-de-aproximativ-9-metri\\\/#primaryimage\",\"url\":\"https:\\\/\\\/www.btv.md\\\/wp-content\\\/uploads\\\/2022\\\/01\\\/un-barbat-murit-dupa-ce-a-cazut-de-pe-acoperisul-scoii-la-cantemir.jpg\",\"contentUrl\":\"https:\\\/\\\/www.btv.md\\\/wp-content\\\/uploads\\\/2022\\\/01\\\/un-barbat-murit-dupa-ce-a-cazut-de-pe-acoperisul-scoii-la-cantemir.jpg\",\"width\":1280,\"height\":720,\"caption\":\"Foto: tv8.md.\"},{\"@type\":\"WebSite\",\"@id\":\"https:\\\/\\\/www.btv.md\\\/#website\",\"url\":\"https:\\\/\\\/www.btv.md\\\/\",\"name\":\"BTV\",\"description\":\"\u0411\u0435\u043b\u044c\u0446\u043a\u043e\u0435 \u0442\u0435\u043b\u0435\u0432\u0438\u0434\u0435\u043d\u0438\u0435\",\"potentialAction\":[{\"@type\":\"SearchAction\",\"target\":{\"@type\":\"EntryPoint\",\"urlTemplate\":\"https:\\\/\\\/www.btv.md\\\/?s={search_term_string}\"},\"query-input\":{\"@type\":\"PropertyValueSpecification\",\"valueRequired\":true,\"valueName\":\"search_term_string\"}}],\"inLanguage\":\"ro-RO\"},{\"@type\":\"Person\",\"@id\":\"https:\\\/\\\/www.btv.md\\\/#\\\/schema\\\/person\\\/e4b592cd4d0aac4a25b0ac526c4c341f\",\"name\":\"Victoria Ursu\"}]}<\/script>\n<!-- \/ Yoast SEO plugin. -->","yoast_head_json":{"title":"Tragedie la Cantemir! Un b\u0103rbat a murit, dup\u0103 ce a c\u0103zut de pe acoperi\u0219ul unei \u0219coli, de la o \u00een\u0103l\u021bime de aproximativ 9 metri - BTV","robots":{"index":"index","follow":"follow","max-snippet":"max-snippet:-1","max-image-preview":"max-image-preview:large","max-video-preview":"max-video-preview:-1"},"canonical":"https:\/\/www.btv.md\/ro\/tragedie-la-cantemir-un-barbat-a-murit-dupa-ce-a-cazut-de-pe-acoperisul-unei-scoli-de-la-o-inaltime-de-aproximativ-9-metri\/","og_locale":"ro_RO","og_type":"article","og_title":"Tragedie la Cantemir! Un b\u0103rbat a murit, dup\u0103 ce a c\u0103zut de pe acoperi\u0219ul unei \u0219coli, de la o \u00een\u0103l\u021bime de aproximativ 9 metri - BTV","og_description":"Tragedie \u00een satul L\u0103rgu\u021ba, raionul Cantemir. Un b\u0103rbat a murit, dup\u0103 ce a c\u0103zut de pe acoperi\u0219ul \u0219colii, scrie tv8.md.\u00a0\u00a0 Nenorocirea s-a produs joi. Potrivit poli\u021biei, victima \u00een v\u00e2rst\u0103 de 60 de ani, era \u0219ef de gospod\u0103rie \u00een institu\u021bia de \u00eenv\u0103\u021b\u0103m\u00e2nt. B\u0103rbatul efectua lucr\u0103ri de repara\u021bie la acoperi\u0219ul s\u0103lii de sport a gimnaziului din localitate, [&hellip;]","og_url":"https:\/\/www.btv.md\/ro\/tragedie-la-cantemir-un-barbat-a-murit-dupa-ce-a-cazut-de-pe-acoperisul-unei-scoli-de-la-o-inaltime-de-aproximativ-9-metri\/","og_site_name":"BTV","article_publisher":"https:\/\/www.facebook.com\/btvmoldova\/","article_published_time":"2022-01-28T11:24:07+00:00","og_image":[{"width":1280,"height":720,"url":"https:\/\/www.btv.md\/wp-content\/uploads\/2022\/01\/un-barbat-murit-dupa-ce-a-cazut-de-pe-acoperisul-scoii-la-cantemir.jpg","type":"image\/jpeg"}],"author":"Victoria Ursu","twitter_misc":{"Scris de":"Victoria Ursu","Timp estimat pentru citire":"1 minut"},"schema":{"@context":"https:\/\/schema.org","@graph":[{"@type":"Article","@id":"https:\/\/www.btv.md\/ro\/tragedie-la-cantemir-un-barbat-a-murit-dupa-ce-a-cazut-de-pe-acoperisul-unei-scoli-de-la-o-inaltime-de-aproximativ-9-metri\/#article","isPartOf":{"@id":"https:\/\/www.btv.md\/ro\/tragedie-la-cantemir-un-barbat-a-murit-dupa-ce-a-cazut-de-pe-acoperisul-unei-scoli-de-la-o-inaltime-de-aproximativ-9-metri\/"},"author":{"name":"Victoria Ursu","@id":"https:\/\/www.btv.md\/#\/schema\/person\/e4b592cd4d0aac4a25b0ac526c4c341f"},"headline":"Tragedie la Cantemir! Un b\u0103rbat a murit, dup\u0103 ce a c\u0103zut de pe acoperi\u0219ul unei \u0219coli, de la o \u00een\u0103l\u021bime de aproximativ 9 metri","datePublished":"2022-01-28T11:24:07+00:00","mainEntityOfPage":{"@id":"https:\/\/www.btv.md\/ro\/tragedie-la-cantemir-un-barbat-a-murit-dupa-ce-a-cazut-de-pe-acoperisul-unei-scoli-de-la-o-inaltime-de-aproximativ-9-metri\/"},"wordCount":142,"commentCount":0,"image":{"@id":"https:\/\/www.btv.md\/ro\/tragedie-la-cantemir-un-barbat-a-murit-dupa-ce-a-cazut-de-pe-acoperisul-unei-scoli-de-la-o-inaltime-de-aproximativ-9-metri\/#primaryimage"},"thumbnailUrl":"https:\/\/www.btv.md\/wp-content\/uploads\/2022\/01\/un-barbat-murit-dupa-ce-a-cazut-de-pe-acoperisul-scoii-la-cantemir.jpg","keywords":["9 metri","a c\u0103zut","Cantemir","de pe acoperi\u0219ul \u0219colii","tragedie","un b\u0103rbat a murit"],"articleSection":["Incidente"],"inLanguage":"ro-RO","potentialAction":[{"@type":"CommentAction","name":"Comment","target":["https:\/\/www.btv.md\/ro\/tragedie-la-cantemir-un-barbat-a-murit-dupa-ce-a-cazut-de-pe-acoperisul-unei-scoli-de-la-o-inaltime-de-aproximativ-9-metri\/#respond"]}]},{"@type":"WebPage","@id":"https:\/\/www.btv.md\/ro\/tragedie-la-cantemir-un-barbat-a-murit-dupa-ce-a-cazut-de-pe-acoperisul-unei-scoli-de-la-o-inaltime-de-aproximativ-9-metri\/","url":"https:\/\/www.btv.md\/ro\/tragedie-la-cantemir-un-barbat-a-murit-dupa-ce-a-cazut-de-pe-acoperisul-unei-scoli-de-la-o-inaltime-de-aproximativ-9-metri\/","name":"Tragedie la Cantemir! Un b\u0103rbat a murit, dup\u0103 ce a c\u0103zut de pe acoperi\u0219ul unei \u0219coli, de la o \u00een\u0103l\u021bime de aproximativ 9 metri - BTV","isPartOf":{"@id":"https:\/\/www.btv.md\/#website"},"primaryImageOfPage":{"@id":"https:\/\/www.btv.md\/ro\/tragedie-la-cantemir-un-barbat-a-murit-dupa-ce-a-cazut-de-pe-acoperisul-unei-scoli-de-la-o-inaltime-de-aproximativ-9-metri\/#primaryimage"},"image":{"@id":"https:\/\/www.btv.md\/ro\/tragedie-la-cantemir-un-barbat-a-murit-dupa-ce-a-cazut-de-pe-acoperisul-unei-scoli-de-la-o-inaltime-de-aproximativ-9-metri\/#primaryimage"},"thumbnailUrl":"https:\/\/www.btv.md\/wp-content\/uploads\/2022\/01\/un-barbat-murit-dupa-ce-a-cazut-de-pe-acoperisul-scoii-la-cantemir.jpg","datePublished":"2022-01-28T11:24:07+00:00","author":{"@id":"https:\/\/www.btv.md\/#\/schema\/person\/e4b592cd4d0aac4a25b0ac526c4c341f"},"inLanguage":"ro-RO","potentialAction":[{"@type":"ReadAction","target":["https:\/\/www.btv.md\/ro\/tragedie-la-cantemir-un-barbat-a-murit-dupa-ce-a-cazut-de-pe-acoperisul-unei-scoli-de-la-o-inaltime-de-aproximativ-9-metri\/"]}]},{"@type":"ImageObject","inLanguage":"ro-RO","@id":"https:\/\/www.btv.md\/ro\/tragedie-la-cantemir-un-barbat-a-murit-dupa-ce-a-cazut-de-pe-acoperisul-unei-scoli-de-la-o-inaltime-de-aproximativ-9-metri\/#primaryimage","url":"https:\/\/www.btv.md\/wp-content\/uploads\/2022\/01\/un-barbat-murit-dupa-ce-a-cazut-de-pe-acoperisul-scoii-la-cantemir.jpg","contentUrl":"https:\/\/www.btv.md\/wp-content\/uploads\/2022\/01\/un-barbat-murit-dupa-ce-a-cazut-de-pe-acoperisul-scoii-la-cantemir.jpg","width":1280,"height":720,"caption":"Foto: tv8.md."},{"@type":"WebSite","@id":"https:\/\/www.btv.md\/#website","url":"https:\/\/www.btv.md\/","name":"BTV","description":"\u0411\u0435\u043b\u044c\u0446\u043a\u043e\u0435 \u0442\u0435\u043b\u0435\u0432\u0438\u0434\u0435\u043d\u0438\u0435","potentialAction":[{"@type":"SearchAction","target":{"@type":"EntryPoint","urlTemplate":"https:\/\/www.btv.md\/?s={search_term_string}"},"query-input":{"@type":"PropertyValueSpecification","valueRequired":true,"valueName":"search_term_string"}}],"inLanguage":"ro-RO"},{"@type":"Person","@id":"https:\/\/www.btv.md\/#\/schema\/person\/e4b592cd4d0aac4a25b0ac526c4c341f","name":"Victoria Ursu"}]}},"_links":{"self":[{"href":"https:\/\/www.btv.md\/ro\/wp-json\/wp\/v2\/posts\/164762","targetHints":{"allow":["GET"]}}],"collection":[{"href":"https:\/\/www.btv.md\/ro\/wp-json\/wp\/v2\/posts"}],"about":[{"href":"https:\/\/www.btv.md\/ro\/wp-json\/wp\/v2\/types\/post"}],"author":[{"embeddable":true,"href":"https:\/\/www.btv.md\/ro\/wp-json\/wp\/v2\/users\/26"}],"replies":[{"embeddable":true,"href":"https:\/\/www.btv.md\/ro\/wp-json\/wp\/v2\/comments?post=164762"}],"version-history":[{"count":0,"href":"https:\/\/www.btv.md\/ro\/wp-json\/wp\/v2\/posts\/164762\/revisions"}],"wp:featuredmedia":[{"embeddable":true,"href":"https:\/\/www.btv.md\/ro\/wp-json\/wp\/v2\/media\/164763"}],"wp:attachment":[{"href":"https:\/\/www.btv.md\/ro\/wp-json\/wp\/v2\/media?parent=164762"}],"wp:term":[{"taxonomy":"category","embeddable":true,"href":"https:\/\/www.btv.md\/ro\/wp-json\/wp\/v2\/categories?post=164762"},{"taxonomy":"post_tag","embeddable":true,"href":"https:\/\/www.btv.md\/ro\/wp-json\/wp\/v2\/tags?post=164762"}],"curies":[{"name":"wp","href":"https:\/\/api.w.org\/{rel}","templated":true}]}}