{"id":164773,"date":"2022-02-01T11:53:22","date_gmt":"2022-02-01T09:53:22","guid":{"rendered":"https:\/\/www.btv.md\/?p=164773"},"modified":"2022-02-01T12:21:00","modified_gmt":"2022-02-01T10:21:00","slug":"tarifele-la-roaming-in-r-moldova-si-croatia-ar-putea-fi-anulate","status":"publish","type":"post","link":"https:\/\/www.btv.md\/ro\/tarifele-la-roaming-in-r-moldova-si-croatia-ar-putea-fi-anulate\/","title":{"rendered":"Tarifele la roaming \u00een R. Moldova \u0219i Croa\u021bia ar putea fi anulate"},"content":{"rendered":"<p class=\"preamble\"><strong>Tarifele la roaming \u00eentre Republica Moldova \u0219i Croa\u021bia ar putea fi anulate. Un acord de liberalizare a pre\u021burilor ar putea fi semnat \u00eentre cele dou\u0103 state. Despre aceasta a anun\u021bat ministrul de Externe Nicu Popescu \u00een cadrul unei conferin\u021be de pres\u0103, la care a participat \u0219i omologul s\u0103u croat Gordan Grli\u0107 Radman, scrie <a href=\"https:\/\/agora.md\/\">agora.md.\u00a0<\/a><\/strong><\/p>\n<p><em>\u201ePentru noi, ca \u021bar\u0103, este foarte important ca cet\u0103\u021benii care vin \u0219i vizitatorii statului s\u0103 nu pl\u0103teasc\u0103 aceste pre\u021buri exorbitante la roaming, care dese ori sunt aplicate\u201d<\/em>, <strong>a spus Nicu Popescu.\u00a0<\/strong><\/p>\n<p>Tarifele la roaming ar putea fi anulate \u0219i peste Prut. Anterior, ministrul Infrastructurii Andrei Sp\u00eenu a anun\u021bat c\u0103 anularea roamingului cu Rom\u00e2nia ar putea fi posibil\u0103 chiar de anul viitor.<\/p>\n","protected":false},"excerpt":{"rendered":"<p>Tarifele la roaming \u00eentre Republica Moldova \u0219i Croa\u021bia ar putea fi anulate. Un acord de liberalizare a pre\u021burilor ar putea fi semnat \u00eentre cele dou\u0103 state. Despre aceasta a anun\u021bat ministrul de Externe Nicu Popescu \u00een cadrul unei conferin\u021be de pres\u0103, la care a participat \u0219i omologul s\u0103u croat Gordan Grli\u0107 Radman, scrie agora.md.\u00a0 \u201ePentru [&hellip;]<\/p>\n","protected":false},"author":26,"featured_media":164774,"comment_status":"open","ping_status":"closed","sticky":false,"template":"","format":"standard","meta":{"footnotes":""},"categories":[6349],"tags":[38138,38137,38136],"class_list":["post-164773","post","type-post","status-publish","format-standard","has-post-thumbnail","hentry","category-social","tag-ar-putea-fi-anulate","tag-r-moldova-si-croatia","tag-tarifele-roaming"],"yoast_head":"<!-- This site is optimized with the Yoast SEO plugin v27.4 - https:\/\/yoast.com\/product\/yoast-seo-wordpress\/ -->\n<title>Tarifele la roaming \u00een R. Moldova \u0219i Croa\u021bia ar putea fi anulate - BTV<\/title>\n<meta name=\"robots\" content=\"index, follow, max-snippet:-1, max-image-preview:large, max-video-preview:-1\" \/>\n<link rel=\"canonical\" href=\"https:\/\/www.btv.md\/ro\/tarifele-la-roaming-in-r-moldova-si-croatia-ar-putea-fi-anulate\/\" \/>\n<meta property=\"og:locale\" content=\"ro_RO\" \/>\n<meta property=\"og:type\" content=\"article\" \/>\n<meta property=\"og:title\" content=\"Tarifele la roaming \u00een R. Moldova \u0219i Croa\u021bia ar putea fi anulate - BTV\" \/>\n<meta property=\"og:description\" content=\"Tarifele la roaming \u00eentre Republica Moldova \u0219i Croa\u021bia ar putea fi anulate. Un acord de liberalizare a pre\u021burilor ar putea fi semnat \u00eentre cele dou\u0103 state. Despre aceasta a anun\u021bat ministrul de Externe Nicu Popescu \u00een cadrul unei conferin\u021be de pres\u0103, la care a participat \u0219i omologul s\u0103u croat Gordan Grli\u0107 Radman, scrie agora.md.\u00a0 \u201ePentru [&hellip;]\" \/>\n<meta property=\"og:url\" content=\"https:\/\/www.btv.md\/ro\/tarifele-la-roaming-in-r-moldova-si-croatia-ar-putea-fi-anulate\/\" \/>\n<meta property=\"og:site_name\" content=\"BTV\" \/>\n<meta property=\"article:publisher\" content=\"https:\/\/www.facebook.com\/btvmoldova\/\" \/>\n<meta property=\"article:published_time\" content=\"2022-02-01T09:53:22+00:00\" \/>\n<meta property=\"article:modified_time\" content=\"2022-02-01T10:21:00+00:00\" \/>\n<meta property=\"og:image\" content=\"https:\/\/www.btv.md\/wp-content\/uploads\/2022\/02\/tarifele-la-roaming-in-r-moldova-si-croatia-ar-putea-fi-anulate.jpg\" \/>\n\t<meta property=\"og:image:width\" content=\"1200\" \/>\n\t<meta property=\"og:image:height\" content=\"675\" \/>\n\t<meta property=\"og:image:type\" content=\"image\/jpeg\" \/>\n<meta name=\"author\" content=\"Victoria Ursu\" \/>\n<meta name=\"twitter:label1\" content=\"Scris de\" \/>\n\t<meta name=\"twitter:data1\" content=\"Victoria Ursu\" \/>\n\t<meta name=\"twitter:label2\" content=\"Timp estimat pentru citire\" \/>\n\t<meta name=\"twitter:data2\" content=\"1 minut\" \/>\n<script type=\"application\/ld+json\" class=\"yoast-schema-graph\">{\"@context\":\"https:\\\/\\\/schema.org\",\"@graph\":[{\"@type\":\"Article\",\"@id\":\"https:\\\/\\\/www.btv.md\\\/ro\\\/tarifele-la-roaming-in-r-moldova-si-croatia-ar-putea-fi-anulate\\\/#article\",\"isPartOf\":{\"@id\":\"https:\\\/\\\/www.btv.md\\\/ro\\\/tarifele-la-roaming-in-r-moldova-si-croatia-ar-putea-fi-anulate\\\/\"},\"author\":{\"name\":\"Victoria Ursu\",\"@id\":\"https:\\\/\\\/www.btv.md\\\/#\\\/schema\\\/person\\\/e4b592cd4d0aac4a25b0ac526c4c341f\"},\"headline\":\"Tarifele la roaming \u00een R. Moldova \u0219i Croa\u021bia ar putea fi anulate\",\"datePublished\":\"2022-02-01T09:53:22+00:00\",\"dateModified\":\"2022-02-01T10:21:00+00:00\",\"mainEntityOfPage\":{\"@id\":\"https:\\\/\\\/www.btv.md\\\/ro\\\/tarifele-la-roaming-in-r-moldova-si-croatia-ar-putea-fi-anulate\\\/\"},\"wordCount\":140,\"commentCount\":0,\"image\":{\"@id\":\"https:\\\/\\\/www.btv.md\\\/ro\\\/tarifele-la-roaming-in-r-moldova-si-croatia-ar-putea-fi-anulate\\\/#primaryimage\"},\"thumbnailUrl\":\"https:\\\/\\\/www.btv.md\\\/wp-content\\\/uploads\\\/2022\\\/02\\\/tarifele-la-roaming-in-r-moldova-si-croatia-ar-putea-fi-anulate.jpg\",\"keywords\":[\"ar putea fi anulate\",\"R.Moldova \u0219i Croa\u021bia\",\"Tarifele Roaming\"],\"articleSection\":[\"Social\"],\"inLanguage\":\"ro-RO\",\"potentialAction\":[{\"@type\":\"CommentAction\",\"name\":\"Comment\",\"target\":[\"https:\\\/\\\/www.btv.md\\\/ro\\\/tarifele-la-roaming-in-r-moldova-si-croatia-ar-putea-fi-anulate\\\/#respond\"]}]},{\"@type\":\"WebPage\",\"@id\":\"https:\\\/\\\/www.btv.md\\\/ro\\\/tarifele-la-roaming-in-r-moldova-si-croatia-ar-putea-fi-anulate\\\/\",\"url\":\"https:\\\/\\\/www.btv.md\\\/ro\\\/tarifele-la-roaming-in-r-moldova-si-croatia-ar-putea-fi-anulate\\\/\",\"name\":\"Tarifele la roaming \u00een R. Moldova \u0219i Croa\u021bia ar putea fi anulate - BTV\",\"isPartOf\":{\"@id\":\"https:\\\/\\\/www.btv.md\\\/#website\"},\"primaryImageOfPage\":{\"@id\":\"https:\\\/\\\/www.btv.md\\\/ro\\\/tarifele-la-roaming-in-r-moldova-si-croatia-ar-putea-fi-anulate\\\/#primaryimage\"},\"image\":{\"@id\":\"https:\\\/\\\/www.btv.md\\\/ro\\\/tarifele-la-roaming-in-r-moldova-si-croatia-ar-putea-fi-anulate\\\/#primaryimage\"},\"thumbnailUrl\":\"https:\\\/\\\/www.btv.md\\\/wp-content\\\/uploads\\\/2022\\\/02\\\/tarifele-la-roaming-in-r-moldova-si-croatia-ar-putea-fi-anulate.jpg\",\"datePublished\":\"2022-02-01T09:53:22+00:00\",\"dateModified\":\"2022-02-01T10:21:00+00:00\",\"author\":{\"@id\":\"https:\\\/\\\/www.btv.md\\\/#\\\/schema\\\/person\\\/e4b592cd4d0aac4a25b0ac526c4c341f\"},\"inLanguage\":\"ro-RO\",\"potentialAction\":[{\"@type\":\"ReadAction\",\"target\":[\"https:\\\/\\\/www.btv.md\\\/ro\\\/tarifele-la-roaming-in-r-moldova-si-croatia-ar-putea-fi-anulate\\\/\"]}]},{\"@type\":\"ImageObject\",\"inLanguage\":\"ro-RO\",\"@id\":\"https:\\\/\\\/www.btv.md\\\/ro\\\/tarifele-la-roaming-in-r-moldova-si-croatia-ar-putea-fi-anulate\\\/#primaryimage\",\"url\":\"https:\\\/\\\/www.btv.md\\\/wp-content\\\/uploads\\\/2022\\\/02\\\/tarifele-la-roaming-in-r-moldova-si-croatia-ar-putea-fi-anulate.jpg\",\"contentUrl\":\"https:\\\/\\\/www.btv.md\\\/wp-content\\\/uploads\\\/2022\\\/02\\\/tarifele-la-roaming-in-r-moldova-si-croatia-ar-putea-fi-anulate.jpg\",\"width\":1200,\"height\":675,\"caption\":\"Foto: agora.md.\"},{\"@type\":\"WebSite\",\"@id\":\"https:\\\/\\\/www.btv.md\\\/#website\",\"url\":\"https:\\\/\\\/www.btv.md\\\/\",\"name\":\"BTV\",\"description\":\"\u0411\u0435\u043b\u044c\u0446\u043a\u043e\u0435 \u0442\u0435\u043b\u0435\u0432\u0438\u0434\u0435\u043d\u0438\u0435\",\"potentialAction\":[{\"@type\":\"SearchAction\",\"target\":{\"@type\":\"EntryPoint\",\"urlTemplate\":\"https:\\\/\\\/www.btv.md\\\/?s={search_term_string}\"},\"query-input\":{\"@type\":\"PropertyValueSpecification\",\"valueRequired\":true,\"valueName\":\"search_term_string\"}}],\"inLanguage\":\"ro-RO\"},{\"@type\":\"Person\",\"@id\":\"https:\\\/\\\/www.btv.md\\\/#\\\/schema\\\/person\\\/e4b592cd4d0aac4a25b0ac526c4c341f\",\"name\":\"Victoria Ursu\"}]}<\/script>\n<!-- \/ Yoast SEO plugin. -->","yoast_head_json":{"title":"Tarifele la roaming \u00een R. Moldova \u0219i Croa\u021bia ar putea fi anulate - BTV","robots":{"index":"index","follow":"follow","max-snippet":"max-snippet:-1","max-image-preview":"max-image-preview:large","max-video-preview":"max-video-preview:-1"},"canonical":"https:\/\/www.btv.md\/ro\/tarifele-la-roaming-in-r-moldova-si-croatia-ar-putea-fi-anulate\/","og_locale":"ro_RO","og_type":"article","og_title":"Tarifele la roaming \u00een R. Moldova \u0219i Croa\u021bia ar putea fi anulate - BTV","og_description":"Tarifele la roaming \u00eentre Republica Moldova \u0219i Croa\u021bia ar putea fi anulate. Un acord de liberalizare a pre\u021burilor ar putea fi semnat \u00eentre cele dou\u0103 state. Despre aceasta a anun\u021bat ministrul de Externe Nicu Popescu \u00een cadrul unei conferin\u021be de pres\u0103, la care a participat \u0219i omologul s\u0103u croat Gordan Grli\u0107 Radman, scrie agora.md.\u00a0 \u201ePentru [&hellip;]","og_url":"https:\/\/www.btv.md\/ro\/tarifele-la-roaming-in-r-moldova-si-croatia-ar-putea-fi-anulate\/","og_site_name":"BTV","article_publisher":"https:\/\/www.facebook.com\/btvmoldova\/","article_published_time":"2022-02-01T09:53:22+00:00","article_modified_time":"2022-02-01T10:21:00+00:00","og_image":[{"width":1200,"height":675,"url":"https:\/\/www.btv.md\/wp-content\/uploads\/2022\/02\/tarifele-la-roaming-in-r-moldova-si-croatia-ar-putea-fi-anulate.jpg","type":"image\/jpeg"}],"author":"Victoria Ursu","twitter_misc":{"Scris de":"Victoria Ursu","Timp estimat pentru citire":"1 minut"},"schema":{"@context":"https:\/\/schema.org","@graph":[{"@type":"Article","@id":"https:\/\/www.btv.md\/ro\/tarifele-la-roaming-in-r-moldova-si-croatia-ar-putea-fi-anulate\/#article","isPartOf":{"@id":"https:\/\/www.btv.md\/ro\/tarifele-la-roaming-in-r-moldova-si-croatia-ar-putea-fi-anulate\/"},"author":{"name":"Victoria Ursu","@id":"https:\/\/www.btv.md\/#\/schema\/person\/e4b592cd4d0aac4a25b0ac526c4c341f"},"headline":"Tarifele la roaming \u00een R. Moldova \u0219i Croa\u021bia ar putea fi anulate","datePublished":"2022-02-01T09:53:22+00:00","dateModified":"2022-02-01T10:21:00+00:00","mainEntityOfPage":{"@id":"https:\/\/www.btv.md\/ro\/tarifele-la-roaming-in-r-moldova-si-croatia-ar-putea-fi-anulate\/"},"wordCount":140,"commentCount":0,"image":{"@id":"https:\/\/www.btv.md\/ro\/tarifele-la-roaming-in-r-moldova-si-croatia-ar-putea-fi-anulate\/#primaryimage"},"thumbnailUrl":"https:\/\/www.btv.md\/wp-content\/uploads\/2022\/02\/tarifele-la-roaming-in-r-moldova-si-croatia-ar-putea-fi-anulate.jpg","keywords":["ar putea fi anulate","R.Moldova \u0219i Croa\u021bia","Tarifele Roaming"],"articleSection":["Social"],"inLanguage":"ro-RO","potentialAction":[{"@type":"CommentAction","name":"Comment","target":["https:\/\/www.btv.md\/ro\/tarifele-la-roaming-in-r-moldova-si-croatia-ar-putea-fi-anulate\/#respond"]}]},{"@type":"WebPage","@id":"https:\/\/www.btv.md\/ro\/tarifele-la-roaming-in-r-moldova-si-croatia-ar-putea-fi-anulate\/","url":"https:\/\/www.btv.md\/ro\/tarifele-la-roaming-in-r-moldova-si-croatia-ar-putea-fi-anulate\/","name":"Tarifele la roaming \u00een R. Moldova \u0219i Croa\u021bia ar putea fi anulate - BTV","isPartOf":{"@id":"https:\/\/www.btv.md\/#website"},"primaryImageOfPage":{"@id":"https:\/\/www.btv.md\/ro\/tarifele-la-roaming-in-r-moldova-si-croatia-ar-putea-fi-anulate\/#primaryimage"},"image":{"@id":"https:\/\/www.btv.md\/ro\/tarifele-la-roaming-in-r-moldova-si-croatia-ar-putea-fi-anulate\/#primaryimage"},"thumbnailUrl":"https:\/\/www.btv.md\/wp-content\/uploads\/2022\/02\/tarifele-la-roaming-in-r-moldova-si-croatia-ar-putea-fi-anulate.jpg","datePublished":"2022-02-01T09:53:22+00:00","dateModified":"2022-02-01T10:21:00+00:00","author":{"@id":"https:\/\/www.btv.md\/#\/schema\/person\/e4b592cd4d0aac4a25b0ac526c4c341f"},"inLanguage":"ro-RO","potentialAction":[{"@type":"ReadAction","target":["https:\/\/www.btv.md\/ro\/tarifele-la-roaming-in-r-moldova-si-croatia-ar-putea-fi-anulate\/"]}]},{"@type":"ImageObject","inLanguage":"ro-RO","@id":"https:\/\/www.btv.md\/ro\/tarifele-la-roaming-in-r-moldova-si-croatia-ar-putea-fi-anulate\/#primaryimage","url":"https:\/\/www.btv.md\/wp-content\/uploads\/2022\/02\/tarifele-la-roaming-in-r-moldova-si-croatia-ar-putea-fi-anulate.jpg","contentUrl":"https:\/\/www.btv.md\/wp-content\/uploads\/2022\/02\/tarifele-la-roaming-in-r-moldova-si-croatia-ar-putea-fi-anulate.jpg","width":1200,"height":675,"caption":"Foto: agora.md."},{"@type":"WebSite","@id":"https:\/\/www.btv.md\/#website","url":"https:\/\/www.btv.md\/","name":"BTV","description":"\u0411\u0435\u043b\u044c\u0446\u043a\u043e\u0435 \u0442\u0435\u043b\u0435\u0432\u0438\u0434\u0435\u043d\u0438\u0435","potentialAction":[{"@type":"SearchAction","target":{"@type":"EntryPoint","urlTemplate":"https:\/\/www.btv.md\/?s={search_term_string}"},"query-input":{"@type":"PropertyValueSpecification","valueRequired":true,"valueName":"search_term_string"}}],"inLanguage":"ro-RO"},{"@type":"Person","@id":"https:\/\/www.btv.md\/#\/schema\/person\/e4b592cd4d0aac4a25b0ac526c4c341f","name":"Victoria Ursu"}]}},"_links":{"self":[{"href":"https:\/\/www.btv.md\/ro\/wp-json\/wp\/v2\/posts\/164773","targetHints":{"allow":["GET"]}}],"collection":[{"href":"https:\/\/www.btv.md\/ro\/wp-json\/wp\/v2\/posts"}],"about":[{"href":"https:\/\/www.btv.md\/ro\/wp-json\/wp\/v2\/types\/post"}],"author":[{"embeddable":true,"href":"https:\/\/www.btv.md\/ro\/wp-json\/wp\/v2\/users\/26"}],"replies":[{"embeddable":true,"href":"https:\/\/www.btv.md\/ro\/wp-json\/wp\/v2\/comments?post=164773"}],"version-history":[{"count":0,"href":"https:\/\/www.btv.md\/ro\/wp-json\/wp\/v2\/posts\/164773\/revisions"}],"wp:featuredmedia":[{"embeddable":true,"href":"https:\/\/www.btv.md\/ro\/wp-json\/wp\/v2\/media\/164774"}],"wp:attachment":[{"href":"https:\/\/www.btv.md\/ro\/wp-json\/wp\/v2\/media?parent=164773"}],"wp:term":[{"taxonomy":"category","embeddable":true,"href":"https:\/\/www.btv.md\/ro\/wp-json\/wp\/v2\/categories?post=164773"},{"taxonomy":"post_tag","embeddable":true,"href":"https:\/\/www.btv.md\/ro\/wp-json\/wp\/v2\/tags?post=164773"}],"curies":[{"name":"wp","href":"https:\/\/api.w.org\/{rel}","templated":true}]}}