{"id":16556,"date":"2016-08-24T17:36:25","date_gmt":"2016-08-24T14:36:25","guid":{"rendered":"http:\/\/btv.md\/?p=16556"},"modified":"2016-08-24T17:36:33","modified_gmt":"2016-08-24T14:36:33","slug":"pazea-ce-risca-elevii-care-stau-incorect-in-banca","status":"publish","type":"post","link":"https:\/\/www.btv.md\/ro\/pazea-ce-risca-elevii-care-stau-incorect-in-banca\/","title":{"rendered":"P\u0102ZEA! CE  RISC\u0102  ELEVII  CARE  STAU  INCORECT  \u00ceN  BANC\u0102?"},"content":{"rendered":"<h3>Cur\u00e2nd \u00eencepe anul \u0219colar, iar odat\u0103 cu acesta \u0219i orele la r\u00e2nd de postur\u0103 incorect\u0103 a elevilor \u00een banc\u0103. Medicii avertizeaz\u0103, pozi\u0163ia necorespunz\u0103toare a corpului poate cauza elevilor probleme mari de s\u0103n\u0103tate sau boli cu care ar putea tr\u0103i toat\u0103 via\u0163a. Semnalul de alarm\u0103 tras de medicul Igor Graur, traumatolog-ortoped pediatru din cadrul Centrului Consultativ B\u0103l\u021bi, vine dup\u0103 ce \u00een urma mai multor controale medicale realizate a constatat c\u0103 tot mai mul\u0163i elevi au probleme cu spatele.<\/h3>\n<p><iframe width=\"1170\" height=\"878\" data-src=\"https:\/\/www.youtube.com\/embed\/gYG8B5pPgVQ?wmode=transparent&amp;rel=0&amp;feature=oembed\" frameborder=\"0\" allow=\"accelerometer; autoplay; encrypted-media; gyroscope; picture-in-picture\" allowfullscreen src=\"data:image\/svg+xml;base64,PHN2ZyB3aWR0aD0iMSIgaGVpZ2h0PSIxIiB4bWxucz0iaHR0cDovL3d3dy53My5vcmcvMjAwMC9zdmciPjwvc3ZnPg==\" class=\"lazyload\" data-load-mode=\"1\"><\/iframe><\/p>\n<h3>Medicul recomand\u0103 profesorilor s\u0103 \u00a0acorde mai mult\u0103 aten\u021bie felului \u00een care elevii stau \u00een b\u0103nci \u00een timpul orelor de studii.<\/h3>\n<h3>La Liceul Teoretic \u201cDimitrie Cantemir\u201d din municipiu se lucreaz\u0103 mult la acest capitol, spune directorul adjunct Ala Gumeniuc. Toate \u00eenc\u0103perile sunt iluminate suficient din partea st\u00e2ng\u0103. Tabla este de culoare cafenie-\u00eenchis\u0103, verde-\u00eenchis\u0103 \u0219i nici \u00eentr-un caz de culori \u00een\u021bep\u0103toare.<\/h3>\n<p>\u00cen \u00eenc\u0103perile de instruire se folosesc mijloace de reducere a luminii solare &#8211; perdele\u00a0 sau jaluzele de culoare deschis\u0103. Mai mult, unele s\u0103li de clas\u0103 sunt amenajate cu b\u0103nci moderne, care pot fi montate dup\u0103 \u00een\u0103l\u021bimea fiec\u0103ruia.<\/p>\n<h3>Reprezentan\u021bii institu\u021biei de \u00eenv\u0103\u021b\u0103m\u00e2nt recunosc c\u0103 mai au de muncit mult, \u00eens\u0103 efortul promov\u0103rii unui mod s\u0103n\u0103tos de via\u021b\u0103 a adus deja rezultate.<\/h3>\n<h3>Igor Graur sus\u021bine c\u0103 nerespectarea regulilor elementare, precum distan\u021ba elevului de la tabl\u0103 sau distan\u021ba ochi-manual, care nu trebuie s\u0103 fie mai mic\u0103 de 30 de cm, poate provoca mari consecin\u021be. De la un caz la altul, medicii recomand\u0103 statul \u00een r\u00e2ndul de mijloc \u0219i rota\u021bia cu locurile cel pu\u021bin o dat\u0103 la dou\u0103 s\u0103pt\u0103m\u00e2ni.<\/h3>\n<p>S-a dovedit c\u0103 micu\u021bii care aveau o postur\u0103 corect\u0103, sunt mai creativi \u0219i mai aten\u021bi. Acest lucru se datoreaz\u0103 faptului c\u0103 exist\u0103 o circula\u021bie mai bun\u0103 a s\u00e2ngelui \u0219i a oxigenului la nivelul creierului.<\/p>\n","protected":false},"excerpt":{"rendered":"<p>Cur\u00e2nd \u00eencepe anul \u0219colar, iar odat\u0103 cu acesta \u0219i orele la r\u00e2nd de postur\u0103 incorect\u0103 a elevilor \u00een banc\u0103. Medicii avertizeaz\u0103, pozi\u0163ia necorespunz\u0103toare a corpului poate cauza elevilor probleme mari de s\u0103n\u0103tate sau boli cu care ar putea tr\u0103i toat\u0103 via\u0163a. Semnalul de alarm\u0103 tras de medicul Igor Graur, traumatolog-ortoped pediatru din cadrul Centrului Consultativ [&hellip;]<\/p>\n","protected":false},"author":4,"featured_media":16557,"comment_status":"closed","ping_status":"closed","sticky":false,"template":"","format":"standard","meta":{"footnotes":""},"categories":[6349],"tags":[],"class_list":["post-16556","post","type-post","status-publish","format-standard","has-post-thumbnail","hentry","category-social"],"yoast_head":"<!-- This site is optimized with the Yoast SEO plugin v27.4 - https:\/\/yoast.com\/product\/yoast-seo-wordpress\/ -->\n<title>P\u0102ZEA! CE RISC\u0102 ELEVII CARE STAU INCORECT \u00ceN BANC\u0102? - BTV<\/title>\n<meta name=\"robots\" content=\"index, follow, max-snippet:-1, max-image-preview:large, max-video-preview:-1\" \/>\n<link rel=\"canonical\" href=\"https:\/\/www.btv.md\/ro\/amp\/pazea-ce-risca-elevii-care-stau-incorect-in-banca\/\" \/>\n<meta property=\"og:locale\" content=\"ro_RO\" \/>\n<meta property=\"og:type\" content=\"article\" \/>\n<meta property=\"og:title\" content=\"P\u0102ZEA! CE RISC\u0102 ELEVII CARE STAU INCORECT \u00ceN BANC\u0102? - BTV\" \/>\n<meta property=\"og:description\" content=\"Cur\u00e2nd \u00eencepe anul \u0219colar, iar odat\u0103 cu acesta \u0219i orele la r\u00e2nd de postur\u0103 incorect\u0103 a elevilor \u00een banc\u0103. Medicii avertizeaz\u0103, pozi\u0163ia necorespunz\u0103toare a corpului poate cauza elevilor probleme mari de s\u0103n\u0103tate sau boli cu care ar putea tr\u0103i toat\u0103 via\u0163a. Semnalul de alarm\u0103 tras de medicul Igor Graur, traumatolog-ortoped pediatru din cadrul Centrului Consultativ [&hellip;]\" \/>\n<meta property=\"og:url\" content=\"https:\/\/www.btv.md\/ro\/amp\/pazea-ce-risca-elevii-care-stau-incorect-in-banca\/\" \/>\n<meta property=\"og:site_name\" content=\"BTV\" \/>\n<meta property=\"article:publisher\" content=\"https:\/\/www.facebook.com\/btvmoldova\/\" \/>\n<meta property=\"article:published_time\" content=\"2016-08-24T14:36:25+00:00\" \/>\n<meta property=\"article:modified_time\" content=\"2016-08-24T14:36:33+00:00\" \/>\n<meta property=\"og:image\" content=\"https:\/\/www.btv.md\/wp-content\/uploads\/2016\/08\/DV013501.AVI.00_00_02_18.nepodvizhnoe-izobrazhenie001.jpg\" \/>\n\t<meta property=\"og:image:width\" content=\"720\" \/>\n\t<meta property=\"og:image:height\" content=\"576\" \/>\n\t<meta property=\"og:image:type\" content=\"image\/jpeg\" \/>\n<meta name=\"author\" content=\"admin\" \/>\n<meta name=\"twitter:label1\" content=\"Scris de\" \/>\n\t<meta name=\"twitter:data1\" content=\"admin\" \/>\n\t<meta name=\"twitter:label2\" content=\"Timp estimat pentru citire\" \/>\n\t<meta name=\"twitter:data2\" content=\"2 minute\" \/>\n<script type=\"application\/ld+json\" class=\"yoast-schema-graph\">{\"@context\":\"https:\\\/\\\/schema.org\",\"@graph\":[{\"@type\":\"Article\",\"@id\":\"https:\\\/\\\/www.btv.md\\\/ro\\\/amp\\\/pazea-ce-risca-elevii-care-stau-incorect-in-banca\\\/#article\",\"isPartOf\":{\"@id\":\"https:\\\/\\\/www.btv.md\\\/ro\\\/amp\\\/pazea-ce-risca-elevii-care-stau-incorect-in-banca\\\/\"},\"author\":{\"name\":\"admin\",\"@id\":\"https:\\\/\\\/www.btv.md\\\/#\\\/schema\\\/person\\\/8fadce81561b3ce2c34c46dadc4ccbf2\"},\"headline\":\"P\u0102ZEA! CE RISC\u0102 ELEVII CARE STAU INCORECT \u00ceN BANC\u0102?\",\"datePublished\":\"2016-08-24T14:36:25+00:00\",\"dateModified\":\"2016-08-24T14:36:33+00:00\",\"mainEntityOfPage\":{\"@id\":\"https:\\\/\\\/www.btv.md\\\/ro\\\/amp\\\/pazea-ce-risca-elevii-care-stau-incorect-in-banca\\\/\"},\"wordCount\":346,\"image\":{\"@id\":\"https:\\\/\\\/www.btv.md\\\/ro\\\/amp\\\/pazea-ce-risca-elevii-care-stau-incorect-in-banca\\\/#primaryimage\"},\"thumbnailUrl\":\"https:\\\/\\\/www.btv.md\\\/wp-content\\\/uploads\\\/2016\\\/08\\\/DV013501.AVI.00_00_02_18.nepodvizhnoe-izobrazhenie001.jpg\",\"articleSection\":[\"Social\"],\"inLanguage\":\"ro-RO\"},{\"@type\":\"WebPage\",\"@id\":\"https:\\\/\\\/www.btv.md\\\/ro\\\/amp\\\/pazea-ce-risca-elevii-care-stau-incorect-in-banca\\\/\",\"url\":\"https:\\\/\\\/www.btv.md\\\/ro\\\/amp\\\/pazea-ce-risca-elevii-care-stau-incorect-in-banca\\\/\",\"name\":\"P\u0102ZEA! CE RISC\u0102 ELEVII CARE STAU INCORECT \u00ceN BANC\u0102? - BTV\",\"isPartOf\":{\"@id\":\"https:\\\/\\\/www.btv.md\\\/#website\"},\"primaryImageOfPage\":{\"@id\":\"https:\\\/\\\/www.btv.md\\\/ro\\\/amp\\\/pazea-ce-risca-elevii-care-stau-incorect-in-banca\\\/#primaryimage\"},\"image\":{\"@id\":\"https:\\\/\\\/www.btv.md\\\/ro\\\/amp\\\/pazea-ce-risca-elevii-care-stau-incorect-in-banca\\\/#primaryimage\"},\"thumbnailUrl\":\"https:\\\/\\\/www.btv.md\\\/wp-content\\\/uploads\\\/2016\\\/08\\\/DV013501.AVI.00_00_02_18.nepodvizhnoe-izobrazhenie001.jpg\",\"datePublished\":\"2016-08-24T14:36:25+00:00\",\"dateModified\":\"2016-08-24T14:36:33+00:00\",\"author\":{\"@id\":\"https:\\\/\\\/www.btv.md\\\/#\\\/schema\\\/person\\\/8fadce81561b3ce2c34c46dadc4ccbf2\"},\"inLanguage\":\"ro-RO\",\"potentialAction\":[{\"@type\":\"ReadAction\",\"target\":[\"https:\\\/\\\/www.btv.md\\\/ro\\\/amp\\\/pazea-ce-risca-elevii-care-stau-incorect-in-banca\\\/\"]}]},{\"@type\":\"ImageObject\",\"inLanguage\":\"ro-RO\",\"@id\":\"https:\\\/\\\/www.btv.md\\\/ro\\\/amp\\\/pazea-ce-risca-elevii-care-stau-incorect-in-banca\\\/#primaryimage\",\"url\":\"https:\\\/\\\/www.btv.md\\\/wp-content\\\/uploads\\\/2016\\\/08\\\/DV013501.AVI.00_00_02_18.nepodvizhnoe-izobrazhenie001.jpg\",\"contentUrl\":\"https:\\\/\\\/www.btv.md\\\/wp-content\\\/uploads\\\/2016\\\/08\\\/DV013501.AVI.00_00_02_18.nepodvizhnoe-izobrazhenie001.jpg\",\"width\":720,\"height\":576},{\"@type\":\"WebSite\",\"@id\":\"https:\\\/\\\/www.btv.md\\\/#website\",\"url\":\"https:\\\/\\\/www.btv.md\\\/\",\"name\":\"BTV\",\"description\":\"\u0411\u0435\u043b\u044c\u0446\u043a\u043e\u0435 \u0442\u0435\u043b\u0435\u0432\u0438\u0434\u0435\u043d\u0438\u0435\",\"potentialAction\":[{\"@type\":\"SearchAction\",\"target\":{\"@type\":\"EntryPoint\",\"urlTemplate\":\"https:\\\/\\\/www.btv.md\\\/?s={search_term_string}\"},\"query-input\":{\"@type\":\"PropertyValueSpecification\",\"valueRequired\":true,\"valueName\":\"search_term_string\"}}],\"inLanguage\":\"ro-RO\"},{\"@type\":\"Person\",\"@id\":\"https:\\\/\\\/www.btv.md\\\/#\\\/schema\\\/person\\\/8fadce81561b3ce2c34c46dadc4ccbf2\",\"name\":\"admin\"}]}<\/script>\n<!-- \/ Yoast SEO plugin. -->","yoast_head_json":{"title":"P\u0102ZEA! CE RISC\u0102 ELEVII CARE STAU INCORECT \u00ceN BANC\u0102? - BTV","robots":{"index":"index","follow":"follow","max-snippet":"max-snippet:-1","max-image-preview":"max-image-preview:large","max-video-preview":"max-video-preview:-1"},"canonical":"https:\/\/www.btv.md\/ro\/amp\/pazea-ce-risca-elevii-care-stau-incorect-in-banca\/","og_locale":"ro_RO","og_type":"article","og_title":"P\u0102ZEA! CE RISC\u0102 ELEVII CARE STAU INCORECT \u00ceN BANC\u0102? - BTV","og_description":"Cur\u00e2nd \u00eencepe anul \u0219colar, iar odat\u0103 cu acesta \u0219i orele la r\u00e2nd de postur\u0103 incorect\u0103 a elevilor \u00een banc\u0103. Medicii avertizeaz\u0103, pozi\u0163ia necorespunz\u0103toare a corpului poate cauza elevilor probleme mari de s\u0103n\u0103tate sau boli cu care ar putea tr\u0103i toat\u0103 via\u0163a. Semnalul de alarm\u0103 tras de medicul Igor Graur, traumatolog-ortoped pediatru din cadrul Centrului Consultativ [&hellip;]","og_url":"https:\/\/www.btv.md\/ro\/amp\/pazea-ce-risca-elevii-care-stau-incorect-in-banca\/","og_site_name":"BTV","article_publisher":"https:\/\/www.facebook.com\/btvmoldova\/","article_published_time":"2016-08-24T14:36:25+00:00","article_modified_time":"2016-08-24T14:36:33+00:00","og_image":[{"width":720,"height":576,"url":"https:\/\/www.btv.md\/wp-content\/uploads\/2016\/08\/DV013501.AVI.00_00_02_18.nepodvizhnoe-izobrazhenie001.jpg","type":"image\/jpeg"}],"author":"admin","twitter_misc":{"Scris de":"admin","Timp estimat pentru citire":"2 minute"},"schema":{"@context":"https:\/\/schema.org","@graph":[{"@type":"Article","@id":"https:\/\/www.btv.md\/ro\/amp\/pazea-ce-risca-elevii-care-stau-incorect-in-banca\/#article","isPartOf":{"@id":"https:\/\/www.btv.md\/ro\/amp\/pazea-ce-risca-elevii-care-stau-incorect-in-banca\/"},"author":{"name":"admin","@id":"https:\/\/www.btv.md\/#\/schema\/person\/8fadce81561b3ce2c34c46dadc4ccbf2"},"headline":"P\u0102ZEA! CE RISC\u0102 ELEVII CARE STAU INCORECT \u00ceN BANC\u0102?","datePublished":"2016-08-24T14:36:25+00:00","dateModified":"2016-08-24T14:36:33+00:00","mainEntityOfPage":{"@id":"https:\/\/www.btv.md\/ro\/amp\/pazea-ce-risca-elevii-care-stau-incorect-in-banca\/"},"wordCount":346,"image":{"@id":"https:\/\/www.btv.md\/ro\/amp\/pazea-ce-risca-elevii-care-stau-incorect-in-banca\/#primaryimage"},"thumbnailUrl":"https:\/\/www.btv.md\/wp-content\/uploads\/2016\/08\/DV013501.AVI.00_00_02_18.nepodvizhnoe-izobrazhenie001.jpg","articleSection":["Social"],"inLanguage":"ro-RO"},{"@type":"WebPage","@id":"https:\/\/www.btv.md\/ro\/amp\/pazea-ce-risca-elevii-care-stau-incorect-in-banca\/","url":"https:\/\/www.btv.md\/ro\/amp\/pazea-ce-risca-elevii-care-stau-incorect-in-banca\/","name":"P\u0102ZEA! CE RISC\u0102 ELEVII CARE STAU INCORECT \u00ceN BANC\u0102? - BTV","isPartOf":{"@id":"https:\/\/www.btv.md\/#website"},"primaryImageOfPage":{"@id":"https:\/\/www.btv.md\/ro\/amp\/pazea-ce-risca-elevii-care-stau-incorect-in-banca\/#primaryimage"},"image":{"@id":"https:\/\/www.btv.md\/ro\/amp\/pazea-ce-risca-elevii-care-stau-incorect-in-banca\/#primaryimage"},"thumbnailUrl":"https:\/\/www.btv.md\/wp-content\/uploads\/2016\/08\/DV013501.AVI.00_00_02_18.nepodvizhnoe-izobrazhenie001.jpg","datePublished":"2016-08-24T14:36:25+00:00","dateModified":"2016-08-24T14:36:33+00:00","author":{"@id":"https:\/\/www.btv.md\/#\/schema\/person\/8fadce81561b3ce2c34c46dadc4ccbf2"},"inLanguage":"ro-RO","potentialAction":[{"@type":"ReadAction","target":["https:\/\/www.btv.md\/ro\/amp\/pazea-ce-risca-elevii-care-stau-incorect-in-banca\/"]}]},{"@type":"ImageObject","inLanguage":"ro-RO","@id":"https:\/\/www.btv.md\/ro\/amp\/pazea-ce-risca-elevii-care-stau-incorect-in-banca\/#primaryimage","url":"https:\/\/www.btv.md\/wp-content\/uploads\/2016\/08\/DV013501.AVI.00_00_02_18.nepodvizhnoe-izobrazhenie001.jpg","contentUrl":"https:\/\/www.btv.md\/wp-content\/uploads\/2016\/08\/DV013501.AVI.00_00_02_18.nepodvizhnoe-izobrazhenie001.jpg","width":720,"height":576},{"@type":"WebSite","@id":"https:\/\/www.btv.md\/#website","url":"https:\/\/www.btv.md\/","name":"BTV","description":"\u0411\u0435\u043b\u044c\u0446\u043a\u043e\u0435 \u0442\u0435\u043b\u0435\u0432\u0438\u0434\u0435\u043d\u0438\u0435","potentialAction":[{"@type":"SearchAction","target":{"@type":"EntryPoint","urlTemplate":"https:\/\/www.btv.md\/?s={search_term_string}"},"query-input":{"@type":"PropertyValueSpecification","valueRequired":true,"valueName":"search_term_string"}}],"inLanguage":"ro-RO"},{"@type":"Person","@id":"https:\/\/www.btv.md\/#\/schema\/person\/8fadce81561b3ce2c34c46dadc4ccbf2","name":"admin"}]}},"_links":{"self":[{"href":"https:\/\/www.btv.md\/ro\/wp-json\/wp\/v2\/posts\/16556","targetHints":{"allow":["GET"]}}],"collection":[{"href":"https:\/\/www.btv.md\/ro\/wp-json\/wp\/v2\/posts"}],"about":[{"href":"https:\/\/www.btv.md\/ro\/wp-json\/wp\/v2\/types\/post"}],"author":[{"embeddable":true,"href":"https:\/\/www.btv.md\/ro\/wp-json\/wp\/v2\/users\/4"}],"replies":[{"embeddable":true,"href":"https:\/\/www.btv.md\/ro\/wp-json\/wp\/v2\/comments?post=16556"}],"version-history":[{"count":0,"href":"https:\/\/www.btv.md\/ro\/wp-json\/wp\/v2\/posts\/16556\/revisions"}],"wp:featuredmedia":[{"embeddable":true,"href":"https:\/\/www.btv.md\/ro\/wp-json\/wp\/v2\/media\/16557"}],"wp:attachment":[{"href":"https:\/\/www.btv.md\/ro\/wp-json\/wp\/v2\/media?parent=16556"}],"wp:term":[{"taxonomy":"category","embeddable":true,"href":"https:\/\/www.btv.md\/ro\/wp-json\/wp\/v2\/categories?post=16556"},{"taxonomy":"post_tag","embeddable":true,"href":"https:\/\/www.btv.md\/ro\/wp-json\/wp\/v2\/tags?post=16556"}],"curies":[{"name":"wp","href":"https:\/\/api.w.org\/{rel}","templated":true}]}}