{"id":165607,"date":"2022-03-11T15:22:33","date_gmt":"2022-03-11T13:22:33","guid":{"rendered":"https:\/\/www.btv.md\/?p=165607"},"modified":"2022-03-11T15:22:33","modified_gmt":"2022-03-11T13:22:33","slug":"numarul-refugiatilor-in-r-moldova-este-in-scadere-datorita-transportarii-acestora-direct-la-frontiera-cu-romania","status":"publish","type":"post","link":"https:\/\/www.btv.md\/ro\/numarul-refugiatilor-in-r-moldova-este-in-scadere-datorita-transportarii-acestora-direct-la-frontiera-cu-romania\/","title":{"rendered":"Num\u0103rul refugia\u021bilor \u00een R. Moldova este \u00een sc\u0103dere datorit\u0103 transport\u0103rii acestora direct la frontiera cu Rom\u00e2nia"},"content":{"rendered":"<p class=\"preamble\"><strong>Secretarul general al Guvernului, Dumitru Udrea a declarat c\u0103 datorit\u0103 deciziei de a prelua direct refugia\u021bii din punctele de trecere a frontierei \u0219i transferul acestora spre \u021b\u0103rile europene, num\u0103rul refugia\u021bilor din Ucraina care r\u0103m\u00e2n la noi \u00een \u021bar\u0103 este \u00een sc\u0103dere, transmite <a href=\"https:\/\/agora.md\/stiri\/99732\/numarul-refugiatilor-in-r-moldova-este-in-scadere-datorita-transportarii-acestora-direct-la-frontiera-cu-romania-video\">agora.md.\u00a0<\/a><\/strong><\/p>\n<p>Secretarul general a mai declarat c\u0103 \u00een perioada 8-11 martie au fost efectuate 189 de curse rutiere, dintre care opt pe parcursul zilei de azi. \u00cen total \u00een perioada men\u021bionat\u0103 au fost transfera\u021bi cu autocarele \u0219i autobuzele aproape 6.000 de persoane.<\/p>\n<p>\u00cen ultimele trei zile trenurile au transportat \u00een Rom\u00e2nia 2.844 de refugia\u021bi. \u0218i pe cale aerian\u0103 \u00een ultimele patru zile au ajuns \u00een Israel, Bulgaria \u0219i Turcia &#8211; 883 de persoane refugiate.<\/p>\n<p>Pe parcursul zilei de ast\u0103zi sunt planificate trei zboruri spre Frankfurt, Istanbul \u0219i Tel Aviv.<\/p>\n<p>Udrea a mai men\u021bionat c\u0103, pe 12 \u0219i 13 martie vor fi organizate \u00eenc\u0103 patru curse aeriene spre Germania, Turcia, Spania \u0219i Polonia.<\/p>\n<p>Secretarul informeaz\u0103 c\u0103 refugia\u021bii care au intrat pe teritoriul Republicii Moldova \u0219i inten\u021bioneaz\u0103 s\u0103 migreze spre o alt\u0103 \u021bar\u0103 au posibilitatea de a se \u00eenregistra prin completarea formularului online, acces\u00e2nd pagina Autorit\u0103\u021bii Aeronaute Civile.<\/p>\n<p>Solicit\u0103rile sunt prelucrate \u00eentr-o baz\u0103 de date care va furniza informa\u021bii \u00een timp real despre posibilitatea oper\u0103rii \u00een cel mai scurt timp a zborurile de evacuarea.<\/p>\n<p>\u00cen acest momente \u00een Republica Moldova se afl\u0103 131.221 de refugia\u021bi din Ucraina, num\u0103rul fiind \u00een sc\u0103dere fa\u021b\u0103 de cel anun\u021bat ieri.<\/p>\n<p>Udrea a ad\u0103ugat c\u0103, al aceast\u0103 de or\u0103 sunt 93 de centre autorizate func\u021bionale, dintre care 39 \u00een municipiul Chi\u0219in\u0103u. Num\u0103rul total de locuri disponibile este de 3.811.<\/p>\n<p>Potrivit autorit\u0103\u021bilor, ast\u0103zi Centrul Unic de Gestionare a Crizei faciliteaz\u0103 \u0219i asigur\u0103 cu hran\u0103 circa 4.825 de persoane.<\/p>\n<p>De asemena pe parcursul zilei de ast\u0103zi va fi finalizat\u0103 procedura de instalare a 20 de semene de circula\u021bie pe traseele na\u021bionale care direc\u021bioneaz\u0103 refugia\u021bii din Ucraina spre punctele de trecere a frontierei ale Moldovei cu\u00a0 Rom\u00e2nia.<\/p>\n<div><\/div>\n<p><strong>Urm\u0103re\u0219te-ne pe<a href=\"https:\/\/t.me\/btvbalti\">\u00a0Telegram\u00a0<\/a><\/strong><\/p>\n","protected":false},"excerpt":{"rendered":"<p>Secretarul general al Guvernului, Dumitru Udrea a declarat c\u0103 datorit\u0103 deciziei de a prelua direct refugia\u021bii din punctele de trecere a frontierei \u0219i transferul acestora spre \u021b\u0103rile europene, num\u0103rul refugia\u021bilor din Ucraina care r\u0103m\u00e2n la noi \u00een \u021bar\u0103 este \u00een sc\u0103dere, transmite agora.md.\u00a0 Secretarul general a mai declarat c\u0103 \u00een perioada 8-11 martie au fost [&hellip;]<\/p>\n","protected":false},"author":26,"featured_media":165608,"comment_status":"open","ping_status":"closed","sticky":false,"template":"","format":"standard","meta":{"footnotes":""},"categories":[6349],"tags":[38540,38539,7595,13566],"class_list":["post-165607","post","type-post","status-publish","format-standard","has-post-thumbnail","hentry","category-social","tag-dumitru-udrea","tag-refugiati-din-ucraina","tag-romania-ro","tag-transportatori"],"yoast_head":"<!-- This site is optimized with the Yoast SEO plugin v27.4 - https:\/\/yoast.com\/product\/yoast-seo-wordpress\/ -->\n<title>Num\u0103rul refugia\u021bilor \u00een R. Moldova este \u00een sc\u0103dere datorit\u0103 transport\u0103rii acestora direct la frontiera cu Rom\u00e2nia - BTV<\/title>\n<meta name=\"robots\" content=\"index, follow, max-snippet:-1, max-image-preview:large, max-video-preview:-1\" \/>\n<link rel=\"canonical\" href=\"https:\/\/www.btv.md\/ro\/numarul-refugiatilor-in-r-moldova-este-in-scadere-datorita-transportarii-acestora-direct-la-frontiera-cu-romania\/\" \/>\n<meta property=\"og:locale\" content=\"ro_RO\" \/>\n<meta property=\"og:type\" content=\"article\" \/>\n<meta property=\"og:title\" content=\"Num\u0103rul refugia\u021bilor \u00een R. Moldova este \u00een sc\u0103dere datorit\u0103 transport\u0103rii acestora direct la frontiera cu Rom\u00e2nia - BTV\" \/>\n<meta property=\"og:description\" content=\"Secretarul general al Guvernului, Dumitru Udrea a declarat c\u0103 datorit\u0103 deciziei de a prelua direct refugia\u021bii din punctele de trecere a frontierei \u0219i transferul acestora spre \u021b\u0103rile europene, num\u0103rul refugia\u021bilor din Ucraina care r\u0103m\u00e2n la noi \u00een \u021bar\u0103 este \u00een sc\u0103dere, transmite agora.md.\u00a0 Secretarul general a mai declarat c\u0103 \u00een perioada 8-11 martie au fost [&hellip;]\" \/>\n<meta property=\"og:url\" content=\"https:\/\/www.btv.md\/ro\/numarul-refugiatilor-in-r-moldova-este-in-scadere-datorita-transportarii-acestora-direct-la-frontiera-cu-romania\/\" \/>\n<meta property=\"og:site_name\" content=\"BTV\" \/>\n<meta property=\"article:publisher\" content=\"https:\/\/www.facebook.com\/btvmoldova\/\" \/>\n<meta property=\"article:published_time\" content=\"2022-03-11T13:22:33+00:00\" \/>\n<meta property=\"og:image\" content=\"https:\/\/www.btv.md\/wp-content\/uploads\/2022\/03\/secretarul-general-al-guvernului-dumitru-udrea-sustine-o-conferinta-de-presa-video-.jpg\" \/>\n\t<meta property=\"og:image:width\" content=\"1200\" \/>\n\t<meta property=\"og:image:height\" content=\"675\" \/>\n\t<meta property=\"og:image:type\" content=\"image\/jpeg\" \/>\n<meta name=\"author\" content=\"Victoria Ursu\" \/>\n<meta name=\"twitter:label1\" content=\"Scris de\" \/>\n\t<meta name=\"twitter:data1\" content=\"Victoria Ursu\" \/>\n\t<meta name=\"twitter:label2\" content=\"Timp estimat pentru citire\" \/>\n\t<meta name=\"twitter:data2\" content=\"2 minute\" \/>\n<script type=\"application\/ld+json\" class=\"yoast-schema-graph\">{\"@context\":\"https:\\\/\\\/schema.org\",\"@graph\":[{\"@type\":\"Article\",\"@id\":\"https:\\\/\\\/www.btv.md\\\/ro\\\/numarul-refugiatilor-in-r-moldova-este-in-scadere-datorita-transportarii-acestora-direct-la-frontiera-cu-romania\\\/#article\",\"isPartOf\":{\"@id\":\"https:\\\/\\\/www.btv.md\\\/ro\\\/numarul-refugiatilor-in-r-moldova-este-in-scadere-datorita-transportarii-acestora-direct-la-frontiera-cu-romania\\\/\"},\"author\":{\"name\":\"Victoria Ursu\",\"@id\":\"https:\\\/\\\/www.btv.md\\\/#\\\/schema\\\/person\\\/e4b592cd4d0aac4a25b0ac526c4c341f\"},\"headline\":\"Num\u0103rul refugia\u021bilor \u00een R. Moldova este \u00een sc\u0103dere datorit\u0103 transport\u0103rii acestora direct la frontiera cu Rom\u00e2nia\",\"datePublished\":\"2022-03-11T13:22:33+00:00\",\"mainEntityOfPage\":{\"@id\":\"https:\\\/\\\/www.btv.md\\\/ro\\\/numarul-refugiatilor-in-r-moldova-este-in-scadere-datorita-transportarii-acestora-direct-la-frontiera-cu-romania\\\/\"},\"wordCount\":370,\"commentCount\":0,\"image\":{\"@id\":\"https:\\\/\\\/www.btv.md\\\/ro\\\/numarul-refugiatilor-in-r-moldova-este-in-scadere-datorita-transportarii-acestora-direct-la-frontiera-cu-romania\\\/#primaryimage\"},\"thumbnailUrl\":\"https:\\\/\\\/www.btv.md\\\/wp-content\\\/uploads\\\/2022\\\/03\\\/secretarul-general-al-guvernului-dumitru-udrea-sustine-o-conferinta-de-presa-video-.jpg\",\"keywords\":[\"Dumitru Udrea\",\"refugia\u021bi din Ucraina\",\"Rom\u00e2nia\",\"transportatori\"],\"articleSection\":[\"Social\"],\"inLanguage\":\"ro-RO\",\"potentialAction\":[{\"@type\":\"CommentAction\",\"name\":\"Comment\",\"target\":[\"https:\\\/\\\/www.btv.md\\\/ro\\\/numarul-refugiatilor-in-r-moldova-este-in-scadere-datorita-transportarii-acestora-direct-la-frontiera-cu-romania\\\/#respond\"]}]},{\"@type\":\"WebPage\",\"@id\":\"https:\\\/\\\/www.btv.md\\\/ro\\\/numarul-refugiatilor-in-r-moldova-este-in-scadere-datorita-transportarii-acestora-direct-la-frontiera-cu-romania\\\/\",\"url\":\"https:\\\/\\\/www.btv.md\\\/ro\\\/numarul-refugiatilor-in-r-moldova-este-in-scadere-datorita-transportarii-acestora-direct-la-frontiera-cu-romania\\\/\",\"name\":\"Num\u0103rul refugia\u021bilor \u00een R. Moldova este \u00een sc\u0103dere datorit\u0103 transport\u0103rii acestora direct la frontiera cu Rom\u00e2nia - BTV\",\"isPartOf\":{\"@id\":\"https:\\\/\\\/www.btv.md\\\/#website\"},\"primaryImageOfPage\":{\"@id\":\"https:\\\/\\\/www.btv.md\\\/ro\\\/numarul-refugiatilor-in-r-moldova-este-in-scadere-datorita-transportarii-acestora-direct-la-frontiera-cu-romania\\\/#primaryimage\"},\"image\":{\"@id\":\"https:\\\/\\\/www.btv.md\\\/ro\\\/numarul-refugiatilor-in-r-moldova-este-in-scadere-datorita-transportarii-acestora-direct-la-frontiera-cu-romania\\\/#primaryimage\"},\"thumbnailUrl\":\"https:\\\/\\\/www.btv.md\\\/wp-content\\\/uploads\\\/2022\\\/03\\\/secretarul-general-al-guvernului-dumitru-udrea-sustine-o-conferinta-de-presa-video-.jpg\",\"datePublished\":\"2022-03-11T13:22:33+00:00\",\"author\":{\"@id\":\"https:\\\/\\\/www.btv.md\\\/#\\\/schema\\\/person\\\/e4b592cd4d0aac4a25b0ac526c4c341f\"},\"inLanguage\":\"ro-RO\",\"potentialAction\":[{\"@type\":\"ReadAction\",\"target\":[\"https:\\\/\\\/www.btv.md\\\/ro\\\/numarul-refugiatilor-in-r-moldova-este-in-scadere-datorita-transportarii-acestora-direct-la-frontiera-cu-romania\\\/\"]}]},{\"@type\":\"ImageObject\",\"inLanguage\":\"ro-RO\",\"@id\":\"https:\\\/\\\/www.btv.md\\\/ro\\\/numarul-refugiatilor-in-r-moldova-este-in-scadere-datorita-transportarii-acestora-direct-la-frontiera-cu-romania\\\/#primaryimage\",\"url\":\"https:\\\/\\\/www.btv.md\\\/wp-content\\\/uploads\\\/2022\\\/03\\\/secretarul-general-al-guvernului-dumitru-udrea-sustine-o-conferinta-de-presa-video-.jpg\",\"contentUrl\":\"https:\\\/\\\/www.btv.md\\\/wp-content\\\/uploads\\\/2022\\\/03\\\/secretarul-general-al-guvernului-dumitru-udrea-sustine-o-conferinta-de-presa-video-.jpg\",\"width\":1200,\"height\":675,\"caption\":\"Potrivit autorit\u0103\u021bilor, ast\u0103zi Centrul Unic de Gestionare a Crizei faciliteaz\u0103 \u0219i asigur\u0103 cu hran\u0103 circa 4.825 de persoane. Foto: agora.md.\"},{\"@type\":\"WebSite\",\"@id\":\"https:\\\/\\\/www.btv.md\\\/#website\",\"url\":\"https:\\\/\\\/www.btv.md\\\/\",\"name\":\"BTV\",\"description\":\"\u0411\u0435\u043b\u044c\u0446\u043a\u043e\u0435 \u0442\u0435\u043b\u0435\u0432\u0438\u0434\u0435\u043d\u0438\u0435\",\"potentialAction\":[{\"@type\":\"SearchAction\",\"target\":{\"@type\":\"EntryPoint\",\"urlTemplate\":\"https:\\\/\\\/www.btv.md\\\/?s={search_term_string}\"},\"query-input\":{\"@type\":\"PropertyValueSpecification\",\"valueRequired\":true,\"valueName\":\"search_term_string\"}}],\"inLanguage\":\"ro-RO\"},{\"@type\":\"Person\",\"@id\":\"https:\\\/\\\/www.btv.md\\\/#\\\/schema\\\/person\\\/e4b592cd4d0aac4a25b0ac526c4c341f\",\"name\":\"Victoria Ursu\"}]}<\/script>\n<!-- \/ Yoast SEO plugin. -->","yoast_head_json":{"title":"Num\u0103rul refugia\u021bilor \u00een R. Moldova este \u00een sc\u0103dere datorit\u0103 transport\u0103rii acestora direct la frontiera cu Rom\u00e2nia - BTV","robots":{"index":"index","follow":"follow","max-snippet":"max-snippet:-1","max-image-preview":"max-image-preview:large","max-video-preview":"max-video-preview:-1"},"canonical":"https:\/\/www.btv.md\/ro\/numarul-refugiatilor-in-r-moldova-este-in-scadere-datorita-transportarii-acestora-direct-la-frontiera-cu-romania\/","og_locale":"ro_RO","og_type":"article","og_title":"Num\u0103rul refugia\u021bilor \u00een R. Moldova este \u00een sc\u0103dere datorit\u0103 transport\u0103rii acestora direct la frontiera cu Rom\u00e2nia - BTV","og_description":"Secretarul general al Guvernului, Dumitru Udrea a declarat c\u0103 datorit\u0103 deciziei de a prelua direct refugia\u021bii din punctele de trecere a frontierei \u0219i transferul acestora spre \u021b\u0103rile europene, num\u0103rul refugia\u021bilor din Ucraina care r\u0103m\u00e2n la noi \u00een \u021bar\u0103 este \u00een sc\u0103dere, transmite agora.md.\u00a0 Secretarul general a mai declarat c\u0103 \u00een perioada 8-11 martie au fost [&hellip;]","og_url":"https:\/\/www.btv.md\/ro\/numarul-refugiatilor-in-r-moldova-este-in-scadere-datorita-transportarii-acestora-direct-la-frontiera-cu-romania\/","og_site_name":"BTV","article_publisher":"https:\/\/www.facebook.com\/btvmoldova\/","article_published_time":"2022-03-11T13:22:33+00:00","og_image":[{"width":1200,"height":675,"url":"https:\/\/www.btv.md\/wp-content\/uploads\/2022\/03\/secretarul-general-al-guvernului-dumitru-udrea-sustine-o-conferinta-de-presa-video-.jpg","type":"image\/jpeg"}],"author":"Victoria Ursu","twitter_misc":{"Scris de":"Victoria Ursu","Timp estimat pentru citire":"2 minute"},"schema":{"@context":"https:\/\/schema.org","@graph":[{"@type":"Article","@id":"https:\/\/www.btv.md\/ro\/numarul-refugiatilor-in-r-moldova-este-in-scadere-datorita-transportarii-acestora-direct-la-frontiera-cu-romania\/#article","isPartOf":{"@id":"https:\/\/www.btv.md\/ro\/numarul-refugiatilor-in-r-moldova-este-in-scadere-datorita-transportarii-acestora-direct-la-frontiera-cu-romania\/"},"author":{"name":"Victoria Ursu","@id":"https:\/\/www.btv.md\/#\/schema\/person\/e4b592cd4d0aac4a25b0ac526c4c341f"},"headline":"Num\u0103rul refugia\u021bilor \u00een R. Moldova este \u00een sc\u0103dere datorit\u0103 transport\u0103rii acestora direct la frontiera cu Rom\u00e2nia","datePublished":"2022-03-11T13:22:33+00:00","mainEntityOfPage":{"@id":"https:\/\/www.btv.md\/ro\/numarul-refugiatilor-in-r-moldova-este-in-scadere-datorita-transportarii-acestora-direct-la-frontiera-cu-romania\/"},"wordCount":370,"commentCount":0,"image":{"@id":"https:\/\/www.btv.md\/ro\/numarul-refugiatilor-in-r-moldova-este-in-scadere-datorita-transportarii-acestora-direct-la-frontiera-cu-romania\/#primaryimage"},"thumbnailUrl":"https:\/\/www.btv.md\/wp-content\/uploads\/2022\/03\/secretarul-general-al-guvernului-dumitru-udrea-sustine-o-conferinta-de-presa-video-.jpg","keywords":["Dumitru Udrea","refugia\u021bi din Ucraina","Rom\u00e2nia","transportatori"],"articleSection":["Social"],"inLanguage":"ro-RO","potentialAction":[{"@type":"CommentAction","name":"Comment","target":["https:\/\/www.btv.md\/ro\/numarul-refugiatilor-in-r-moldova-este-in-scadere-datorita-transportarii-acestora-direct-la-frontiera-cu-romania\/#respond"]}]},{"@type":"WebPage","@id":"https:\/\/www.btv.md\/ro\/numarul-refugiatilor-in-r-moldova-este-in-scadere-datorita-transportarii-acestora-direct-la-frontiera-cu-romania\/","url":"https:\/\/www.btv.md\/ro\/numarul-refugiatilor-in-r-moldova-este-in-scadere-datorita-transportarii-acestora-direct-la-frontiera-cu-romania\/","name":"Num\u0103rul refugia\u021bilor \u00een R. Moldova este \u00een sc\u0103dere datorit\u0103 transport\u0103rii acestora direct la frontiera cu Rom\u00e2nia - BTV","isPartOf":{"@id":"https:\/\/www.btv.md\/#website"},"primaryImageOfPage":{"@id":"https:\/\/www.btv.md\/ro\/numarul-refugiatilor-in-r-moldova-este-in-scadere-datorita-transportarii-acestora-direct-la-frontiera-cu-romania\/#primaryimage"},"image":{"@id":"https:\/\/www.btv.md\/ro\/numarul-refugiatilor-in-r-moldova-este-in-scadere-datorita-transportarii-acestora-direct-la-frontiera-cu-romania\/#primaryimage"},"thumbnailUrl":"https:\/\/www.btv.md\/wp-content\/uploads\/2022\/03\/secretarul-general-al-guvernului-dumitru-udrea-sustine-o-conferinta-de-presa-video-.jpg","datePublished":"2022-03-11T13:22:33+00:00","author":{"@id":"https:\/\/www.btv.md\/#\/schema\/person\/e4b592cd4d0aac4a25b0ac526c4c341f"},"inLanguage":"ro-RO","potentialAction":[{"@type":"ReadAction","target":["https:\/\/www.btv.md\/ro\/numarul-refugiatilor-in-r-moldova-este-in-scadere-datorita-transportarii-acestora-direct-la-frontiera-cu-romania\/"]}]},{"@type":"ImageObject","inLanguage":"ro-RO","@id":"https:\/\/www.btv.md\/ro\/numarul-refugiatilor-in-r-moldova-este-in-scadere-datorita-transportarii-acestora-direct-la-frontiera-cu-romania\/#primaryimage","url":"https:\/\/www.btv.md\/wp-content\/uploads\/2022\/03\/secretarul-general-al-guvernului-dumitru-udrea-sustine-o-conferinta-de-presa-video-.jpg","contentUrl":"https:\/\/www.btv.md\/wp-content\/uploads\/2022\/03\/secretarul-general-al-guvernului-dumitru-udrea-sustine-o-conferinta-de-presa-video-.jpg","width":1200,"height":675,"caption":"Potrivit autorit\u0103\u021bilor, ast\u0103zi Centrul Unic de Gestionare a Crizei faciliteaz\u0103 \u0219i asigur\u0103 cu hran\u0103 circa 4.825 de persoane. Foto: agora.md."},{"@type":"WebSite","@id":"https:\/\/www.btv.md\/#website","url":"https:\/\/www.btv.md\/","name":"BTV","description":"\u0411\u0435\u043b\u044c\u0446\u043a\u043e\u0435 \u0442\u0435\u043b\u0435\u0432\u0438\u0434\u0435\u043d\u0438\u0435","potentialAction":[{"@type":"SearchAction","target":{"@type":"EntryPoint","urlTemplate":"https:\/\/www.btv.md\/?s={search_term_string}"},"query-input":{"@type":"PropertyValueSpecification","valueRequired":true,"valueName":"search_term_string"}}],"inLanguage":"ro-RO"},{"@type":"Person","@id":"https:\/\/www.btv.md\/#\/schema\/person\/e4b592cd4d0aac4a25b0ac526c4c341f","name":"Victoria Ursu"}]}},"_links":{"self":[{"href":"https:\/\/www.btv.md\/ro\/wp-json\/wp\/v2\/posts\/165607","targetHints":{"allow":["GET"]}}],"collection":[{"href":"https:\/\/www.btv.md\/ro\/wp-json\/wp\/v2\/posts"}],"about":[{"href":"https:\/\/www.btv.md\/ro\/wp-json\/wp\/v2\/types\/post"}],"author":[{"embeddable":true,"href":"https:\/\/www.btv.md\/ro\/wp-json\/wp\/v2\/users\/26"}],"replies":[{"embeddable":true,"href":"https:\/\/www.btv.md\/ro\/wp-json\/wp\/v2\/comments?post=165607"}],"version-history":[{"count":0,"href":"https:\/\/www.btv.md\/ro\/wp-json\/wp\/v2\/posts\/165607\/revisions"}],"wp:featuredmedia":[{"embeddable":true,"href":"https:\/\/www.btv.md\/ro\/wp-json\/wp\/v2\/media\/165608"}],"wp:attachment":[{"href":"https:\/\/www.btv.md\/ro\/wp-json\/wp\/v2\/media?parent=165607"}],"wp:term":[{"taxonomy":"category","embeddable":true,"href":"https:\/\/www.btv.md\/ro\/wp-json\/wp\/v2\/categories?post=165607"},{"taxonomy":"post_tag","embeddable":true,"href":"https:\/\/www.btv.md\/ro\/wp-json\/wp\/v2\/tags?post=165607"}],"curies":[{"name":"wp","href":"https:\/\/api.w.org\/{rel}","templated":true}]}}