{"id":16565,"date":"2016-08-25T16:49:15","date_gmt":"2016-08-25T13:49:15","guid":{"rendered":"http:\/\/btv.md\/?p=16565"},"modified":"2016-08-25T16:49:26","modified_gmt":"2016-08-25T13:49:26","slug":"hotii-nu-au-fos-in-vacanta-numarul-furturilor-la-balti","status":"publish","type":"post","link":"https:\/\/www.btv.md\/ro\/hotii-nu-au-fos-in-vacanta-numarul-furturilor-la-balti\/","title":{"rendered":"HO\u021aII  NU AU  FOS  \u00ceN VACAN\u021a\u0102! NUM\u0102RUL  FURTURILOR  LA  B\u0102L\u021aI"},"content":{"rendered":"<p><strong>Ho\u0163ii nu-\u015fi iau vacan\u0163e sau concedii \u0219i sunt mereu \u201e\u00een ac\u0163iune\u201d. Cel pu\u021bin asta arat\u0103 num\u0103rul furturilor comise \u00een perioada iunie-august \u00een municipiul B\u0103l\u021bi.\u00a0 Potrivit informa\u021biilor Inspectoratului de Poli\u021bie, pe parcursul verii au fost \u00eenregistrate 39 de furturi din locuin\u021be. De\u0219i cifra nu impresionant\u0103 comparativ cu primele luni ale anului, oamenii legii ne dau un sfat util: Paza bun\u0103 trece primejdia rea.<\/strong><\/p>\n<p><iframe width=\"1170\" height=\"878\" data-src=\"https:\/\/www.youtube.com\/embed\/9_jBCIYlIK4?wmode=transparent&amp;rel=0&amp;feature=oembed\" frameborder=\"0\" allow=\"accelerometer; autoplay; encrypted-media; gyroscope; picture-in-picture\" allowfullscreen src=\"data:image\/svg+xml;base64,PHN2ZyB3aWR0aD0iMSIgaGVpZ2h0PSIxIiB4bWxucz0iaHR0cDovL3d3dy53My5vcmcvMjAwMC9zdmciPjwvc3ZnPg==\" class=\"lazyload\" data-load-mode=\"1\"><\/iframe><\/p>\n<p>\u201ePe parcursul anului curent, pe teritoriul municipiului B\u0103l\u021bi s-au \u00eenregistart 144 de furturi din apartamente \u0219i case de locuit. Din num\u0103rul total de furturi \u00een prezent au r\u0103mas nedescoperite 28 la num\u0103r. Pe parcurusul perioadei de var\u0103, de la 1 iunie p\u00e2n\u0103 la 23 august curent au fost \u00eenregistrate 39 de furturi din apartamente \u0219i case de locuit, dintre care 11 au r\u0103mas nedescoperite\u201d, a declarat specialistul principal al sec\u021biei management opera\u021bional din cadrul Inspectoratului de Poli\u021bie B\u0103l\u021bi, Elena Pavliuc.<\/p>\n<p>\u0218i pung\u0103\u0219ia continu\u0103 s\u0103 fie practicat\u0103 de unii r\u0103uf\u0103c\u0103tori. De la \u00eenceputul anului la B\u0103l\u021bi au fost \u00eenregistrate 39 de cazuri de sustragere a bunurilor personale, printre care portmonee sau telefoane mobile. Practica mai arat\u0103 c\u0103 de multe ori presupusele victime pur \u0219i simplu \u00ee\u0219i uit\u0103 lucrurile la tarabele unde au f\u0103cut cump\u0103r\u0103turi sau \u00een taxi.<\/p>\n","protected":false},"excerpt":{"rendered":"<p>Ho\u0163ii nu-\u015fi iau vacan\u0163e sau concedii \u0219i sunt mereu \u201e\u00een ac\u0163iune\u201d. Cel pu\u021bin asta arat\u0103 num\u0103rul furturilor comise \u00een perioada iunie-august \u00een municipiul B\u0103l\u021bi.\u00a0 Potrivit informa\u021biilor Inspectoratului de Poli\u021bie, pe parcursul verii au fost \u00eenregistrate 39 de furturi din locuin\u021be. De\u0219i cifra nu impresionant\u0103 comparativ cu primele luni ale anului, oamenii legii ne dau un [&hellip;]<\/p>\n","protected":false},"author":4,"featured_media":16566,"comment_status":"closed","ping_status":"closed","sticky":false,"template":"","format":"standard","meta":{"footnotes":""},"categories":[15],"tags":[],"class_list":["post-16565","post","type-post","status-publish","format-standard","has-post-thumbnail","hentry","category-proishestvia"],"yoast_head":"<!-- This site is optimized with the Yoast SEO plugin v27.4 - https:\/\/yoast.com\/product\/yoast-seo-wordpress\/ -->\n<title>HO\u021aII NU AU FOS \u00ceN VACAN\u021a\u0102! NUM\u0102RUL FURTURILOR LA B\u0102L\u021aI - BTV<\/title>\n<meta name=\"robots\" content=\"index, follow, max-snippet:-1, max-image-preview:large, max-video-preview:-1\" \/>\n<link rel=\"canonical\" href=\"https:\/\/www.btv.md\/ro\/hotii-nu-au-fos-in-vacanta-numarul-furturilor-la-balti\/\" \/>\n<meta property=\"og:locale\" content=\"ro_RO\" \/>\n<meta property=\"og:type\" content=\"article\" \/>\n<meta property=\"og:title\" content=\"HO\u021aII NU AU FOS \u00ceN VACAN\u021a\u0102! NUM\u0102RUL FURTURILOR LA B\u0102L\u021aI - BTV\" \/>\n<meta property=\"og:description\" content=\"Ho\u0163ii nu-\u015fi iau vacan\u0163e sau concedii \u0219i sunt mereu \u201e\u00een ac\u0163iune\u201d. Cel pu\u021bin asta arat\u0103 num\u0103rul furturilor comise \u00een perioada iunie-august \u00een municipiul B\u0103l\u021bi.\u00a0 Potrivit informa\u021biilor Inspectoratului de Poli\u021bie, pe parcursul verii au fost \u00eenregistrate 39 de furturi din locuin\u021be. De\u0219i cifra nu impresionant\u0103 comparativ cu primele luni ale anului, oamenii legii ne dau un [&hellip;]\" \/>\n<meta property=\"og:url\" content=\"https:\/\/www.btv.md\/ro\/hotii-nu-au-fos-in-vacanta-numarul-furturilor-la-balti\/\" \/>\n<meta property=\"og:site_name\" content=\"BTV\" \/>\n<meta property=\"article:publisher\" content=\"https:\/\/www.facebook.com\/btvmoldova\/\" \/>\n<meta property=\"article:published_time\" content=\"2016-08-25T13:49:15+00:00\" \/>\n<meta property=\"article:modified_time\" content=\"2016-08-25T13:49:26+00:00\" \/>\n<meta property=\"og:image\" content=\"https:\/\/www.btv.md\/wp-content\/uploads\/2016\/08\/DV000401.AVI_snapshot_00.03_2016.08.25_16.36.43.jpg\" \/>\n\t<meta property=\"og:image:width\" content=\"720\" \/>\n\t<meta property=\"og:image:height\" content=\"576\" \/>\n\t<meta property=\"og:image:type\" content=\"image\/jpeg\" \/>\n<meta name=\"author\" content=\"admin\" \/>\n<meta name=\"twitter:label1\" content=\"Scris de\" \/>\n\t<meta name=\"twitter:data1\" content=\"admin\" \/>\n\t<meta name=\"twitter:label2\" content=\"Timp estimat pentru citire\" \/>\n\t<meta name=\"twitter:data2\" content=\"1 minut\" \/>\n<script type=\"application\/ld+json\" class=\"yoast-schema-graph\">{\"@context\":\"https:\\\/\\\/schema.org\",\"@graph\":[{\"@type\":\"Article\",\"@id\":\"https:\\\/\\\/www.btv.md\\\/ro\\\/hotii-nu-au-fos-in-vacanta-numarul-furturilor-la-balti\\\/#article\",\"isPartOf\":{\"@id\":\"https:\\\/\\\/www.btv.md\\\/ro\\\/hotii-nu-au-fos-in-vacanta-numarul-furturilor-la-balti\\\/\"},\"author\":{\"name\":\"admin\",\"@id\":\"https:\\\/\\\/www.btv.md\\\/#\\\/schema\\\/person\\\/8fadce81561b3ce2c34c46dadc4ccbf2\"},\"headline\":\"HO\u021aII NU AU FOS \u00ceN VACAN\u021a\u0102! NUM\u0102RUL FURTURILOR LA B\u0102L\u021aI\",\"datePublished\":\"2016-08-25T13:49:15+00:00\",\"dateModified\":\"2016-08-25T13:49:26+00:00\",\"mainEntityOfPage\":{\"@id\":\"https:\\\/\\\/www.btv.md\\\/ro\\\/hotii-nu-au-fos-in-vacanta-numarul-furturilor-la-balti\\\/\"},\"wordCount\":241,\"image\":{\"@id\":\"https:\\\/\\\/www.btv.md\\\/ro\\\/hotii-nu-au-fos-in-vacanta-numarul-furturilor-la-balti\\\/#primaryimage\"},\"thumbnailUrl\":\"https:\\\/\\\/www.btv.md\\\/wp-content\\\/uploads\\\/2016\\\/08\\\/DV000401.AVI_snapshot_00.03_2016.08.25_16.36.43.jpg\",\"articleSection\":[\"\u041f\u0440\u043e\u0438\u0441\u0448\u0435\u0441\u0442\u0432\u0438\u044f\"],\"inLanguage\":\"ro-RO\"},{\"@type\":\"WebPage\",\"@id\":\"https:\\\/\\\/www.btv.md\\\/ro\\\/hotii-nu-au-fos-in-vacanta-numarul-furturilor-la-balti\\\/\",\"url\":\"https:\\\/\\\/www.btv.md\\\/ro\\\/hotii-nu-au-fos-in-vacanta-numarul-furturilor-la-balti\\\/\",\"name\":\"HO\u021aII NU AU FOS \u00ceN VACAN\u021a\u0102! NUM\u0102RUL FURTURILOR LA B\u0102L\u021aI - BTV\",\"isPartOf\":{\"@id\":\"https:\\\/\\\/www.btv.md\\\/#website\"},\"primaryImageOfPage\":{\"@id\":\"https:\\\/\\\/www.btv.md\\\/ro\\\/hotii-nu-au-fos-in-vacanta-numarul-furturilor-la-balti\\\/#primaryimage\"},\"image\":{\"@id\":\"https:\\\/\\\/www.btv.md\\\/ro\\\/hotii-nu-au-fos-in-vacanta-numarul-furturilor-la-balti\\\/#primaryimage\"},\"thumbnailUrl\":\"https:\\\/\\\/www.btv.md\\\/wp-content\\\/uploads\\\/2016\\\/08\\\/DV000401.AVI_snapshot_00.03_2016.08.25_16.36.43.jpg\",\"datePublished\":\"2016-08-25T13:49:15+00:00\",\"dateModified\":\"2016-08-25T13:49:26+00:00\",\"author\":{\"@id\":\"https:\\\/\\\/www.btv.md\\\/#\\\/schema\\\/person\\\/8fadce81561b3ce2c34c46dadc4ccbf2\"},\"inLanguage\":\"ro-RO\",\"potentialAction\":[{\"@type\":\"ReadAction\",\"target\":[\"https:\\\/\\\/www.btv.md\\\/ro\\\/hotii-nu-au-fos-in-vacanta-numarul-furturilor-la-balti\\\/\"]}]},{\"@type\":\"ImageObject\",\"inLanguage\":\"ro-RO\",\"@id\":\"https:\\\/\\\/www.btv.md\\\/ro\\\/hotii-nu-au-fos-in-vacanta-numarul-furturilor-la-balti\\\/#primaryimage\",\"url\":\"https:\\\/\\\/www.btv.md\\\/wp-content\\\/uploads\\\/2016\\\/08\\\/DV000401.AVI_snapshot_00.03_2016.08.25_16.36.43.jpg\",\"contentUrl\":\"https:\\\/\\\/www.btv.md\\\/wp-content\\\/uploads\\\/2016\\\/08\\\/DV000401.AVI_snapshot_00.03_2016.08.25_16.36.43.jpg\",\"width\":720,\"height\":576},{\"@type\":\"WebSite\",\"@id\":\"https:\\\/\\\/www.btv.md\\\/#website\",\"url\":\"https:\\\/\\\/www.btv.md\\\/\",\"name\":\"BTV\",\"description\":\"\u0411\u0435\u043b\u044c\u0446\u043a\u043e\u0435 \u0442\u0435\u043b\u0435\u0432\u0438\u0434\u0435\u043d\u0438\u0435\",\"potentialAction\":[{\"@type\":\"SearchAction\",\"target\":{\"@type\":\"EntryPoint\",\"urlTemplate\":\"https:\\\/\\\/www.btv.md\\\/?s={search_term_string}\"},\"query-input\":{\"@type\":\"PropertyValueSpecification\",\"valueRequired\":true,\"valueName\":\"search_term_string\"}}],\"inLanguage\":\"ro-RO\"},{\"@type\":\"Person\",\"@id\":\"https:\\\/\\\/www.btv.md\\\/#\\\/schema\\\/person\\\/8fadce81561b3ce2c34c46dadc4ccbf2\",\"name\":\"admin\"}]}<\/script>\n<!-- \/ Yoast SEO plugin. -->","yoast_head_json":{"title":"HO\u021aII NU AU FOS \u00ceN VACAN\u021a\u0102! NUM\u0102RUL FURTURILOR LA B\u0102L\u021aI - BTV","robots":{"index":"index","follow":"follow","max-snippet":"max-snippet:-1","max-image-preview":"max-image-preview:large","max-video-preview":"max-video-preview:-1"},"canonical":"https:\/\/www.btv.md\/ro\/hotii-nu-au-fos-in-vacanta-numarul-furturilor-la-balti\/","og_locale":"ro_RO","og_type":"article","og_title":"HO\u021aII NU AU FOS \u00ceN VACAN\u021a\u0102! NUM\u0102RUL FURTURILOR LA B\u0102L\u021aI - BTV","og_description":"Ho\u0163ii nu-\u015fi iau vacan\u0163e sau concedii \u0219i sunt mereu \u201e\u00een ac\u0163iune\u201d. Cel pu\u021bin asta arat\u0103 num\u0103rul furturilor comise \u00een perioada iunie-august \u00een municipiul B\u0103l\u021bi.\u00a0 Potrivit informa\u021biilor Inspectoratului de Poli\u021bie, pe parcursul verii au fost \u00eenregistrate 39 de furturi din locuin\u021be. De\u0219i cifra nu impresionant\u0103 comparativ cu primele luni ale anului, oamenii legii ne dau un [&hellip;]","og_url":"https:\/\/www.btv.md\/ro\/hotii-nu-au-fos-in-vacanta-numarul-furturilor-la-balti\/","og_site_name":"BTV","article_publisher":"https:\/\/www.facebook.com\/btvmoldova\/","article_published_time":"2016-08-25T13:49:15+00:00","article_modified_time":"2016-08-25T13:49:26+00:00","og_image":[{"width":720,"height":576,"url":"https:\/\/www.btv.md\/wp-content\/uploads\/2016\/08\/DV000401.AVI_snapshot_00.03_2016.08.25_16.36.43.jpg","type":"image\/jpeg"}],"author":"admin","twitter_misc":{"Scris de":"admin","Timp estimat pentru citire":"1 minut"},"schema":{"@context":"https:\/\/schema.org","@graph":[{"@type":"Article","@id":"https:\/\/www.btv.md\/ro\/hotii-nu-au-fos-in-vacanta-numarul-furturilor-la-balti\/#article","isPartOf":{"@id":"https:\/\/www.btv.md\/ro\/hotii-nu-au-fos-in-vacanta-numarul-furturilor-la-balti\/"},"author":{"name":"admin","@id":"https:\/\/www.btv.md\/#\/schema\/person\/8fadce81561b3ce2c34c46dadc4ccbf2"},"headline":"HO\u021aII NU AU FOS \u00ceN VACAN\u021a\u0102! NUM\u0102RUL FURTURILOR LA B\u0102L\u021aI","datePublished":"2016-08-25T13:49:15+00:00","dateModified":"2016-08-25T13:49:26+00:00","mainEntityOfPage":{"@id":"https:\/\/www.btv.md\/ro\/hotii-nu-au-fos-in-vacanta-numarul-furturilor-la-balti\/"},"wordCount":241,"image":{"@id":"https:\/\/www.btv.md\/ro\/hotii-nu-au-fos-in-vacanta-numarul-furturilor-la-balti\/#primaryimage"},"thumbnailUrl":"https:\/\/www.btv.md\/wp-content\/uploads\/2016\/08\/DV000401.AVI_snapshot_00.03_2016.08.25_16.36.43.jpg","articleSection":["\u041f\u0440\u043e\u0438\u0441\u0448\u0435\u0441\u0442\u0432\u0438\u044f"],"inLanguage":"ro-RO"},{"@type":"WebPage","@id":"https:\/\/www.btv.md\/ro\/hotii-nu-au-fos-in-vacanta-numarul-furturilor-la-balti\/","url":"https:\/\/www.btv.md\/ro\/hotii-nu-au-fos-in-vacanta-numarul-furturilor-la-balti\/","name":"HO\u021aII NU AU FOS \u00ceN VACAN\u021a\u0102! NUM\u0102RUL FURTURILOR LA B\u0102L\u021aI - BTV","isPartOf":{"@id":"https:\/\/www.btv.md\/#website"},"primaryImageOfPage":{"@id":"https:\/\/www.btv.md\/ro\/hotii-nu-au-fos-in-vacanta-numarul-furturilor-la-balti\/#primaryimage"},"image":{"@id":"https:\/\/www.btv.md\/ro\/hotii-nu-au-fos-in-vacanta-numarul-furturilor-la-balti\/#primaryimage"},"thumbnailUrl":"https:\/\/www.btv.md\/wp-content\/uploads\/2016\/08\/DV000401.AVI_snapshot_00.03_2016.08.25_16.36.43.jpg","datePublished":"2016-08-25T13:49:15+00:00","dateModified":"2016-08-25T13:49:26+00:00","author":{"@id":"https:\/\/www.btv.md\/#\/schema\/person\/8fadce81561b3ce2c34c46dadc4ccbf2"},"inLanguage":"ro-RO","potentialAction":[{"@type":"ReadAction","target":["https:\/\/www.btv.md\/ro\/hotii-nu-au-fos-in-vacanta-numarul-furturilor-la-balti\/"]}]},{"@type":"ImageObject","inLanguage":"ro-RO","@id":"https:\/\/www.btv.md\/ro\/hotii-nu-au-fos-in-vacanta-numarul-furturilor-la-balti\/#primaryimage","url":"https:\/\/www.btv.md\/wp-content\/uploads\/2016\/08\/DV000401.AVI_snapshot_00.03_2016.08.25_16.36.43.jpg","contentUrl":"https:\/\/www.btv.md\/wp-content\/uploads\/2016\/08\/DV000401.AVI_snapshot_00.03_2016.08.25_16.36.43.jpg","width":720,"height":576},{"@type":"WebSite","@id":"https:\/\/www.btv.md\/#website","url":"https:\/\/www.btv.md\/","name":"BTV","description":"\u0411\u0435\u043b\u044c\u0446\u043a\u043e\u0435 \u0442\u0435\u043b\u0435\u0432\u0438\u0434\u0435\u043d\u0438\u0435","potentialAction":[{"@type":"SearchAction","target":{"@type":"EntryPoint","urlTemplate":"https:\/\/www.btv.md\/?s={search_term_string}"},"query-input":{"@type":"PropertyValueSpecification","valueRequired":true,"valueName":"search_term_string"}}],"inLanguage":"ro-RO"},{"@type":"Person","@id":"https:\/\/www.btv.md\/#\/schema\/person\/8fadce81561b3ce2c34c46dadc4ccbf2","name":"admin"}]}},"_links":{"self":[{"href":"https:\/\/www.btv.md\/ro\/wp-json\/wp\/v2\/posts\/16565","targetHints":{"allow":["GET"]}}],"collection":[{"href":"https:\/\/www.btv.md\/ro\/wp-json\/wp\/v2\/posts"}],"about":[{"href":"https:\/\/www.btv.md\/ro\/wp-json\/wp\/v2\/types\/post"}],"author":[{"embeddable":true,"href":"https:\/\/www.btv.md\/ro\/wp-json\/wp\/v2\/users\/4"}],"replies":[{"embeddable":true,"href":"https:\/\/www.btv.md\/ro\/wp-json\/wp\/v2\/comments?post=16565"}],"version-history":[{"count":0,"href":"https:\/\/www.btv.md\/ro\/wp-json\/wp\/v2\/posts\/16565\/revisions"}],"wp:featuredmedia":[{"embeddable":true,"href":"https:\/\/www.btv.md\/ro\/wp-json\/wp\/v2\/media\/16566"}],"wp:attachment":[{"href":"https:\/\/www.btv.md\/ro\/wp-json\/wp\/v2\/media?parent=16565"}],"wp:term":[{"taxonomy":"category","embeddable":true,"href":"https:\/\/www.btv.md\/ro\/wp-json\/wp\/v2\/categories?post=16565"},{"taxonomy":"post_tag","embeddable":true,"href":"https:\/\/www.btv.md\/ro\/wp-json\/wp\/v2\/tags?post=16565"}],"curies":[{"name":"wp","href":"https:\/\/api.w.org\/{rel}","templated":true}]}}