{"id":16571,"date":"2016-08-25T17:16:07","date_gmt":"2016-08-25T14:16:07","guid":{"rendered":"http:\/\/btv.md\/?p=16571"},"modified":"2016-08-25T17:16:14","modified_gmt":"2016-08-25T14:16:14","slug":"cum-va-fi-sabatorita-ziua-independenti-la-balti","status":"publish","type":"post","link":"https:\/\/www.btv.md\/ro\/cum-va-fi-sabatorita-ziua-independenti-la-balti\/","title":{"rendered":"CUM  VA  FI  S\u0102B\u0102TORIT\u0102  ZIUA  INDEPENDEN\u021aI  LA  B\u0102L\u021aI"},"content":{"rendered":"<p><strong>Cu ocazia marc\u0103rii a 25 de ani de la proclamarea Independen\u0163ei Republicii Moldova, \u00een municipiul B\u0103l\u021bi vor fi organizate un \u015fir de manifest\u0103ri culturale. Ziua de 27 august va \u00eencepe cu depuneri de flori la monumentul \u201e\u015etefan cel Mare \u015fi Sf\u00e2nt\u201d\u00a0 care este preconizat\u0103 pentru ora 10:00.<\/strong><\/p>\n<p><iframe width=\"1170\" height=\"878\" data-src=\"https:\/\/www.youtube.com\/embed\/7HgGXoWHcew?wmode=transparent&amp;rel=0&amp;feature=oembed\" frameborder=\"0\" allow=\"accelerometer; autoplay; encrypted-media; gyroscope; picture-in-picture\" allowfullscreen src=\"data:image\/svg+xml;base64,PHN2ZyB3aWR0aD0iMSIgaGVpZ2h0PSIxIiB4bWxucz0iaHR0cDovL3d3dy53My5vcmcvMjAwMC9zdmciPjwvc3ZnPg==\" class=\"lazyload\" data-load-mode=\"1\"><\/iframe><\/p>\n<p>Programul oficial va continua \u00een Pia\u021ba municipal\u0103 Vasile Alecsandri cu un spectacol de inaugurare a Zilei Independen\u0163ei Republicii Moldova. Spectatorii vor avea ocazia s\u0103 asculte cele mai apreciate piese din folclorul na\u0163ional, s\u0103 admire dansurile tradi\u0163ionale moldovene\u015fti \u00een interpretarea forma\u021biilor artistice din B\u0103l\u0163i.<\/p>\n<p>Pentru amatorii crea\u021biei tradi\u021bionale va fi organizat t\u00e2rgul me\u0219terilor populari, unde b\u0103l\u021benii \u0219i oaspe\u021bii ora\u0219ului \u00ee\u0219i vor putea cump\u0103ra lucruri originale, de la suvenire, accesorii \u0219i costume na\u021bionale, p\u00e2n\u0103 la icoane sau instrumente muzicale.<\/p>\n<p>S\u0103rb\u0103toarea va lua sf\u00e2r\u0219it cu un concert grandios sus\u021binut de Doini\u021ba Gherman, Pa\u0219a Parfenii, Olia Tira, Dara, Valentin Uzun &amp; THARMIS, Orchestra Simfonic\u0103, Constantin Moscovici, \u00eenso\u021bi\u021bi de un show feeric de muzic\u0103, lumin\u0103 \u0219i ap\u0103.<\/p>\n","protected":false},"excerpt":{"rendered":"<p>Cu ocazia marc\u0103rii a 25 de ani de la proclamarea Independen\u0163ei Republicii Moldova, \u00een municipiul B\u0103l\u021bi vor fi organizate un \u015fir de manifest\u0103ri culturale. Ziua de 27 august va \u00eencepe cu depuneri de flori la monumentul \u201e\u015etefan cel Mare \u015fi Sf\u00e2nt\u201d\u00a0 care este preconizat\u0103 pentru ora 10:00. Programul oficial va continua \u00een Pia\u021ba municipal\u0103 Vasile [&hellip;]<\/p>\n","protected":false},"author":4,"featured_media":16572,"comment_status":"closed","ping_status":"closed","sticky":false,"template":"","format":"standard","meta":{"footnotes":""},"categories":[6353],"tags":[],"class_list":["post-16571","post","type-post","status-publish","format-standard","has-post-thumbnail","hentry","category-oras"],"yoast_head":"<!-- This site is optimized with the Yoast SEO plugin v27.4 - https:\/\/yoast.com\/product\/yoast-seo-wordpress\/ -->\n<title>CUM VA FI S\u0102B\u0102TORIT\u0102 ZIUA INDEPENDEN\u021aI LA B\u0102L\u021aI - BTV<\/title>\n<meta name=\"robots\" content=\"index, follow, max-snippet:-1, max-image-preview:large, max-video-preview:-1\" \/>\n<link rel=\"canonical\" href=\"https:\/\/www.btv.md\/ro\/cum-va-fi-sabatorita-ziua-independenti-la-balti\/\" \/>\n<meta property=\"og:locale\" content=\"ro_RO\" \/>\n<meta property=\"og:type\" content=\"article\" \/>\n<meta property=\"og:title\" content=\"CUM VA FI S\u0102B\u0102TORIT\u0102 ZIUA INDEPENDEN\u021aI LA B\u0102L\u021aI - BTV\" \/>\n<meta property=\"og:description\" content=\"Cu ocazia marc\u0103rii a 25 de ani de la proclamarea Independen\u0163ei Republicii Moldova, \u00een municipiul B\u0103l\u021bi vor fi organizate un \u015fir de manifest\u0103ri culturale. Ziua de 27 august va \u00eencepe cu depuneri de flori la monumentul \u201e\u015etefan cel Mare \u015fi Sf\u00e2nt\u201d\u00a0 care este preconizat\u0103 pentru ora 10:00. Programul oficial va continua \u00een Pia\u021ba municipal\u0103 Vasile [&hellip;]\" \/>\n<meta property=\"og:url\" content=\"https:\/\/www.btv.md\/ro\/cum-va-fi-sabatorita-ziua-independenti-la-balti\/\" \/>\n<meta property=\"og:site_name\" content=\"BTV\" \/>\n<meta property=\"article:publisher\" content=\"https:\/\/www.facebook.com\/btvmoldova\/\" \/>\n<meta property=\"article:published_time\" content=\"2016-08-25T14:16:07+00:00\" \/>\n<meta property=\"article:modified_time\" content=\"2016-08-25T14:16:14+00:00\" \/>\n<meta property=\"og:image\" content=\"https:\/\/www.btv.md\/wp-content\/uploads\/2016\/08\/DV005701.AVI.00_00_06_06.nepodvizhnoe-izobrazhenie001.jpg\" \/>\n\t<meta property=\"og:image:width\" content=\"720\" \/>\n\t<meta property=\"og:image:height\" content=\"576\" \/>\n\t<meta property=\"og:image:type\" content=\"image\/jpeg\" \/>\n<meta name=\"author\" content=\"admin\" \/>\n<meta name=\"twitter:label1\" content=\"Scris de\" \/>\n\t<meta name=\"twitter:data1\" content=\"admin\" \/>\n\t<meta name=\"twitter:label2\" content=\"Timp estimat pentru citire\" \/>\n\t<meta name=\"twitter:data2\" content=\"1 minut\" \/>\n<script type=\"application\/ld+json\" class=\"yoast-schema-graph\">{\"@context\":\"https:\\\/\\\/schema.org\",\"@graph\":[{\"@type\":\"Article\",\"@id\":\"https:\\\/\\\/www.btv.md\\\/ro\\\/cum-va-fi-sabatorita-ziua-independenti-la-balti\\\/#article\",\"isPartOf\":{\"@id\":\"https:\\\/\\\/www.btv.md\\\/ro\\\/cum-va-fi-sabatorita-ziua-independenti-la-balti\\\/\"},\"author\":{\"name\":\"admin\",\"@id\":\"https:\\\/\\\/www.btv.md\\\/#\\\/schema\\\/person\\\/8fadce81561b3ce2c34c46dadc4ccbf2\"},\"headline\":\"CUM VA FI S\u0102B\u0102TORIT\u0102 ZIUA INDEPENDEN\u021aI LA B\u0102L\u021aI\",\"datePublished\":\"2016-08-25T14:16:07+00:00\",\"dateModified\":\"2016-08-25T14:16:14+00:00\",\"mainEntityOfPage\":{\"@id\":\"https:\\\/\\\/www.btv.md\\\/ro\\\/cum-va-fi-sabatorita-ziua-independenti-la-balti\\\/\"},\"wordCount\":207,\"image\":{\"@id\":\"https:\\\/\\\/www.btv.md\\\/ro\\\/cum-va-fi-sabatorita-ziua-independenti-la-balti\\\/#primaryimage\"},\"thumbnailUrl\":\"https:\\\/\\\/www.btv.md\\\/wp-content\\\/uploads\\\/2016\\\/08\\\/DV005701.AVI.00_00_06_06.nepodvizhnoe-izobrazhenie001.jpg\",\"articleSection\":[\"Ora\u0219\"],\"inLanguage\":\"ro-RO\"},{\"@type\":\"WebPage\",\"@id\":\"https:\\\/\\\/www.btv.md\\\/ro\\\/cum-va-fi-sabatorita-ziua-independenti-la-balti\\\/\",\"url\":\"https:\\\/\\\/www.btv.md\\\/ro\\\/cum-va-fi-sabatorita-ziua-independenti-la-balti\\\/\",\"name\":\"CUM VA FI S\u0102B\u0102TORIT\u0102 ZIUA INDEPENDEN\u021aI LA B\u0102L\u021aI - BTV\",\"isPartOf\":{\"@id\":\"https:\\\/\\\/www.btv.md\\\/#website\"},\"primaryImageOfPage\":{\"@id\":\"https:\\\/\\\/www.btv.md\\\/ro\\\/cum-va-fi-sabatorita-ziua-independenti-la-balti\\\/#primaryimage\"},\"image\":{\"@id\":\"https:\\\/\\\/www.btv.md\\\/ro\\\/cum-va-fi-sabatorita-ziua-independenti-la-balti\\\/#primaryimage\"},\"thumbnailUrl\":\"https:\\\/\\\/www.btv.md\\\/wp-content\\\/uploads\\\/2016\\\/08\\\/DV005701.AVI.00_00_06_06.nepodvizhnoe-izobrazhenie001.jpg\",\"datePublished\":\"2016-08-25T14:16:07+00:00\",\"dateModified\":\"2016-08-25T14:16:14+00:00\",\"author\":{\"@id\":\"https:\\\/\\\/www.btv.md\\\/#\\\/schema\\\/person\\\/8fadce81561b3ce2c34c46dadc4ccbf2\"},\"inLanguage\":\"ro-RO\",\"potentialAction\":[{\"@type\":\"ReadAction\",\"target\":[\"https:\\\/\\\/www.btv.md\\\/ro\\\/cum-va-fi-sabatorita-ziua-independenti-la-balti\\\/\"]}]},{\"@type\":\"ImageObject\",\"inLanguage\":\"ro-RO\",\"@id\":\"https:\\\/\\\/www.btv.md\\\/ro\\\/cum-va-fi-sabatorita-ziua-independenti-la-balti\\\/#primaryimage\",\"url\":\"https:\\\/\\\/www.btv.md\\\/wp-content\\\/uploads\\\/2016\\\/08\\\/DV005701.AVI.00_00_06_06.nepodvizhnoe-izobrazhenie001.jpg\",\"contentUrl\":\"https:\\\/\\\/www.btv.md\\\/wp-content\\\/uploads\\\/2016\\\/08\\\/DV005701.AVI.00_00_06_06.nepodvizhnoe-izobrazhenie001.jpg\",\"width\":720,\"height\":576},{\"@type\":\"WebSite\",\"@id\":\"https:\\\/\\\/www.btv.md\\\/#website\",\"url\":\"https:\\\/\\\/www.btv.md\\\/\",\"name\":\"BTV\",\"description\":\"\u0411\u0435\u043b\u044c\u0446\u043a\u043e\u0435 \u0442\u0435\u043b\u0435\u0432\u0438\u0434\u0435\u043d\u0438\u0435\",\"potentialAction\":[{\"@type\":\"SearchAction\",\"target\":{\"@type\":\"EntryPoint\",\"urlTemplate\":\"https:\\\/\\\/www.btv.md\\\/?s={search_term_string}\"},\"query-input\":{\"@type\":\"PropertyValueSpecification\",\"valueRequired\":true,\"valueName\":\"search_term_string\"}}],\"inLanguage\":\"ro-RO\"},{\"@type\":\"Person\",\"@id\":\"https:\\\/\\\/www.btv.md\\\/#\\\/schema\\\/person\\\/8fadce81561b3ce2c34c46dadc4ccbf2\",\"name\":\"admin\"}]}<\/script>\n<!-- \/ Yoast SEO plugin. -->","yoast_head_json":{"title":"CUM VA FI S\u0102B\u0102TORIT\u0102 ZIUA INDEPENDEN\u021aI LA B\u0102L\u021aI - BTV","robots":{"index":"index","follow":"follow","max-snippet":"max-snippet:-1","max-image-preview":"max-image-preview:large","max-video-preview":"max-video-preview:-1"},"canonical":"https:\/\/www.btv.md\/ro\/cum-va-fi-sabatorita-ziua-independenti-la-balti\/","og_locale":"ro_RO","og_type":"article","og_title":"CUM VA FI S\u0102B\u0102TORIT\u0102 ZIUA INDEPENDEN\u021aI LA B\u0102L\u021aI - BTV","og_description":"Cu ocazia marc\u0103rii a 25 de ani de la proclamarea Independen\u0163ei Republicii Moldova, \u00een municipiul B\u0103l\u021bi vor fi organizate un \u015fir de manifest\u0103ri culturale. Ziua de 27 august va \u00eencepe cu depuneri de flori la monumentul \u201e\u015etefan cel Mare \u015fi Sf\u00e2nt\u201d\u00a0 care este preconizat\u0103 pentru ora 10:00. Programul oficial va continua \u00een Pia\u021ba municipal\u0103 Vasile [&hellip;]","og_url":"https:\/\/www.btv.md\/ro\/cum-va-fi-sabatorita-ziua-independenti-la-balti\/","og_site_name":"BTV","article_publisher":"https:\/\/www.facebook.com\/btvmoldova\/","article_published_time":"2016-08-25T14:16:07+00:00","article_modified_time":"2016-08-25T14:16:14+00:00","og_image":[{"width":720,"height":576,"url":"https:\/\/www.btv.md\/wp-content\/uploads\/2016\/08\/DV005701.AVI.00_00_06_06.nepodvizhnoe-izobrazhenie001.jpg","type":"image\/jpeg"}],"author":"admin","twitter_misc":{"Scris de":"admin","Timp estimat pentru citire":"1 minut"},"schema":{"@context":"https:\/\/schema.org","@graph":[{"@type":"Article","@id":"https:\/\/www.btv.md\/ro\/cum-va-fi-sabatorita-ziua-independenti-la-balti\/#article","isPartOf":{"@id":"https:\/\/www.btv.md\/ro\/cum-va-fi-sabatorita-ziua-independenti-la-balti\/"},"author":{"name":"admin","@id":"https:\/\/www.btv.md\/#\/schema\/person\/8fadce81561b3ce2c34c46dadc4ccbf2"},"headline":"CUM VA FI S\u0102B\u0102TORIT\u0102 ZIUA INDEPENDEN\u021aI LA B\u0102L\u021aI","datePublished":"2016-08-25T14:16:07+00:00","dateModified":"2016-08-25T14:16:14+00:00","mainEntityOfPage":{"@id":"https:\/\/www.btv.md\/ro\/cum-va-fi-sabatorita-ziua-independenti-la-balti\/"},"wordCount":207,"image":{"@id":"https:\/\/www.btv.md\/ro\/cum-va-fi-sabatorita-ziua-independenti-la-balti\/#primaryimage"},"thumbnailUrl":"https:\/\/www.btv.md\/wp-content\/uploads\/2016\/08\/DV005701.AVI.00_00_06_06.nepodvizhnoe-izobrazhenie001.jpg","articleSection":["Ora\u0219"],"inLanguage":"ro-RO"},{"@type":"WebPage","@id":"https:\/\/www.btv.md\/ro\/cum-va-fi-sabatorita-ziua-independenti-la-balti\/","url":"https:\/\/www.btv.md\/ro\/cum-va-fi-sabatorita-ziua-independenti-la-balti\/","name":"CUM VA FI S\u0102B\u0102TORIT\u0102 ZIUA INDEPENDEN\u021aI LA B\u0102L\u021aI - BTV","isPartOf":{"@id":"https:\/\/www.btv.md\/#website"},"primaryImageOfPage":{"@id":"https:\/\/www.btv.md\/ro\/cum-va-fi-sabatorita-ziua-independenti-la-balti\/#primaryimage"},"image":{"@id":"https:\/\/www.btv.md\/ro\/cum-va-fi-sabatorita-ziua-independenti-la-balti\/#primaryimage"},"thumbnailUrl":"https:\/\/www.btv.md\/wp-content\/uploads\/2016\/08\/DV005701.AVI.00_00_06_06.nepodvizhnoe-izobrazhenie001.jpg","datePublished":"2016-08-25T14:16:07+00:00","dateModified":"2016-08-25T14:16:14+00:00","author":{"@id":"https:\/\/www.btv.md\/#\/schema\/person\/8fadce81561b3ce2c34c46dadc4ccbf2"},"inLanguage":"ro-RO","potentialAction":[{"@type":"ReadAction","target":["https:\/\/www.btv.md\/ro\/cum-va-fi-sabatorita-ziua-independenti-la-balti\/"]}]},{"@type":"ImageObject","inLanguage":"ro-RO","@id":"https:\/\/www.btv.md\/ro\/cum-va-fi-sabatorita-ziua-independenti-la-balti\/#primaryimage","url":"https:\/\/www.btv.md\/wp-content\/uploads\/2016\/08\/DV005701.AVI.00_00_06_06.nepodvizhnoe-izobrazhenie001.jpg","contentUrl":"https:\/\/www.btv.md\/wp-content\/uploads\/2016\/08\/DV005701.AVI.00_00_06_06.nepodvizhnoe-izobrazhenie001.jpg","width":720,"height":576},{"@type":"WebSite","@id":"https:\/\/www.btv.md\/#website","url":"https:\/\/www.btv.md\/","name":"BTV","description":"\u0411\u0435\u043b\u044c\u0446\u043a\u043e\u0435 \u0442\u0435\u043b\u0435\u0432\u0438\u0434\u0435\u043d\u0438\u0435","potentialAction":[{"@type":"SearchAction","target":{"@type":"EntryPoint","urlTemplate":"https:\/\/www.btv.md\/?s={search_term_string}"},"query-input":{"@type":"PropertyValueSpecification","valueRequired":true,"valueName":"search_term_string"}}],"inLanguage":"ro-RO"},{"@type":"Person","@id":"https:\/\/www.btv.md\/#\/schema\/person\/8fadce81561b3ce2c34c46dadc4ccbf2","name":"admin"}]}},"_links":{"self":[{"href":"https:\/\/www.btv.md\/ro\/wp-json\/wp\/v2\/posts\/16571","targetHints":{"allow":["GET"]}}],"collection":[{"href":"https:\/\/www.btv.md\/ro\/wp-json\/wp\/v2\/posts"}],"about":[{"href":"https:\/\/www.btv.md\/ro\/wp-json\/wp\/v2\/types\/post"}],"author":[{"embeddable":true,"href":"https:\/\/www.btv.md\/ro\/wp-json\/wp\/v2\/users\/4"}],"replies":[{"embeddable":true,"href":"https:\/\/www.btv.md\/ro\/wp-json\/wp\/v2\/comments?post=16571"}],"version-history":[{"count":0,"href":"https:\/\/www.btv.md\/ro\/wp-json\/wp\/v2\/posts\/16571\/revisions"}],"wp:featuredmedia":[{"embeddable":true,"href":"https:\/\/www.btv.md\/ro\/wp-json\/wp\/v2\/media\/16572"}],"wp:attachment":[{"href":"https:\/\/www.btv.md\/ro\/wp-json\/wp\/v2\/media?parent=16571"}],"wp:term":[{"taxonomy":"category","embeddable":true,"href":"https:\/\/www.btv.md\/ro\/wp-json\/wp\/v2\/categories?post=16571"},{"taxonomy":"post_tag","embeddable":true,"href":"https:\/\/www.btv.md\/ro\/wp-json\/wp\/v2\/tags?post=16571"}],"curies":[{"name":"wp","href":"https:\/\/api.w.org\/{rel}","templated":true}]}}