{"id":16586,"date":"2016-08-26T13:33:37","date_gmt":"2016-08-26T10:33:37","guid":{"rendered":"http:\/\/btv.md\/?p=16586"},"modified":"2016-08-26T13:34:06","modified_gmt":"2016-08-26T10:34:06","slug":"cum-vor-circula-troleibuzele-din-balti-de-ziua-independentei","status":"publish","type":"post","link":"https:\/\/www.btv.md\/ro\/cum-vor-circula-troleibuzele-din-balti-de-ziua-independentei\/","title":{"rendered":"CUM  VOR  CIRCULA  TROLEIBUZELE  DIN  B\u0102L\u021aI  DE  ZIUA  INDEPENDEN\u021aEI"},"content":{"rendered":"<p><iframe width=\"1170\" height=\"878\" data-src=\"https:\/\/www.youtube.com\/embed\/mFjigAsCG5M?wmode=transparent&amp;rel=0&amp;feature=oembed\" frameborder=\"0\" allow=\"accelerometer; autoplay; encrypted-media; gyroscope; picture-in-picture\" allowfullscreen src=\"data:image\/svg+xml;base64,PHN2ZyB3aWR0aD0iMSIgaGVpZ2h0PSIxIiB4bWxucz0iaHR0cDovL3d3dy53My5vcmcvMjAwMC9zdmciPjwvc3ZnPg==\" class=\"lazyload\" data-load-mode=\"1\"><\/iframe><\/p>\n<p>\u00cen seara zilei de 27 august troleibuzele din B\u0103l\u021bi\u00a0 vor circula conform unui program special. Anun\u021bul a fost f\u0103cut de c\u0103tre inginerul \u0219ef al Direc\u021biei de Troleibuze B\u0103l\u021bi, Victor Caliujn\u00eei. Schimb\u0103rile vin \u00een condi\u021biile \u00een care, de ziua independen\u021bei mii de b\u0103l\u021beni sunt a\u0219tepta\u021bi \u00een pia\u021ba municipal\u0103 Vasile Alecsandri p\u00e2n\u0103 seara t\u00e2rziu. Astfel, transportul public va circula p\u00e2n\u0103 la miezul nop\u021bii.<\/p>\n<p>Cele 12 troleibuze vor a\u0219tepta pasagerii pe strada \u0218tefan cel Mare, \u00een preajma Stadionului Or\u0103\u0219enesc, dar \u0219i pe strada Decebal, regiunea Uzina R\u0103ut.<\/p>\n","protected":false},"excerpt":{"rendered":"<p>\u00cen seara zilei de 27 august troleibuzele din B\u0103l\u021bi\u00a0 vor circula conform unui program special. Anun\u021bul a fost f\u0103cut de c\u0103tre inginerul \u0219ef al Direc\u021biei de Troleibuze B\u0103l\u021bi, Victor Caliujn\u00eei. Schimb\u0103rile vin \u00een condi\u021biile \u00een care, de ziua independen\u021bei mii de b\u0103l\u021beni sunt a\u0219tepta\u021bi \u00een pia\u021ba municipal\u0103 Vasile Alecsandri p\u00e2n\u0103 seara t\u00e2rziu. Astfel, transportul public [&hellip;]<\/p>\n","protected":false},"author":4,"featured_media":16587,"comment_status":"closed","ping_status":"closed","sticky":false,"template":"","format":"standard","meta":{"footnotes":""},"categories":[6353],"tags":[],"class_list":["post-16586","post","type-post","status-publish","format-standard","has-post-thumbnail","hentry","category-oras"],"yoast_head":"<!-- This site is optimized with the Yoast SEO plugin v27.4 - https:\/\/yoast.com\/product\/yoast-seo-wordpress\/ -->\n<title>CUM VOR CIRCULA TROLEIBUZELE DIN B\u0102L\u021aI DE ZIUA INDEPENDEN\u021aEI - BTV<\/title>\n<meta name=\"robots\" content=\"index, follow, max-snippet:-1, max-image-preview:large, max-video-preview:-1\" \/>\n<link rel=\"canonical\" href=\"https:\/\/www.btv.md\/ro\/cum-vor-circula-troleibuzele-din-balti-de-ziua-independentei\/\" \/>\n<meta property=\"og:locale\" content=\"ro_RO\" \/>\n<meta property=\"og:type\" content=\"article\" \/>\n<meta property=\"og:title\" content=\"CUM VOR CIRCULA TROLEIBUZELE DIN B\u0102L\u021aI DE ZIUA INDEPENDEN\u021aEI - BTV\" \/>\n<meta property=\"og:description\" content=\"\u00cen seara zilei de 27 august troleibuzele din B\u0103l\u021bi\u00a0 vor circula conform unui program special. Anun\u021bul a fost f\u0103cut de c\u0103tre inginerul \u0219ef al Direc\u021biei de Troleibuze B\u0103l\u021bi, Victor Caliujn\u00eei. Schimb\u0103rile vin \u00een condi\u021biile \u00een care, de ziua independen\u021bei mii de b\u0103l\u021beni sunt a\u0219tepta\u021bi \u00een pia\u021ba municipal\u0103 Vasile Alecsandri p\u00e2n\u0103 seara t\u00e2rziu. Astfel, transportul public [&hellip;]\" \/>\n<meta property=\"og:url\" content=\"https:\/\/www.btv.md\/ro\/cum-vor-circula-troleibuzele-din-balti-de-ziua-independentei\/\" \/>\n<meta property=\"og:site_name\" content=\"BTV\" \/>\n<meta property=\"article:publisher\" content=\"https:\/\/www.facebook.com\/btvmoldova\/\" \/>\n<meta property=\"article:published_time\" content=\"2016-08-26T10:33:37+00:00\" \/>\n<meta property=\"article:modified_time\" content=\"2016-08-26T10:34:06+00:00\" \/>\n<meta property=\"og:image\" content=\"https:\/\/www.btv.md\/wp-content\/uploads\/2016\/08\/20140913021012.MPG_snapshot_00.01_2016.08.26_13.32.46.jpg\" \/>\n\t<meta property=\"og:image:width\" content=\"720\" \/>\n\t<meta property=\"og:image:height\" content=\"576\" \/>\n\t<meta property=\"og:image:type\" content=\"image\/jpeg\" \/>\n<meta name=\"author\" content=\"admin\" \/>\n<meta name=\"twitter:label1\" content=\"Scris de\" \/>\n\t<meta name=\"twitter:data1\" content=\"admin\" \/>\n\t<meta name=\"twitter:label2\" content=\"Timp estimat pentru citire\" \/>\n\t<meta name=\"twitter:data2\" content=\"1 minut\" \/>\n<script type=\"application\/ld+json\" class=\"yoast-schema-graph\">{\"@context\":\"https:\\\/\\\/schema.org\",\"@graph\":[{\"@type\":\"Article\",\"@id\":\"https:\\\/\\\/www.btv.md\\\/ro\\\/cum-vor-circula-troleibuzele-din-balti-de-ziua-independentei\\\/#article\",\"isPartOf\":{\"@id\":\"https:\\\/\\\/www.btv.md\\\/ro\\\/cum-vor-circula-troleibuzele-din-balti-de-ziua-independentei\\\/\"},\"author\":{\"name\":\"admin\",\"@id\":\"https:\\\/\\\/www.btv.md\\\/#\\\/schema\\\/person\\\/8fadce81561b3ce2c34c46dadc4ccbf2\"},\"headline\":\"CUM VOR CIRCULA TROLEIBUZELE DIN B\u0102L\u021aI DE ZIUA INDEPENDEN\u021aEI\",\"datePublished\":\"2016-08-26T10:33:37+00:00\",\"dateModified\":\"2016-08-26T10:34:06+00:00\",\"mainEntityOfPage\":{\"@id\":\"https:\\\/\\\/www.btv.md\\\/ro\\\/cum-vor-circula-troleibuzele-din-balti-de-ziua-independentei\\\/\"},\"wordCount\":123,\"image\":{\"@id\":\"https:\\\/\\\/www.btv.md\\\/ro\\\/cum-vor-circula-troleibuzele-din-balti-de-ziua-independentei\\\/#primaryimage\"},\"thumbnailUrl\":\"https:\\\/\\\/www.btv.md\\\/wp-content\\\/uploads\\\/2016\\\/08\\\/20140913021012.MPG_snapshot_00.01_2016.08.26_13.32.46.jpg\",\"articleSection\":[\"Ora\u0219\"],\"inLanguage\":\"ro-RO\"},{\"@type\":\"WebPage\",\"@id\":\"https:\\\/\\\/www.btv.md\\\/ro\\\/cum-vor-circula-troleibuzele-din-balti-de-ziua-independentei\\\/\",\"url\":\"https:\\\/\\\/www.btv.md\\\/ro\\\/cum-vor-circula-troleibuzele-din-balti-de-ziua-independentei\\\/\",\"name\":\"CUM VOR CIRCULA TROLEIBUZELE DIN B\u0102L\u021aI DE ZIUA INDEPENDEN\u021aEI - BTV\",\"isPartOf\":{\"@id\":\"https:\\\/\\\/www.btv.md\\\/#website\"},\"primaryImageOfPage\":{\"@id\":\"https:\\\/\\\/www.btv.md\\\/ro\\\/cum-vor-circula-troleibuzele-din-balti-de-ziua-independentei\\\/#primaryimage\"},\"image\":{\"@id\":\"https:\\\/\\\/www.btv.md\\\/ro\\\/cum-vor-circula-troleibuzele-din-balti-de-ziua-independentei\\\/#primaryimage\"},\"thumbnailUrl\":\"https:\\\/\\\/www.btv.md\\\/wp-content\\\/uploads\\\/2016\\\/08\\\/20140913021012.MPG_snapshot_00.01_2016.08.26_13.32.46.jpg\",\"datePublished\":\"2016-08-26T10:33:37+00:00\",\"dateModified\":\"2016-08-26T10:34:06+00:00\",\"author\":{\"@id\":\"https:\\\/\\\/www.btv.md\\\/#\\\/schema\\\/person\\\/8fadce81561b3ce2c34c46dadc4ccbf2\"},\"inLanguage\":\"ro-RO\",\"potentialAction\":[{\"@type\":\"ReadAction\",\"target\":[\"https:\\\/\\\/www.btv.md\\\/ro\\\/cum-vor-circula-troleibuzele-din-balti-de-ziua-independentei\\\/\"]}]},{\"@type\":\"ImageObject\",\"inLanguage\":\"ro-RO\",\"@id\":\"https:\\\/\\\/www.btv.md\\\/ro\\\/cum-vor-circula-troleibuzele-din-balti-de-ziua-independentei\\\/#primaryimage\",\"url\":\"https:\\\/\\\/www.btv.md\\\/wp-content\\\/uploads\\\/2016\\\/08\\\/20140913021012.MPG_snapshot_00.01_2016.08.26_13.32.46.jpg\",\"contentUrl\":\"https:\\\/\\\/www.btv.md\\\/wp-content\\\/uploads\\\/2016\\\/08\\\/20140913021012.MPG_snapshot_00.01_2016.08.26_13.32.46.jpg\",\"width\":720,\"height\":576},{\"@type\":\"WebSite\",\"@id\":\"https:\\\/\\\/www.btv.md\\\/#website\",\"url\":\"https:\\\/\\\/www.btv.md\\\/\",\"name\":\"BTV\",\"description\":\"\u0411\u0435\u043b\u044c\u0446\u043a\u043e\u0435 \u0442\u0435\u043b\u0435\u0432\u0438\u0434\u0435\u043d\u0438\u0435\",\"potentialAction\":[{\"@type\":\"SearchAction\",\"target\":{\"@type\":\"EntryPoint\",\"urlTemplate\":\"https:\\\/\\\/www.btv.md\\\/?s={search_term_string}\"},\"query-input\":{\"@type\":\"PropertyValueSpecification\",\"valueRequired\":true,\"valueName\":\"search_term_string\"}}],\"inLanguage\":\"ro-RO\"},{\"@type\":\"Person\",\"@id\":\"https:\\\/\\\/www.btv.md\\\/#\\\/schema\\\/person\\\/8fadce81561b3ce2c34c46dadc4ccbf2\",\"name\":\"admin\"}]}<\/script>\n<!-- \/ Yoast SEO plugin. -->","yoast_head_json":{"title":"CUM VOR CIRCULA TROLEIBUZELE DIN B\u0102L\u021aI DE ZIUA INDEPENDEN\u021aEI - BTV","robots":{"index":"index","follow":"follow","max-snippet":"max-snippet:-1","max-image-preview":"max-image-preview:large","max-video-preview":"max-video-preview:-1"},"canonical":"https:\/\/www.btv.md\/ro\/cum-vor-circula-troleibuzele-din-balti-de-ziua-independentei\/","og_locale":"ro_RO","og_type":"article","og_title":"CUM VOR CIRCULA TROLEIBUZELE DIN B\u0102L\u021aI DE ZIUA INDEPENDEN\u021aEI - BTV","og_description":"\u00cen seara zilei de 27 august troleibuzele din B\u0103l\u021bi\u00a0 vor circula conform unui program special. Anun\u021bul a fost f\u0103cut de c\u0103tre inginerul \u0219ef al Direc\u021biei de Troleibuze B\u0103l\u021bi, Victor Caliujn\u00eei. Schimb\u0103rile vin \u00een condi\u021biile \u00een care, de ziua independen\u021bei mii de b\u0103l\u021beni sunt a\u0219tepta\u021bi \u00een pia\u021ba municipal\u0103 Vasile Alecsandri p\u00e2n\u0103 seara t\u00e2rziu. Astfel, transportul public [&hellip;]","og_url":"https:\/\/www.btv.md\/ro\/cum-vor-circula-troleibuzele-din-balti-de-ziua-independentei\/","og_site_name":"BTV","article_publisher":"https:\/\/www.facebook.com\/btvmoldova\/","article_published_time":"2016-08-26T10:33:37+00:00","article_modified_time":"2016-08-26T10:34:06+00:00","og_image":[{"width":720,"height":576,"url":"https:\/\/www.btv.md\/wp-content\/uploads\/2016\/08\/20140913021012.MPG_snapshot_00.01_2016.08.26_13.32.46.jpg","type":"image\/jpeg"}],"author":"admin","twitter_misc":{"Scris de":"admin","Timp estimat pentru citire":"1 minut"},"schema":{"@context":"https:\/\/schema.org","@graph":[{"@type":"Article","@id":"https:\/\/www.btv.md\/ro\/cum-vor-circula-troleibuzele-din-balti-de-ziua-independentei\/#article","isPartOf":{"@id":"https:\/\/www.btv.md\/ro\/cum-vor-circula-troleibuzele-din-balti-de-ziua-independentei\/"},"author":{"name":"admin","@id":"https:\/\/www.btv.md\/#\/schema\/person\/8fadce81561b3ce2c34c46dadc4ccbf2"},"headline":"CUM VOR CIRCULA TROLEIBUZELE DIN B\u0102L\u021aI DE ZIUA INDEPENDEN\u021aEI","datePublished":"2016-08-26T10:33:37+00:00","dateModified":"2016-08-26T10:34:06+00:00","mainEntityOfPage":{"@id":"https:\/\/www.btv.md\/ro\/cum-vor-circula-troleibuzele-din-balti-de-ziua-independentei\/"},"wordCount":123,"image":{"@id":"https:\/\/www.btv.md\/ro\/cum-vor-circula-troleibuzele-din-balti-de-ziua-independentei\/#primaryimage"},"thumbnailUrl":"https:\/\/www.btv.md\/wp-content\/uploads\/2016\/08\/20140913021012.MPG_snapshot_00.01_2016.08.26_13.32.46.jpg","articleSection":["Ora\u0219"],"inLanguage":"ro-RO"},{"@type":"WebPage","@id":"https:\/\/www.btv.md\/ro\/cum-vor-circula-troleibuzele-din-balti-de-ziua-independentei\/","url":"https:\/\/www.btv.md\/ro\/cum-vor-circula-troleibuzele-din-balti-de-ziua-independentei\/","name":"CUM VOR CIRCULA TROLEIBUZELE DIN B\u0102L\u021aI DE ZIUA INDEPENDEN\u021aEI - BTV","isPartOf":{"@id":"https:\/\/www.btv.md\/#website"},"primaryImageOfPage":{"@id":"https:\/\/www.btv.md\/ro\/cum-vor-circula-troleibuzele-din-balti-de-ziua-independentei\/#primaryimage"},"image":{"@id":"https:\/\/www.btv.md\/ro\/cum-vor-circula-troleibuzele-din-balti-de-ziua-independentei\/#primaryimage"},"thumbnailUrl":"https:\/\/www.btv.md\/wp-content\/uploads\/2016\/08\/20140913021012.MPG_snapshot_00.01_2016.08.26_13.32.46.jpg","datePublished":"2016-08-26T10:33:37+00:00","dateModified":"2016-08-26T10:34:06+00:00","author":{"@id":"https:\/\/www.btv.md\/#\/schema\/person\/8fadce81561b3ce2c34c46dadc4ccbf2"},"inLanguage":"ro-RO","potentialAction":[{"@type":"ReadAction","target":["https:\/\/www.btv.md\/ro\/cum-vor-circula-troleibuzele-din-balti-de-ziua-independentei\/"]}]},{"@type":"ImageObject","inLanguage":"ro-RO","@id":"https:\/\/www.btv.md\/ro\/cum-vor-circula-troleibuzele-din-balti-de-ziua-independentei\/#primaryimage","url":"https:\/\/www.btv.md\/wp-content\/uploads\/2016\/08\/20140913021012.MPG_snapshot_00.01_2016.08.26_13.32.46.jpg","contentUrl":"https:\/\/www.btv.md\/wp-content\/uploads\/2016\/08\/20140913021012.MPG_snapshot_00.01_2016.08.26_13.32.46.jpg","width":720,"height":576},{"@type":"WebSite","@id":"https:\/\/www.btv.md\/#website","url":"https:\/\/www.btv.md\/","name":"BTV","description":"\u0411\u0435\u043b\u044c\u0446\u043a\u043e\u0435 \u0442\u0435\u043b\u0435\u0432\u0438\u0434\u0435\u043d\u0438\u0435","potentialAction":[{"@type":"SearchAction","target":{"@type":"EntryPoint","urlTemplate":"https:\/\/www.btv.md\/?s={search_term_string}"},"query-input":{"@type":"PropertyValueSpecification","valueRequired":true,"valueName":"search_term_string"}}],"inLanguage":"ro-RO"},{"@type":"Person","@id":"https:\/\/www.btv.md\/#\/schema\/person\/8fadce81561b3ce2c34c46dadc4ccbf2","name":"admin"}]}},"_links":{"self":[{"href":"https:\/\/www.btv.md\/ro\/wp-json\/wp\/v2\/posts\/16586","targetHints":{"allow":["GET"]}}],"collection":[{"href":"https:\/\/www.btv.md\/ro\/wp-json\/wp\/v2\/posts"}],"about":[{"href":"https:\/\/www.btv.md\/ro\/wp-json\/wp\/v2\/types\/post"}],"author":[{"embeddable":true,"href":"https:\/\/www.btv.md\/ro\/wp-json\/wp\/v2\/users\/4"}],"replies":[{"embeddable":true,"href":"https:\/\/www.btv.md\/ro\/wp-json\/wp\/v2\/comments?post=16586"}],"version-history":[{"count":0,"href":"https:\/\/www.btv.md\/ro\/wp-json\/wp\/v2\/posts\/16586\/revisions"}],"wp:featuredmedia":[{"embeddable":true,"href":"https:\/\/www.btv.md\/ro\/wp-json\/wp\/v2\/media\/16587"}],"wp:attachment":[{"href":"https:\/\/www.btv.md\/ro\/wp-json\/wp\/v2\/media?parent=16586"}],"wp:term":[{"taxonomy":"category","embeddable":true,"href":"https:\/\/www.btv.md\/ro\/wp-json\/wp\/v2\/categories?post=16586"},{"taxonomy":"post_tag","embeddable":true,"href":"https:\/\/www.btv.md\/ro\/wp-json\/wp\/v2\/tags?post=16586"}],"curies":[{"name":"wp","href":"https:\/\/api.w.org\/{rel}","templated":true}]}}