{"id":16680,"date":"2016-08-29T17:49:38","date_gmt":"2016-08-29T14:49:38","guid":{"rendered":"http:\/\/btv.md\/?p=16680"},"modified":"2016-08-29T17:49:47","modified_gmt":"2016-08-29T14:49:47","slug":"s-au-nascut-de-ziua-independentei-la-balti","status":"publish","type":"post","link":"https:\/\/www.btv.md\/ro\/s-au-nascut-de-ziua-independentei-la-balti\/","title":{"rendered":"S-AU  N\u0102SCUT  DE  ZIUA  INDEPENDEN\u021aEI  LA  B\u0102L\u021aI"},"content":{"rendered":"<p>Mai mul\u021bi copii din nordul \u021b\u0103rii s-au gr\u0103bit s\u0103 vin\u0103 pe lume pe 27 august, \u00eentr-o zi semnificativ\u0103 pentru \u021bar\u0103. Astfel, la maternitatea din B\u0103l\u021bi au v\u0103zut lumina zilei 12 nou-n\u0103scu\u021bi, dintre care 7 sunt locuitori ai municipiului. M\u0103micile care au adus pe lume cei 12 bebelu\u0219i au f\u0103cut egalitate 6 feti\u021be \u0219i 6 b\u0103ie\u021bei.<\/p>\n<p><iframe width=\"1170\" height=\"878\" data-src=\"https:\/\/www.youtube.com\/embed\/ZWW4f8feYkg?wmode=transparent&amp;rel=0&amp;feature=oembed\" frameborder=\"0\" allow=\"accelerometer; autoplay; encrypted-media; gyroscope; picture-in-picture\" allowfullscreen src=\"data:image\/svg+xml;base64,PHN2ZyB3aWR0aD0iMSIgaGVpZ2h0PSIxIiB4bWxucz0iaHR0cDovL3d3dy53My5vcmcvMjAwMC9zdmciPjwvc3ZnPg==\" class=\"lazyload\" data-load-mode=\"1\"><\/iframe><\/p>\n<p>Potrivit medicului \u0219ef al s\u0103lii de na\u0219tere, Victor Clapaniuc at\u00e2t nou-n\u0103scu\u0163ii, c\u00e2t \u015fi mamele acestora se simt bine.<\/p>\n<p>Marcela Riaboi a adus pe lume o feti\u021b\u0103 perfect s\u0103n\u0103toas\u0103 chiar \u00een diminea\u021ba zilei de 27 august. T\u00e2n\u0103ra m\u0103mic\u0103 crede c\u0103 datorit\u0103 acestui fapt, copila ei va cre\u0219te mai puternic\u0103.<\/p>\n<p>Unii p\u0103rin\u021bi au \u0219tiut din timp despre ziua apari\u021biei copilului, pentru c\u0103 a\u0219a au fost prognozele medicilor, care nu au dat gre\u0219. Al\u021bii \u00eens\u0103, nu au dat importan\u021b\u0103 semnifica\u021biei zilei de na\u0219tere.<\/p>\n<p>\u00cen primele 7 luni ale anului curent, la Centrul Perinatologic din B\u0103l\u021bi au venit pe lume 2169 de copii, dintre care 981 sunt locuitori ai municipiului B\u0103l\u021bi.<\/p>\n","protected":false},"excerpt":{"rendered":"<p>Mai mul\u021bi copii din nordul \u021b\u0103rii s-au gr\u0103bit s\u0103 vin\u0103 pe lume pe 27 august, \u00eentr-o zi semnificativ\u0103 pentru \u021bar\u0103. Astfel, la maternitatea din B\u0103l\u021bi au v\u0103zut lumina zilei 12 nou-n\u0103scu\u021bi, dintre care 7 sunt locuitori ai municipiului. M\u0103micile care au adus pe lume cei 12 bebelu\u0219i au f\u0103cut egalitate 6 feti\u021be \u0219i 6 b\u0103ie\u021bei. [&hellip;]<\/p>\n","protected":false},"author":4,"featured_media":16681,"comment_status":"closed","ping_status":"closed","sticky":false,"template":"","format":"standard","meta":{"footnotes":""},"categories":[6353],"tags":[],"class_list":["post-16680","post","type-post","status-publish","format-standard","has-post-thumbnail","hentry","category-oras"],"yoast_head":"<!-- This site is optimized with the Yoast SEO plugin v27.4 - https:\/\/yoast.com\/product\/yoast-seo-wordpress\/ -->\n<title>S-AU N\u0102SCUT DE ZIUA INDEPENDEN\u021aEI LA B\u0102L\u021aI - BTV<\/title>\n<meta name=\"robots\" content=\"index, follow, max-snippet:-1, max-image-preview:large, max-video-preview:-1\" \/>\n<link rel=\"canonical\" href=\"https:\/\/www.btv.md\/ro\/s-au-nascut-de-ziua-independentei-la-balti\/\" \/>\n<meta property=\"og:locale\" content=\"ro_RO\" \/>\n<meta property=\"og:type\" content=\"article\" \/>\n<meta property=\"og:title\" content=\"S-AU N\u0102SCUT DE ZIUA INDEPENDEN\u021aEI LA B\u0102L\u021aI - BTV\" \/>\n<meta property=\"og:description\" content=\"Mai mul\u021bi copii din nordul \u021b\u0103rii s-au gr\u0103bit s\u0103 vin\u0103 pe lume pe 27 august, \u00eentr-o zi semnificativ\u0103 pentru \u021bar\u0103. Astfel, la maternitatea din B\u0103l\u021bi au v\u0103zut lumina zilei 12 nou-n\u0103scu\u021bi, dintre care 7 sunt locuitori ai municipiului. M\u0103micile care au adus pe lume cei 12 bebelu\u0219i au f\u0103cut egalitate 6 feti\u021be \u0219i 6 b\u0103ie\u021bei. [&hellip;]\" \/>\n<meta property=\"og:url\" content=\"https:\/\/www.btv.md\/ro\/s-au-nascut-de-ziua-independentei-la-balti\/\" \/>\n<meta property=\"og:site_name\" content=\"BTV\" \/>\n<meta property=\"article:publisher\" content=\"https:\/\/www.facebook.com\/btvmoldova\/\" \/>\n<meta property=\"article:published_time\" content=\"2016-08-29T14:49:38+00:00\" \/>\n<meta property=\"article:modified_time\" content=\"2016-08-29T14:49:47+00:00\" \/>\n<meta property=\"og:image\" content=\"https:\/\/www.btv.md\/wp-content\/uploads\/2016\/08\/M2U04415.MPG_snapshot_00.01_2016.08.29_17.48.55.jpg\" \/>\n\t<meta property=\"og:image:width\" content=\"720\" \/>\n\t<meta property=\"og:image:height\" content=\"576\" \/>\n\t<meta property=\"og:image:type\" content=\"image\/jpeg\" \/>\n<meta name=\"author\" content=\"admin\" \/>\n<meta name=\"twitter:label1\" content=\"Scris de\" \/>\n\t<meta name=\"twitter:data1\" content=\"admin\" \/>\n\t<meta name=\"twitter:label2\" content=\"Timp estimat pentru citire\" \/>\n\t<meta name=\"twitter:data2\" content=\"1 minut\" \/>\n<script type=\"application\/ld+json\" class=\"yoast-schema-graph\">{\"@context\":\"https:\\\/\\\/schema.org\",\"@graph\":[{\"@type\":\"Article\",\"@id\":\"https:\\\/\\\/www.btv.md\\\/ro\\\/s-au-nascut-de-ziua-independentei-la-balti\\\/#article\",\"isPartOf\":{\"@id\":\"https:\\\/\\\/www.btv.md\\\/ro\\\/s-au-nascut-de-ziua-independentei-la-balti\\\/\"},\"author\":{\"name\":\"admin\",\"@id\":\"https:\\\/\\\/www.btv.md\\\/#\\\/schema\\\/person\\\/8fadce81561b3ce2c34c46dadc4ccbf2\"},\"headline\":\"S-AU N\u0102SCUT DE ZIUA INDEPENDEN\u021aEI LA B\u0102L\u021aI\",\"datePublished\":\"2016-08-29T14:49:38+00:00\",\"dateModified\":\"2016-08-29T14:49:47+00:00\",\"mainEntityOfPage\":{\"@id\":\"https:\\\/\\\/www.btv.md\\\/ro\\\/s-au-nascut-de-ziua-independentei-la-balti\\\/\"},\"wordCount\":206,\"image\":{\"@id\":\"https:\\\/\\\/www.btv.md\\\/ro\\\/s-au-nascut-de-ziua-independentei-la-balti\\\/#primaryimage\"},\"thumbnailUrl\":\"https:\\\/\\\/www.btv.md\\\/wp-content\\\/uploads\\\/2016\\\/08\\\/M2U04415.MPG_snapshot_00.01_2016.08.29_17.48.55.jpg\",\"articleSection\":[\"Ora\u0219\"],\"inLanguage\":\"ro-RO\"},{\"@type\":\"WebPage\",\"@id\":\"https:\\\/\\\/www.btv.md\\\/ro\\\/s-au-nascut-de-ziua-independentei-la-balti\\\/\",\"url\":\"https:\\\/\\\/www.btv.md\\\/ro\\\/s-au-nascut-de-ziua-independentei-la-balti\\\/\",\"name\":\"S-AU N\u0102SCUT DE ZIUA INDEPENDEN\u021aEI LA B\u0102L\u021aI - BTV\",\"isPartOf\":{\"@id\":\"https:\\\/\\\/www.btv.md\\\/#website\"},\"primaryImageOfPage\":{\"@id\":\"https:\\\/\\\/www.btv.md\\\/ro\\\/s-au-nascut-de-ziua-independentei-la-balti\\\/#primaryimage\"},\"image\":{\"@id\":\"https:\\\/\\\/www.btv.md\\\/ro\\\/s-au-nascut-de-ziua-independentei-la-balti\\\/#primaryimage\"},\"thumbnailUrl\":\"https:\\\/\\\/www.btv.md\\\/wp-content\\\/uploads\\\/2016\\\/08\\\/M2U04415.MPG_snapshot_00.01_2016.08.29_17.48.55.jpg\",\"datePublished\":\"2016-08-29T14:49:38+00:00\",\"dateModified\":\"2016-08-29T14:49:47+00:00\",\"author\":{\"@id\":\"https:\\\/\\\/www.btv.md\\\/#\\\/schema\\\/person\\\/8fadce81561b3ce2c34c46dadc4ccbf2\"},\"inLanguage\":\"ro-RO\",\"potentialAction\":[{\"@type\":\"ReadAction\",\"target\":[\"https:\\\/\\\/www.btv.md\\\/ro\\\/s-au-nascut-de-ziua-independentei-la-balti\\\/\"]}]},{\"@type\":\"ImageObject\",\"inLanguage\":\"ro-RO\",\"@id\":\"https:\\\/\\\/www.btv.md\\\/ro\\\/s-au-nascut-de-ziua-independentei-la-balti\\\/#primaryimage\",\"url\":\"https:\\\/\\\/www.btv.md\\\/wp-content\\\/uploads\\\/2016\\\/08\\\/M2U04415.MPG_snapshot_00.01_2016.08.29_17.48.55.jpg\",\"contentUrl\":\"https:\\\/\\\/www.btv.md\\\/wp-content\\\/uploads\\\/2016\\\/08\\\/M2U04415.MPG_snapshot_00.01_2016.08.29_17.48.55.jpg\",\"width\":720,\"height\":576},{\"@type\":\"WebSite\",\"@id\":\"https:\\\/\\\/www.btv.md\\\/#website\",\"url\":\"https:\\\/\\\/www.btv.md\\\/\",\"name\":\"BTV\",\"description\":\"\u0411\u0435\u043b\u044c\u0446\u043a\u043e\u0435 \u0442\u0435\u043b\u0435\u0432\u0438\u0434\u0435\u043d\u0438\u0435\",\"potentialAction\":[{\"@type\":\"SearchAction\",\"target\":{\"@type\":\"EntryPoint\",\"urlTemplate\":\"https:\\\/\\\/www.btv.md\\\/?s={search_term_string}\"},\"query-input\":{\"@type\":\"PropertyValueSpecification\",\"valueRequired\":true,\"valueName\":\"search_term_string\"}}],\"inLanguage\":\"ro-RO\"},{\"@type\":\"Person\",\"@id\":\"https:\\\/\\\/www.btv.md\\\/#\\\/schema\\\/person\\\/8fadce81561b3ce2c34c46dadc4ccbf2\",\"name\":\"admin\"}]}<\/script>\n<!-- \/ Yoast SEO plugin. -->","yoast_head_json":{"title":"S-AU N\u0102SCUT DE ZIUA INDEPENDEN\u021aEI LA B\u0102L\u021aI - BTV","robots":{"index":"index","follow":"follow","max-snippet":"max-snippet:-1","max-image-preview":"max-image-preview:large","max-video-preview":"max-video-preview:-1"},"canonical":"https:\/\/www.btv.md\/ro\/s-au-nascut-de-ziua-independentei-la-balti\/","og_locale":"ro_RO","og_type":"article","og_title":"S-AU N\u0102SCUT DE ZIUA INDEPENDEN\u021aEI LA B\u0102L\u021aI - BTV","og_description":"Mai mul\u021bi copii din nordul \u021b\u0103rii s-au gr\u0103bit s\u0103 vin\u0103 pe lume pe 27 august, \u00eentr-o zi semnificativ\u0103 pentru \u021bar\u0103. Astfel, la maternitatea din B\u0103l\u021bi au v\u0103zut lumina zilei 12 nou-n\u0103scu\u021bi, dintre care 7 sunt locuitori ai municipiului. M\u0103micile care au adus pe lume cei 12 bebelu\u0219i au f\u0103cut egalitate 6 feti\u021be \u0219i 6 b\u0103ie\u021bei. [&hellip;]","og_url":"https:\/\/www.btv.md\/ro\/s-au-nascut-de-ziua-independentei-la-balti\/","og_site_name":"BTV","article_publisher":"https:\/\/www.facebook.com\/btvmoldova\/","article_published_time":"2016-08-29T14:49:38+00:00","article_modified_time":"2016-08-29T14:49:47+00:00","og_image":[{"width":720,"height":576,"url":"https:\/\/www.btv.md\/wp-content\/uploads\/2016\/08\/M2U04415.MPG_snapshot_00.01_2016.08.29_17.48.55.jpg","type":"image\/jpeg"}],"author":"admin","twitter_misc":{"Scris de":"admin","Timp estimat pentru citire":"1 minut"},"schema":{"@context":"https:\/\/schema.org","@graph":[{"@type":"Article","@id":"https:\/\/www.btv.md\/ro\/s-au-nascut-de-ziua-independentei-la-balti\/#article","isPartOf":{"@id":"https:\/\/www.btv.md\/ro\/s-au-nascut-de-ziua-independentei-la-balti\/"},"author":{"name":"admin","@id":"https:\/\/www.btv.md\/#\/schema\/person\/8fadce81561b3ce2c34c46dadc4ccbf2"},"headline":"S-AU N\u0102SCUT DE ZIUA INDEPENDEN\u021aEI LA B\u0102L\u021aI","datePublished":"2016-08-29T14:49:38+00:00","dateModified":"2016-08-29T14:49:47+00:00","mainEntityOfPage":{"@id":"https:\/\/www.btv.md\/ro\/s-au-nascut-de-ziua-independentei-la-balti\/"},"wordCount":206,"image":{"@id":"https:\/\/www.btv.md\/ro\/s-au-nascut-de-ziua-independentei-la-balti\/#primaryimage"},"thumbnailUrl":"https:\/\/www.btv.md\/wp-content\/uploads\/2016\/08\/M2U04415.MPG_snapshot_00.01_2016.08.29_17.48.55.jpg","articleSection":["Ora\u0219"],"inLanguage":"ro-RO"},{"@type":"WebPage","@id":"https:\/\/www.btv.md\/ro\/s-au-nascut-de-ziua-independentei-la-balti\/","url":"https:\/\/www.btv.md\/ro\/s-au-nascut-de-ziua-independentei-la-balti\/","name":"S-AU N\u0102SCUT DE ZIUA INDEPENDEN\u021aEI LA B\u0102L\u021aI - BTV","isPartOf":{"@id":"https:\/\/www.btv.md\/#website"},"primaryImageOfPage":{"@id":"https:\/\/www.btv.md\/ro\/s-au-nascut-de-ziua-independentei-la-balti\/#primaryimage"},"image":{"@id":"https:\/\/www.btv.md\/ro\/s-au-nascut-de-ziua-independentei-la-balti\/#primaryimage"},"thumbnailUrl":"https:\/\/www.btv.md\/wp-content\/uploads\/2016\/08\/M2U04415.MPG_snapshot_00.01_2016.08.29_17.48.55.jpg","datePublished":"2016-08-29T14:49:38+00:00","dateModified":"2016-08-29T14:49:47+00:00","author":{"@id":"https:\/\/www.btv.md\/#\/schema\/person\/8fadce81561b3ce2c34c46dadc4ccbf2"},"inLanguage":"ro-RO","potentialAction":[{"@type":"ReadAction","target":["https:\/\/www.btv.md\/ro\/s-au-nascut-de-ziua-independentei-la-balti\/"]}]},{"@type":"ImageObject","inLanguage":"ro-RO","@id":"https:\/\/www.btv.md\/ro\/s-au-nascut-de-ziua-independentei-la-balti\/#primaryimage","url":"https:\/\/www.btv.md\/wp-content\/uploads\/2016\/08\/M2U04415.MPG_snapshot_00.01_2016.08.29_17.48.55.jpg","contentUrl":"https:\/\/www.btv.md\/wp-content\/uploads\/2016\/08\/M2U04415.MPG_snapshot_00.01_2016.08.29_17.48.55.jpg","width":720,"height":576},{"@type":"WebSite","@id":"https:\/\/www.btv.md\/#website","url":"https:\/\/www.btv.md\/","name":"BTV","description":"\u0411\u0435\u043b\u044c\u0446\u043a\u043e\u0435 \u0442\u0435\u043b\u0435\u0432\u0438\u0434\u0435\u043d\u0438\u0435","potentialAction":[{"@type":"SearchAction","target":{"@type":"EntryPoint","urlTemplate":"https:\/\/www.btv.md\/?s={search_term_string}"},"query-input":{"@type":"PropertyValueSpecification","valueRequired":true,"valueName":"search_term_string"}}],"inLanguage":"ro-RO"},{"@type":"Person","@id":"https:\/\/www.btv.md\/#\/schema\/person\/8fadce81561b3ce2c34c46dadc4ccbf2","name":"admin"}]}},"_links":{"self":[{"href":"https:\/\/www.btv.md\/ro\/wp-json\/wp\/v2\/posts\/16680","targetHints":{"allow":["GET"]}}],"collection":[{"href":"https:\/\/www.btv.md\/ro\/wp-json\/wp\/v2\/posts"}],"about":[{"href":"https:\/\/www.btv.md\/ro\/wp-json\/wp\/v2\/types\/post"}],"author":[{"embeddable":true,"href":"https:\/\/www.btv.md\/ro\/wp-json\/wp\/v2\/users\/4"}],"replies":[{"embeddable":true,"href":"https:\/\/www.btv.md\/ro\/wp-json\/wp\/v2\/comments?post=16680"}],"version-history":[{"count":0,"href":"https:\/\/www.btv.md\/ro\/wp-json\/wp\/v2\/posts\/16680\/revisions"}],"wp:featuredmedia":[{"embeddable":true,"href":"https:\/\/www.btv.md\/ro\/wp-json\/wp\/v2\/media\/16681"}],"wp:attachment":[{"href":"https:\/\/www.btv.md\/ro\/wp-json\/wp\/v2\/media?parent=16680"}],"wp:term":[{"taxonomy":"category","embeddable":true,"href":"https:\/\/www.btv.md\/ro\/wp-json\/wp\/v2\/categories?post=16680"},{"taxonomy":"post_tag","embeddable":true,"href":"https:\/\/www.btv.md\/ro\/wp-json\/wp\/v2\/tags?post=16680"}],"curies":[{"name":"wp","href":"https:\/\/api.w.org\/{rel}","templated":true}]}}