{"id":16702,"date":"2016-08-30T17:35:34","date_gmt":"2016-08-30T14:35:34","guid":{"rendered":"http:\/\/btv.md\/?p=16702"},"modified":"2016-08-30T17:35:42","modified_gmt":"2016-08-30T14:35:42","slug":"baltenii-ar-putea-scapa-de-vulpi","status":"publish","type":"post","link":"https:\/\/www.btv.md\/ro\/baltenii-ar-putea-scapa-de-vulpi\/","title":{"rendered":"B\u0102L\u021aENII  AR  PUTEA  SC\u0102PA  DE  VULPI"},"content":{"rendered":"<p>Sezonul de v\u00e2n\u0103toare a vulpilor a \u00eenceput. La B\u0103l\u021bi \u00eens\u0103, v\u00e2n\u0103toarea ro\u0219catelor este interzis\u0103 <strong>pe un perimetru de doi kilometri de la municipiu<\/strong>, la fel ca \u0219i \u00een cazul municipiului Chi\u0219in\u0103u. Pe \u021bar\u0103, v\u00e2n\u0103toarea de vulpi are loc concomitant cu cea de prepeli\u021be \u0219i <strong>este permis\u0103 oriunde, cu excep\u021bia<\/strong> rezerva\u0163iilor naturale, \u00een localit\u0103\u0163i \u015fi la distan\u0163e de p\u00e2n\u0103 la 500 de metri de la acestea<strong>. <\/strong><\/p>\n<p><iframe width=\"1170\" height=\"878\" data-src=\"https:\/\/www.youtube.com\/embed\/K_EApqI1wZQ?wmode=transparent&amp;rel=0&amp;feature=oembed\" frameborder=\"0\" allow=\"accelerometer; autoplay; encrypted-media; gyroscope; picture-in-picture\" allowfullscreen src=\"data:image\/svg+xml;base64,PHN2ZyB3aWR0aD0iMSIgaGVpZ2h0PSIxIiB4bWxucz0iaHR0cDovL3d3dy53My5vcmcvMjAwMC9zdmciPjwvc3ZnPg==\" class=\"lazyload\" data-load-mode=\"1\"><\/iframe><\/p>\n<p><strong>\u00cen schimb, nu se impun limite la recoltare, \u00een condi\u021biile \u00een care<\/strong> popula\u0163ia de vulpi este de\u00a0 nou\u0103-zece animale la o mie de hectare, c\u00e2nd de fapt, densitatea optim\u0103 este de una-dou\u0103 vulpi.<\/p>\n<p>&nbsp;<\/p>\n<p><strong>Faptul c\u0103 nu au fost stabilite limite de recoltare pare a fi o veste bun\u0103 mai ales pentru unii locuitori din B\u0103l\u021bi. Un reportaj BTV, realizat la \u00eenceputul lunii august arat\u0103 c\u0103 mai multe gospod\u0103rii de pe strada Paladii din municipiu sunt vizitate cu regularitate de vulpi, care le fur\u0103 ur\u0103t\u0103niile din curte. <\/strong><\/p>\n","protected":false},"excerpt":{"rendered":"<p>Sezonul de v\u00e2n\u0103toare a vulpilor a \u00eenceput. La B\u0103l\u021bi \u00eens\u0103, v\u00e2n\u0103toarea ro\u0219catelor este interzis\u0103 pe un perimetru de doi kilometri de la municipiu, la fel ca \u0219i \u00een cazul municipiului Chi\u0219in\u0103u. Pe \u021bar\u0103, v\u00e2n\u0103toarea de vulpi are loc concomitant cu cea de prepeli\u021be \u0219i este permis\u0103 oriunde, cu excep\u021bia rezerva\u0163iilor naturale, \u00een localit\u0103\u0163i \u015fi la [&hellip;]<\/p>\n","protected":false},"author":4,"featured_media":16703,"comment_status":"closed","ping_status":"closed","sticky":false,"template":"","format":"standard","meta":{"footnotes":""},"categories":[6349],"tags":[],"class_list":["post-16702","post","type-post","status-publish","format-standard","has-post-thumbnail","hentry","category-social"],"yoast_head":"<!-- This site is optimized with the Yoast SEO plugin v27.4 - https:\/\/yoast.com\/product\/yoast-seo-wordpress\/ -->\n<title>B\u0102L\u021aENII AR PUTEA SC\u0102PA DE VULPI - BTV<\/title>\n<meta name=\"robots\" content=\"index, follow, max-snippet:-1, max-image-preview:large, max-video-preview:-1\" \/>\n<link rel=\"canonical\" href=\"https:\/\/www.btv.md\/ro\/baltenii-ar-putea-scapa-de-vulpi\/\" \/>\n<meta property=\"og:locale\" content=\"ro_RO\" \/>\n<meta property=\"og:type\" content=\"article\" \/>\n<meta property=\"og:title\" content=\"B\u0102L\u021aENII AR PUTEA SC\u0102PA DE VULPI - BTV\" \/>\n<meta property=\"og:description\" content=\"Sezonul de v\u00e2n\u0103toare a vulpilor a \u00eenceput. La B\u0103l\u021bi \u00eens\u0103, v\u00e2n\u0103toarea ro\u0219catelor este interzis\u0103 pe un perimetru de doi kilometri de la municipiu, la fel ca \u0219i \u00een cazul municipiului Chi\u0219in\u0103u. Pe \u021bar\u0103, v\u00e2n\u0103toarea de vulpi are loc concomitant cu cea de prepeli\u021be \u0219i este permis\u0103 oriunde, cu excep\u021bia rezerva\u0163iilor naturale, \u00een localit\u0103\u0163i \u015fi la [&hellip;]\" \/>\n<meta property=\"og:url\" content=\"https:\/\/www.btv.md\/ro\/baltenii-ar-putea-scapa-de-vulpi\/\" \/>\n<meta property=\"og:site_name\" content=\"BTV\" \/>\n<meta property=\"article:publisher\" content=\"https:\/\/www.facebook.com\/btvmoldova\/\" \/>\n<meta property=\"article:published_time\" content=\"2016-08-30T14:35:34+00:00\" \/>\n<meta property=\"article:modified_time\" content=\"2016-08-30T14:35:42+00:00\" \/>\n<meta property=\"og:image\" content=\"https:\/\/www.btv.md\/wp-content\/uploads\/2016\/08\/30.08-vinatoare_md.avi_snapshot_00.01_2016.08.30_17.34.43.jpg\" \/>\n\t<meta property=\"og:image:width\" content=\"720\" \/>\n\t<meta property=\"og:image:height\" content=\"576\" \/>\n\t<meta property=\"og:image:type\" content=\"image\/jpeg\" \/>\n<meta name=\"author\" content=\"admin\" \/>\n<meta name=\"twitter:label1\" content=\"Scris de\" \/>\n\t<meta name=\"twitter:data1\" content=\"admin\" \/>\n\t<meta name=\"twitter:label2\" content=\"Timp estimat pentru citire\" \/>\n\t<meta name=\"twitter:data2\" content=\"1 minut\" \/>\n<script type=\"application\/ld+json\" class=\"yoast-schema-graph\">{\"@context\":\"https:\\\/\\\/schema.org\",\"@graph\":[{\"@type\":\"Article\",\"@id\":\"https:\\\/\\\/www.btv.md\\\/ro\\\/baltenii-ar-putea-scapa-de-vulpi\\\/#article\",\"isPartOf\":{\"@id\":\"https:\\\/\\\/www.btv.md\\\/ro\\\/baltenii-ar-putea-scapa-de-vulpi\\\/\"},\"author\":{\"name\":\"admin\",\"@id\":\"https:\\\/\\\/www.btv.md\\\/#\\\/schema\\\/person\\\/8fadce81561b3ce2c34c46dadc4ccbf2\"},\"headline\":\"B\u0102L\u021aENII AR PUTEA SC\u0102PA DE VULPI\",\"datePublished\":\"2016-08-30T14:35:34+00:00\",\"dateModified\":\"2016-08-30T14:35:42+00:00\",\"mainEntityOfPage\":{\"@id\":\"https:\\\/\\\/www.btv.md\\\/ro\\\/baltenii-ar-putea-scapa-de-vulpi\\\/\"},\"wordCount\":192,\"image\":{\"@id\":\"https:\\\/\\\/www.btv.md\\\/ro\\\/baltenii-ar-putea-scapa-de-vulpi\\\/#primaryimage\"},\"thumbnailUrl\":\"https:\\\/\\\/www.btv.md\\\/wp-content\\\/uploads\\\/2016\\\/08\\\/30.08-vinatoare_md.avi_snapshot_00.01_2016.08.30_17.34.43.jpg\",\"articleSection\":[\"Social\"],\"inLanguage\":\"ro-RO\"},{\"@type\":\"WebPage\",\"@id\":\"https:\\\/\\\/www.btv.md\\\/ro\\\/baltenii-ar-putea-scapa-de-vulpi\\\/\",\"url\":\"https:\\\/\\\/www.btv.md\\\/ro\\\/baltenii-ar-putea-scapa-de-vulpi\\\/\",\"name\":\"B\u0102L\u021aENII AR PUTEA SC\u0102PA DE VULPI - BTV\",\"isPartOf\":{\"@id\":\"https:\\\/\\\/www.btv.md\\\/#website\"},\"primaryImageOfPage\":{\"@id\":\"https:\\\/\\\/www.btv.md\\\/ro\\\/baltenii-ar-putea-scapa-de-vulpi\\\/#primaryimage\"},\"image\":{\"@id\":\"https:\\\/\\\/www.btv.md\\\/ro\\\/baltenii-ar-putea-scapa-de-vulpi\\\/#primaryimage\"},\"thumbnailUrl\":\"https:\\\/\\\/www.btv.md\\\/wp-content\\\/uploads\\\/2016\\\/08\\\/30.08-vinatoare_md.avi_snapshot_00.01_2016.08.30_17.34.43.jpg\",\"datePublished\":\"2016-08-30T14:35:34+00:00\",\"dateModified\":\"2016-08-30T14:35:42+00:00\",\"author\":{\"@id\":\"https:\\\/\\\/www.btv.md\\\/#\\\/schema\\\/person\\\/8fadce81561b3ce2c34c46dadc4ccbf2\"},\"inLanguage\":\"ro-RO\",\"potentialAction\":[{\"@type\":\"ReadAction\",\"target\":[\"https:\\\/\\\/www.btv.md\\\/ro\\\/baltenii-ar-putea-scapa-de-vulpi\\\/\"]}]},{\"@type\":\"ImageObject\",\"inLanguage\":\"ro-RO\",\"@id\":\"https:\\\/\\\/www.btv.md\\\/ro\\\/baltenii-ar-putea-scapa-de-vulpi\\\/#primaryimage\",\"url\":\"https:\\\/\\\/www.btv.md\\\/wp-content\\\/uploads\\\/2016\\\/08\\\/30.08-vinatoare_md.avi_snapshot_00.01_2016.08.30_17.34.43.jpg\",\"contentUrl\":\"https:\\\/\\\/www.btv.md\\\/wp-content\\\/uploads\\\/2016\\\/08\\\/30.08-vinatoare_md.avi_snapshot_00.01_2016.08.30_17.34.43.jpg\",\"width\":720,\"height\":576},{\"@type\":\"WebSite\",\"@id\":\"https:\\\/\\\/www.btv.md\\\/#website\",\"url\":\"https:\\\/\\\/www.btv.md\\\/\",\"name\":\"BTV\",\"description\":\"\u0411\u0435\u043b\u044c\u0446\u043a\u043e\u0435 \u0442\u0435\u043b\u0435\u0432\u0438\u0434\u0435\u043d\u0438\u0435\",\"potentialAction\":[{\"@type\":\"SearchAction\",\"target\":{\"@type\":\"EntryPoint\",\"urlTemplate\":\"https:\\\/\\\/www.btv.md\\\/?s={search_term_string}\"},\"query-input\":{\"@type\":\"PropertyValueSpecification\",\"valueRequired\":true,\"valueName\":\"search_term_string\"}}],\"inLanguage\":\"ro-RO\"},{\"@type\":\"Person\",\"@id\":\"https:\\\/\\\/www.btv.md\\\/#\\\/schema\\\/person\\\/8fadce81561b3ce2c34c46dadc4ccbf2\",\"name\":\"admin\"}]}<\/script>\n<!-- \/ Yoast SEO plugin. -->","yoast_head_json":{"title":"B\u0102L\u021aENII AR PUTEA SC\u0102PA DE VULPI - BTV","robots":{"index":"index","follow":"follow","max-snippet":"max-snippet:-1","max-image-preview":"max-image-preview:large","max-video-preview":"max-video-preview:-1"},"canonical":"https:\/\/www.btv.md\/ro\/baltenii-ar-putea-scapa-de-vulpi\/","og_locale":"ro_RO","og_type":"article","og_title":"B\u0102L\u021aENII AR PUTEA SC\u0102PA DE VULPI - BTV","og_description":"Sezonul de v\u00e2n\u0103toare a vulpilor a \u00eenceput. La B\u0103l\u021bi \u00eens\u0103, v\u00e2n\u0103toarea ro\u0219catelor este interzis\u0103 pe un perimetru de doi kilometri de la municipiu, la fel ca \u0219i \u00een cazul municipiului Chi\u0219in\u0103u. Pe \u021bar\u0103, v\u00e2n\u0103toarea de vulpi are loc concomitant cu cea de prepeli\u021be \u0219i este permis\u0103 oriunde, cu excep\u021bia rezerva\u0163iilor naturale, \u00een localit\u0103\u0163i \u015fi la [&hellip;]","og_url":"https:\/\/www.btv.md\/ro\/baltenii-ar-putea-scapa-de-vulpi\/","og_site_name":"BTV","article_publisher":"https:\/\/www.facebook.com\/btvmoldova\/","article_published_time":"2016-08-30T14:35:34+00:00","article_modified_time":"2016-08-30T14:35:42+00:00","og_image":[{"width":720,"height":576,"url":"https:\/\/www.btv.md\/wp-content\/uploads\/2016\/08\/30.08-vinatoare_md.avi_snapshot_00.01_2016.08.30_17.34.43.jpg","type":"image\/jpeg"}],"author":"admin","twitter_misc":{"Scris de":"admin","Timp estimat pentru citire":"1 minut"},"schema":{"@context":"https:\/\/schema.org","@graph":[{"@type":"Article","@id":"https:\/\/www.btv.md\/ro\/baltenii-ar-putea-scapa-de-vulpi\/#article","isPartOf":{"@id":"https:\/\/www.btv.md\/ro\/baltenii-ar-putea-scapa-de-vulpi\/"},"author":{"name":"admin","@id":"https:\/\/www.btv.md\/#\/schema\/person\/8fadce81561b3ce2c34c46dadc4ccbf2"},"headline":"B\u0102L\u021aENII AR PUTEA SC\u0102PA DE VULPI","datePublished":"2016-08-30T14:35:34+00:00","dateModified":"2016-08-30T14:35:42+00:00","mainEntityOfPage":{"@id":"https:\/\/www.btv.md\/ro\/baltenii-ar-putea-scapa-de-vulpi\/"},"wordCount":192,"image":{"@id":"https:\/\/www.btv.md\/ro\/baltenii-ar-putea-scapa-de-vulpi\/#primaryimage"},"thumbnailUrl":"https:\/\/www.btv.md\/wp-content\/uploads\/2016\/08\/30.08-vinatoare_md.avi_snapshot_00.01_2016.08.30_17.34.43.jpg","articleSection":["Social"],"inLanguage":"ro-RO"},{"@type":"WebPage","@id":"https:\/\/www.btv.md\/ro\/baltenii-ar-putea-scapa-de-vulpi\/","url":"https:\/\/www.btv.md\/ro\/baltenii-ar-putea-scapa-de-vulpi\/","name":"B\u0102L\u021aENII AR PUTEA SC\u0102PA DE VULPI - BTV","isPartOf":{"@id":"https:\/\/www.btv.md\/#website"},"primaryImageOfPage":{"@id":"https:\/\/www.btv.md\/ro\/baltenii-ar-putea-scapa-de-vulpi\/#primaryimage"},"image":{"@id":"https:\/\/www.btv.md\/ro\/baltenii-ar-putea-scapa-de-vulpi\/#primaryimage"},"thumbnailUrl":"https:\/\/www.btv.md\/wp-content\/uploads\/2016\/08\/30.08-vinatoare_md.avi_snapshot_00.01_2016.08.30_17.34.43.jpg","datePublished":"2016-08-30T14:35:34+00:00","dateModified":"2016-08-30T14:35:42+00:00","author":{"@id":"https:\/\/www.btv.md\/#\/schema\/person\/8fadce81561b3ce2c34c46dadc4ccbf2"},"inLanguage":"ro-RO","potentialAction":[{"@type":"ReadAction","target":["https:\/\/www.btv.md\/ro\/baltenii-ar-putea-scapa-de-vulpi\/"]}]},{"@type":"ImageObject","inLanguage":"ro-RO","@id":"https:\/\/www.btv.md\/ro\/baltenii-ar-putea-scapa-de-vulpi\/#primaryimage","url":"https:\/\/www.btv.md\/wp-content\/uploads\/2016\/08\/30.08-vinatoare_md.avi_snapshot_00.01_2016.08.30_17.34.43.jpg","contentUrl":"https:\/\/www.btv.md\/wp-content\/uploads\/2016\/08\/30.08-vinatoare_md.avi_snapshot_00.01_2016.08.30_17.34.43.jpg","width":720,"height":576},{"@type":"WebSite","@id":"https:\/\/www.btv.md\/#website","url":"https:\/\/www.btv.md\/","name":"BTV","description":"\u0411\u0435\u043b\u044c\u0446\u043a\u043e\u0435 \u0442\u0435\u043b\u0435\u0432\u0438\u0434\u0435\u043d\u0438\u0435","potentialAction":[{"@type":"SearchAction","target":{"@type":"EntryPoint","urlTemplate":"https:\/\/www.btv.md\/?s={search_term_string}"},"query-input":{"@type":"PropertyValueSpecification","valueRequired":true,"valueName":"search_term_string"}}],"inLanguage":"ro-RO"},{"@type":"Person","@id":"https:\/\/www.btv.md\/#\/schema\/person\/8fadce81561b3ce2c34c46dadc4ccbf2","name":"admin"}]}},"_links":{"self":[{"href":"https:\/\/www.btv.md\/ro\/wp-json\/wp\/v2\/posts\/16702","targetHints":{"allow":["GET"]}}],"collection":[{"href":"https:\/\/www.btv.md\/ro\/wp-json\/wp\/v2\/posts"}],"about":[{"href":"https:\/\/www.btv.md\/ro\/wp-json\/wp\/v2\/types\/post"}],"author":[{"embeddable":true,"href":"https:\/\/www.btv.md\/ro\/wp-json\/wp\/v2\/users\/4"}],"replies":[{"embeddable":true,"href":"https:\/\/www.btv.md\/ro\/wp-json\/wp\/v2\/comments?post=16702"}],"version-history":[{"count":0,"href":"https:\/\/www.btv.md\/ro\/wp-json\/wp\/v2\/posts\/16702\/revisions"}],"wp:featuredmedia":[{"embeddable":true,"href":"https:\/\/www.btv.md\/ro\/wp-json\/wp\/v2\/media\/16703"}],"wp:attachment":[{"href":"https:\/\/www.btv.md\/ro\/wp-json\/wp\/v2\/media?parent=16702"}],"wp:term":[{"taxonomy":"category","embeddable":true,"href":"https:\/\/www.btv.md\/ro\/wp-json\/wp\/v2\/categories?post=16702"},{"taxonomy":"post_tag","embeddable":true,"href":"https:\/\/www.btv.md\/ro\/wp-json\/wp\/v2\/tags?post=16702"}],"curies":[{"name":"wp","href":"https:\/\/api.w.org\/{rel}","templated":true}]}}