{"id":16891,"date":"2016-09-07T17:53:31","date_gmt":"2016-09-07T14:53:31","guid":{"rendered":"http:\/\/btv.md\/?p=16891"},"modified":"2016-09-07T17:53:39","modified_gmt":"2016-09-07T14:53:39","slug":"un-magazin-din-balti-a-fost-jefuit-de-trei-indivizi","status":"publish","type":"post","link":"https:\/\/www.btv.md\/ro\/un-magazin-din-balti-a-fost-jefuit-de-trei-indivizi\/","title":{"rendered":"Un magazin din B\u0103l\u021bi a fost jefuit de trei indivizi"},"content":{"rendered":"<p>S-au preg\u0103tit din timp de atac \u0219i au ac\u021bionat \u00een doar c\u00e2teva minute. Este vorba despre trei tineri din B\u0103l\u021bi, care \u00een seara zilei de 5 septembrie au jefuit un magazin din municipiu.<\/p>\n<p><iframe width=\"1170\" height=\"878\" data-src=\"https:\/\/www.youtube.com\/embed\/tQmrCTMHmh0?wmode=transparent&amp;rel=0&amp;feature=oembed\" frameborder=\"0\" allow=\"accelerometer; autoplay; encrypted-media; gyroscope; picture-in-picture\" allowfullscreen src=\"data:image\/svg+xml;base64,PHN2ZyB3aWR0aD0iMSIgaGVpZ2h0PSIxIiB4bWxucz0iaHR0cDovL3d3dy53My5vcmcvMjAwMC9zdmciPjwvc3ZnPg==\" class=\"lazyload\" data-load-mode=\"1\"><\/iframe><\/p>\n<p>Potrivit specialistului principal al Sec\u021biei management opera\u021bional a IP B\u0103l\u021bi, Elena Pavliuc, b\u0103nui\u021bii purtau cagule \u0219i ocelari \u00een speran\u021ba c\u0103 nu vor fi recunoscu\u021bi.<\/p>\n<p>\u201e\u00cen incinat magazinului din cadrul SA \u201eBeermaster\u201d au intrat trei indivizi. Ace\u0219tia au sustras aten\u021bia v\u00e2nz\u0103toarei prin faptul c\u0103 au luat din frigider o sticl\u0103 \u0219i au sparto. Atunci c\u00e2nd v\u00e2nz\u0103toarea a ie\u0219it s\u0103 vad\u0103 care este cauza unul dintre ei a \u021binut-o de m\u00e2n\u0103 for\u021bat, iar altul a luat din cas\u0103 peste 3800 de lei.\u201d<\/p>\n<p>La curt timp angaja\u021bii sec\u021biei poli\u021biei criminale au stabilit f\u0103pta\u0219ii, care au fost re\u021binu\u021bi pentru 72 de ore. Dac\u0103 vor fi g\u0103si\u021bi vinova\u021bi indivizii risc\u0103 amend\u0103 \u00een m\u0103rime de la 500 la 1000 unit\u0103\u0163i conven\u0163ionale sau \u00eenchisoare de la 5 la 7 ani.<\/p>\n","protected":false},"excerpt":{"rendered":"<p>S-au preg\u0103tit din timp de atac \u0219i au ac\u021bionat \u00een doar c\u00e2teva minute. Este vorba despre trei tineri din B\u0103l\u021bi, care \u00een seara zilei de 5 septembrie au jefuit un magazin din municipiu. Potrivit specialistului principal al Sec\u021biei management opera\u021bional a IP B\u0103l\u021bi, Elena Pavliuc, b\u0103nui\u021bii purtau cagule \u0219i ocelari \u00een speran\u021ba c\u0103 nu vor [&hellip;]<\/p>\n","protected":false},"author":4,"featured_media":16892,"comment_status":"closed","ping_status":"closed","sticky":false,"template":"","format":"standard","meta":{"footnotes":""},"categories":[15],"tags":[],"class_list":["post-16891","post","type-post","status-publish","format-standard","has-post-thumbnail","hentry","category-proishestvia"],"yoast_head":"<!-- This site is optimized with the Yoast SEO plugin v27.4 - https:\/\/yoast.com\/product\/yoast-seo-wordpress\/ -->\n<title>Un magazin din B\u0103l\u021bi a fost jefuit de trei indivizi - BTV<\/title>\n<meta name=\"robots\" content=\"index, follow, max-snippet:-1, max-image-preview:large, max-video-preview:-1\" \/>\n<link rel=\"canonical\" href=\"https:\/\/www.btv.md\/ro\/un-magazin-din-balti-a-fost-jefuit-de-trei-indivizi\/\" \/>\n<meta property=\"og:locale\" content=\"ro_RO\" \/>\n<meta property=\"og:type\" content=\"article\" \/>\n<meta property=\"og:title\" content=\"Un magazin din B\u0103l\u021bi a fost jefuit de trei indivizi - BTV\" \/>\n<meta property=\"og:description\" content=\"S-au preg\u0103tit din timp de atac \u0219i au ac\u021bionat \u00een doar c\u00e2teva minute. Este vorba despre trei tineri din B\u0103l\u021bi, care \u00een seara zilei de 5 septembrie au jefuit un magazin din municipiu. Potrivit specialistului principal al Sec\u021biei management opera\u021bional a IP B\u0103l\u021bi, Elena Pavliuc, b\u0103nui\u021bii purtau cagule \u0219i ocelari \u00een speran\u021ba c\u0103 nu vor [&hellip;]\" \/>\n<meta property=\"og:url\" content=\"https:\/\/www.btv.md\/ro\/un-magazin-din-balti-a-fost-jefuit-de-trei-indivizi\/\" \/>\n<meta property=\"og:site_name\" content=\"BTV\" \/>\n<meta property=\"article:publisher\" content=\"https:\/\/www.facebook.com\/btvmoldova\/\" \/>\n<meta property=\"article:published_time\" content=\"2016-09-07T14:53:31+00:00\" \/>\n<meta property=\"article:modified_time\" content=\"2016-09-07T14:53:39+00:00\" \/>\n<meta property=\"og:image\" content=\"https:\/\/www.btv.md\/wp-content\/uploads\/2016\/09\/DV032701.AVI.00_00_04_04.nepodvizhnoe-izobrazhenie001.jpg\" \/>\n\t<meta property=\"og:image:width\" content=\"720\" \/>\n\t<meta property=\"og:image:height\" content=\"576\" \/>\n\t<meta property=\"og:image:type\" content=\"image\/jpeg\" \/>\n<meta name=\"author\" content=\"admin\" \/>\n<meta name=\"twitter:label1\" content=\"Scris de\" \/>\n\t<meta name=\"twitter:data1\" content=\"admin\" \/>\n\t<meta name=\"twitter:label2\" content=\"Timp estimat pentru citire\" \/>\n\t<meta name=\"twitter:data2\" content=\"1 minut\" \/>\n<script type=\"application\/ld+json\" class=\"yoast-schema-graph\">{\"@context\":\"https:\\\/\\\/schema.org\",\"@graph\":[{\"@type\":\"Article\",\"@id\":\"https:\\\/\\\/www.btv.md\\\/ro\\\/un-magazin-din-balti-a-fost-jefuit-de-trei-indivizi\\\/#article\",\"isPartOf\":{\"@id\":\"https:\\\/\\\/www.btv.md\\\/ro\\\/un-magazin-din-balti-a-fost-jefuit-de-trei-indivizi\\\/\"},\"author\":{\"name\":\"admin\",\"@id\":\"https:\\\/\\\/www.btv.md\\\/#\\\/schema\\\/person\\\/8fadce81561b3ce2c34c46dadc4ccbf2\"},\"headline\":\"Un magazin din B\u0103l\u021bi a fost jefuit de trei indivizi\",\"datePublished\":\"2016-09-07T14:53:31+00:00\",\"dateModified\":\"2016-09-07T14:53:39+00:00\",\"mainEntityOfPage\":{\"@id\":\"https:\\\/\\\/www.btv.md\\\/ro\\\/un-magazin-din-balti-a-fost-jefuit-de-trei-indivizi\\\/\"},\"wordCount\":201,\"image\":{\"@id\":\"https:\\\/\\\/www.btv.md\\\/ro\\\/un-magazin-din-balti-a-fost-jefuit-de-trei-indivizi\\\/#primaryimage\"},\"thumbnailUrl\":\"https:\\\/\\\/www.btv.md\\\/wp-content\\\/uploads\\\/2016\\\/09\\\/DV032701.AVI.00_00_04_04.nepodvizhnoe-izobrazhenie001.jpg\",\"articleSection\":[\"\u041f\u0440\u043e\u0438\u0441\u0448\u0435\u0441\u0442\u0432\u0438\u044f\"],\"inLanguage\":\"ro-RO\"},{\"@type\":\"WebPage\",\"@id\":\"https:\\\/\\\/www.btv.md\\\/ro\\\/un-magazin-din-balti-a-fost-jefuit-de-trei-indivizi\\\/\",\"url\":\"https:\\\/\\\/www.btv.md\\\/ro\\\/un-magazin-din-balti-a-fost-jefuit-de-trei-indivizi\\\/\",\"name\":\"Un magazin din B\u0103l\u021bi a fost jefuit de trei indivizi - BTV\",\"isPartOf\":{\"@id\":\"https:\\\/\\\/www.btv.md\\\/#website\"},\"primaryImageOfPage\":{\"@id\":\"https:\\\/\\\/www.btv.md\\\/ro\\\/un-magazin-din-balti-a-fost-jefuit-de-trei-indivizi\\\/#primaryimage\"},\"image\":{\"@id\":\"https:\\\/\\\/www.btv.md\\\/ro\\\/un-magazin-din-balti-a-fost-jefuit-de-trei-indivizi\\\/#primaryimage\"},\"thumbnailUrl\":\"https:\\\/\\\/www.btv.md\\\/wp-content\\\/uploads\\\/2016\\\/09\\\/DV032701.AVI.00_00_04_04.nepodvizhnoe-izobrazhenie001.jpg\",\"datePublished\":\"2016-09-07T14:53:31+00:00\",\"dateModified\":\"2016-09-07T14:53:39+00:00\",\"author\":{\"@id\":\"https:\\\/\\\/www.btv.md\\\/#\\\/schema\\\/person\\\/8fadce81561b3ce2c34c46dadc4ccbf2\"},\"inLanguage\":\"ro-RO\",\"potentialAction\":[{\"@type\":\"ReadAction\",\"target\":[\"https:\\\/\\\/www.btv.md\\\/ro\\\/un-magazin-din-balti-a-fost-jefuit-de-trei-indivizi\\\/\"]}]},{\"@type\":\"ImageObject\",\"inLanguage\":\"ro-RO\",\"@id\":\"https:\\\/\\\/www.btv.md\\\/ro\\\/un-magazin-din-balti-a-fost-jefuit-de-trei-indivizi\\\/#primaryimage\",\"url\":\"https:\\\/\\\/www.btv.md\\\/wp-content\\\/uploads\\\/2016\\\/09\\\/DV032701.AVI.00_00_04_04.nepodvizhnoe-izobrazhenie001.jpg\",\"contentUrl\":\"https:\\\/\\\/www.btv.md\\\/wp-content\\\/uploads\\\/2016\\\/09\\\/DV032701.AVI.00_00_04_04.nepodvizhnoe-izobrazhenie001.jpg\",\"width\":720,\"height\":576},{\"@type\":\"WebSite\",\"@id\":\"https:\\\/\\\/www.btv.md\\\/#website\",\"url\":\"https:\\\/\\\/www.btv.md\\\/\",\"name\":\"BTV\",\"description\":\"\u0411\u0435\u043b\u044c\u0446\u043a\u043e\u0435 \u0442\u0435\u043b\u0435\u0432\u0438\u0434\u0435\u043d\u0438\u0435\",\"potentialAction\":[{\"@type\":\"SearchAction\",\"target\":{\"@type\":\"EntryPoint\",\"urlTemplate\":\"https:\\\/\\\/www.btv.md\\\/?s={search_term_string}\"},\"query-input\":{\"@type\":\"PropertyValueSpecification\",\"valueRequired\":true,\"valueName\":\"search_term_string\"}}],\"inLanguage\":\"ro-RO\"},{\"@type\":\"Person\",\"@id\":\"https:\\\/\\\/www.btv.md\\\/#\\\/schema\\\/person\\\/8fadce81561b3ce2c34c46dadc4ccbf2\",\"name\":\"admin\"}]}<\/script>\n<!-- \/ Yoast SEO plugin. -->","yoast_head_json":{"title":"Un magazin din B\u0103l\u021bi a fost jefuit de trei indivizi - BTV","robots":{"index":"index","follow":"follow","max-snippet":"max-snippet:-1","max-image-preview":"max-image-preview:large","max-video-preview":"max-video-preview:-1"},"canonical":"https:\/\/www.btv.md\/ro\/un-magazin-din-balti-a-fost-jefuit-de-trei-indivizi\/","og_locale":"ro_RO","og_type":"article","og_title":"Un magazin din B\u0103l\u021bi a fost jefuit de trei indivizi - BTV","og_description":"S-au preg\u0103tit din timp de atac \u0219i au ac\u021bionat \u00een doar c\u00e2teva minute. Este vorba despre trei tineri din B\u0103l\u021bi, care \u00een seara zilei de 5 septembrie au jefuit un magazin din municipiu. Potrivit specialistului principal al Sec\u021biei management opera\u021bional a IP B\u0103l\u021bi, Elena Pavliuc, b\u0103nui\u021bii purtau cagule \u0219i ocelari \u00een speran\u021ba c\u0103 nu vor [&hellip;]","og_url":"https:\/\/www.btv.md\/ro\/un-magazin-din-balti-a-fost-jefuit-de-trei-indivizi\/","og_site_name":"BTV","article_publisher":"https:\/\/www.facebook.com\/btvmoldova\/","article_published_time":"2016-09-07T14:53:31+00:00","article_modified_time":"2016-09-07T14:53:39+00:00","og_image":[{"width":720,"height":576,"url":"https:\/\/www.btv.md\/wp-content\/uploads\/2016\/09\/DV032701.AVI.00_00_04_04.nepodvizhnoe-izobrazhenie001.jpg","type":"image\/jpeg"}],"author":"admin","twitter_misc":{"Scris de":"admin","Timp estimat pentru citire":"1 minut"},"schema":{"@context":"https:\/\/schema.org","@graph":[{"@type":"Article","@id":"https:\/\/www.btv.md\/ro\/un-magazin-din-balti-a-fost-jefuit-de-trei-indivizi\/#article","isPartOf":{"@id":"https:\/\/www.btv.md\/ro\/un-magazin-din-balti-a-fost-jefuit-de-trei-indivizi\/"},"author":{"name":"admin","@id":"https:\/\/www.btv.md\/#\/schema\/person\/8fadce81561b3ce2c34c46dadc4ccbf2"},"headline":"Un magazin din B\u0103l\u021bi a fost jefuit de trei indivizi","datePublished":"2016-09-07T14:53:31+00:00","dateModified":"2016-09-07T14:53:39+00:00","mainEntityOfPage":{"@id":"https:\/\/www.btv.md\/ro\/un-magazin-din-balti-a-fost-jefuit-de-trei-indivizi\/"},"wordCount":201,"image":{"@id":"https:\/\/www.btv.md\/ro\/un-magazin-din-balti-a-fost-jefuit-de-trei-indivizi\/#primaryimage"},"thumbnailUrl":"https:\/\/www.btv.md\/wp-content\/uploads\/2016\/09\/DV032701.AVI.00_00_04_04.nepodvizhnoe-izobrazhenie001.jpg","articleSection":["\u041f\u0440\u043e\u0438\u0441\u0448\u0435\u0441\u0442\u0432\u0438\u044f"],"inLanguage":"ro-RO"},{"@type":"WebPage","@id":"https:\/\/www.btv.md\/ro\/un-magazin-din-balti-a-fost-jefuit-de-trei-indivizi\/","url":"https:\/\/www.btv.md\/ro\/un-magazin-din-balti-a-fost-jefuit-de-trei-indivizi\/","name":"Un magazin din B\u0103l\u021bi a fost jefuit de trei indivizi - BTV","isPartOf":{"@id":"https:\/\/www.btv.md\/#website"},"primaryImageOfPage":{"@id":"https:\/\/www.btv.md\/ro\/un-magazin-din-balti-a-fost-jefuit-de-trei-indivizi\/#primaryimage"},"image":{"@id":"https:\/\/www.btv.md\/ro\/un-magazin-din-balti-a-fost-jefuit-de-trei-indivizi\/#primaryimage"},"thumbnailUrl":"https:\/\/www.btv.md\/wp-content\/uploads\/2016\/09\/DV032701.AVI.00_00_04_04.nepodvizhnoe-izobrazhenie001.jpg","datePublished":"2016-09-07T14:53:31+00:00","dateModified":"2016-09-07T14:53:39+00:00","author":{"@id":"https:\/\/www.btv.md\/#\/schema\/person\/8fadce81561b3ce2c34c46dadc4ccbf2"},"inLanguage":"ro-RO","potentialAction":[{"@type":"ReadAction","target":["https:\/\/www.btv.md\/ro\/un-magazin-din-balti-a-fost-jefuit-de-trei-indivizi\/"]}]},{"@type":"ImageObject","inLanguage":"ro-RO","@id":"https:\/\/www.btv.md\/ro\/un-magazin-din-balti-a-fost-jefuit-de-trei-indivizi\/#primaryimage","url":"https:\/\/www.btv.md\/wp-content\/uploads\/2016\/09\/DV032701.AVI.00_00_04_04.nepodvizhnoe-izobrazhenie001.jpg","contentUrl":"https:\/\/www.btv.md\/wp-content\/uploads\/2016\/09\/DV032701.AVI.00_00_04_04.nepodvizhnoe-izobrazhenie001.jpg","width":720,"height":576},{"@type":"WebSite","@id":"https:\/\/www.btv.md\/#website","url":"https:\/\/www.btv.md\/","name":"BTV","description":"\u0411\u0435\u043b\u044c\u0446\u043a\u043e\u0435 \u0442\u0435\u043b\u0435\u0432\u0438\u0434\u0435\u043d\u0438\u0435","potentialAction":[{"@type":"SearchAction","target":{"@type":"EntryPoint","urlTemplate":"https:\/\/www.btv.md\/?s={search_term_string}"},"query-input":{"@type":"PropertyValueSpecification","valueRequired":true,"valueName":"search_term_string"}}],"inLanguage":"ro-RO"},{"@type":"Person","@id":"https:\/\/www.btv.md\/#\/schema\/person\/8fadce81561b3ce2c34c46dadc4ccbf2","name":"admin"}]}},"_links":{"self":[{"href":"https:\/\/www.btv.md\/ro\/wp-json\/wp\/v2\/posts\/16891","targetHints":{"allow":["GET"]}}],"collection":[{"href":"https:\/\/www.btv.md\/ro\/wp-json\/wp\/v2\/posts"}],"about":[{"href":"https:\/\/www.btv.md\/ro\/wp-json\/wp\/v2\/types\/post"}],"author":[{"embeddable":true,"href":"https:\/\/www.btv.md\/ro\/wp-json\/wp\/v2\/users\/4"}],"replies":[{"embeddable":true,"href":"https:\/\/www.btv.md\/ro\/wp-json\/wp\/v2\/comments?post=16891"}],"version-history":[{"count":0,"href":"https:\/\/www.btv.md\/ro\/wp-json\/wp\/v2\/posts\/16891\/revisions"}],"wp:featuredmedia":[{"embeddable":true,"href":"https:\/\/www.btv.md\/ro\/wp-json\/wp\/v2\/media\/16892"}],"wp:attachment":[{"href":"https:\/\/www.btv.md\/ro\/wp-json\/wp\/v2\/media?parent=16891"}],"wp:term":[{"taxonomy":"category","embeddable":true,"href":"https:\/\/www.btv.md\/ro\/wp-json\/wp\/v2\/categories?post=16891"},{"taxonomy":"post_tag","embeddable":true,"href":"https:\/\/www.btv.md\/ro\/wp-json\/wp\/v2\/tags?post=16891"}],"curies":[{"name":"wp","href":"https:\/\/api.w.org\/{rel}","templated":true}]}}