{"id":19369,"date":"2016-12-09T17:42:01","date_gmt":"2016-12-09T14:42:01","guid":{"rendered":"http:\/\/btv.md\/?p=19369"},"modified":"2016-12-09T17:42:12","modified_gmt":"2016-12-09T14:42:12","slug":"barbat-in-coma-dupa-ce-a-adormit-in-masina-cu-motorul-pornit","status":"publish","type":"post","link":"https:\/\/www.btv.md\/ro\/barbat-in-coma-dupa-ce-a-adormit-in-masina-cu-motorul-pornit\/","title":{"rendered":"B\u0102RBAT  \u00ceN  COM\u0102,  DUP\u0102  CE  A  ADORMIT  \u00ceN  MA\u0218INA  CU  MOTORUL  PORNIT"},"content":{"rendered":"<p><strong>Medicii \u0219i paramedicii SMURD din B\u0103l\u021bi au fost solicita\u021bi de urgen\u021b\u0103 pentru a interveni \u00een satul Grin\u0103u\u021bi din raionul Drochia, joi, 8 decembrie.<\/strong><\/p>\n<p><iframe width=\"1170\" height=\"878\" data-src=\"https:\/\/www.youtube.com\/embed\/6aJPYDqlIyM?wmode=transparent&amp;rel=0&amp;feature=oembed\" frameborder=\"0\" allow=\"accelerometer; autoplay; encrypted-media; gyroscope; picture-in-picture\" allowfullscreen src=\"data:image\/svg+xml;base64,PHN2ZyB3aWR0aD0iMSIgaGVpZ2h0PSIxIiB4bWxucz0iaHR0cDovL3d3dy53My5vcmcvMjAwMC9zdmciPjwvc3ZnPg==\" class=\"lazyload\" data-load-mode=\"1\"><\/iframe><\/p>\n<p>Un b\u0103rbat de 40 de ani a fost depistat f\u0103r\u0103 cuno\u0219tin\u021b\u0103 \u00een propriul automobil. Victima s-ar fi intoxicat cu monoxid de carbon, \u00eentruc\u00eet adormise \u00een ma\u0219ina din curte cu motorul pornit.<\/p>\n<p>B\u0103rbatului i-a fost acordat primul ajutor calificat, fiind apoi stabilizat \u0219i transportat la un spital din B\u0103l\u021bi, b\u0103rbatul fiind \u00een com\u0103 de gradul II \u0219i III. \u00cen acest context, salvatorii roag\u0103 cet\u0103\u021benii s\u0103 fie aten\u021bi \u0219i s\u0103 nu ignore normele de securitate. Nu se recomand\u0103 aflarea pentru mult timp \u00eentr-un autovehicul, care sta\u021bioneaz\u0103 cu motorul pornit, pentru a evita intoxica\u021biile cu gaz de e\u0219apament, iar la primele semne de r\u0103u, alerta\u021bi persoanele din jur sau Serviciile de urgen\u021b\u0103.\u00a0<\/p>\n","protected":false},"excerpt":{"rendered":"<p>Medicii \u0219i paramedicii SMURD din B\u0103l\u021bi au fost solicita\u021bi de urgen\u021b\u0103 pentru a interveni \u00een satul Grin\u0103u\u021bi din raionul Drochia, joi, 8 decembrie. Un b\u0103rbat de 40 de ani a fost depistat f\u0103r\u0103 cuno\u0219tin\u021b\u0103 \u00een propriul automobil. Victima s-ar fi intoxicat cu monoxid de carbon, \u00eentruc\u00eet adormise \u00een ma\u0219ina din curte cu motorul pornit. B\u0103rbatului [&hellip;]<\/p>\n","protected":false},"author":4,"featured_media":19370,"comment_status":"closed","ping_status":"closed","sticky":false,"template":"","format":"standard","meta":{"footnotes":""},"categories":[6351],"tags":[],"class_list":["post-19369","post","type-post","status-publish","format-standard","has-post-thumbnail","hentry","category-incidente"],"yoast_head":"<!-- This site is optimized with the Yoast SEO plugin v27.4 - https:\/\/yoast.com\/product\/yoast-seo-wordpress\/ -->\n<title>B\u0102RBAT \u00ceN COM\u0102, DUP\u0102 CE A ADORMIT \u00ceN MA\u0218INA CU MOTORUL PORNIT - BTV<\/title>\n<meta name=\"robots\" content=\"index, follow, max-snippet:-1, max-image-preview:large, max-video-preview:-1\" \/>\n<link rel=\"canonical\" href=\"https:\/\/www.btv.md\/ro\/barbat-in-coma-dupa-ce-a-adormit-in-masina-cu-motorul-pornit\/\" \/>\n<meta property=\"og:locale\" content=\"ro_RO\" \/>\n<meta property=\"og:type\" content=\"article\" \/>\n<meta property=\"og:title\" content=\"B\u0102RBAT \u00ceN COM\u0102, DUP\u0102 CE A ADORMIT \u00ceN MA\u0218INA CU MOTORUL PORNIT - BTV\" \/>\n<meta property=\"og:description\" content=\"Medicii \u0219i paramedicii SMURD din B\u0103l\u021bi au fost solicita\u021bi de urgen\u021b\u0103 pentru a interveni \u00een satul Grin\u0103u\u021bi din raionul Drochia, joi, 8 decembrie. Un b\u0103rbat de 40 de ani a fost depistat f\u0103r\u0103 cuno\u0219tin\u021b\u0103 \u00een propriul automobil. Victima s-ar fi intoxicat cu monoxid de carbon, \u00eentruc\u00eet adormise \u00een ma\u0219ina din curte cu motorul pornit. B\u0103rbatului [&hellip;]\" \/>\n<meta property=\"og:url\" content=\"https:\/\/www.btv.md\/ro\/barbat-in-coma-dupa-ce-a-adormit-in-masina-cu-motorul-pornit\/\" \/>\n<meta property=\"og:site_name\" content=\"BTV\" \/>\n<meta property=\"article:publisher\" content=\"https:\/\/www.facebook.com\/btvmoldova\/\" \/>\n<meta property=\"article:published_time\" content=\"2016-12-09T14:42:01+00:00\" \/>\n<meta property=\"article:modified_time\" content=\"2016-12-09T14:42:12+00:00\" \/>\n<meta property=\"og:image\" content=\"https:\/\/www.btv.md\/wp-content\/uploads\/2016\/12\/1.mp4_snapshot_01.15_2016.12.09_17.39.13.jpg\" \/>\n\t<meta property=\"og:image:width\" content=\"480\" \/>\n\t<meta property=\"og:image:height\" content=\"274\" \/>\n\t<meta property=\"og:image:type\" content=\"image\/jpeg\" \/>\n<meta name=\"author\" content=\"admin\" \/>\n<meta name=\"twitter:label1\" content=\"Scris de\" \/>\n\t<meta name=\"twitter:data1\" content=\"admin\" \/>\n\t<meta name=\"twitter:label2\" content=\"Timp estimat pentru citire\" \/>\n\t<meta name=\"twitter:data2\" content=\"1 minut\" \/>\n<script type=\"application\/ld+json\" class=\"yoast-schema-graph\">{\"@context\":\"https:\\\/\\\/schema.org\",\"@graph\":[{\"@type\":\"Article\",\"@id\":\"https:\\\/\\\/www.btv.md\\\/ro\\\/barbat-in-coma-dupa-ce-a-adormit-in-masina-cu-motorul-pornit\\\/#article\",\"isPartOf\":{\"@id\":\"https:\\\/\\\/www.btv.md\\\/ro\\\/barbat-in-coma-dupa-ce-a-adormit-in-masina-cu-motorul-pornit\\\/\"},\"author\":{\"name\":\"admin\",\"@id\":\"https:\\\/\\\/www.btv.md\\\/#\\\/schema\\\/person\\\/8fadce81561b3ce2c34c46dadc4ccbf2\"},\"headline\":\"B\u0102RBAT \u00ceN COM\u0102, DUP\u0102 CE A ADORMIT \u00ceN MA\u0218INA CU MOTORUL PORNIT\",\"datePublished\":\"2016-12-09T14:42:01+00:00\",\"dateModified\":\"2016-12-09T14:42:12+00:00\",\"mainEntityOfPage\":{\"@id\":\"https:\\\/\\\/www.btv.md\\\/ro\\\/barbat-in-coma-dupa-ce-a-adormit-in-masina-cu-motorul-pornit\\\/\"},\"wordCount\":169,\"image\":{\"@id\":\"https:\\\/\\\/www.btv.md\\\/ro\\\/barbat-in-coma-dupa-ce-a-adormit-in-masina-cu-motorul-pornit\\\/#primaryimage\"},\"thumbnailUrl\":\"https:\\\/\\\/www.btv.md\\\/wp-content\\\/uploads\\\/2016\\\/12\\\/1.mp4_snapshot_01.15_2016.12.09_17.39.13.jpg\",\"articleSection\":[\"Incidente\"],\"inLanguage\":\"ro-RO\"},{\"@type\":\"WebPage\",\"@id\":\"https:\\\/\\\/www.btv.md\\\/ro\\\/barbat-in-coma-dupa-ce-a-adormit-in-masina-cu-motorul-pornit\\\/\",\"url\":\"https:\\\/\\\/www.btv.md\\\/ro\\\/barbat-in-coma-dupa-ce-a-adormit-in-masina-cu-motorul-pornit\\\/\",\"name\":\"B\u0102RBAT \u00ceN COM\u0102, DUP\u0102 CE A ADORMIT \u00ceN MA\u0218INA CU MOTORUL PORNIT - BTV\",\"isPartOf\":{\"@id\":\"https:\\\/\\\/www.btv.md\\\/#website\"},\"primaryImageOfPage\":{\"@id\":\"https:\\\/\\\/www.btv.md\\\/ro\\\/barbat-in-coma-dupa-ce-a-adormit-in-masina-cu-motorul-pornit\\\/#primaryimage\"},\"image\":{\"@id\":\"https:\\\/\\\/www.btv.md\\\/ro\\\/barbat-in-coma-dupa-ce-a-adormit-in-masina-cu-motorul-pornit\\\/#primaryimage\"},\"thumbnailUrl\":\"https:\\\/\\\/www.btv.md\\\/wp-content\\\/uploads\\\/2016\\\/12\\\/1.mp4_snapshot_01.15_2016.12.09_17.39.13.jpg\",\"datePublished\":\"2016-12-09T14:42:01+00:00\",\"dateModified\":\"2016-12-09T14:42:12+00:00\",\"author\":{\"@id\":\"https:\\\/\\\/www.btv.md\\\/#\\\/schema\\\/person\\\/8fadce81561b3ce2c34c46dadc4ccbf2\"},\"inLanguage\":\"ro-RO\",\"potentialAction\":[{\"@type\":\"ReadAction\",\"target\":[\"https:\\\/\\\/www.btv.md\\\/ro\\\/barbat-in-coma-dupa-ce-a-adormit-in-masina-cu-motorul-pornit\\\/\"]}]},{\"@type\":\"ImageObject\",\"inLanguage\":\"ro-RO\",\"@id\":\"https:\\\/\\\/www.btv.md\\\/ro\\\/barbat-in-coma-dupa-ce-a-adormit-in-masina-cu-motorul-pornit\\\/#primaryimage\",\"url\":\"https:\\\/\\\/www.btv.md\\\/wp-content\\\/uploads\\\/2016\\\/12\\\/1.mp4_snapshot_01.15_2016.12.09_17.39.13.jpg\",\"contentUrl\":\"https:\\\/\\\/www.btv.md\\\/wp-content\\\/uploads\\\/2016\\\/12\\\/1.mp4_snapshot_01.15_2016.12.09_17.39.13.jpg\",\"width\":480,\"height\":274},{\"@type\":\"WebSite\",\"@id\":\"https:\\\/\\\/www.btv.md\\\/#website\",\"url\":\"https:\\\/\\\/www.btv.md\\\/\",\"name\":\"BTV\",\"description\":\"\u0411\u0435\u043b\u044c\u0446\u043a\u043e\u0435 \u0442\u0435\u043b\u0435\u0432\u0438\u0434\u0435\u043d\u0438\u0435\",\"potentialAction\":[{\"@type\":\"SearchAction\",\"target\":{\"@type\":\"EntryPoint\",\"urlTemplate\":\"https:\\\/\\\/www.btv.md\\\/?s={search_term_string}\"},\"query-input\":{\"@type\":\"PropertyValueSpecification\",\"valueRequired\":true,\"valueName\":\"search_term_string\"}}],\"inLanguage\":\"ro-RO\"},{\"@type\":\"Person\",\"@id\":\"https:\\\/\\\/www.btv.md\\\/#\\\/schema\\\/person\\\/8fadce81561b3ce2c34c46dadc4ccbf2\",\"name\":\"admin\"}]}<\/script>\n<!-- \/ Yoast SEO plugin. -->","yoast_head_json":{"title":"B\u0102RBAT \u00ceN COM\u0102, DUP\u0102 CE A ADORMIT \u00ceN MA\u0218INA CU MOTORUL PORNIT - BTV","robots":{"index":"index","follow":"follow","max-snippet":"max-snippet:-1","max-image-preview":"max-image-preview:large","max-video-preview":"max-video-preview:-1"},"canonical":"https:\/\/www.btv.md\/ro\/barbat-in-coma-dupa-ce-a-adormit-in-masina-cu-motorul-pornit\/","og_locale":"ro_RO","og_type":"article","og_title":"B\u0102RBAT \u00ceN COM\u0102, DUP\u0102 CE A ADORMIT \u00ceN MA\u0218INA CU MOTORUL PORNIT - BTV","og_description":"Medicii \u0219i paramedicii SMURD din B\u0103l\u021bi au fost solicita\u021bi de urgen\u021b\u0103 pentru a interveni \u00een satul Grin\u0103u\u021bi din raionul Drochia, joi, 8 decembrie. Un b\u0103rbat de 40 de ani a fost depistat f\u0103r\u0103 cuno\u0219tin\u021b\u0103 \u00een propriul automobil. Victima s-ar fi intoxicat cu monoxid de carbon, \u00eentruc\u00eet adormise \u00een ma\u0219ina din curte cu motorul pornit. B\u0103rbatului [&hellip;]","og_url":"https:\/\/www.btv.md\/ro\/barbat-in-coma-dupa-ce-a-adormit-in-masina-cu-motorul-pornit\/","og_site_name":"BTV","article_publisher":"https:\/\/www.facebook.com\/btvmoldova\/","article_published_time":"2016-12-09T14:42:01+00:00","article_modified_time":"2016-12-09T14:42:12+00:00","og_image":[{"width":480,"height":274,"url":"https:\/\/www.btv.md\/wp-content\/uploads\/2016\/12\/1.mp4_snapshot_01.15_2016.12.09_17.39.13.jpg","type":"image\/jpeg"}],"author":"admin","twitter_misc":{"Scris de":"admin","Timp estimat pentru citire":"1 minut"},"schema":{"@context":"https:\/\/schema.org","@graph":[{"@type":"Article","@id":"https:\/\/www.btv.md\/ro\/barbat-in-coma-dupa-ce-a-adormit-in-masina-cu-motorul-pornit\/#article","isPartOf":{"@id":"https:\/\/www.btv.md\/ro\/barbat-in-coma-dupa-ce-a-adormit-in-masina-cu-motorul-pornit\/"},"author":{"name":"admin","@id":"https:\/\/www.btv.md\/#\/schema\/person\/8fadce81561b3ce2c34c46dadc4ccbf2"},"headline":"B\u0102RBAT \u00ceN COM\u0102, DUP\u0102 CE A ADORMIT \u00ceN MA\u0218INA CU MOTORUL PORNIT","datePublished":"2016-12-09T14:42:01+00:00","dateModified":"2016-12-09T14:42:12+00:00","mainEntityOfPage":{"@id":"https:\/\/www.btv.md\/ro\/barbat-in-coma-dupa-ce-a-adormit-in-masina-cu-motorul-pornit\/"},"wordCount":169,"image":{"@id":"https:\/\/www.btv.md\/ro\/barbat-in-coma-dupa-ce-a-adormit-in-masina-cu-motorul-pornit\/#primaryimage"},"thumbnailUrl":"https:\/\/www.btv.md\/wp-content\/uploads\/2016\/12\/1.mp4_snapshot_01.15_2016.12.09_17.39.13.jpg","articleSection":["Incidente"],"inLanguage":"ro-RO"},{"@type":"WebPage","@id":"https:\/\/www.btv.md\/ro\/barbat-in-coma-dupa-ce-a-adormit-in-masina-cu-motorul-pornit\/","url":"https:\/\/www.btv.md\/ro\/barbat-in-coma-dupa-ce-a-adormit-in-masina-cu-motorul-pornit\/","name":"B\u0102RBAT \u00ceN COM\u0102, DUP\u0102 CE A ADORMIT \u00ceN MA\u0218INA CU MOTORUL PORNIT - BTV","isPartOf":{"@id":"https:\/\/www.btv.md\/#website"},"primaryImageOfPage":{"@id":"https:\/\/www.btv.md\/ro\/barbat-in-coma-dupa-ce-a-adormit-in-masina-cu-motorul-pornit\/#primaryimage"},"image":{"@id":"https:\/\/www.btv.md\/ro\/barbat-in-coma-dupa-ce-a-adormit-in-masina-cu-motorul-pornit\/#primaryimage"},"thumbnailUrl":"https:\/\/www.btv.md\/wp-content\/uploads\/2016\/12\/1.mp4_snapshot_01.15_2016.12.09_17.39.13.jpg","datePublished":"2016-12-09T14:42:01+00:00","dateModified":"2016-12-09T14:42:12+00:00","author":{"@id":"https:\/\/www.btv.md\/#\/schema\/person\/8fadce81561b3ce2c34c46dadc4ccbf2"},"inLanguage":"ro-RO","potentialAction":[{"@type":"ReadAction","target":["https:\/\/www.btv.md\/ro\/barbat-in-coma-dupa-ce-a-adormit-in-masina-cu-motorul-pornit\/"]}]},{"@type":"ImageObject","inLanguage":"ro-RO","@id":"https:\/\/www.btv.md\/ro\/barbat-in-coma-dupa-ce-a-adormit-in-masina-cu-motorul-pornit\/#primaryimage","url":"https:\/\/www.btv.md\/wp-content\/uploads\/2016\/12\/1.mp4_snapshot_01.15_2016.12.09_17.39.13.jpg","contentUrl":"https:\/\/www.btv.md\/wp-content\/uploads\/2016\/12\/1.mp4_snapshot_01.15_2016.12.09_17.39.13.jpg","width":480,"height":274},{"@type":"WebSite","@id":"https:\/\/www.btv.md\/#website","url":"https:\/\/www.btv.md\/","name":"BTV","description":"\u0411\u0435\u043b\u044c\u0446\u043a\u043e\u0435 \u0442\u0435\u043b\u0435\u0432\u0438\u0434\u0435\u043d\u0438\u0435","potentialAction":[{"@type":"SearchAction","target":{"@type":"EntryPoint","urlTemplate":"https:\/\/www.btv.md\/?s={search_term_string}"},"query-input":{"@type":"PropertyValueSpecification","valueRequired":true,"valueName":"search_term_string"}}],"inLanguage":"ro-RO"},{"@type":"Person","@id":"https:\/\/www.btv.md\/#\/schema\/person\/8fadce81561b3ce2c34c46dadc4ccbf2","name":"admin"}]}},"_links":{"self":[{"href":"https:\/\/www.btv.md\/ro\/wp-json\/wp\/v2\/posts\/19369","targetHints":{"allow":["GET"]}}],"collection":[{"href":"https:\/\/www.btv.md\/ro\/wp-json\/wp\/v2\/posts"}],"about":[{"href":"https:\/\/www.btv.md\/ro\/wp-json\/wp\/v2\/types\/post"}],"author":[{"embeddable":true,"href":"https:\/\/www.btv.md\/ro\/wp-json\/wp\/v2\/users\/4"}],"replies":[{"embeddable":true,"href":"https:\/\/www.btv.md\/ro\/wp-json\/wp\/v2\/comments?post=19369"}],"version-history":[{"count":0,"href":"https:\/\/www.btv.md\/ro\/wp-json\/wp\/v2\/posts\/19369\/revisions"}],"wp:featuredmedia":[{"embeddable":true,"href":"https:\/\/www.btv.md\/ro\/wp-json\/wp\/v2\/media\/19370"}],"wp:attachment":[{"href":"https:\/\/www.btv.md\/ro\/wp-json\/wp\/v2\/media?parent=19369"}],"wp:term":[{"taxonomy":"category","embeddable":true,"href":"https:\/\/www.btv.md\/ro\/wp-json\/wp\/v2\/categories?post=19369"},{"taxonomy":"post_tag","embeddable":true,"href":"https:\/\/www.btv.md\/ro\/wp-json\/wp\/v2\/tags?post=19369"}],"curies":[{"name":"wp","href":"https:\/\/api.w.org\/{rel}","templated":true}]}}