{"id":19845,"date":"2016-12-26T19:56:14","date_gmt":"2016-12-26T16:56:14","guid":{"rendered":"http:\/\/btv.md\/?p=19845"},"modified":"2016-12-26T19:56:21","modified_gmt":"2016-12-26T16:56:21","slug":"la-falesti-a-devenit-mai-usor-sa-ti-deschizi-o-afacere","status":"publish","type":"post","link":"https:\/\/www.btv.md\/ro\/la-falesti-a-devenit-mai-usor-sa-ti-deschizi-o-afacere\/","title":{"rendered":"LA  F\u0102LE\u0218TI  A  DEVENIT  MAI  U\u0218OR  S\u0102-\u021aI  DESCHIZI  O  AFACERE"},"content":{"rendered":"<p><strong>Veste bun\u0103 pentru antreprenorii din ora\u0219ul F\u0103le\u0219ti. \u00cencep\u00e2nd cu anul 2017, ace\u0219tia se vor putea bucura de scutiri la plata taxelor locale. Hot\u0103r\u00e2rea a fost votat\u0103 \u00een cadrul ultimei \u0219edin\u021be din anul curent al Consiliului Or\u0103\u0219enesc, la care a fost aprobat bugetul local pentru anul viitor.<\/strong><\/p>\n<p><iframe width=\"1170\" height=\"878\" data-src=\"https:\/\/www.youtube.com\/embed\/pUc6rBrXNqg?wmode=transparent&amp;rel=0&amp;feature=oembed\" frameborder=\"0\" allow=\"accelerometer; autoplay; encrypted-media; gyroscope; picture-in-picture\" allowfullscreen src=\"data:image\/svg+xml;base64,PHN2ZyB3aWR0aD0iMSIgaGVpZ2h0PSIxIiB4bWxucz0iaHR0cDovL3d3dy53My5vcmcvMjAwMC9zdmciPjwvc3ZnPg==\" class=\"lazyload\" data-load-mode=\"1\"><\/iframe><\/p>\n<p>Astfel, de o scutire de 100% vor beneficia agen\u021bii economici care vor deschide farmacii \u00een por\u021biunea g\u0103rii feroviare \u0219i a fabricii de zah\u0103r, dar \u0219i cei care activeaz\u0103 non-stop. Totodat\u0103, farmaciile care nu doar comercializeaz\u0103, dar \u0219i produc medicamente \u00een teritoriu, urmeaz\u0103 s\u0103 beneficieze de o reducere de 25% din taxa local\u0103. \u0218i magazinele alimentare care \u00ee\u0219i desf\u0103\u0219oar\u0103 activitatea 24 de ore din 24 vor pl\u0103ti minus 25% din taxe.<\/p>\n<p>Mai mult, agen\u021bii economici care se afl\u0103 \u00een primul an de activitate, se vor bucura de o reducere de 50%.<\/p>\n<p>Potrivit consilierului, Eduard Ple\u0219ca, facilit\u0103\u021bile vin s\u0103 \u00eencurajeze agen\u021bii economici care \u00ee\u0219i desf\u0103\u0219oar\u0103 activitatea \u00een ora\u0219ul F\u0103le\u0219ti sau care abia inten\u021bioneaz\u0103 s\u0103-\u0219i deschid\u0103 o afacere. El crede c\u0103 astfel, ora\u0219ul va atrage mai mul\u021b investitori din \u00eentreaga \u021bar\u0103, de pe urma c\u0103rora localitatea se va dezvolta economic.<\/p>\n<p>Bugetul local al ora\u0219ului F\u0103le\u0219ti pentru anul 2017 este de circa 22 de milioane de lei.<\/p>\n","protected":false},"excerpt":{"rendered":"<p>Veste bun\u0103 pentru antreprenorii din ora\u0219ul F\u0103le\u0219ti. \u00cencep\u00e2nd cu anul 2017, ace\u0219tia se vor putea bucura de scutiri la plata taxelor locale. Hot\u0103r\u00e2rea a fost votat\u0103 \u00een cadrul ultimei \u0219edin\u021be din anul curent al Consiliului Or\u0103\u0219enesc, la care a fost aprobat bugetul local pentru anul viitor. Astfel, de o scutire de 100% vor beneficia agen\u021bii [&hellip;]<\/p>\n","protected":false},"author":4,"featured_media":19846,"comment_status":"closed","ping_status":"closed","sticky":false,"template":"","format":"standard","meta":{"footnotes":""},"categories":[6349],"tags":[],"class_list":["post-19845","post","type-post","status-publish","format-standard","has-post-thumbnail","hentry","category-social"],"yoast_head":"<!-- This site is optimized with the Yoast SEO plugin v27.4 - https:\/\/yoast.com\/product\/yoast-seo-wordpress\/ -->\n<title>LA F\u0102LE\u0218TI A DEVENIT MAI U\u0218OR S\u0102-\u021aI DESCHIZI O AFACERE - BTV<\/title>\n<meta name=\"robots\" content=\"index, follow, max-snippet:-1, max-image-preview:large, max-video-preview:-1\" \/>\n<link rel=\"canonical\" href=\"https:\/\/www.btv.md\/ro\/la-falesti-a-devenit-mai-usor-sa-ti-deschizi-o-afacere\/\" \/>\n<meta property=\"og:locale\" content=\"ro_RO\" \/>\n<meta property=\"og:type\" content=\"article\" \/>\n<meta property=\"og:title\" content=\"LA F\u0102LE\u0218TI A DEVENIT MAI U\u0218OR S\u0102-\u021aI DESCHIZI O AFACERE\" \/>\n<meta property=\"og:description\" content=\"Veste bun\u0103 pentru antreprenorii din ora\u0219ul F\u0103le\u0219ti. \u00cencep\u00e2nd cu anul 2017, ace\u0219tia se vor putea bucura de scutiri la plata taxelor locale. Hot\u0103r\u00e2rea a fost votat\u0103 \u00een cadrul ultimei \u0219edin\u021be din anul curent al Consiliului Or\u0103\u0219enesc, la care a fost aprobat bugetul local pentru anul viitor. Astfel, de o scutire de 100% vor beneficia agen\u021bii [&hellip;]\" \/>\n<meta property=\"og:url\" content=\"https:\/\/www.btv.md\/ro\/la-falesti-a-devenit-mai-usor-sa-ti-deschizi-o-afacere\/\" \/>\n<meta property=\"og:site_name\" content=\"BTV\" \/>\n<meta property=\"article:publisher\" content=\"https:\/\/www.facebook.com\/btvmoldova\/\" \/>\n<meta property=\"article:published_time\" content=\"2016-12-26T16:56:14+00:00\" \/>\n<meta property=\"article:modified_time\" content=\"2016-12-26T16:56:21+00:00\" \/>\n<meta property=\"og:image\" content=\"https:\/\/www.btv.md\/wp-content\/uploads\/2016\/12\/BTV-SAIT.jpg\" \/>\n\t<meta property=\"og:image:width\" content=\"850\" \/>\n\t<meta property=\"og:image:height\" content=\"567\" \/>\n\t<meta property=\"og:image:type\" content=\"image\/jpeg\" \/>\n<meta name=\"author\" content=\"admin\" \/>\n<meta name=\"twitter:label1\" content=\"Scris de\" \/>\n\t<meta name=\"twitter:data1\" content=\"admin\" \/>\n\t<meta name=\"twitter:label2\" content=\"Timp estimat pentru citire\" \/>\n\t<meta name=\"twitter:data2\" content=\"1 minut\" \/>\n<script type=\"application\/ld+json\" class=\"yoast-schema-graph\">{\"@context\":\"https:\\\/\\\/schema.org\",\"@graph\":[{\"@type\":\"Article\",\"@id\":\"https:\\\/\\\/www.btv.md\\\/ro\\\/la-falesti-a-devenit-mai-usor-sa-ti-deschizi-o-afacere\\\/#article\",\"isPartOf\":{\"@id\":\"https:\\\/\\\/www.btv.md\\\/ro\\\/la-falesti-a-devenit-mai-usor-sa-ti-deschizi-o-afacere\\\/\"},\"author\":{\"name\":\"admin\",\"@id\":\"https:\\\/\\\/www.btv.md\\\/#\\\/schema\\\/person\\\/8fadce81561b3ce2c34c46dadc4ccbf2\"},\"headline\":\"LA F\u0102LE\u0218TI A DEVENIT MAI U\u0218OR S\u0102-\u021aI DESCHIZI O AFACERE\",\"datePublished\":\"2016-12-26T16:56:14+00:00\",\"dateModified\":\"2016-12-26T16:56:21+00:00\",\"mainEntityOfPage\":{\"@id\":\"https:\\\/\\\/www.btv.md\\\/ro\\\/la-falesti-a-devenit-mai-usor-sa-ti-deschizi-o-afacere\\\/\"},\"wordCount\":241,\"image\":{\"@id\":\"https:\\\/\\\/www.btv.md\\\/ro\\\/la-falesti-a-devenit-mai-usor-sa-ti-deschizi-o-afacere\\\/#primaryimage\"},\"thumbnailUrl\":\"https:\\\/\\\/www.btv.md\\\/wp-content\\\/uploads\\\/2016\\\/12\\\/BTV-SAIT.jpg\",\"articleSection\":[\"Social\"],\"inLanguage\":\"ro-RO\"},{\"@type\":\"WebPage\",\"@id\":\"https:\\\/\\\/www.btv.md\\\/ro\\\/la-falesti-a-devenit-mai-usor-sa-ti-deschizi-o-afacere\\\/\",\"url\":\"https:\\\/\\\/www.btv.md\\\/ro\\\/la-falesti-a-devenit-mai-usor-sa-ti-deschizi-o-afacere\\\/\",\"name\":\"LA F\u0102LE\u0218TI A DEVENIT MAI U\u0218OR S\u0102-\u021aI DESCHIZI O AFACERE - BTV\",\"isPartOf\":{\"@id\":\"https:\\\/\\\/www.btv.md\\\/#website\"},\"primaryImageOfPage\":{\"@id\":\"https:\\\/\\\/www.btv.md\\\/ro\\\/la-falesti-a-devenit-mai-usor-sa-ti-deschizi-o-afacere\\\/#primaryimage\"},\"image\":{\"@id\":\"https:\\\/\\\/www.btv.md\\\/ro\\\/la-falesti-a-devenit-mai-usor-sa-ti-deschizi-o-afacere\\\/#primaryimage\"},\"thumbnailUrl\":\"https:\\\/\\\/www.btv.md\\\/wp-content\\\/uploads\\\/2016\\\/12\\\/BTV-SAIT.jpg\",\"datePublished\":\"2016-12-26T16:56:14+00:00\",\"dateModified\":\"2016-12-26T16:56:21+00:00\",\"author\":{\"@id\":\"https:\\\/\\\/www.btv.md\\\/#\\\/schema\\\/person\\\/8fadce81561b3ce2c34c46dadc4ccbf2\"},\"inLanguage\":\"ro-RO\",\"potentialAction\":[{\"@type\":\"ReadAction\",\"target\":[\"https:\\\/\\\/www.btv.md\\\/ro\\\/la-falesti-a-devenit-mai-usor-sa-ti-deschizi-o-afacere\\\/\"]}]},{\"@type\":\"ImageObject\",\"inLanguage\":\"ro-RO\",\"@id\":\"https:\\\/\\\/www.btv.md\\\/ro\\\/la-falesti-a-devenit-mai-usor-sa-ti-deschizi-o-afacere\\\/#primaryimage\",\"url\":\"https:\\\/\\\/www.btv.md\\\/wp-content\\\/uploads\\\/2016\\\/12\\\/BTV-SAIT.jpg\",\"contentUrl\":\"https:\\\/\\\/www.btv.md\\\/wp-content\\\/uploads\\\/2016\\\/12\\\/BTV-SAIT.jpg\",\"width\":850,\"height\":567},{\"@type\":\"WebSite\",\"@id\":\"https:\\\/\\\/www.btv.md\\\/#website\",\"url\":\"https:\\\/\\\/www.btv.md\\\/\",\"name\":\"BTV\",\"description\":\"\u0411\u0435\u043b\u044c\u0446\u043a\u043e\u0435 \u0442\u0435\u043b\u0435\u0432\u0438\u0434\u0435\u043d\u0438\u0435\",\"potentialAction\":[{\"@type\":\"SearchAction\",\"target\":{\"@type\":\"EntryPoint\",\"urlTemplate\":\"https:\\\/\\\/www.btv.md\\\/?s={search_term_string}\"},\"query-input\":{\"@type\":\"PropertyValueSpecification\",\"valueRequired\":true,\"valueName\":\"search_term_string\"}}],\"inLanguage\":\"ro-RO\"},{\"@type\":\"Person\",\"@id\":\"https:\\\/\\\/www.btv.md\\\/#\\\/schema\\\/person\\\/8fadce81561b3ce2c34c46dadc4ccbf2\",\"name\":\"admin\"}]}<\/script>\n<!-- \/ Yoast SEO plugin. -->","yoast_head_json":{"title":"LA F\u0102LE\u0218TI A DEVENIT MAI U\u0218OR S\u0102-\u021aI DESCHIZI O AFACERE - BTV","robots":{"index":"index","follow":"follow","max-snippet":"max-snippet:-1","max-image-preview":"max-image-preview:large","max-video-preview":"max-video-preview:-1"},"canonical":"https:\/\/www.btv.md\/ro\/la-falesti-a-devenit-mai-usor-sa-ti-deschizi-o-afacere\/","og_locale":"ro_RO","og_type":"article","og_title":"LA F\u0102LE\u0218TI A DEVENIT MAI U\u0218OR S\u0102-\u021aI DESCHIZI O AFACERE","og_description":"Veste bun\u0103 pentru antreprenorii din ora\u0219ul F\u0103le\u0219ti. \u00cencep\u00e2nd cu anul 2017, ace\u0219tia se vor putea bucura de scutiri la plata taxelor locale. Hot\u0103r\u00e2rea a fost votat\u0103 \u00een cadrul ultimei \u0219edin\u021be din anul curent al Consiliului Or\u0103\u0219enesc, la care a fost aprobat bugetul local pentru anul viitor. Astfel, de o scutire de 100% vor beneficia agen\u021bii [&hellip;]","og_url":"https:\/\/www.btv.md\/ro\/la-falesti-a-devenit-mai-usor-sa-ti-deschizi-o-afacere\/","og_site_name":"BTV","article_publisher":"https:\/\/www.facebook.com\/btvmoldova\/","article_published_time":"2016-12-26T16:56:14+00:00","article_modified_time":"2016-12-26T16:56:21+00:00","og_image":[{"width":850,"height":567,"url":"https:\/\/www.btv.md\/wp-content\/uploads\/2016\/12\/BTV-SAIT.jpg","type":"image\/jpeg"}],"author":"admin","twitter_misc":{"Scris de":"admin","Timp estimat pentru citire":"1 minut"},"schema":{"@context":"https:\/\/schema.org","@graph":[{"@type":"Article","@id":"https:\/\/www.btv.md\/ro\/la-falesti-a-devenit-mai-usor-sa-ti-deschizi-o-afacere\/#article","isPartOf":{"@id":"https:\/\/www.btv.md\/ro\/la-falesti-a-devenit-mai-usor-sa-ti-deschizi-o-afacere\/"},"author":{"name":"admin","@id":"https:\/\/www.btv.md\/#\/schema\/person\/8fadce81561b3ce2c34c46dadc4ccbf2"},"headline":"LA F\u0102LE\u0218TI A DEVENIT MAI U\u0218OR S\u0102-\u021aI DESCHIZI O AFACERE","datePublished":"2016-12-26T16:56:14+00:00","dateModified":"2016-12-26T16:56:21+00:00","mainEntityOfPage":{"@id":"https:\/\/www.btv.md\/ro\/la-falesti-a-devenit-mai-usor-sa-ti-deschizi-o-afacere\/"},"wordCount":241,"image":{"@id":"https:\/\/www.btv.md\/ro\/la-falesti-a-devenit-mai-usor-sa-ti-deschizi-o-afacere\/#primaryimage"},"thumbnailUrl":"https:\/\/www.btv.md\/wp-content\/uploads\/2016\/12\/BTV-SAIT.jpg","articleSection":["Social"],"inLanguage":"ro-RO"},{"@type":"WebPage","@id":"https:\/\/www.btv.md\/ro\/la-falesti-a-devenit-mai-usor-sa-ti-deschizi-o-afacere\/","url":"https:\/\/www.btv.md\/ro\/la-falesti-a-devenit-mai-usor-sa-ti-deschizi-o-afacere\/","name":"LA F\u0102LE\u0218TI A DEVENIT MAI U\u0218OR S\u0102-\u021aI DESCHIZI O AFACERE - BTV","isPartOf":{"@id":"https:\/\/www.btv.md\/#website"},"primaryImageOfPage":{"@id":"https:\/\/www.btv.md\/ro\/la-falesti-a-devenit-mai-usor-sa-ti-deschizi-o-afacere\/#primaryimage"},"image":{"@id":"https:\/\/www.btv.md\/ro\/la-falesti-a-devenit-mai-usor-sa-ti-deschizi-o-afacere\/#primaryimage"},"thumbnailUrl":"https:\/\/www.btv.md\/wp-content\/uploads\/2016\/12\/BTV-SAIT.jpg","datePublished":"2016-12-26T16:56:14+00:00","dateModified":"2016-12-26T16:56:21+00:00","author":{"@id":"https:\/\/www.btv.md\/#\/schema\/person\/8fadce81561b3ce2c34c46dadc4ccbf2"},"inLanguage":"ro-RO","potentialAction":[{"@type":"ReadAction","target":["https:\/\/www.btv.md\/ro\/la-falesti-a-devenit-mai-usor-sa-ti-deschizi-o-afacere\/"]}]},{"@type":"ImageObject","inLanguage":"ro-RO","@id":"https:\/\/www.btv.md\/ro\/la-falesti-a-devenit-mai-usor-sa-ti-deschizi-o-afacere\/#primaryimage","url":"https:\/\/www.btv.md\/wp-content\/uploads\/2016\/12\/BTV-SAIT.jpg","contentUrl":"https:\/\/www.btv.md\/wp-content\/uploads\/2016\/12\/BTV-SAIT.jpg","width":850,"height":567},{"@type":"WebSite","@id":"https:\/\/www.btv.md\/#website","url":"https:\/\/www.btv.md\/","name":"BTV","description":"\u0411\u0435\u043b\u044c\u0446\u043a\u043e\u0435 \u0442\u0435\u043b\u0435\u0432\u0438\u0434\u0435\u043d\u0438\u0435","potentialAction":[{"@type":"SearchAction","target":{"@type":"EntryPoint","urlTemplate":"https:\/\/www.btv.md\/?s={search_term_string}"},"query-input":{"@type":"PropertyValueSpecification","valueRequired":true,"valueName":"search_term_string"}}],"inLanguage":"ro-RO"},{"@type":"Person","@id":"https:\/\/www.btv.md\/#\/schema\/person\/8fadce81561b3ce2c34c46dadc4ccbf2","name":"admin"}]}},"_links":{"self":[{"href":"https:\/\/www.btv.md\/ro\/wp-json\/wp\/v2\/posts\/19845","targetHints":{"allow":["GET"]}}],"collection":[{"href":"https:\/\/www.btv.md\/ro\/wp-json\/wp\/v2\/posts"}],"about":[{"href":"https:\/\/www.btv.md\/ro\/wp-json\/wp\/v2\/types\/post"}],"author":[{"embeddable":true,"href":"https:\/\/www.btv.md\/ro\/wp-json\/wp\/v2\/users\/4"}],"replies":[{"embeddable":true,"href":"https:\/\/www.btv.md\/ro\/wp-json\/wp\/v2\/comments?post=19845"}],"version-history":[{"count":0,"href":"https:\/\/www.btv.md\/ro\/wp-json\/wp\/v2\/posts\/19845\/revisions"}],"wp:featuredmedia":[{"embeddable":true,"href":"https:\/\/www.btv.md\/ro\/wp-json\/wp\/v2\/media\/19846"}],"wp:attachment":[{"href":"https:\/\/www.btv.md\/ro\/wp-json\/wp\/v2\/media?parent=19845"}],"wp:term":[{"taxonomy":"category","embeddable":true,"href":"https:\/\/www.btv.md\/ro\/wp-json\/wp\/v2\/categories?post=19845"},{"taxonomy":"post_tag","embeddable":true,"href":"https:\/\/www.btv.md\/ro\/wp-json\/wp\/v2\/tags?post=19845"}],"curies":[{"name":"wp","href":"https:\/\/api.w.org\/{rel}","templated":true}]}}