{"id":21005,"date":"2017-02-08T18:35:53","date_gmt":"2017-02-08T15:35:53","guid":{"rendered":"http:\/\/btv.md\/?p=21005"},"modified":"2017-02-08T18:36:13","modified_gmt":"2017-02-08T15:36:13","slug":"pomicultorii-din-nordul-tarii-vor-protesta-in-fata-guvernului","status":"publish","type":"post","link":"https:\/\/www.btv.md\/ro\/pomicultorii-din-nordul-tarii-vor-protesta-in-fata-guvernului\/","title":{"rendered":"POMICULTORII  DIN  NORDUL  \u021a\u0102RII  VOR  PROTESTA  \u00ceN  FA\u021aA  GUVERNULUI"},"content":{"rendered":"<p><strong>Un grup de pomicultori din nordul \u021b\u0103rii, livezile c\u0103rora au avut de suferit \u00een urma \u00eenghe\u021burilor de la sf\u00e2r\u0219itul lunii aprilie 2016, inten\u021bioneaz\u0103 s\u0103 protesteze \u00een fa\u021ba Guvernului \u00een leg\u0103tur\u0103 cu tergiversarea aprob\u0103rii Regulamentului privind alocarea compensa\u021biilor agricultorilor, transmite CURENTUL.<\/strong><\/p>\n<p><iframe width=\"1170\" height=\"878\" data-src=\"https:\/\/www.youtube.com\/embed\/PuRtqS2YdMI?wmode=transparent&amp;rel=0&amp;feature=oembed\" frameborder=\"0\" allow=\"accelerometer; autoplay; encrypted-media; gyroscope; picture-in-picture\" allowfullscreen src=\"data:image\/svg+xml;base64,PHN2ZyB3aWR0aD0iMSIgaGVpZ2h0PSIxIiB4bWxucz0iaHR0cDovL3d3dy53My5vcmcvMjAwMC9zdmciPjwvc3ZnPg==\" class=\"lazyload\" data-load-mode=\"1\"><\/iframe><\/p>\n<p>&nbsp;<\/p>\n<p>Mesajul acesta a fost transmis pre\u0219edintelui \u201eUniAgroProtect\u201d, Alexandru Slusari, care aminte\u0219te c\u0103 \u00een acea perioad\u0103 au fost afectate circa 6,5 mii de hectare de planta\u021bii pomicole.<\/p>\n<p>\u201ePomicultorii au pierdut de la 50 p\u00e2n\u0103 la 90% din recolt\u0103. Suma total\u0103 a prejudiciului dep\u0103\u0219e\u0219te 200 milioane de lei. De\u0219i Ministerul Agriculturii \u0219i Prim-ministrul nu odat\u0103 au promis public c\u0103 statul va acorda un sprijin financiar fermierilor, care au suferit din cauza \u00eenghe\u021burilor, Regulamentul privind alocarea compensa\u021biilor, care a fost elaborat \u00eenc\u0103 \u00een septembrie 2016, p\u00e2n\u0103 \u00een prezent, din motivele necunoscute, a\u0219a \u0219i nu a fost aprobat. \u00cen luna decembrie asocia\u021biile de fermieri s-au adresat c\u0103tre consilierul Pre\u0219edintelui pe problemele agroindustriale cu solicitarea interven\u021biei, dar nici dup\u0103 asta carul nu s-a mi\u0219cat de pe loc\u201d, scrie \u00een comunicat.<\/p>\n<p>Pomicultorii inten\u021bioneaz\u0103 s\u0103 protesteze vineri \u00een fa\u021ba Guvernului \u00eencep\u00e2nd cu ora 11.00.<\/p>\n<p>http:\/\/curentul.md\/<\/p>\n","protected":false},"excerpt":{"rendered":"<p>Un grup de pomicultori din nordul \u021b\u0103rii, livezile c\u0103rora au avut de suferit \u00een urma \u00eenghe\u021burilor de la sf\u00e2r\u0219itul lunii aprilie 2016, inten\u021bioneaz\u0103 s\u0103 protesteze \u00een fa\u021ba Guvernului \u00een leg\u0103tur\u0103 cu tergiversarea aprob\u0103rii Regulamentului privind alocarea compensa\u021biilor agricultorilor, transmite CURENTUL. &nbsp; Mesajul acesta a fost transmis pre\u0219edintelui \u201eUniAgroProtect\u201d, Alexandru Slusari, care aminte\u0219te c\u0103 \u00een acea [&hellip;]<\/p>\n","protected":false},"author":4,"featured_media":21006,"comment_status":"closed","ping_status":"closed","sticky":false,"template":"","format":"standard","meta":{"footnotes":""},"categories":[6349],"tags":[],"class_list":["post-21005","post","type-post","status-publish","format-standard","has-post-thumbnail","hentry","category-social"],"yoast_head":"<!-- This site is optimized with the Yoast SEO plugin v27.4 - https:\/\/yoast.com\/product\/yoast-seo-wordpress\/ -->\n<title>POMICULTORII DIN NORDUL \u021a\u0102RII VOR PROTESTA \u00ceN FA\u021aA GUVERNULUI<\/title>\n<meta name=\"description\" content=\"Un grup de pomicultori din nordul \u021b\u0103rii, livezile c\u0103rora au avut de suferit \u00een urma \u00eenghe\u021burilor de la sf\u00e2r\u0219itul lunii aprilie 2016,\" \/>\n<meta name=\"robots\" content=\"index, follow, max-snippet:-1, max-image-preview:large, max-video-preview:-1\" \/>\n<link rel=\"canonical\" href=\"https:\/\/www.btv.md\/ro\/pomicultorii-din-nordul-tarii-vor-protesta-in-fata-guvernului\/\" \/>\n<meta property=\"og:locale\" content=\"ro_RO\" \/>\n<meta property=\"og:type\" content=\"article\" \/>\n<meta property=\"og:title\" content=\"POMICULTORII DIN NORDUL \u021a\u0102RII VOR PROTESTA \u00ceN FA\u021aA GUVERNULUI\" \/>\n<meta property=\"og:description\" content=\"Un grup de pomicultori din nordul \u021b\u0103rii, livezile c\u0103rora au avut de suferit \u00een urma \u00eenghe\u021burilor de la sf\u00e2r\u0219itul lunii aprilie 2016,\" \/>\n<meta property=\"og:url\" content=\"https:\/\/www.btv.md\/ro\/pomicultorii-din-nordul-tarii-vor-protesta-in-fata-guvernului\/\" \/>\n<meta property=\"og:site_name\" content=\"BTV\" \/>\n<meta property=\"article:publisher\" content=\"https:\/\/www.facebook.com\/btvmoldova\/\" \/>\n<meta property=\"article:published_time\" content=\"2017-02-08T15:35:53+00:00\" \/>\n<meta property=\"article:modified_time\" content=\"2017-02-08T15:36:13+00:00\" \/>\n<meta property=\"og:image\" content=\"https:\/\/www.btv.md\/wp-content\/uploads\/2017\/02\/1-43.jpg\" \/>\n\t<meta property=\"og:image:width\" content=\"850\" \/>\n\t<meta property=\"og:image:height\" content=\"567\" \/>\n\t<meta property=\"og:image:type\" content=\"image\/jpeg\" \/>\n<meta name=\"author\" content=\"admin\" \/>\n<meta name=\"twitter:label1\" content=\"Scris de\" \/>\n\t<meta name=\"twitter:data1\" content=\"admin\" \/>\n\t<meta name=\"twitter:label2\" content=\"Timp estimat pentru citire\" \/>\n\t<meta name=\"twitter:data2\" content=\"1 minut\" \/>\n<script type=\"application\/ld+json\" class=\"yoast-schema-graph\">{\"@context\":\"https:\\\/\\\/schema.org\",\"@graph\":[{\"@type\":\"Article\",\"@id\":\"https:\\\/\\\/www.btv.md\\\/ro\\\/pomicultorii-din-nordul-tarii-vor-protesta-in-fata-guvernului\\\/#article\",\"isPartOf\":{\"@id\":\"https:\\\/\\\/www.btv.md\\\/ro\\\/pomicultorii-din-nordul-tarii-vor-protesta-in-fata-guvernului\\\/\"},\"author\":{\"name\":\"admin\",\"@id\":\"https:\\\/\\\/www.btv.md\\\/#\\\/schema\\\/person\\\/8fadce81561b3ce2c34c46dadc4ccbf2\"},\"headline\":\"POMICULTORII DIN NORDUL \u021a\u0102RII VOR PROTESTA \u00ceN FA\u021aA GUVERNULUI\",\"datePublished\":\"2017-02-08T15:35:53+00:00\",\"dateModified\":\"2017-02-08T15:36:13+00:00\",\"mainEntityOfPage\":{\"@id\":\"https:\\\/\\\/www.btv.md\\\/ro\\\/pomicultorii-din-nordul-tarii-vor-protesta-in-fata-guvernului\\\/\"},\"wordCount\":223,\"image\":{\"@id\":\"https:\\\/\\\/www.btv.md\\\/ro\\\/pomicultorii-din-nordul-tarii-vor-protesta-in-fata-guvernului\\\/#primaryimage\"},\"thumbnailUrl\":\"https:\\\/\\\/www.btv.md\\\/wp-content\\\/uploads\\\/2017\\\/02\\\/1-43.jpg\",\"articleSection\":[\"Social\"],\"inLanguage\":\"ro-RO\"},{\"@type\":\"WebPage\",\"@id\":\"https:\\\/\\\/www.btv.md\\\/ro\\\/pomicultorii-din-nordul-tarii-vor-protesta-in-fata-guvernului\\\/\",\"url\":\"https:\\\/\\\/www.btv.md\\\/ro\\\/pomicultorii-din-nordul-tarii-vor-protesta-in-fata-guvernului\\\/\",\"name\":\"POMICULTORII DIN NORDUL \u021a\u0102RII VOR PROTESTA \u00ceN FA\u021aA GUVERNULUI\",\"isPartOf\":{\"@id\":\"https:\\\/\\\/www.btv.md\\\/#website\"},\"primaryImageOfPage\":{\"@id\":\"https:\\\/\\\/www.btv.md\\\/ro\\\/pomicultorii-din-nordul-tarii-vor-protesta-in-fata-guvernului\\\/#primaryimage\"},\"image\":{\"@id\":\"https:\\\/\\\/www.btv.md\\\/ro\\\/pomicultorii-din-nordul-tarii-vor-protesta-in-fata-guvernului\\\/#primaryimage\"},\"thumbnailUrl\":\"https:\\\/\\\/www.btv.md\\\/wp-content\\\/uploads\\\/2017\\\/02\\\/1-43.jpg\",\"datePublished\":\"2017-02-08T15:35:53+00:00\",\"dateModified\":\"2017-02-08T15:36:13+00:00\",\"author\":{\"@id\":\"https:\\\/\\\/www.btv.md\\\/#\\\/schema\\\/person\\\/8fadce81561b3ce2c34c46dadc4ccbf2\"},\"description\":\"Un grup de pomicultori din nordul \u021b\u0103rii, livezile c\u0103rora au avut de suferit \u00een urma \u00eenghe\u021burilor de la sf\u00e2r\u0219itul lunii aprilie 2016,\",\"inLanguage\":\"ro-RO\",\"potentialAction\":[{\"@type\":\"ReadAction\",\"target\":[\"https:\\\/\\\/www.btv.md\\\/ro\\\/pomicultorii-din-nordul-tarii-vor-protesta-in-fata-guvernului\\\/\"]}]},{\"@type\":\"ImageObject\",\"inLanguage\":\"ro-RO\",\"@id\":\"https:\\\/\\\/www.btv.md\\\/ro\\\/pomicultorii-din-nordul-tarii-vor-protesta-in-fata-guvernului\\\/#primaryimage\",\"url\":\"https:\\\/\\\/www.btv.md\\\/wp-content\\\/uploads\\\/2017\\\/02\\\/1-43.jpg\",\"contentUrl\":\"https:\\\/\\\/www.btv.md\\\/wp-content\\\/uploads\\\/2017\\\/02\\\/1-43.jpg\",\"width\":850,\"height\":567},{\"@type\":\"WebSite\",\"@id\":\"https:\\\/\\\/www.btv.md\\\/#website\",\"url\":\"https:\\\/\\\/www.btv.md\\\/\",\"name\":\"BTV\",\"description\":\"\u0411\u0435\u043b\u044c\u0446\u043a\u043e\u0435 \u0442\u0435\u043b\u0435\u0432\u0438\u0434\u0435\u043d\u0438\u0435\",\"potentialAction\":[{\"@type\":\"SearchAction\",\"target\":{\"@type\":\"EntryPoint\",\"urlTemplate\":\"https:\\\/\\\/www.btv.md\\\/?s={search_term_string}\"},\"query-input\":{\"@type\":\"PropertyValueSpecification\",\"valueRequired\":true,\"valueName\":\"search_term_string\"}}],\"inLanguage\":\"ro-RO\"},{\"@type\":\"Person\",\"@id\":\"https:\\\/\\\/www.btv.md\\\/#\\\/schema\\\/person\\\/8fadce81561b3ce2c34c46dadc4ccbf2\",\"name\":\"admin\"}]}<\/script>\n<!-- \/ Yoast SEO plugin. -->","yoast_head_json":{"title":"POMICULTORII DIN NORDUL \u021a\u0102RII VOR PROTESTA \u00ceN FA\u021aA GUVERNULUI","description":"Un grup de pomicultori din nordul \u021b\u0103rii, livezile c\u0103rora au avut de suferit \u00een urma \u00eenghe\u021burilor de la sf\u00e2r\u0219itul lunii aprilie 2016,","robots":{"index":"index","follow":"follow","max-snippet":"max-snippet:-1","max-image-preview":"max-image-preview:large","max-video-preview":"max-video-preview:-1"},"canonical":"https:\/\/www.btv.md\/ro\/pomicultorii-din-nordul-tarii-vor-protesta-in-fata-guvernului\/","og_locale":"ro_RO","og_type":"article","og_title":"POMICULTORII DIN NORDUL \u021a\u0102RII VOR PROTESTA \u00ceN FA\u021aA GUVERNULUI","og_description":"Un grup de pomicultori din nordul \u021b\u0103rii, livezile c\u0103rora au avut de suferit \u00een urma \u00eenghe\u021burilor de la sf\u00e2r\u0219itul lunii aprilie 2016,","og_url":"https:\/\/www.btv.md\/ro\/pomicultorii-din-nordul-tarii-vor-protesta-in-fata-guvernului\/","og_site_name":"BTV","article_publisher":"https:\/\/www.facebook.com\/btvmoldova\/","article_published_time":"2017-02-08T15:35:53+00:00","article_modified_time":"2017-02-08T15:36:13+00:00","og_image":[{"width":850,"height":567,"url":"https:\/\/www.btv.md\/wp-content\/uploads\/2017\/02\/1-43.jpg","type":"image\/jpeg"}],"author":"admin","twitter_misc":{"Scris de":"admin","Timp estimat pentru citire":"1 minut"},"schema":{"@context":"https:\/\/schema.org","@graph":[{"@type":"Article","@id":"https:\/\/www.btv.md\/ro\/pomicultorii-din-nordul-tarii-vor-protesta-in-fata-guvernului\/#article","isPartOf":{"@id":"https:\/\/www.btv.md\/ro\/pomicultorii-din-nordul-tarii-vor-protesta-in-fata-guvernului\/"},"author":{"name":"admin","@id":"https:\/\/www.btv.md\/#\/schema\/person\/8fadce81561b3ce2c34c46dadc4ccbf2"},"headline":"POMICULTORII DIN NORDUL \u021a\u0102RII VOR PROTESTA \u00ceN FA\u021aA GUVERNULUI","datePublished":"2017-02-08T15:35:53+00:00","dateModified":"2017-02-08T15:36:13+00:00","mainEntityOfPage":{"@id":"https:\/\/www.btv.md\/ro\/pomicultorii-din-nordul-tarii-vor-protesta-in-fata-guvernului\/"},"wordCount":223,"image":{"@id":"https:\/\/www.btv.md\/ro\/pomicultorii-din-nordul-tarii-vor-protesta-in-fata-guvernului\/#primaryimage"},"thumbnailUrl":"https:\/\/www.btv.md\/wp-content\/uploads\/2017\/02\/1-43.jpg","articleSection":["Social"],"inLanguage":"ro-RO"},{"@type":"WebPage","@id":"https:\/\/www.btv.md\/ro\/pomicultorii-din-nordul-tarii-vor-protesta-in-fata-guvernului\/","url":"https:\/\/www.btv.md\/ro\/pomicultorii-din-nordul-tarii-vor-protesta-in-fata-guvernului\/","name":"POMICULTORII DIN NORDUL \u021a\u0102RII VOR PROTESTA \u00ceN FA\u021aA GUVERNULUI","isPartOf":{"@id":"https:\/\/www.btv.md\/#website"},"primaryImageOfPage":{"@id":"https:\/\/www.btv.md\/ro\/pomicultorii-din-nordul-tarii-vor-protesta-in-fata-guvernului\/#primaryimage"},"image":{"@id":"https:\/\/www.btv.md\/ro\/pomicultorii-din-nordul-tarii-vor-protesta-in-fata-guvernului\/#primaryimage"},"thumbnailUrl":"https:\/\/www.btv.md\/wp-content\/uploads\/2017\/02\/1-43.jpg","datePublished":"2017-02-08T15:35:53+00:00","dateModified":"2017-02-08T15:36:13+00:00","author":{"@id":"https:\/\/www.btv.md\/#\/schema\/person\/8fadce81561b3ce2c34c46dadc4ccbf2"},"description":"Un grup de pomicultori din nordul \u021b\u0103rii, livezile c\u0103rora au avut de suferit \u00een urma \u00eenghe\u021burilor de la sf\u00e2r\u0219itul lunii aprilie 2016,","inLanguage":"ro-RO","potentialAction":[{"@type":"ReadAction","target":["https:\/\/www.btv.md\/ro\/pomicultorii-din-nordul-tarii-vor-protesta-in-fata-guvernului\/"]}]},{"@type":"ImageObject","inLanguage":"ro-RO","@id":"https:\/\/www.btv.md\/ro\/pomicultorii-din-nordul-tarii-vor-protesta-in-fata-guvernului\/#primaryimage","url":"https:\/\/www.btv.md\/wp-content\/uploads\/2017\/02\/1-43.jpg","contentUrl":"https:\/\/www.btv.md\/wp-content\/uploads\/2017\/02\/1-43.jpg","width":850,"height":567},{"@type":"WebSite","@id":"https:\/\/www.btv.md\/#website","url":"https:\/\/www.btv.md\/","name":"BTV","description":"\u0411\u0435\u043b\u044c\u0446\u043a\u043e\u0435 \u0442\u0435\u043b\u0435\u0432\u0438\u0434\u0435\u043d\u0438\u0435","potentialAction":[{"@type":"SearchAction","target":{"@type":"EntryPoint","urlTemplate":"https:\/\/www.btv.md\/?s={search_term_string}"},"query-input":{"@type":"PropertyValueSpecification","valueRequired":true,"valueName":"search_term_string"}}],"inLanguage":"ro-RO"},{"@type":"Person","@id":"https:\/\/www.btv.md\/#\/schema\/person\/8fadce81561b3ce2c34c46dadc4ccbf2","name":"admin"}]}},"_links":{"self":[{"href":"https:\/\/www.btv.md\/ro\/wp-json\/wp\/v2\/posts\/21005","targetHints":{"allow":["GET"]}}],"collection":[{"href":"https:\/\/www.btv.md\/ro\/wp-json\/wp\/v2\/posts"}],"about":[{"href":"https:\/\/www.btv.md\/ro\/wp-json\/wp\/v2\/types\/post"}],"author":[{"embeddable":true,"href":"https:\/\/www.btv.md\/ro\/wp-json\/wp\/v2\/users\/4"}],"replies":[{"embeddable":true,"href":"https:\/\/www.btv.md\/ro\/wp-json\/wp\/v2\/comments?post=21005"}],"version-history":[{"count":0,"href":"https:\/\/www.btv.md\/ro\/wp-json\/wp\/v2\/posts\/21005\/revisions"}],"wp:featuredmedia":[{"embeddable":true,"href":"https:\/\/www.btv.md\/ro\/wp-json\/wp\/v2\/media\/21006"}],"wp:attachment":[{"href":"https:\/\/www.btv.md\/ro\/wp-json\/wp\/v2\/media?parent=21005"}],"wp:term":[{"taxonomy":"category","embeddable":true,"href":"https:\/\/www.btv.md\/ro\/wp-json\/wp\/v2\/categories?post=21005"},{"taxonomy":"post_tag","embeddable":true,"href":"https:\/\/www.btv.md\/ro\/wp-json\/wp\/v2\/tags?post=21005"}],"curies":[{"name":"wp","href":"https:\/\/api.w.org\/{rel}","templated":true}]}}