{"id":21008,"date":"2017-02-08T18:39:08","date_gmt":"2017-02-08T15:39:08","guid":{"rendered":"http:\/\/btv.md\/?p=21008"},"modified":"2019-04-01T10:47:18","modified_gmt":"2019-04-01T07:47:18","slug":"pazea-aproape-13-000-de-infectii-respiratore-acute-la-balti","status":"publish","type":"post","link":"https:\/\/www.btv.md\/ro\/pazea-aproape-13-000-de-infectii-respiratore-acute-la-balti\/","title":{"rendered":"P\u0102ZEA! APROAPE  13.000  DE  INFEC\u021aII  RESPIRATORE  ACUTE  LA  B\u0102L\u021aI"},"content":{"rendered":"<p><strong>Num\u0103rul cazurilor de viroze \u0219i grip\u0103 au crescut sim\u021bitor \u00een ultimile dou\u0103 s\u0103pt\u0103m\u00e2ni. A\u0219adar \u00een municipiul B\u0103l\u021bi s-au \u00eenregistrat 1213 de infec\u021bii respiratorii acute \u0219i 9 cazuri de grip\u0103. Potrivit \u0219efei de sec\u021bie s\u0103n\u0103tatea alimentelor, Centrul de S\u0103n\u0103tate Public\u0103, Elena Tureac, num\u0103rul de cazuri de grip\u0103 a crescut \u00een leg\u0103tur\u0103 cu oscila\u021biile extreme ale temperaturilor.<\/strong><\/p>\n<p><iframe width=\"1170\" height=\"878\" data-src=\"https:\/\/www.youtube.com\/embed\/ZKksGBDydzE?wmode=transparent&amp;rel=0&amp;feature=oembed\" frameborder=\"0\" allow=\"accelerometer; autoplay; encrypted-media; gyroscope; picture-in-picture\" allowfullscreen src=\"data:image\/svg+xml;base64,PHN2ZyB3aWR0aD0iMSIgaGVpZ2h0PSIxIiB4bWxucz0iaHR0cDovL3d3dy53My5vcmcvMjAwMC9zdmciPjwvc3ZnPg==\" class=\"lazyload\" data-load-mode=\"1\"><\/iframe><\/p>\n<p>Aproape 70 la sut\u0103 din bolnavi sunt copii \u0219i adolescen\u021bi. Acestea sunt doar datele oficiale, realitatea \u00eens\u0103 poate fi alta, deoarece multe persoane nu se adreseaz\u0103 la medic.<\/p>\n<p>Conform unei statistici prezentat\u0103 de administra\u021bia centrului de s\u0103n\u0103tate public\u0103, \u00een anul 2016 au crescut cazurile de viroze \u0219i grip\u0103. Dac\u0103 \u00een anul 2015,\u00a0 s-au \u00eenregistrat 24593 de cazuri de viroze, atunci \u00een anul 2016 , 28368.<\/p>\n<p>Medicii \u00eendeamn\u0103 cet\u0103\u021benii s\u0103 se adreseze dup\u0103 ajutor calificat dup\u0103 primele simptome de tus\u0103, febr\u0103 \u0219i cefalee. Din luna octombrie \u0219i p\u00e2n\u0103 \u00een prezent \u00een municipiul B\u0103l\u021bi 12586 de oameni au fost diagnostica\u021bi cu viroze \u0219i 109 cu grip\u0103, dintre care 9 cazuri au fost grip\u0103 sezonier\u0103 de tip H3N2.<\/p>\n<p>\u00cen viitorul apropiat, medicii se mai a\u0219teapt\u0103 \u00eenc\u0103 la un val de grip\u0103.<\/p>\n<p>BTV aminte\u0219te c\u0103 la \u00eenceputul anului 2017, un b\u0103rbat \u0219i o femeie au decedat din cauza gripei. Este vorba despre doi tineri din municipiul B\u0103l\u021bi \u0219i raionul Cahul, de 27 \u0219i 28 de ani.<\/p>\n","protected":false},"excerpt":{"rendered":"<p>Num\u0103rul cazurilor de viroze \u0219i grip\u0103 au crescut sim\u021bitor \u00een ultimile dou\u0103 s\u0103pt\u0103m\u00e2ni. A\u0219adar \u00een municipiul B\u0103l\u021bi s-au \u00eenregistrat 1213 de infec\u021bii respiratorii acute \u0219i 9 cazuri de grip\u0103. Potrivit \u0219efei de sec\u021bie s\u0103n\u0103tatea alimentelor, Centrul de S\u0103n\u0103tate Public\u0103, Elena Tureac, num\u0103rul de cazuri de grip\u0103 a crescut \u00een leg\u0103tur\u0103 cu oscila\u021biile extreme ale temperaturilor. [&hellip;]<\/p>\n","protected":false},"author":4,"featured_media":21009,"comment_status":"closed","ping_status":"closed","sticky":false,"template":"","format":"standard","meta":{"footnotes":""},"categories":[6349],"tags":[],"class_list":["post-21008","post","type-post","status-publish","format-standard","has-post-thumbnail","hentry","category-social"],"yoast_head":"<!-- This site is optimized with the Yoast SEO plugin v27.4 - https:\/\/yoast.com\/product\/yoast-seo-wordpress\/ -->\n<title>P\u0102ZEA! APROAPE 13.000 DE INFEC\u021aII RESPIRATORE ACUTE LA B\u0102L\u021aI<\/title>\n<meta name=\"description\" content=\"Num\u0103rul cazurilor de viroze \u0219i grip\u0103 au crescut sim\u021bitor \u00een ultimile dou\u0103 s\u0103pt\u0103m\u00e2ni. A\u0219adar \u00een municipiul B\u0103l\u021bi s-au \u00eenregistrat 1213 de infec\u021bii respirato\" \/>\n<meta name=\"robots\" content=\"index, follow, max-snippet:-1, max-image-preview:large, max-video-preview:-1\" \/>\n<link rel=\"canonical\" href=\"https:\/\/www.btv.md\/ro\/pazea-aproape-13-000-de-infectii-respiratore-acute-la-balti\/\" \/>\n<meta property=\"og:locale\" content=\"ro_RO\" \/>\n<meta property=\"og:type\" content=\"article\" \/>\n<meta property=\"og:title\" content=\"P\u0102ZEA! APROAPE 13.000 DE INFEC\u021aII RESPIRATORE ACUTE LA B\u0102L\u021aI\" \/>\n<meta property=\"og:description\" content=\"Num\u0103rul cazurilor de viroze \u0219i grip\u0103 au crescut sim\u021bitor \u00een ultimile dou\u0103 s\u0103pt\u0103m\u00e2ni. A\u0219adar \u00een municipiul B\u0103l\u021bi s-au \u00eenregistrat 1213 de infec\u021bii respirato\" \/>\n<meta property=\"og:url\" content=\"https:\/\/www.btv.md\/ro\/pazea-aproape-13-000-de-infectii-respiratore-acute-la-balti\/\" \/>\n<meta property=\"og:site_name\" content=\"BTV\" \/>\n<meta property=\"article:publisher\" content=\"https:\/\/www.facebook.com\/btvmoldova\/\" \/>\n<meta property=\"article:published_time\" content=\"2017-02-08T15:39:08+00:00\" \/>\n<meta property=\"article:modified_time\" content=\"2019-04-01T07:47:18+00:00\" \/>\n<meta property=\"og:image\" content=\"https:\/\/www.btv.md\/wp-content\/uploads\/2017\/02\/secund-2.jpg\" \/>\n\t<meta property=\"og:image:width\" content=\"622\" \/>\n\t<meta property=\"og:image:height\" content=\"359\" \/>\n\t<meta property=\"og:image:type\" content=\"image\/jpeg\" \/>\n<meta name=\"author\" content=\"admin\" \/>\n<meta name=\"twitter:label1\" content=\"Scris de\" \/>\n\t<meta name=\"twitter:data1\" content=\"admin\" \/>\n\t<meta name=\"twitter:label2\" content=\"Timp estimat pentru citire\" \/>\n\t<meta name=\"twitter:data2\" content=\"1 minut\" \/>\n<script type=\"application\/ld+json\" class=\"yoast-schema-graph\">{\"@context\":\"https:\\\/\\\/schema.org\",\"@graph\":[{\"@type\":\"Article\",\"@id\":\"https:\\\/\\\/www.btv.md\\\/ro\\\/pazea-aproape-13-000-de-infectii-respiratore-acute-la-balti\\\/#article\",\"isPartOf\":{\"@id\":\"https:\\\/\\\/www.btv.md\\\/ro\\\/pazea-aproape-13-000-de-infectii-respiratore-acute-la-balti\\\/\"},\"author\":{\"name\":\"admin\",\"@id\":\"https:\\\/\\\/www.btv.md\\\/#\\\/schema\\\/person\\\/8fadce81561b3ce2c34c46dadc4ccbf2\"},\"headline\":\"P\u0102ZEA! APROAPE 13.000 DE INFEC\u021aII RESPIRATORE ACUTE LA B\u0102L\u021aI\",\"datePublished\":\"2017-02-08T15:39:08+00:00\",\"dateModified\":\"2019-04-01T07:47:18+00:00\",\"mainEntityOfPage\":{\"@id\":\"https:\\\/\\\/www.btv.md\\\/ro\\\/pazea-aproape-13-000-de-infectii-respiratore-acute-la-balti\\\/\"},\"wordCount\":250,\"image\":{\"@id\":\"https:\\\/\\\/www.btv.md\\\/ro\\\/pazea-aproape-13-000-de-infectii-respiratore-acute-la-balti\\\/#primaryimage\"},\"thumbnailUrl\":\"https:\\\/\\\/www.btv.md\\\/wp-content\\\/uploads\\\/2017\\\/02\\\/secund-2.jpg\",\"articleSection\":[\"Social\"],\"inLanguage\":\"ro-RO\"},{\"@type\":\"WebPage\",\"@id\":\"https:\\\/\\\/www.btv.md\\\/ro\\\/pazea-aproape-13-000-de-infectii-respiratore-acute-la-balti\\\/\",\"url\":\"https:\\\/\\\/www.btv.md\\\/ro\\\/pazea-aproape-13-000-de-infectii-respiratore-acute-la-balti\\\/\",\"name\":\"P\u0102ZEA! APROAPE 13.000 DE INFEC\u021aII RESPIRATORE ACUTE LA B\u0102L\u021aI\",\"isPartOf\":{\"@id\":\"https:\\\/\\\/www.btv.md\\\/#website\"},\"primaryImageOfPage\":{\"@id\":\"https:\\\/\\\/www.btv.md\\\/ro\\\/pazea-aproape-13-000-de-infectii-respiratore-acute-la-balti\\\/#primaryimage\"},\"image\":{\"@id\":\"https:\\\/\\\/www.btv.md\\\/ro\\\/pazea-aproape-13-000-de-infectii-respiratore-acute-la-balti\\\/#primaryimage\"},\"thumbnailUrl\":\"https:\\\/\\\/www.btv.md\\\/wp-content\\\/uploads\\\/2017\\\/02\\\/secund-2.jpg\",\"datePublished\":\"2017-02-08T15:39:08+00:00\",\"dateModified\":\"2019-04-01T07:47:18+00:00\",\"author\":{\"@id\":\"https:\\\/\\\/www.btv.md\\\/#\\\/schema\\\/person\\\/8fadce81561b3ce2c34c46dadc4ccbf2\"},\"description\":\"Num\u0103rul cazurilor de viroze \u0219i grip\u0103 au crescut sim\u021bitor \u00een ultimile dou\u0103 s\u0103pt\u0103m\u00e2ni. A\u0219adar \u00een municipiul B\u0103l\u021bi s-au \u00eenregistrat 1213 de infec\u021bii respirato\",\"inLanguage\":\"ro-RO\",\"potentialAction\":[{\"@type\":\"ReadAction\",\"target\":[\"https:\\\/\\\/www.btv.md\\\/ro\\\/pazea-aproape-13-000-de-infectii-respiratore-acute-la-balti\\\/\"]}]},{\"@type\":\"ImageObject\",\"inLanguage\":\"ro-RO\",\"@id\":\"https:\\\/\\\/www.btv.md\\\/ro\\\/pazea-aproape-13-000-de-infectii-respiratore-acute-la-balti\\\/#primaryimage\",\"url\":\"https:\\\/\\\/www.btv.md\\\/wp-content\\\/uploads\\\/2017\\\/02\\\/secund-2.jpg\",\"contentUrl\":\"https:\\\/\\\/www.btv.md\\\/wp-content\\\/uploads\\\/2017\\\/02\\\/secund-2.jpg\",\"width\":622,\"height\":359},{\"@type\":\"WebSite\",\"@id\":\"https:\\\/\\\/www.btv.md\\\/#website\",\"url\":\"https:\\\/\\\/www.btv.md\\\/\",\"name\":\"BTV\",\"description\":\"\u0411\u0435\u043b\u044c\u0446\u043a\u043e\u0435 \u0442\u0435\u043b\u0435\u0432\u0438\u0434\u0435\u043d\u0438\u0435\",\"potentialAction\":[{\"@type\":\"SearchAction\",\"target\":{\"@type\":\"EntryPoint\",\"urlTemplate\":\"https:\\\/\\\/www.btv.md\\\/?s={search_term_string}\"},\"query-input\":{\"@type\":\"PropertyValueSpecification\",\"valueRequired\":true,\"valueName\":\"search_term_string\"}}],\"inLanguage\":\"ro-RO\"},{\"@type\":\"Person\",\"@id\":\"https:\\\/\\\/www.btv.md\\\/#\\\/schema\\\/person\\\/8fadce81561b3ce2c34c46dadc4ccbf2\",\"name\":\"admin\"}]}<\/script>\n<!-- \/ Yoast SEO plugin. -->","yoast_head_json":{"title":"P\u0102ZEA! APROAPE 13.000 DE INFEC\u021aII RESPIRATORE ACUTE LA B\u0102L\u021aI","description":"Num\u0103rul cazurilor de viroze \u0219i grip\u0103 au crescut sim\u021bitor \u00een ultimile dou\u0103 s\u0103pt\u0103m\u00e2ni. A\u0219adar \u00een municipiul B\u0103l\u021bi s-au \u00eenregistrat 1213 de infec\u021bii respirato","robots":{"index":"index","follow":"follow","max-snippet":"max-snippet:-1","max-image-preview":"max-image-preview:large","max-video-preview":"max-video-preview:-1"},"canonical":"https:\/\/www.btv.md\/ro\/pazea-aproape-13-000-de-infectii-respiratore-acute-la-balti\/","og_locale":"ro_RO","og_type":"article","og_title":"P\u0102ZEA! APROAPE 13.000 DE INFEC\u021aII RESPIRATORE ACUTE LA B\u0102L\u021aI","og_description":"Num\u0103rul cazurilor de viroze \u0219i grip\u0103 au crescut sim\u021bitor \u00een ultimile dou\u0103 s\u0103pt\u0103m\u00e2ni. A\u0219adar \u00een municipiul B\u0103l\u021bi s-au \u00eenregistrat 1213 de infec\u021bii respirato","og_url":"https:\/\/www.btv.md\/ro\/pazea-aproape-13-000-de-infectii-respiratore-acute-la-balti\/","og_site_name":"BTV","article_publisher":"https:\/\/www.facebook.com\/btvmoldova\/","article_published_time":"2017-02-08T15:39:08+00:00","article_modified_time":"2019-04-01T07:47:18+00:00","og_image":[{"width":622,"height":359,"url":"https:\/\/www.btv.md\/wp-content\/uploads\/2017\/02\/secund-2.jpg","type":"image\/jpeg"}],"author":"admin","twitter_misc":{"Scris de":"admin","Timp estimat pentru citire":"1 minut"},"schema":{"@context":"https:\/\/schema.org","@graph":[{"@type":"Article","@id":"https:\/\/www.btv.md\/ro\/pazea-aproape-13-000-de-infectii-respiratore-acute-la-balti\/#article","isPartOf":{"@id":"https:\/\/www.btv.md\/ro\/pazea-aproape-13-000-de-infectii-respiratore-acute-la-balti\/"},"author":{"name":"admin","@id":"https:\/\/www.btv.md\/#\/schema\/person\/8fadce81561b3ce2c34c46dadc4ccbf2"},"headline":"P\u0102ZEA! APROAPE 13.000 DE INFEC\u021aII RESPIRATORE ACUTE LA B\u0102L\u021aI","datePublished":"2017-02-08T15:39:08+00:00","dateModified":"2019-04-01T07:47:18+00:00","mainEntityOfPage":{"@id":"https:\/\/www.btv.md\/ro\/pazea-aproape-13-000-de-infectii-respiratore-acute-la-balti\/"},"wordCount":250,"image":{"@id":"https:\/\/www.btv.md\/ro\/pazea-aproape-13-000-de-infectii-respiratore-acute-la-balti\/#primaryimage"},"thumbnailUrl":"https:\/\/www.btv.md\/wp-content\/uploads\/2017\/02\/secund-2.jpg","articleSection":["Social"],"inLanguage":"ro-RO"},{"@type":"WebPage","@id":"https:\/\/www.btv.md\/ro\/pazea-aproape-13-000-de-infectii-respiratore-acute-la-balti\/","url":"https:\/\/www.btv.md\/ro\/pazea-aproape-13-000-de-infectii-respiratore-acute-la-balti\/","name":"P\u0102ZEA! APROAPE 13.000 DE INFEC\u021aII RESPIRATORE ACUTE LA B\u0102L\u021aI","isPartOf":{"@id":"https:\/\/www.btv.md\/#website"},"primaryImageOfPage":{"@id":"https:\/\/www.btv.md\/ro\/pazea-aproape-13-000-de-infectii-respiratore-acute-la-balti\/#primaryimage"},"image":{"@id":"https:\/\/www.btv.md\/ro\/pazea-aproape-13-000-de-infectii-respiratore-acute-la-balti\/#primaryimage"},"thumbnailUrl":"https:\/\/www.btv.md\/wp-content\/uploads\/2017\/02\/secund-2.jpg","datePublished":"2017-02-08T15:39:08+00:00","dateModified":"2019-04-01T07:47:18+00:00","author":{"@id":"https:\/\/www.btv.md\/#\/schema\/person\/8fadce81561b3ce2c34c46dadc4ccbf2"},"description":"Num\u0103rul cazurilor de viroze \u0219i grip\u0103 au crescut sim\u021bitor \u00een ultimile dou\u0103 s\u0103pt\u0103m\u00e2ni. A\u0219adar \u00een municipiul B\u0103l\u021bi s-au \u00eenregistrat 1213 de infec\u021bii respirato","inLanguage":"ro-RO","potentialAction":[{"@type":"ReadAction","target":["https:\/\/www.btv.md\/ro\/pazea-aproape-13-000-de-infectii-respiratore-acute-la-balti\/"]}]},{"@type":"ImageObject","inLanguage":"ro-RO","@id":"https:\/\/www.btv.md\/ro\/pazea-aproape-13-000-de-infectii-respiratore-acute-la-balti\/#primaryimage","url":"https:\/\/www.btv.md\/wp-content\/uploads\/2017\/02\/secund-2.jpg","contentUrl":"https:\/\/www.btv.md\/wp-content\/uploads\/2017\/02\/secund-2.jpg","width":622,"height":359},{"@type":"WebSite","@id":"https:\/\/www.btv.md\/#website","url":"https:\/\/www.btv.md\/","name":"BTV","description":"\u0411\u0435\u043b\u044c\u0446\u043a\u043e\u0435 \u0442\u0435\u043b\u0435\u0432\u0438\u0434\u0435\u043d\u0438\u0435","potentialAction":[{"@type":"SearchAction","target":{"@type":"EntryPoint","urlTemplate":"https:\/\/www.btv.md\/?s={search_term_string}"},"query-input":{"@type":"PropertyValueSpecification","valueRequired":true,"valueName":"search_term_string"}}],"inLanguage":"ro-RO"},{"@type":"Person","@id":"https:\/\/www.btv.md\/#\/schema\/person\/8fadce81561b3ce2c34c46dadc4ccbf2","name":"admin"}]}},"_links":{"self":[{"href":"https:\/\/www.btv.md\/ro\/wp-json\/wp\/v2\/posts\/21008","targetHints":{"allow":["GET"]}}],"collection":[{"href":"https:\/\/www.btv.md\/ro\/wp-json\/wp\/v2\/posts"}],"about":[{"href":"https:\/\/www.btv.md\/ro\/wp-json\/wp\/v2\/types\/post"}],"author":[{"embeddable":true,"href":"https:\/\/www.btv.md\/ro\/wp-json\/wp\/v2\/users\/4"}],"replies":[{"embeddable":true,"href":"https:\/\/www.btv.md\/ro\/wp-json\/wp\/v2\/comments?post=21008"}],"version-history":[{"count":0,"href":"https:\/\/www.btv.md\/ro\/wp-json\/wp\/v2\/posts\/21008\/revisions"}],"wp:featuredmedia":[{"embeddable":true,"href":"https:\/\/www.btv.md\/ro\/wp-json\/wp\/v2\/media\/21009"}],"wp:attachment":[{"href":"https:\/\/www.btv.md\/ro\/wp-json\/wp\/v2\/media?parent=21008"}],"wp:term":[{"taxonomy":"category","embeddable":true,"href":"https:\/\/www.btv.md\/ro\/wp-json\/wp\/v2\/categories?post=21008"},{"taxonomy":"post_tag","embeddable":true,"href":"https:\/\/www.btv.md\/ro\/wp-json\/wp\/v2\/tags?post=21008"}],"curies":[{"name":"wp","href":"https:\/\/api.w.org\/{rel}","templated":true}]}}