{"id":21055,"date":"2017-02-09T19:58:11","date_gmt":"2017-02-09T16:58:11","guid":{"rendered":"http:\/\/btv.md\/?p=21055"},"modified":"2017-02-09T19:58:19","modified_gmt":"2017-02-09T16:58:19","slug":"inca-o-masina-a-luat-foc-la-balti-de-vina-ar-fi-soferul","status":"publish","type":"post","link":"https:\/\/www.btv.md\/ro\/inca-o-masina-a-luat-foc-la-balti-de-vina-ar-fi-soferul\/","title":{"rendered":"\u00ceNC\u0102  O  MA\u0218IN\u0102  A  LUAT  FOC  LA  B\u0102L\u021aI. DE  VIN\u0102  AR  FI  \u0218OFERUL"},"content":{"rendered":"<p><strong>Un \u0219ofer din B\u0103l\u021bi a fost la un pas de a r\u0103m\u00e2ne f\u0103r\u0103 ma\u0219in\u0103, din cauza unei defec\u021biuni la acumulatorul auto. Acesta a provocat un scurt circuit \u00een firele electrice \u00een urma c\u0103ruia motorul ma\u0219inii a luat foc.<\/strong><\/p>\n<p><iframe width=\"1170\" height=\"878\" data-src=\"https:\/\/www.youtube.com\/embed\/-CLIapK2UGw?wmode=transparent&amp;rel=0&amp;feature=oembed\" frameborder=\"0\" allow=\"accelerometer; autoplay; encrypted-media; gyroscope; picture-in-picture\" allowfullscreen src=\"data:image\/svg+xml;base64,PHN2ZyB3aWR0aD0iMSIgaGVpZ2h0PSIxIiB4bWxucz0iaHR0cDovL3d3dy53My5vcmcvMjAwMC9zdmciPjwvc3ZnPg==\" class=\"lazyload\" data-load-mode=\"1\"><\/iframe><\/p>\n<p>S-a \u00eent\u00e2mplat \u00een seara zilei de miercuri, 8 februarie, \u00een parcarea unui centru comercial din municipiului B\u0103l\u021bi. Motorul ma\u0219inii era \u00een func\u021biune, c\u00e2nd de sub capot\u0103 a \u00eenceput s\u0103 ias\u0103 fum, iar la scurt timp au izbucnit \u0219i fl\u0103c\u0103rile. \u00cen ajutorul \u0219oferului au venit c\u00e2teva persoane, care au deblocat capota \u0219i au stins focul, dup\u0103 care, la fa\u021ba locului au intervenit \u0219i pompierii.<\/p>\n<p>Nu este pentru prima dat\u0103 c\u00e2nd ma\u0219inile iau foc \u00een parcare sau chiar din mers. Anul trecut, \u00een municipiul B\u0103l\u021bi au fost \u00eenregistrate 12 astfel de incendii. \u00cen anul curent, acesta este deja al doilea caz. Cu dou\u0103 s\u0103pt\u0103m\u00e2ni \u00een urm\u0103, o ma\u0219in\u0103 a luat foc noaptea. Atunci, fl\u0103c\u0103rile au distrus partea din fa\u021b\u0103 a automobilului.<\/p>\n<p>Potrivit inspectorului sec\u021biei de ap\u0103rare \u00eempotriva incendiilor a Direc\u021biei Situa\u021bii Excep\u021bionale B\u0103l\u021bi, Snejana Ple\u0219ca, \u00een mare parte, asemena incidente au loc din cauza proprietarilor, care nu au grij\u0103 de starea tehnic\u0103 a mijlocului de transport sau efectueaz\u0103 lucr\u0103ri de repara\u021bie f\u0103r\u0103 a se adresa speciali\u0219tilor. Un asemenea comportament poate avea consecin\u021be tragice, mai ales dac\u0103 este vorba despre automobilele pe gaz.<\/p>\n<p>Ultimul automobil care a luat foc, nu a fost exploatat o perioad\u0103 \u00eendelungat\u0103, iar la momentul \u00een care a fost pus din nou \u00een func\u021biune, \u0219oferul nu s-a asigurat de starea tehnic\u0103 a acestuia.<\/p>\n","protected":false},"excerpt":{"rendered":"<p>Un \u0219ofer din B\u0103l\u021bi a fost la un pas de a r\u0103m\u00e2ne f\u0103r\u0103 ma\u0219in\u0103, din cauza unei defec\u021biuni la acumulatorul auto. Acesta a provocat un scurt circuit \u00een firele electrice \u00een urma c\u0103ruia motorul ma\u0219inii a luat foc. S-a \u00eent\u00e2mplat \u00een seara zilei de miercuri, 8 februarie, \u00een parcarea unui centru comercial din municipiului B\u0103l\u021bi. [&hellip;]<\/p>\n","protected":false},"author":4,"featured_media":21056,"comment_status":"closed","ping_status":"closed","sticky":false,"template":"","format":"standard","meta":{"footnotes":""},"categories":[6351],"tags":[],"class_list":["post-21055","post","type-post","status-publish","format-standard","has-post-thumbnail","hentry","category-incidente"],"yoast_head":"<!-- This site is optimized with the Yoast SEO plugin v27.4 - https:\/\/yoast.com\/product\/yoast-seo-wordpress\/ -->\n<title>\u00ceNC\u0102 O MA\u0218IN\u0102 A LUAT FOC LA B\u0102L\u021aI. DE VIN\u0102 AR FI \u0218OFERUL<\/title>\n<meta name=\"description\" content=\"Un \u0219ofer din B\u0103l\u021bi a fost la un pas de a r\u0103m\u00e2ne f\u0103r\u0103 ma\u0219in\u0103, din cauza unei defec\u021biuni la acumulatorul auto\" \/>\n<meta name=\"robots\" content=\"index, follow, max-snippet:-1, max-image-preview:large, max-video-preview:-1\" \/>\n<link rel=\"canonical\" href=\"https:\/\/www.btv.md\/ro\/inca-o-masina-a-luat-foc-la-balti-de-vina-ar-fi-soferul\/\" \/>\n<meta property=\"og:locale\" content=\"ro_RO\" \/>\n<meta property=\"og:type\" content=\"article\" \/>\n<meta property=\"og:title\" content=\"\u00ceNC\u0102 O MA\u0218IN\u0102 A LUAT FOC LA B\u0102L\u021aI. DE VIN\u0102 AR FI \u0218OFERUL\" \/>\n<meta property=\"og:description\" content=\"Un \u0219ofer din B\u0103l\u021bi a fost la un pas de a r\u0103m\u00e2ne f\u0103r\u0103 ma\u0219in\u0103, din cauza unei defec\u021biuni la acumulatorul auto\" \/>\n<meta property=\"og:url\" content=\"https:\/\/www.btv.md\/ro\/inca-o-masina-a-luat-foc-la-balti-de-vina-ar-fi-soferul\/\" \/>\n<meta property=\"og:site_name\" content=\"BTV\" \/>\n<meta property=\"article:publisher\" content=\"https:\/\/www.facebook.com\/btvmoldova\/\" \/>\n<meta property=\"article:published_time\" content=\"2017-02-09T16:58:11+00:00\" \/>\n<meta property=\"article:modified_time\" content=\"2017-02-09T16:58:19+00:00\" \/>\n<meta property=\"og:image\" content=\"https:\/\/www.btv.md\/wp-content\/uploads\/2017\/02\/1-50.jpg\" \/>\n\t<meta property=\"og:image:width\" content=\"850\" \/>\n\t<meta property=\"og:image:height\" content=\"567\" \/>\n\t<meta property=\"og:image:type\" content=\"image\/jpeg\" \/>\n<meta name=\"author\" content=\"admin\" \/>\n<meta name=\"twitter:label1\" content=\"Scris de\" \/>\n\t<meta name=\"twitter:data1\" content=\"admin\" \/>\n\t<meta name=\"twitter:label2\" content=\"Timp estimat pentru citire\" \/>\n\t<meta name=\"twitter:data2\" content=\"1 minut\" \/>\n<script type=\"application\/ld+json\" class=\"yoast-schema-graph\">{\"@context\":\"https:\\\/\\\/schema.org\",\"@graph\":[{\"@type\":\"Article\",\"@id\":\"https:\\\/\\\/www.btv.md\\\/ro\\\/inca-o-masina-a-luat-foc-la-balti-de-vina-ar-fi-soferul\\\/#article\",\"isPartOf\":{\"@id\":\"https:\\\/\\\/www.btv.md\\\/ro\\\/inca-o-masina-a-luat-foc-la-balti-de-vina-ar-fi-soferul\\\/\"},\"author\":{\"name\":\"admin\",\"@id\":\"https:\\\/\\\/www.btv.md\\\/#\\\/schema\\\/person\\\/8fadce81561b3ce2c34c46dadc4ccbf2\"},\"headline\":\"\u00ceNC\u0102 O MA\u0218IN\u0102 A LUAT FOC LA B\u0102L\u021aI. DE VIN\u0102 AR FI \u0218OFERUL\",\"datePublished\":\"2017-02-09T16:58:11+00:00\",\"dateModified\":\"2017-02-09T16:58:19+00:00\",\"mainEntityOfPage\":{\"@id\":\"https:\\\/\\\/www.btv.md\\\/ro\\\/inca-o-masina-a-luat-foc-la-balti-de-vina-ar-fi-soferul\\\/\"},\"wordCount\":314,\"image\":{\"@id\":\"https:\\\/\\\/www.btv.md\\\/ro\\\/inca-o-masina-a-luat-foc-la-balti-de-vina-ar-fi-soferul\\\/#primaryimage\"},\"thumbnailUrl\":\"https:\\\/\\\/www.btv.md\\\/wp-content\\\/uploads\\\/2017\\\/02\\\/1-50.jpg\",\"articleSection\":[\"Incidente\"],\"inLanguage\":\"ro-RO\"},{\"@type\":\"WebPage\",\"@id\":\"https:\\\/\\\/www.btv.md\\\/ro\\\/inca-o-masina-a-luat-foc-la-balti-de-vina-ar-fi-soferul\\\/\",\"url\":\"https:\\\/\\\/www.btv.md\\\/ro\\\/inca-o-masina-a-luat-foc-la-balti-de-vina-ar-fi-soferul\\\/\",\"name\":\"\u00ceNC\u0102 O MA\u0218IN\u0102 A LUAT FOC LA B\u0102L\u021aI. DE VIN\u0102 AR FI \u0218OFERUL\",\"isPartOf\":{\"@id\":\"https:\\\/\\\/www.btv.md\\\/#website\"},\"primaryImageOfPage\":{\"@id\":\"https:\\\/\\\/www.btv.md\\\/ro\\\/inca-o-masina-a-luat-foc-la-balti-de-vina-ar-fi-soferul\\\/#primaryimage\"},\"image\":{\"@id\":\"https:\\\/\\\/www.btv.md\\\/ro\\\/inca-o-masina-a-luat-foc-la-balti-de-vina-ar-fi-soferul\\\/#primaryimage\"},\"thumbnailUrl\":\"https:\\\/\\\/www.btv.md\\\/wp-content\\\/uploads\\\/2017\\\/02\\\/1-50.jpg\",\"datePublished\":\"2017-02-09T16:58:11+00:00\",\"dateModified\":\"2017-02-09T16:58:19+00:00\",\"author\":{\"@id\":\"https:\\\/\\\/www.btv.md\\\/#\\\/schema\\\/person\\\/8fadce81561b3ce2c34c46dadc4ccbf2\"},\"description\":\"Un \u0219ofer din B\u0103l\u021bi a fost la un pas de a r\u0103m\u00e2ne f\u0103r\u0103 ma\u0219in\u0103, din cauza unei defec\u021biuni la acumulatorul auto\",\"inLanguage\":\"ro-RO\",\"potentialAction\":[{\"@type\":\"ReadAction\",\"target\":[\"https:\\\/\\\/www.btv.md\\\/ro\\\/inca-o-masina-a-luat-foc-la-balti-de-vina-ar-fi-soferul\\\/\"]}]},{\"@type\":\"ImageObject\",\"inLanguage\":\"ro-RO\",\"@id\":\"https:\\\/\\\/www.btv.md\\\/ro\\\/inca-o-masina-a-luat-foc-la-balti-de-vina-ar-fi-soferul\\\/#primaryimage\",\"url\":\"https:\\\/\\\/www.btv.md\\\/wp-content\\\/uploads\\\/2017\\\/02\\\/1-50.jpg\",\"contentUrl\":\"https:\\\/\\\/www.btv.md\\\/wp-content\\\/uploads\\\/2017\\\/02\\\/1-50.jpg\",\"width\":850,\"height\":567},{\"@type\":\"WebSite\",\"@id\":\"https:\\\/\\\/www.btv.md\\\/#website\",\"url\":\"https:\\\/\\\/www.btv.md\\\/\",\"name\":\"BTV\",\"description\":\"\u0411\u0435\u043b\u044c\u0446\u043a\u043e\u0435 \u0442\u0435\u043b\u0435\u0432\u0438\u0434\u0435\u043d\u0438\u0435\",\"potentialAction\":[{\"@type\":\"SearchAction\",\"target\":{\"@type\":\"EntryPoint\",\"urlTemplate\":\"https:\\\/\\\/www.btv.md\\\/?s={search_term_string}\"},\"query-input\":{\"@type\":\"PropertyValueSpecification\",\"valueRequired\":true,\"valueName\":\"search_term_string\"}}],\"inLanguage\":\"ro-RO\"},{\"@type\":\"Person\",\"@id\":\"https:\\\/\\\/www.btv.md\\\/#\\\/schema\\\/person\\\/8fadce81561b3ce2c34c46dadc4ccbf2\",\"name\":\"admin\"}]}<\/script>\n<!-- \/ Yoast SEO plugin. -->","yoast_head_json":{"title":"\u00ceNC\u0102 O MA\u0218IN\u0102 A LUAT FOC LA B\u0102L\u021aI. DE VIN\u0102 AR FI \u0218OFERUL","description":"Un \u0219ofer din B\u0103l\u021bi a fost la un pas de a r\u0103m\u00e2ne f\u0103r\u0103 ma\u0219in\u0103, din cauza unei defec\u021biuni la acumulatorul auto","robots":{"index":"index","follow":"follow","max-snippet":"max-snippet:-1","max-image-preview":"max-image-preview:large","max-video-preview":"max-video-preview:-1"},"canonical":"https:\/\/www.btv.md\/ro\/inca-o-masina-a-luat-foc-la-balti-de-vina-ar-fi-soferul\/","og_locale":"ro_RO","og_type":"article","og_title":"\u00ceNC\u0102 O MA\u0218IN\u0102 A LUAT FOC LA B\u0102L\u021aI. DE VIN\u0102 AR FI \u0218OFERUL","og_description":"Un \u0219ofer din B\u0103l\u021bi a fost la un pas de a r\u0103m\u00e2ne f\u0103r\u0103 ma\u0219in\u0103, din cauza unei defec\u021biuni la acumulatorul auto","og_url":"https:\/\/www.btv.md\/ro\/inca-o-masina-a-luat-foc-la-balti-de-vina-ar-fi-soferul\/","og_site_name":"BTV","article_publisher":"https:\/\/www.facebook.com\/btvmoldova\/","article_published_time":"2017-02-09T16:58:11+00:00","article_modified_time":"2017-02-09T16:58:19+00:00","og_image":[{"width":850,"height":567,"url":"https:\/\/www.btv.md\/wp-content\/uploads\/2017\/02\/1-50.jpg","type":"image\/jpeg"}],"author":"admin","twitter_misc":{"Scris de":"admin","Timp estimat pentru citire":"1 minut"},"schema":{"@context":"https:\/\/schema.org","@graph":[{"@type":"Article","@id":"https:\/\/www.btv.md\/ro\/inca-o-masina-a-luat-foc-la-balti-de-vina-ar-fi-soferul\/#article","isPartOf":{"@id":"https:\/\/www.btv.md\/ro\/inca-o-masina-a-luat-foc-la-balti-de-vina-ar-fi-soferul\/"},"author":{"name":"admin","@id":"https:\/\/www.btv.md\/#\/schema\/person\/8fadce81561b3ce2c34c46dadc4ccbf2"},"headline":"\u00ceNC\u0102 O MA\u0218IN\u0102 A LUAT FOC LA B\u0102L\u021aI. DE VIN\u0102 AR FI \u0218OFERUL","datePublished":"2017-02-09T16:58:11+00:00","dateModified":"2017-02-09T16:58:19+00:00","mainEntityOfPage":{"@id":"https:\/\/www.btv.md\/ro\/inca-o-masina-a-luat-foc-la-balti-de-vina-ar-fi-soferul\/"},"wordCount":314,"image":{"@id":"https:\/\/www.btv.md\/ro\/inca-o-masina-a-luat-foc-la-balti-de-vina-ar-fi-soferul\/#primaryimage"},"thumbnailUrl":"https:\/\/www.btv.md\/wp-content\/uploads\/2017\/02\/1-50.jpg","articleSection":["Incidente"],"inLanguage":"ro-RO"},{"@type":"WebPage","@id":"https:\/\/www.btv.md\/ro\/inca-o-masina-a-luat-foc-la-balti-de-vina-ar-fi-soferul\/","url":"https:\/\/www.btv.md\/ro\/inca-o-masina-a-luat-foc-la-balti-de-vina-ar-fi-soferul\/","name":"\u00ceNC\u0102 O MA\u0218IN\u0102 A LUAT FOC LA B\u0102L\u021aI. DE VIN\u0102 AR FI \u0218OFERUL","isPartOf":{"@id":"https:\/\/www.btv.md\/#website"},"primaryImageOfPage":{"@id":"https:\/\/www.btv.md\/ro\/inca-o-masina-a-luat-foc-la-balti-de-vina-ar-fi-soferul\/#primaryimage"},"image":{"@id":"https:\/\/www.btv.md\/ro\/inca-o-masina-a-luat-foc-la-balti-de-vina-ar-fi-soferul\/#primaryimage"},"thumbnailUrl":"https:\/\/www.btv.md\/wp-content\/uploads\/2017\/02\/1-50.jpg","datePublished":"2017-02-09T16:58:11+00:00","dateModified":"2017-02-09T16:58:19+00:00","author":{"@id":"https:\/\/www.btv.md\/#\/schema\/person\/8fadce81561b3ce2c34c46dadc4ccbf2"},"description":"Un \u0219ofer din B\u0103l\u021bi a fost la un pas de a r\u0103m\u00e2ne f\u0103r\u0103 ma\u0219in\u0103, din cauza unei defec\u021biuni la acumulatorul auto","inLanguage":"ro-RO","potentialAction":[{"@type":"ReadAction","target":["https:\/\/www.btv.md\/ro\/inca-o-masina-a-luat-foc-la-balti-de-vina-ar-fi-soferul\/"]}]},{"@type":"ImageObject","inLanguage":"ro-RO","@id":"https:\/\/www.btv.md\/ro\/inca-o-masina-a-luat-foc-la-balti-de-vina-ar-fi-soferul\/#primaryimage","url":"https:\/\/www.btv.md\/wp-content\/uploads\/2017\/02\/1-50.jpg","contentUrl":"https:\/\/www.btv.md\/wp-content\/uploads\/2017\/02\/1-50.jpg","width":850,"height":567},{"@type":"WebSite","@id":"https:\/\/www.btv.md\/#website","url":"https:\/\/www.btv.md\/","name":"BTV","description":"\u0411\u0435\u043b\u044c\u0446\u043a\u043e\u0435 \u0442\u0435\u043b\u0435\u0432\u0438\u0434\u0435\u043d\u0438\u0435","potentialAction":[{"@type":"SearchAction","target":{"@type":"EntryPoint","urlTemplate":"https:\/\/www.btv.md\/?s={search_term_string}"},"query-input":{"@type":"PropertyValueSpecification","valueRequired":true,"valueName":"search_term_string"}}],"inLanguage":"ro-RO"},{"@type":"Person","@id":"https:\/\/www.btv.md\/#\/schema\/person\/8fadce81561b3ce2c34c46dadc4ccbf2","name":"admin"}]}},"_links":{"self":[{"href":"https:\/\/www.btv.md\/ro\/wp-json\/wp\/v2\/posts\/21055","targetHints":{"allow":["GET"]}}],"collection":[{"href":"https:\/\/www.btv.md\/ro\/wp-json\/wp\/v2\/posts"}],"about":[{"href":"https:\/\/www.btv.md\/ro\/wp-json\/wp\/v2\/types\/post"}],"author":[{"embeddable":true,"href":"https:\/\/www.btv.md\/ro\/wp-json\/wp\/v2\/users\/4"}],"replies":[{"embeddable":true,"href":"https:\/\/www.btv.md\/ro\/wp-json\/wp\/v2\/comments?post=21055"}],"version-history":[{"count":0,"href":"https:\/\/www.btv.md\/ro\/wp-json\/wp\/v2\/posts\/21055\/revisions"}],"wp:featuredmedia":[{"embeddable":true,"href":"https:\/\/www.btv.md\/ro\/wp-json\/wp\/v2\/media\/21056"}],"wp:attachment":[{"href":"https:\/\/www.btv.md\/ro\/wp-json\/wp\/v2\/media?parent=21055"}],"wp:term":[{"taxonomy":"category","embeddable":true,"href":"https:\/\/www.btv.md\/ro\/wp-json\/wp\/v2\/categories?post=21055"},{"taxonomy":"post_tag","embeddable":true,"href":"https:\/\/www.btv.md\/ro\/wp-json\/wp\/v2\/tags?post=21055"}],"curies":[{"name":"wp","href":"https:\/\/api.w.org\/{rel}","templated":true}]}}