{"id":21058,"date":"2017-02-09T20:00:13","date_gmt":"2017-02-09T17:00:13","guid":{"rendered":"http:\/\/btv.md\/?p=21058"},"modified":"2019-04-01T10:43:22","modified_gmt":"2019-04-01T07:43:22","slug":"din-cauza-gerului-centrul-de-plasament-din-balti-este-arhiplin","status":"publish","type":"post","link":"https:\/\/www.btv.md\/ro\/din-cauza-gerului-centrul-de-plasament-din-balti-este-arhiplin\/","title":{"rendered":"DIN CAUZA GERULUI,  CENTRUL  DE PLASAMENT  DIN B\u0102L\u0162I ESTE  ARHIPLIN"},"content":{"rendered":"<p><strong>Centrul de plasament \u201dRe\u00eentoarcere\u201d este supraaglomerat \u00een aceste zile. Din cauza temperaturilor sc\u0103zute de afar\u0103 tot mai mul\u021bi oameni ai str\u0103zii vin aici s\u0103 se \u00eenc\u0103lzeasc\u0103 \u0219i s\u0103 m\u0103n\u00e2nce. \u00cen loc de 15 persoane, c\u00e2t este prev\u0103zut ,\u00a0\u00een fiecare noapte acolo se \u00eenghesuiesc cel pu\u0163in 25 de oameni.<\/strong><\/p>\n<p><iframe width=\"1170\" height=\"878\" data-src=\"https:\/\/www.youtube.com\/embed\/ltuqerwkLHM?wmode=transparent&amp;rel=0&amp;feature=oembed\" frameborder=\"0\" allow=\"accelerometer; autoplay; encrypted-media; gyroscope; picture-in-picture\" allowfullscreen src=\"data:image\/svg+xml;base64,PHN2ZyB3aWR0aD0iMSIgaGVpZ2h0PSIxIiB4bWxucz0iaHR0cDovL3d3dy53My5vcmcvMjAwMC9zdmciPjwvc3ZnPg==\" class=\"lazyload\" data-load-mode=\"1\"><\/iframe><\/p>\n<p>&nbsp;<\/p>\n<p>Dac\u0103 vara la centru se adreseaz\u0103 doar 8 sau 10 persoane, \u00a0iarna num\u0103rul lor se tripleaz\u0103. De obicei ei \u00a0sunt adu\u0219i de poli\u021bie, de\u0219i sunt \u0219i dintre cei care se adreseaz\u0103 direct pentru a beneficia de serviciile centrului.<\/p>\n<p>Aproape to\u021bi cei care solicit\u0103 ajutor sunt primi\u021bi de administra\u021bie. Ace\u0219tia \u00eencearc\u0103 s\u0103 le ajute s\u0103 perfecteze acte de identitate, s\u0103 le g\u0103seasc\u0103 un loc de munc\u0103 permanent, \u0219i s\u0103 se \u00eencadreze \u00een societate. De\u0219i angaja\u021bii acestui centru, depun mult efort pentru ca beneficiarii s\u0103 \u00eenceap\u0103 o via\u021b\u0103 normal\u0103, de multe ori nu le reu\u0219e\u0219ete. Un motiv ar fi c\u0103 mul\u021bi dintre aceste persoane nu au un loc permanent de trai, astfel ei nu-\u0219i pot perfecta acte de identitae \u0219i alte documente care sunt necesare penru angajarea \u00een c\u00e2mpul muncii sau primirea ajutoarelor sociale.<\/p>\n<p>Pe acest b\u0103rbat l-am g\u0103sit desen\u00e2nd o gazet\u0103 de perete. Spune c\u0103 dragostea pentru pictur\u0103 o are \u00eenc\u0103 din copil\u0103rie, dar n-a mai apucat s\u0103 fac\u0103 o \u0219coal\u0103 de arte. Aici \u00a0locuie\u0219te deja de c\u00e2teva s\u0103pt\u0103m\u00e2ni, dup\u0103 ce a r\u0103mas f\u0103r\u0103 ad\u0103post \u00een urma divor\u021bului.<\/p>\n<p>Pentru a-\u0219i c\u00e2\u0219tiga existen\u021ba, acesta \u00een timpul liber confec\u021bioneaz\u0103 lucruri handmade ca mai apoi s\u0103 le comercializeze la expozi\u021bii.<\/p>\n<p>La centru de plasament \u201dRe\u00eentoarcere\u201d sunt primi\u021bi nu doar oamenii f\u0103r\u0103 ad\u0103post dar \u0219i fo\u0219ti de\u021binu\u021bi, care au nevoie de \u00a0sus\u021binere\u00a0 pentru a se \u00eenc\u0103dra \u00een societate.<\/p>\n","protected":false},"excerpt":{"rendered":"<p>Centrul de plasament \u201dRe\u00eentoarcere\u201d este supraaglomerat \u00een aceste zile. Din cauza temperaturilor sc\u0103zute de afar\u0103 tot mai mul\u021bi oameni ai str\u0103zii vin aici s\u0103 se \u00eenc\u0103lzeasc\u0103 \u0219i s\u0103 m\u0103n\u00e2nce. \u00cen loc de 15 persoane, c\u00e2t este prev\u0103zut ,\u00a0\u00een fiecare noapte acolo se \u00eenghesuiesc cel pu\u0163in 25 de oameni. &nbsp; Dac\u0103 vara la centru se adreseaz\u0103 [&hellip;]<\/p>\n","protected":false},"author":4,"featured_media":21059,"comment_status":"closed","ping_status":"closed","sticky":false,"template":"","format":"standard","meta":{"footnotes":""},"categories":[],"tags":[],"class_list":["post-21058","post","type-post","status-publish","format-standard","has-post-thumbnail","hentry"],"yoast_head":"<!-- This site is optimized with the Yoast SEO plugin v27.4 - https:\/\/yoast.com\/product\/yoast-seo-wordpress\/ -->\n<title>DIN CAUZA GERULUI, CENTRUL DE PLASAMENT DIN B\u0102L\u0162I ESTE ARHIPLIN<\/title>\n<meta name=\"description\" content=\"Centrul de plasament \u201dRe\u00eentoarcere\u201d este supraaglomerat \u00een aceste zile. Din cauza temperaturilor sc\u0103zute de afar\u0103 tot mai mul\u021bi oameni ai str\u0103zii vin\" \/>\n<meta name=\"robots\" content=\"index, follow, max-snippet:-1, max-image-preview:large, max-video-preview:-1\" \/>\n<link rel=\"canonical\" href=\"https:\/\/www.btv.md\/ro\/amp\/din-cauza-gerului-centrul-de-plasament-din-balti-este-arhiplin\/\" \/>\n<meta property=\"og:locale\" content=\"ro_RO\" \/>\n<meta property=\"og:type\" content=\"article\" \/>\n<meta property=\"og:title\" content=\"DIN CAUZA GERULUI, CENTRUL DE PLASAMENT DIN B\u0102L\u0162I ESTE ARHIPLIN\" \/>\n<meta property=\"og:description\" content=\"Centrul de plasament \u201dRe\u00eentoarcere\u201d este supraaglomerat \u00een aceste zile. Din cauza temperaturilor sc\u0103zute de afar\u0103 tot mai mul\u021bi oameni ai str\u0103zii vin\" \/>\n<meta property=\"og:url\" content=\"https:\/\/www.btv.md\/ro\/amp\/din-cauza-gerului-centrul-de-plasament-din-balti-este-arhiplin\/\" \/>\n<meta property=\"og:site_name\" content=\"BTV\" \/>\n<meta property=\"article:publisher\" content=\"https:\/\/www.facebook.com\/btvmoldova\/\" \/>\n<meta property=\"article:published_time\" content=\"2017-02-09T17:00:13+00:00\" \/>\n<meta property=\"article:modified_time\" content=\"2019-04-01T07:43:22+00:00\" \/>\n<meta property=\"og:image\" content=\"https:\/\/www.btv.md\/wp-content\/uploads\/2017\/02\/2-1.jpg\" \/>\n\t<meta property=\"og:image:width\" content=\"850\" \/>\n\t<meta property=\"og:image:height\" content=\"567\" \/>\n\t<meta property=\"og:image:type\" content=\"image\/jpeg\" \/>\n<meta name=\"author\" content=\"admin\" \/>\n<meta name=\"twitter:label1\" content=\"Scris de\" \/>\n\t<meta name=\"twitter:data1\" content=\"admin\" \/>\n\t<meta name=\"twitter:label2\" content=\"Timp estimat pentru citire\" \/>\n\t<meta name=\"twitter:data2\" content=\"2 minute\" \/>\n<script type=\"application\/ld+json\" class=\"yoast-schema-graph\">{\"@context\":\"https:\\\/\\\/schema.org\",\"@graph\":[{\"@type\":\"Article\",\"@id\":\"https:\\\/\\\/www.btv.md\\\/ro\\\/amp\\\/din-cauza-gerului-centrul-de-plasament-din-balti-este-arhiplin\\\/#article\",\"isPartOf\":{\"@id\":\"https:\\\/\\\/www.btv.md\\\/ro\\\/amp\\\/din-cauza-gerului-centrul-de-plasament-din-balti-este-arhiplin\\\/\"},\"author\":{\"name\":\"admin\",\"@id\":\"https:\\\/\\\/www.btv.md\\\/#\\\/schema\\\/person\\\/8fadce81561b3ce2c34c46dadc4ccbf2\"},\"headline\":\"DIN CAUZA GERULUI, CENTRUL DE PLASAMENT DIN B\u0102L\u0162I ESTE ARHIPLIN\",\"datePublished\":\"2017-02-09T17:00:13+00:00\",\"dateModified\":\"2019-04-01T07:43:22+00:00\",\"mainEntityOfPage\":{\"@id\":\"https:\\\/\\\/www.btv.md\\\/ro\\\/amp\\\/din-cauza-gerului-centrul-de-plasament-din-balti-este-arhiplin\\\/\"},\"wordCount\":337,\"image\":{\"@id\":\"https:\\\/\\\/www.btv.md\\\/ro\\\/amp\\\/din-cauza-gerului-centrul-de-plasament-din-balti-este-arhiplin\\\/#primaryimage\"},\"thumbnailUrl\":\"https:\\\/\\\/www.btv.md\\\/wp-content\\\/uploads\\\/2017\\\/02\\\/2-1.jpg\",\"inLanguage\":\"ro-RO\"},{\"@type\":\"WebPage\",\"@id\":\"https:\\\/\\\/www.btv.md\\\/ro\\\/amp\\\/din-cauza-gerului-centrul-de-plasament-din-balti-este-arhiplin\\\/\",\"url\":\"https:\\\/\\\/www.btv.md\\\/ro\\\/amp\\\/din-cauza-gerului-centrul-de-plasament-din-balti-este-arhiplin\\\/\",\"name\":\"DIN CAUZA GERULUI, CENTRUL DE PLASAMENT DIN B\u0102L\u0162I ESTE ARHIPLIN\",\"isPartOf\":{\"@id\":\"https:\\\/\\\/www.btv.md\\\/#website\"},\"primaryImageOfPage\":{\"@id\":\"https:\\\/\\\/www.btv.md\\\/ro\\\/amp\\\/din-cauza-gerului-centrul-de-plasament-din-balti-este-arhiplin\\\/#primaryimage\"},\"image\":{\"@id\":\"https:\\\/\\\/www.btv.md\\\/ro\\\/amp\\\/din-cauza-gerului-centrul-de-plasament-din-balti-este-arhiplin\\\/#primaryimage\"},\"thumbnailUrl\":\"https:\\\/\\\/www.btv.md\\\/wp-content\\\/uploads\\\/2017\\\/02\\\/2-1.jpg\",\"datePublished\":\"2017-02-09T17:00:13+00:00\",\"dateModified\":\"2019-04-01T07:43:22+00:00\",\"author\":{\"@id\":\"https:\\\/\\\/www.btv.md\\\/#\\\/schema\\\/person\\\/8fadce81561b3ce2c34c46dadc4ccbf2\"},\"description\":\"Centrul de plasament \u201dRe\u00eentoarcere\u201d este supraaglomerat \u00een aceste zile. Din cauza temperaturilor sc\u0103zute de afar\u0103 tot mai mul\u021bi oameni ai str\u0103zii vin\",\"inLanguage\":\"ro-RO\",\"potentialAction\":[{\"@type\":\"ReadAction\",\"target\":[\"https:\\\/\\\/www.btv.md\\\/ro\\\/amp\\\/din-cauza-gerului-centrul-de-plasament-din-balti-este-arhiplin\\\/\"]}]},{\"@type\":\"ImageObject\",\"inLanguage\":\"ro-RO\",\"@id\":\"https:\\\/\\\/www.btv.md\\\/ro\\\/amp\\\/din-cauza-gerului-centrul-de-plasament-din-balti-este-arhiplin\\\/#primaryimage\",\"url\":\"https:\\\/\\\/www.btv.md\\\/wp-content\\\/uploads\\\/2017\\\/02\\\/2-1.jpg\",\"contentUrl\":\"https:\\\/\\\/www.btv.md\\\/wp-content\\\/uploads\\\/2017\\\/02\\\/2-1.jpg\",\"width\":850,\"height\":567},{\"@type\":\"WebSite\",\"@id\":\"https:\\\/\\\/www.btv.md\\\/#website\",\"url\":\"https:\\\/\\\/www.btv.md\\\/\",\"name\":\"BTV\",\"description\":\"\u0411\u0435\u043b\u044c\u0446\u043a\u043e\u0435 \u0442\u0435\u043b\u0435\u0432\u0438\u0434\u0435\u043d\u0438\u0435\",\"potentialAction\":[{\"@type\":\"SearchAction\",\"target\":{\"@type\":\"EntryPoint\",\"urlTemplate\":\"https:\\\/\\\/www.btv.md\\\/?s={search_term_string}\"},\"query-input\":{\"@type\":\"PropertyValueSpecification\",\"valueRequired\":true,\"valueName\":\"search_term_string\"}}],\"inLanguage\":\"ro-RO\"},{\"@type\":\"Person\",\"@id\":\"https:\\\/\\\/www.btv.md\\\/#\\\/schema\\\/person\\\/8fadce81561b3ce2c34c46dadc4ccbf2\",\"name\":\"admin\"}]}<\/script>\n<!-- \/ Yoast SEO plugin. -->","yoast_head_json":{"title":"DIN CAUZA GERULUI, CENTRUL DE PLASAMENT DIN B\u0102L\u0162I ESTE ARHIPLIN","description":"Centrul de plasament \u201dRe\u00eentoarcere\u201d este supraaglomerat \u00een aceste zile. Din cauza temperaturilor sc\u0103zute de afar\u0103 tot mai mul\u021bi oameni ai str\u0103zii vin","robots":{"index":"index","follow":"follow","max-snippet":"max-snippet:-1","max-image-preview":"max-image-preview:large","max-video-preview":"max-video-preview:-1"},"canonical":"https:\/\/www.btv.md\/ro\/amp\/din-cauza-gerului-centrul-de-plasament-din-balti-este-arhiplin\/","og_locale":"ro_RO","og_type":"article","og_title":"DIN CAUZA GERULUI, CENTRUL DE PLASAMENT DIN B\u0102L\u0162I ESTE ARHIPLIN","og_description":"Centrul de plasament \u201dRe\u00eentoarcere\u201d este supraaglomerat \u00een aceste zile. Din cauza temperaturilor sc\u0103zute de afar\u0103 tot mai mul\u021bi oameni ai str\u0103zii vin","og_url":"https:\/\/www.btv.md\/ro\/amp\/din-cauza-gerului-centrul-de-plasament-din-balti-este-arhiplin\/","og_site_name":"BTV","article_publisher":"https:\/\/www.facebook.com\/btvmoldova\/","article_published_time":"2017-02-09T17:00:13+00:00","article_modified_time":"2019-04-01T07:43:22+00:00","og_image":[{"width":850,"height":567,"url":"https:\/\/www.btv.md\/wp-content\/uploads\/2017\/02\/2-1.jpg","type":"image\/jpeg"}],"author":"admin","twitter_misc":{"Scris de":"admin","Timp estimat pentru citire":"2 minute"},"schema":{"@context":"https:\/\/schema.org","@graph":[{"@type":"Article","@id":"https:\/\/www.btv.md\/ro\/amp\/din-cauza-gerului-centrul-de-plasament-din-balti-este-arhiplin\/#article","isPartOf":{"@id":"https:\/\/www.btv.md\/ro\/amp\/din-cauza-gerului-centrul-de-plasament-din-balti-este-arhiplin\/"},"author":{"name":"admin","@id":"https:\/\/www.btv.md\/#\/schema\/person\/8fadce81561b3ce2c34c46dadc4ccbf2"},"headline":"DIN CAUZA GERULUI, CENTRUL DE PLASAMENT DIN B\u0102L\u0162I ESTE ARHIPLIN","datePublished":"2017-02-09T17:00:13+00:00","dateModified":"2019-04-01T07:43:22+00:00","mainEntityOfPage":{"@id":"https:\/\/www.btv.md\/ro\/amp\/din-cauza-gerului-centrul-de-plasament-din-balti-este-arhiplin\/"},"wordCount":337,"image":{"@id":"https:\/\/www.btv.md\/ro\/amp\/din-cauza-gerului-centrul-de-plasament-din-balti-este-arhiplin\/#primaryimage"},"thumbnailUrl":"https:\/\/www.btv.md\/wp-content\/uploads\/2017\/02\/2-1.jpg","inLanguage":"ro-RO"},{"@type":"WebPage","@id":"https:\/\/www.btv.md\/ro\/amp\/din-cauza-gerului-centrul-de-plasament-din-balti-este-arhiplin\/","url":"https:\/\/www.btv.md\/ro\/amp\/din-cauza-gerului-centrul-de-plasament-din-balti-este-arhiplin\/","name":"DIN CAUZA GERULUI, CENTRUL DE PLASAMENT DIN B\u0102L\u0162I ESTE ARHIPLIN","isPartOf":{"@id":"https:\/\/www.btv.md\/#website"},"primaryImageOfPage":{"@id":"https:\/\/www.btv.md\/ro\/amp\/din-cauza-gerului-centrul-de-plasament-din-balti-este-arhiplin\/#primaryimage"},"image":{"@id":"https:\/\/www.btv.md\/ro\/amp\/din-cauza-gerului-centrul-de-plasament-din-balti-este-arhiplin\/#primaryimage"},"thumbnailUrl":"https:\/\/www.btv.md\/wp-content\/uploads\/2017\/02\/2-1.jpg","datePublished":"2017-02-09T17:00:13+00:00","dateModified":"2019-04-01T07:43:22+00:00","author":{"@id":"https:\/\/www.btv.md\/#\/schema\/person\/8fadce81561b3ce2c34c46dadc4ccbf2"},"description":"Centrul de plasament \u201dRe\u00eentoarcere\u201d este supraaglomerat \u00een aceste zile. Din cauza temperaturilor sc\u0103zute de afar\u0103 tot mai mul\u021bi oameni ai str\u0103zii vin","inLanguage":"ro-RO","potentialAction":[{"@type":"ReadAction","target":["https:\/\/www.btv.md\/ro\/amp\/din-cauza-gerului-centrul-de-plasament-din-balti-este-arhiplin\/"]}]},{"@type":"ImageObject","inLanguage":"ro-RO","@id":"https:\/\/www.btv.md\/ro\/amp\/din-cauza-gerului-centrul-de-plasament-din-balti-este-arhiplin\/#primaryimage","url":"https:\/\/www.btv.md\/wp-content\/uploads\/2017\/02\/2-1.jpg","contentUrl":"https:\/\/www.btv.md\/wp-content\/uploads\/2017\/02\/2-1.jpg","width":850,"height":567},{"@type":"WebSite","@id":"https:\/\/www.btv.md\/#website","url":"https:\/\/www.btv.md\/","name":"BTV","description":"\u0411\u0435\u043b\u044c\u0446\u043a\u043e\u0435 \u0442\u0435\u043b\u0435\u0432\u0438\u0434\u0435\u043d\u0438\u0435","potentialAction":[{"@type":"SearchAction","target":{"@type":"EntryPoint","urlTemplate":"https:\/\/www.btv.md\/?s={search_term_string}"},"query-input":{"@type":"PropertyValueSpecification","valueRequired":true,"valueName":"search_term_string"}}],"inLanguage":"ro-RO"},{"@type":"Person","@id":"https:\/\/www.btv.md\/#\/schema\/person\/8fadce81561b3ce2c34c46dadc4ccbf2","name":"admin"}]}},"_links":{"self":[{"href":"https:\/\/www.btv.md\/ro\/wp-json\/wp\/v2\/posts\/21058","targetHints":{"allow":["GET"]}}],"collection":[{"href":"https:\/\/www.btv.md\/ro\/wp-json\/wp\/v2\/posts"}],"about":[{"href":"https:\/\/www.btv.md\/ro\/wp-json\/wp\/v2\/types\/post"}],"author":[{"embeddable":true,"href":"https:\/\/www.btv.md\/ro\/wp-json\/wp\/v2\/users\/4"}],"replies":[{"embeddable":true,"href":"https:\/\/www.btv.md\/ro\/wp-json\/wp\/v2\/comments?post=21058"}],"version-history":[{"count":0,"href":"https:\/\/www.btv.md\/ro\/wp-json\/wp\/v2\/posts\/21058\/revisions"}],"wp:featuredmedia":[{"embeddable":true,"href":"https:\/\/www.btv.md\/ro\/wp-json\/wp\/v2\/media\/21059"}],"wp:attachment":[{"href":"https:\/\/www.btv.md\/ro\/wp-json\/wp\/v2\/media?parent=21058"}],"wp:term":[{"taxonomy":"category","embeddable":true,"href":"https:\/\/www.btv.md\/ro\/wp-json\/wp\/v2\/categories?post=21058"},{"taxonomy":"post_tag","embeddable":true,"href":"https:\/\/www.btv.md\/ro\/wp-json\/wp\/v2\/tags?post=21058"}],"curies":[{"name":"wp","href":"https:\/\/api.w.org\/{rel}","templated":true}]}}