{"id":22694,"date":"2017-04-04T17:50:29","date_gmt":"2017-04-04T14:50:29","guid":{"rendered":"http:\/\/btv.md\/?p=22694"},"modified":"2017-05-18T13:25:27","modified_gmt":"2017-05-18T10:25:27","slug":"inca-un-sef-de-la-moldova-agroinbank-retinut-de-cna-si-procurori","status":"publish","type":"post","link":"https:\/\/www.btv.md\/ro\/inca-un-sef-de-la-moldova-agroinbank-retinut-de-cna-si-procurori\/","title":{"rendered":"\u00cenc\u0103 un \u0219ef de la Moldova Agroinbank re\u021binut de CNA \u0219i procurori"},"content":{"rendered":"<p><strong>Vicepre\u015fedintele Comitetului de conducere al B\u0103ncii Comerciale\u00a0 Moldova Agroindbank a fost re\u0163inut de c\u0103tre ofi\u0163erii Centrului Na\u021bional Anticorup\u021bie \u015fi procurorii \u00een dosarul Biroului Na\u021bional al Asiguratorilor de Autovehicule. Acesta este re\u0163inut pentru 72 de ore \u015fi se afl\u0103 \u00een custodia CNA, unde este audiat de procurori \u015fi ofi\u0163erii de urm\u0103rire penal\u0103, se arat\u0103 \u00eentr-un comunicat emis de CNA.<\/strong><\/p>\n<p><iframe width=\"1170\" height=\"878\" data-src=\"https:\/\/www.youtube.com\/embed\/HaTV465dk4k?wmode=transparent&amp;rel=0&amp;feature=oembed\" frameborder=\"0\" allow=\"accelerometer; autoplay; encrypted-media; gyroscope; picture-in-picture\" allowfullscreen src=\"data:image\/svg+xml;base64,PHN2ZyB3aWR0aD0iMSIgaGVpZ2h0PSIxIiB4bWxucz0iaHR0cDovL3d3dy53My5vcmcvMjAwMC9zdmciPjwvc3ZnPg==\" class=\"lazyload\" data-load-mode=\"1\"><\/iframe><\/p>\n<p>Bancherul este b\u0103nuit de abuz de serviciu, fapt ce a cauzat BNAA prejudicii \u00een propor\u0163ii deosebit de mari. Potrivit datelor anchetei, vicepre\u015fedintele b\u0103ncii ar fi dat indica\u0163ii ilegale subalternilor s\u0103i, cer\u00e2ndu-le s\u0103 admit\u0103 \u00a0persoane neautorizate la gestionarea frauduloas\u0103\u00a0<strong>a conturilor bancare ale BNA<\/strong>. Concomitent, f\u0103c\u00e2nd parte dintr-un grup criminal organizat, acesta, \u00eempreun\u0103 cu alte persoane vizate \u00een anchet\u0103,\u00a0ar fi prejudiciat\u00a0Biroul\u00a0Na\u021bional al Asiguratorilor de Autovehicule cu aproximativ 15 milioane de lei.\u00a0<\/p>\n<p>S\u00e2mb\u0103t\u0103 \u00eent\u00e2i aprilie, un fost vicepre\u015fedinte al Moldindconbank, a fost re\u0163inut pentru 72 de ore \u00een acela\u015fi dosar, iar mar\u021bi procurorii au cerut mandat de arestare pe numele acestuia pentru 30 de zile. \u00cenvinuitul se afl\u0103 \u00een izolatorul CNA.<\/p>\n<p>Pe parcursul urm\u0103ririi penale \u00een dosarul BNAA, au fost re\u0163inute trei persoane, inclusiv unul dintre fo\u015ftii guvernatori ai B\u0103ncii Na\u0163ionale, iar o persoan\u0103, cet\u0103\u0163ean al Ucrainei, fost director-adjunct al BNAA, este anun\u0163at\u0103 \u00een c\u0103utare.<\/p>\n","protected":false},"excerpt":{"rendered":"<p>Vicepre\u015fedintele Comitetului de conducere al B\u0103ncii Comerciale\u00a0 Moldova Agroindbank a fost re\u0163inut de c\u0103tre ofi\u0163erii Centrului Na\u021bional Anticorup\u021bie \u015fi procurorii \u00een dosarul Biroului Na\u021bional al Asiguratorilor de Autovehicule. Acesta este re\u0163inut pentru 72 de ore \u015fi se afl\u0103 \u00een custodia CNA, unde este audiat de procurori \u015fi ofi\u0163erii de urm\u0103rire penal\u0103, se arat\u0103 \u00eentr-un comunicat [&hellip;]<\/p>\n","protected":false},"author":4,"featured_media":22695,"comment_status":"closed","ping_status":"closed","sticky":false,"template":"","format":"standard","meta":{"footnotes":""},"categories":[6351],"tags":[],"class_list":["post-22694","post","type-post","status-publish","format-standard","has-post-thumbnail","hentry","category-incidente"],"yoast_head":"<!-- This site is optimized with the Yoast SEO plugin v27.4 - https:\/\/yoast.com\/product\/yoast-seo-wordpress\/ -->\n<title>\u00ceNC\u0102 UN \u0218EF DE LA MOLDOVA AGROINBANK RE\u021aINUT DE CNA \u0218I PROCURORI<\/title>\n<meta name=\"description\" content=\"Vicepre\u015fedintele Comitetului de conducere al B\u0103ncii Comerciale Moldova Agroindbank a fost re\u0163inut de c\u0103tre ofi\u0163erii Centrului Na\u021bional\" \/>\n<meta name=\"robots\" content=\"index, follow, max-snippet:-1, max-image-preview:large, max-video-preview:-1\" \/>\n<link rel=\"canonical\" href=\"https:\/\/www.btv.md\/ro\/inca-un-sef-de-la-moldova-agroinbank-retinut-de-cna-si-procurori\/\" \/>\n<meta property=\"og:locale\" content=\"ro_RO\" \/>\n<meta property=\"og:type\" content=\"article\" \/>\n<meta property=\"og:title\" content=\"\u00ceNC\u0102 UN \u0218EF DE LA MOLDOVA AGROINBANK RE\u021aINUT DE CNA \u0218I PROCURORI\" \/>\n<meta property=\"og:description\" content=\"Vicepre\u015fedintele Comitetului de conducere al B\u0103ncii Comerciale Moldova Agroindbank a fost re\u0163inut de c\u0103tre ofi\u0163erii Centrului Na\u021bional\" \/>\n<meta property=\"og:url\" content=\"https:\/\/www.btv.md\/ro\/inca-un-sef-de-la-moldova-agroinbank-retinut-de-cna-si-procurori\/\" \/>\n<meta property=\"og:site_name\" content=\"BTV\" \/>\n<meta property=\"article:publisher\" content=\"https:\/\/www.facebook.com\/btvmoldova\/\" \/>\n<meta property=\"article:published_time\" content=\"2017-04-04T14:50:29+00:00\" \/>\n<meta property=\"article:modified_time\" content=\"2017-05-18T10:25:27+00:00\" \/>\n<meta property=\"og:image\" content=\"https:\/\/www.btv.md\/wp-content\/uploads\/2017\/04\/1-8.jpg\" \/>\n\t<meta property=\"og:image:width\" content=\"850\" \/>\n\t<meta property=\"og:image:height\" content=\"567\" \/>\n\t<meta property=\"og:image:type\" content=\"image\/jpeg\" \/>\n<meta name=\"author\" content=\"admin\" \/>\n<meta name=\"twitter:label1\" content=\"Scris de\" \/>\n\t<meta name=\"twitter:data1\" content=\"admin\" \/>\n\t<meta name=\"twitter:label2\" content=\"Timp estimat pentru citire\" \/>\n\t<meta name=\"twitter:data2\" content=\"1 minut\" \/>\n<script type=\"application\/ld+json\" class=\"yoast-schema-graph\">{\"@context\":\"https:\\\/\\\/schema.org\",\"@graph\":[{\"@type\":\"Article\",\"@id\":\"https:\\\/\\\/www.btv.md\\\/ro\\\/inca-un-sef-de-la-moldova-agroinbank-retinut-de-cna-si-procurori\\\/#article\",\"isPartOf\":{\"@id\":\"https:\\\/\\\/www.btv.md\\\/ro\\\/inca-un-sef-de-la-moldova-agroinbank-retinut-de-cna-si-procurori\\\/\"},\"author\":{\"name\":\"admin\",\"@id\":\"https:\\\/\\\/www.btv.md\\\/#\\\/schema\\\/person\\\/8fadce81561b3ce2c34c46dadc4ccbf2\"},\"headline\":\"\u00cenc\u0103 un \u0219ef de la Moldova Agroinbank re\u021binut de CNA \u0219i procurori\",\"datePublished\":\"2017-04-04T14:50:29+00:00\",\"dateModified\":\"2017-05-18T10:25:27+00:00\",\"mainEntityOfPage\":{\"@id\":\"https:\\\/\\\/www.btv.md\\\/ro\\\/inca-un-sef-de-la-moldova-agroinbank-retinut-de-cna-si-procurori\\\/\"},\"wordCount\":255,\"image\":{\"@id\":\"https:\\\/\\\/www.btv.md\\\/ro\\\/inca-un-sef-de-la-moldova-agroinbank-retinut-de-cna-si-procurori\\\/#primaryimage\"},\"thumbnailUrl\":\"https:\\\/\\\/www.btv.md\\\/wp-content\\\/uploads\\\/2017\\\/04\\\/1-8.jpg\",\"articleSection\":[\"Incidente\"],\"inLanguage\":\"ro-RO\"},{\"@type\":\"WebPage\",\"@id\":\"https:\\\/\\\/www.btv.md\\\/ro\\\/inca-un-sef-de-la-moldova-agroinbank-retinut-de-cna-si-procurori\\\/\",\"url\":\"https:\\\/\\\/www.btv.md\\\/ro\\\/inca-un-sef-de-la-moldova-agroinbank-retinut-de-cna-si-procurori\\\/\",\"name\":\"\u00ceNC\u0102 UN \u0218EF DE LA MOLDOVA AGROINBANK RE\u021aINUT DE CNA \u0218I PROCURORI\",\"isPartOf\":{\"@id\":\"https:\\\/\\\/www.btv.md\\\/#website\"},\"primaryImageOfPage\":{\"@id\":\"https:\\\/\\\/www.btv.md\\\/ro\\\/inca-un-sef-de-la-moldova-agroinbank-retinut-de-cna-si-procurori\\\/#primaryimage\"},\"image\":{\"@id\":\"https:\\\/\\\/www.btv.md\\\/ro\\\/inca-un-sef-de-la-moldova-agroinbank-retinut-de-cna-si-procurori\\\/#primaryimage\"},\"thumbnailUrl\":\"https:\\\/\\\/www.btv.md\\\/wp-content\\\/uploads\\\/2017\\\/04\\\/1-8.jpg\",\"datePublished\":\"2017-04-04T14:50:29+00:00\",\"dateModified\":\"2017-05-18T10:25:27+00:00\",\"author\":{\"@id\":\"https:\\\/\\\/www.btv.md\\\/#\\\/schema\\\/person\\\/8fadce81561b3ce2c34c46dadc4ccbf2\"},\"description\":\"Vicepre\u015fedintele Comitetului de conducere al B\u0103ncii Comerciale Moldova Agroindbank a fost re\u0163inut de c\u0103tre ofi\u0163erii Centrului Na\u021bional\",\"inLanguage\":\"ro-RO\",\"potentialAction\":[{\"@type\":\"ReadAction\",\"target\":[\"https:\\\/\\\/www.btv.md\\\/ro\\\/inca-un-sef-de-la-moldova-agroinbank-retinut-de-cna-si-procurori\\\/\"]}]},{\"@type\":\"ImageObject\",\"inLanguage\":\"ro-RO\",\"@id\":\"https:\\\/\\\/www.btv.md\\\/ro\\\/inca-un-sef-de-la-moldova-agroinbank-retinut-de-cna-si-procurori\\\/#primaryimage\",\"url\":\"https:\\\/\\\/www.btv.md\\\/wp-content\\\/uploads\\\/2017\\\/04\\\/1-8.jpg\",\"contentUrl\":\"https:\\\/\\\/www.btv.md\\\/wp-content\\\/uploads\\\/2017\\\/04\\\/1-8.jpg\",\"width\":850,\"height\":567},{\"@type\":\"WebSite\",\"@id\":\"https:\\\/\\\/www.btv.md\\\/#website\",\"url\":\"https:\\\/\\\/www.btv.md\\\/\",\"name\":\"BTV\",\"description\":\"\u0411\u0435\u043b\u044c\u0446\u043a\u043e\u0435 \u0442\u0435\u043b\u0435\u0432\u0438\u0434\u0435\u043d\u0438\u0435\",\"potentialAction\":[{\"@type\":\"SearchAction\",\"target\":{\"@type\":\"EntryPoint\",\"urlTemplate\":\"https:\\\/\\\/www.btv.md\\\/?s={search_term_string}\"},\"query-input\":{\"@type\":\"PropertyValueSpecification\",\"valueRequired\":true,\"valueName\":\"search_term_string\"}}],\"inLanguage\":\"ro-RO\"},{\"@type\":\"Person\",\"@id\":\"https:\\\/\\\/www.btv.md\\\/#\\\/schema\\\/person\\\/8fadce81561b3ce2c34c46dadc4ccbf2\",\"name\":\"admin\"}]}<\/script>\n<!-- \/ Yoast SEO plugin. -->","yoast_head_json":{"title":"\u00ceNC\u0102 UN \u0218EF DE LA MOLDOVA AGROINBANK RE\u021aINUT DE CNA \u0218I PROCURORI","description":"Vicepre\u015fedintele Comitetului de conducere al B\u0103ncii Comerciale Moldova Agroindbank a fost re\u0163inut de c\u0103tre ofi\u0163erii Centrului Na\u021bional","robots":{"index":"index","follow":"follow","max-snippet":"max-snippet:-1","max-image-preview":"max-image-preview:large","max-video-preview":"max-video-preview:-1"},"canonical":"https:\/\/www.btv.md\/ro\/inca-un-sef-de-la-moldova-agroinbank-retinut-de-cna-si-procurori\/","og_locale":"ro_RO","og_type":"article","og_title":"\u00ceNC\u0102 UN \u0218EF DE LA MOLDOVA AGROINBANK RE\u021aINUT DE CNA \u0218I PROCURORI","og_description":"Vicepre\u015fedintele Comitetului de conducere al B\u0103ncii Comerciale Moldova Agroindbank a fost re\u0163inut de c\u0103tre ofi\u0163erii Centrului Na\u021bional","og_url":"https:\/\/www.btv.md\/ro\/inca-un-sef-de-la-moldova-agroinbank-retinut-de-cna-si-procurori\/","og_site_name":"BTV","article_publisher":"https:\/\/www.facebook.com\/btvmoldova\/","article_published_time":"2017-04-04T14:50:29+00:00","article_modified_time":"2017-05-18T10:25:27+00:00","og_image":[{"width":850,"height":567,"url":"https:\/\/www.btv.md\/wp-content\/uploads\/2017\/04\/1-8.jpg","type":"image\/jpeg"}],"author":"admin","twitter_misc":{"Scris de":"admin","Timp estimat pentru citire":"1 minut"},"schema":{"@context":"https:\/\/schema.org","@graph":[{"@type":"Article","@id":"https:\/\/www.btv.md\/ro\/inca-un-sef-de-la-moldova-agroinbank-retinut-de-cna-si-procurori\/#article","isPartOf":{"@id":"https:\/\/www.btv.md\/ro\/inca-un-sef-de-la-moldova-agroinbank-retinut-de-cna-si-procurori\/"},"author":{"name":"admin","@id":"https:\/\/www.btv.md\/#\/schema\/person\/8fadce81561b3ce2c34c46dadc4ccbf2"},"headline":"\u00cenc\u0103 un \u0219ef de la Moldova Agroinbank re\u021binut de CNA \u0219i procurori","datePublished":"2017-04-04T14:50:29+00:00","dateModified":"2017-05-18T10:25:27+00:00","mainEntityOfPage":{"@id":"https:\/\/www.btv.md\/ro\/inca-un-sef-de-la-moldova-agroinbank-retinut-de-cna-si-procurori\/"},"wordCount":255,"image":{"@id":"https:\/\/www.btv.md\/ro\/inca-un-sef-de-la-moldova-agroinbank-retinut-de-cna-si-procurori\/#primaryimage"},"thumbnailUrl":"https:\/\/www.btv.md\/wp-content\/uploads\/2017\/04\/1-8.jpg","articleSection":["Incidente"],"inLanguage":"ro-RO"},{"@type":"WebPage","@id":"https:\/\/www.btv.md\/ro\/inca-un-sef-de-la-moldova-agroinbank-retinut-de-cna-si-procurori\/","url":"https:\/\/www.btv.md\/ro\/inca-un-sef-de-la-moldova-agroinbank-retinut-de-cna-si-procurori\/","name":"\u00ceNC\u0102 UN \u0218EF DE LA MOLDOVA AGROINBANK RE\u021aINUT DE CNA \u0218I PROCURORI","isPartOf":{"@id":"https:\/\/www.btv.md\/#website"},"primaryImageOfPage":{"@id":"https:\/\/www.btv.md\/ro\/inca-un-sef-de-la-moldova-agroinbank-retinut-de-cna-si-procurori\/#primaryimage"},"image":{"@id":"https:\/\/www.btv.md\/ro\/inca-un-sef-de-la-moldova-agroinbank-retinut-de-cna-si-procurori\/#primaryimage"},"thumbnailUrl":"https:\/\/www.btv.md\/wp-content\/uploads\/2017\/04\/1-8.jpg","datePublished":"2017-04-04T14:50:29+00:00","dateModified":"2017-05-18T10:25:27+00:00","author":{"@id":"https:\/\/www.btv.md\/#\/schema\/person\/8fadce81561b3ce2c34c46dadc4ccbf2"},"description":"Vicepre\u015fedintele Comitetului de conducere al B\u0103ncii Comerciale Moldova Agroindbank a fost re\u0163inut de c\u0103tre ofi\u0163erii Centrului Na\u021bional","inLanguage":"ro-RO","potentialAction":[{"@type":"ReadAction","target":["https:\/\/www.btv.md\/ro\/inca-un-sef-de-la-moldova-agroinbank-retinut-de-cna-si-procurori\/"]}]},{"@type":"ImageObject","inLanguage":"ro-RO","@id":"https:\/\/www.btv.md\/ro\/inca-un-sef-de-la-moldova-agroinbank-retinut-de-cna-si-procurori\/#primaryimage","url":"https:\/\/www.btv.md\/wp-content\/uploads\/2017\/04\/1-8.jpg","contentUrl":"https:\/\/www.btv.md\/wp-content\/uploads\/2017\/04\/1-8.jpg","width":850,"height":567},{"@type":"WebSite","@id":"https:\/\/www.btv.md\/#website","url":"https:\/\/www.btv.md\/","name":"BTV","description":"\u0411\u0435\u043b\u044c\u0446\u043a\u043e\u0435 \u0442\u0435\u043b\u0435\u0432\u0438\u0434\u0435\u043d\u0438\u0435","potentialAction":[{"@type":"SearchAction","target":{"@type":"EntryPoint","urlTemplate":"https:\/\/www.btv.md\/?s={search_term_string}"},"query-input":{"@type":"PropertyValueSpecification","valueRequired":true,"valueName":"search_term_string"}}],"inLanguage":"ro-RO"},{"@type":"Person","@id":"https:\/\/www.btv.md\/#\/schema\/person\/8fadce81561b3ce2c34c46dadc4ccbf2","name":"admin"}]}},"_links":{"self":[{"href":"https:\/\/www.btv.md\/ro\/wp-json\/wp\/v2\/posts\/22694","targetHints":{"allow":["GET"]}}],"collection":[{"href":"https:\/\/www.btv.md\/ro\/wp-json\/wp\/v2\/posts"}],"about":[{"href":"https:\/\/www.btv.md\/ro\/wp-json\/wp\/v2\/types\/post"}],"author":[{"embeddable":true,"href":"https:\/\/www.btv.md\/ro\/wp-json\/wp\/v2\/users\/4"}],"replies":[{"embeddable":true,"href":"https:\/\/www.btv.md\/ro\/wp-json\/wp\/v2\/comments?post=22694"}],"version-history":[{"count":0,"href":"https:\/\/www.btv.md\/ro\/wp-json\/wp\/v2\/posts\/22694\/revisions"}],"wp:featuredmedia":[{"embeddable":true,"href":"https:\/\/www.btv.md\/ro\/wp-json\/wp\/v2\/media\/22695"}],"wp:attachment":[{"href":"https:\/\/www.btv.md\/ro\/wp-json\/wp\/v2\/media?parent=22694"}],"wp:term":[{"taxonomy":"category","embeddable":true,"href":"https:\/\/www.btv.md\/ro\/wp-json\/wp\/v2\/categories?post=22694"},{"taxonomy":"post_tag","embeddable":true,"href":"https:\/\/www.btv.md\/ro\/wp-json\/wp\/v2\/tags?post=22694"}],"curies":[{"name":"wp","href":"https:\/\/api.w.org\/{rel}","templated":true}]}}