{"id":22700,"date":"2017-04-04T16:56:49","date_gmt":"2017-04-04T13:56:49","guid":{"rendered":"http:\/\/btv.md\/?p=22700"},"modified":"2019-03-29T10:30:57","modified_gmt":"2019-03-29T08:30:57","slug":"au-aparut-miei-pentru-masa-de-pasti","status":"publish","type":"post","link":"https:\/\/www.btv.md\/ro\/au-aparut-miei-pentru-masa-de-pasti\/","title":{"rendered":"AU  AP\u0102RUT  MIEI  PENTRU  MASA  DE  PA\u0218TI"},"content":{"rendered":"<p><strong>Ambala\u021bi conform normelor sanitare, \u00een \u021bipl\u0103,\u00a0 pe tarabele Pie\u021bei Centrale din B\u0103l\u021bi au ap\u0103rut primii miei\u00a0 pentru masa de Pa\u0219ti.\u00a0 Ace\u0219tia sunt v\u00e2ndu\u021bi de comercian\u021bi la un pre\u021b de 60 sau 65 de lei de lei per kilogram.\u00a0 B\u0103l\u021benii spun c\u0103 nu ar fi prea mult, mai ales c\u0103 munca celor care cresc aceste animale, nu este una din cele mai u\u0219oare.<\/strong><\/p>\n<p><iframe width=\"1170\" height=\"878\" data-src=\"https:\/\/www.youtube.com\/embed\/bx3pMY9sgvI?wmode=transparent&amp;rel=0&amp;feature=oembed\" frameborder=\"0\" allow=\"accelerometer; autoplay; encrypted-media; gyroscope; picture-in-picture\" allowfullscreen src=\"data:image\/svg+xml;base64,PHN2ZyB3aWR0aD0iMSIgaGVpZ2h0PSIxIiB4bWxucz0iaHR0cDovL3d3dy53My5vcmcvMjAwMC9zdmciPjwvc3ZnPg==\" class=\"lazyload\" data-load-mode=\"1\"><\/iframe><\/p>\n<p>Printre comercian\u021bi de c\u00e2rlani sunt \u0219i proprietari de st\u00e2ne care\u00a0 au venit la B\u0103l\u021bi pentru a-\u0219i vinde marfa. Potrivit lor num\u0103rul clien\u021bilor este mic.<\/p>\n<p>Medicul igienist al pie\u021bei \u00a0afirm\u0103 c\u0103 \u00eenainte de ajunge pe rafturi miei sacrifica\u021bi sunt \u00a0\u00a0sunt verifica\u021bi conform \u00a0cerin\u021belor sanitare.<\/p>\n<p>Comercian\u021bii afirm\u0103 c\u0103 pre\u021burile nu vor cre\u0219te \u00een urm\u0103toarea perioad\u0103 , deaorece oferta dep\u0103\u0219e\u0219te cererea.<\/p>\n","protected":false},"excerpt":{"rendered":"<p>Ambala\u021bi conform normelor sanitare, \u00een \u021bipl\u0103,\u00a0 pe tarabele Pie\u021bei Centrale din B\u0103l\u021bi au ap\u0103rut primii miei\u00a0 pentru masa de Pa\u0219ti.\u00a0 Ace\u0219tia sunt v\u00e2ndu\u021bi de comercian\u021bi la un pre\u021b de 60 sau 65 de lei de lei per kilogram.\u00a0 B\u0103l\u021benii spun c\u0103 nu ar fi prea mult, mai ales c\u0103 munca celor care cresc aceste animale, [&hellip;]<\/p>\n","protected":false},"author":4,"featured_media":22701,"comment_status":"closed","ping_status":"closed","sticky":false,"template":"","format":"standard","meta":{"footnotes":""},"categories":[6349],"tags":[],"class_list":["post-22700","post","type-post","status-publish","format-standard","has-post-thumbnail","hentry","category-social"],"yoast_head":"<!-- This site is optimized with the Yoast SEO plugin v27.4 - https:\/\/yoast.com\/product\/yoast-seo-wordpress\/ -->\n<title>AU AP\u0102RUT MIEI PENTRU MASA DE PA\u0218TI<\/title>\n<meta name=\"description\" content=\"Ambala\u021bi conform normelor sanitare, \u00een \u021bipl\u0103, pe tarabele Pie\u021bei Centrale din B\u0103l\u021bi au ap\u0103rut primii miei pentru masa de Pa\u0219ti.\" \/>\n<meta name=\"robots\" content=\"index, follow, max-snippet:-1, max-image-preview:large, max-video-preview:-1\" \/>\n<link rel=\"canonical\" href=\"https:\/\/www.btv.md\/ro\/au-aparut-miei-pentru-masa-de-pasti\/\" \/>\n<meta property=\"og:locale\" content=\"ro_RO\" \/>\n<meta property=\"og:type\" content=\"article\" \/>\n<meta property=\"og:title\" content=\"AU AP\u0102RUT MIEI PENTRU MASA DE PA\u0218TI\" \/>\n<meta property=\"og:description\" content=\"Ambala\u021bi conform normelor sanitare, \u00een \u021bipl\u0103, pe tarabele Pie\u021bei Centrale din B\u0103l\u021bi au ap\u0103rut primii miei pentru masa de Pa\u0219ti.\" \/>\n<meta property=\"og:url\" content=\"https:\/\/www.btv.md\/ro\/au-aparut-miei-pentru-masa-de-pasti\/\" \/>\n<meta property=\"og:site_name\" content=\"BTV\" \/>\n<meta property=\"article:publisher\" content=\"https:\/\/www.facebook.com\/btvmoldova\/\" \/>\n<meta property=\"article:published_time\" content=\"2017-04-04T13:56:49+00:00\" \/>\n<meta property=\"article:modified_time\" content=\"2019-03-29T08:30:57+00:00\" \/>\n<meta property=\"og:image\" content=\"https:\/\/www.btv.md\/wp-content\/uploads\/2017\/04\/1-10.jpg\" \/>\n\t<meta property=\"og:image:width\" content=\"850\" \/>\n\t<meta property=\"og:image:height\" content=\"567\" \/>\n\t<meta property=\"og:image:type\" content=\"image\/jpeg\" \/>\n<meta name=\"author\" content=\"admin\" \/>\n<meta name=\"twitter:label1\" content=\"Scris de\" \/>\n\t<meta name=\"twitter:data1\" content=\"admin\" \/>\n\t<meta name=\"twitter:label2\" content=\"Timp estimat pentru citire\" \/>\n\t<meta name=\"twitter:data2\" content=\"1 minut\" \/>\n<script type=\"application\/ld+json\" class=\"yoast-schema-graph\">{\"@context\":\"https:\\\/\\\/schema.org\",\"@graph\":[{\"@type\":\"Article\",\"@id\":\"https:\\\/\\\/www.btv.md\\\/ro\\\/au-aparut-miei-pentru-masa-de-pasti\\\/#article\",\"isPartOf\":{\"@id\":\"https:\\\/\\\/www.btv.md\\\/ro\\\/au-aparut-miei-pentru-masa-de-pasti\\\/\"},\"author\":{\"name\":\"admin\",\"@id\":\"https:\\\/\\\/www.btv.md\\\/#\\\/schema\\\/person\\\/8fadce81561b3ce2c34c46dadc4ccbf2\"},\"headline\":\"AU AP\u0102RUT MIEI PENTRU MASA DE PA\u0218TI\",\"datePublished\":\"2017-04-04T13:56:49+00:00\",\"dateModified\":\"2019-03-29T08:30:57+00:00\",\"mainEntityOfPage\":{\"@id\":\"https:\\\/\\\/www.btv.md\\\/ro\\\/au-aparut-miei-pentru-masa-de-pasti\\\/\"},\"wordCount\":163,\"image\":{\"@id\":\"https:\\\/\\\/www.btv.md\\\/ro\\\/au-aparut-miei-pentru-masa-de-pasti\\\/#primaryimage\"},\"thumbnailUrl\":\"https:\\\/\\\/www.btv.md\\\/wp-content\\\/uploads\\\/2017\\\/04\\\/1-10.jpg\",\"articleSection\":[\"Social\"],\"inLanguage\":\"ro-RO\"},{\"@type\":\"WebPage\",\"@id\":\"https:\\\/\\\/www.btv.md\\\/ro\\\/au-aparut-miei-pentru-masa-de-pasti\\\/\",\"url\":\"https:\\\/\\\/www.btv.md\\\/ro\\\/au-aparut-miei-pentru-masa-de-pasti\\\/\",\"name\":\"AU AP\u0102RUT MIEI PENTRU MASA DE PA\u0218TI\",\"isPartOf\":{\"@id\":\"https:\\\/\\\/www.btv.md\\\/#website\"},\"primaryImageOfPage\":{\"@id\":\"https:\\\/\\\/www.btv.md\\\/ro\\\/au-aparut-miei-pentru-masa-de-pasti\\\/#primaryimage\"},\"image\":{\"@id\":\"https:\\\/\\\/www.btv.md\\\/ro\\\/au-aparut-miei-pentru-masa-de-pasti\\\/#primaryimage\"},\"thumbnailUrl\":\"https:\\\/\\\/www.btv.md\\\/wp-content\\\/uploads\\\/2017\\\/04\\\/1-10.jpg\",\"datePublished\":\"2017-04-04T13:56:49+00:00\",\"dateModified\":\"2019-03-29T08:30:57+00:00\",\"author\":{\"@id\":\"https:\\\/\\\/www.btv.md\\\/#\\\/schema\\\/person\\\/8fadce81561b3ce2c34c46dadc4ccbf2\"},\"description\":\"Ambala\u021bi conform normelor sanitare, \u00een \u021bipl\u0103, pe tarabele Pie\u021bei Centrale din B\u0103l\u021bi au ap\u0103rut primii miei pentru masa de Pa\u0219ti.\",\"inLanguage\":\"ro-RO\",\"potentialAction\":[{\"@type\":\"ReadAction\",\"target\":[\"https:\\\/\\\/www.btv.md\\\/ro\\\/au-aparut-miei-pentru-masa-de-pasti\\\/\"]}]},{\"@type\":\"ImageObject\",\"inLanguage\":\"ro-RO\",\"@id\":\"https:\\\/\\\/www.btv.md\\\/ro\\\/au-aparut-miei-pentru-masa-de-pasti\\\/#primaryimage\",\"url\":\"https:\\\/\\\/www.btv.md\\\/wp-content\\\/uploads\\\/2017\\\/04\\\/1-10.jpg\",\"contentUrl\":\"https:\\\/\\\/www.btv.md\\\/wp-content\\\/uploads\\\/2017\\\/04\\\/1-10.jpg\",\"width\":850,\"height\":567},{\"@type\":\"WebSite\",\"@id\":\"https:\\\/\\\/www.btv.md\\\/#website\",\"url\":\"https:\\\/\\\/www.btv.md\\\/\",\"name\":\"BTV\",\"description\":\"\u0411\u0435\u043b\u044c\u0446\u043a\u043e\u0435 \u0442\u0435\u043b\u0435\u0432\u0438\u0434\u0435\u043d\u0438\u0435\",\"potentialAction\":[{\"@type\":\"SearchAction\",\"target\":{\"@type\":\"EntryPoint\",\"urlTemplate\":\"https:\\\/\\\/www.btv.md\\\/?s={search_term_string}\"},\"query-input\":{\"@type\":\"PropertyValueSpecification\",\"valueRequired\":true,\"valueName\":\"search_term_string\"}}],\"inLanguage\":\"ro-RO\"},{\"@type\":\"Person\",\"@id\":\"https:\\\/\\\/www.btv.md\\\/#\\\/schema\\\/person\\\/8fadce81561b3ce2c34c46dadc4ccbf2\",\"name\":\"admin\"}]}<\/script>\n<!-- \/ Yoast SEO plugin. -->","yoast_head_json":{"title":"AU AP\u0102RUT MIEI PENTRU MASA DE PA\u0218TI","description":"Ambala\u021bi conform normelor sanitare, \u00een \u021bipl\u0103, pe tarabele Pie\u021bei Centrale din B\u0103l\u021bi au ap\u0103rut primii miei pentru masa de Pa\u0219ti.","robots":{"index":"index","follow":"follow","max-snippet":"max-snippet:-1","max-image-preview":"max-image-preview:large","max-video-preview":"max-video-preview:-1"},"canonical":"https:\/\/www.btv.md\/ro\/au-aparut-miei-pentru-masa-de-pasti\/","og_locale":"ro_RO","og_type":"article","og_title":"AU AP\u0102RUT MIEI PENTRU MASA DE PA\u0218TI","og_description":"Ambala\u021bi conform normelor sanitare, \u00een \u021bipl\u0103, pe tarabele Pie\u021bei Centrale din B\u0103l\u021bi au ap\u0103rut primii miei pentru masa de Pa\u0219ti.","og_url":"https:\/\/www.btv.md\/ro\/au-aparut-miei-pentru-masa-de-pasti\/","og_site_name":"BTV","article_publisher":"https:\/\/www.facebook.com\/btvmoldova\/","article_published_time":"2017-04-04T13:56:49+00:00","article_modified_time":"2019-03-29T08:30:57+00:00","og_image":[{"width":850,"height":567,"url":"https:\/\/www.btv.md\/wp-content\/uploads\/2017\/04\/1-10.jpg","type":"image\/jpeg"}],"author":"admin","twitter_misc":{"Scris de":"admin","Timp estimat pentru citire":"1 minut"},"schema":{"@context":"https:\/\/schema.org","@graph":[{"@type":"Article","@id":"https:\/\/www.btv.md\/ro\/au-aparut-miei-pentru-masa-de-pasti\/#article","isPartOf":{"@id":"https:\/\/www.btv.md\/ro\/au-aparut-miei-pentru-masa-de-pasti\/"},"author":{"name":"admin","@id":"https:\/\/www.btv.md\/#\/schema\/person\/8fadce81561b3ce2c34c46dadc4ccbf2"},"headline":"AU AP\u0102RUT MIEI PENTRU MASA DE PA\u0218TI","datePublished":"2017-04-04T13:56:49+00:00","dateModified":"2019-03-29T08:30:57+00:00","mainEntityOfPage":{"@id":"https:\/\/www.btv.md\/ro\/au-aparut-miei-pentru-masa-de-pasti\/"},"wordCount":163,"image":{"@id":"https:\/\/www.btv.md\/ro\/au-aparut-miei-pentru-masa-de-pasti\/#primaryimage"},"thumbnailUrl":"https:\/\/www.btv.md\/wp-content\/uploads\/2017\/04\/1-10.jpg","articleSection":["Social"],"inLanguage":"ro-RO"},{"@type":"WebPage","@id":"https:\/\/www.btv.md\/ro\/au-aparut-miei-pentru-masa-de-pasti\/","url":"https:\/\/www.btv.md\/ro\/au-aparut-miei-pentru-masa-de-pasti\/","name":"AU AP\u0102RUT MIEI PENTRU MASA DE PA\u0218TI","isPartOf":{"@id":"https:\/\/www.btv.md\/#website"},"primaryImageOfPage":{"@id":"https:\/\/www.btv.md\/ro\/au-aparut-miei-pentru-masa-de-pasti\/#primaryimage"},"image":{"@id":"https:\/\/www.btv.md\/ro\/au-aparut-miei-pentru-masa-de-pasti\/#primaryimage"},"thumbnailUrl":"https:\/\/www.btv.md\/wp-content\/uploads\/2017\/04\/1-10.jpg","datePublished":"2017-04-04T13:56:49+00:00","dateModified":"2019-03-29T08:30:57+00:00","author":{"@id":"https:\/\/www.btv.md\/#\/schema\/person\/8fadce81561b3ce2c34c46dadc4ccbf2"},"description":"Ambala\u021bi conform normelor sanitare, \u00een \u021bipl\u0103, pe tarabele Pie\u021bei Centrale din B\u0103l\u021bi au ap\u0103rut primii miei pentru masa de Pa\u0219ti.","inLanguage":"ro-RO","potentialAction":[{"@type":"ReadAction","target":["https:\/\/www.btv.md\/ro\/au-aparut-miei-pentru-masa-de-pasti\/"]}]},{"@type":"ImageObject","inLanguage":"ro-RO","@id":"https:\/\/www.btv.md\/ro\/au-aparut-miei-pentru-masa-de-pasti\/#primaryimage","url":"https:\/\/www.btv.md\/wp-content\/uploads\/2017\/04\/1-10.jpg","contentUrl":"https:\/\/www.btv.md\/wp-content\/uploads\/2017\/04\/1-10.jpg","width":850,"height":567},{"@type":"WebSite","@id":"https:\/\/www.btv.md\/#website","url":"https:\/\/www.btv.md\/","name":"BTV","description":"\u0411\u0435\u043b\u044c\u0446\u043a\u043e\u0435 \u0442\u0435\u043b\u0435\u0432\u0438\u0434\u0435\u043d\u0438\u0435","potentialAction":[{"@type":"SearchAction","target":{"@type":"EntryPoint","urlTemplate":"https:\/\/www.btv.md\/?s={search_term_string}"},"query-input":{"@type":"PropertyValueSpecification","valueRequired":true,"valueName":"search_term_string"}}],"inLanguage":"ro-RO"},{"@type":"Person","@id":"https:\/\/www.btv.md\/#\/schema\/person\/8fadce81561b3ce2c34c46dadc4ccbf2","name":"admin"}]}},"_links":{"self":[{"href":"https:\/\/www.btv.md\/ro\/wp-json\/wp\/v2\/posts\/22700","targetHints":{"allow":["GET"]}}],"collection":[{"href":"https:\/\/www.btv.md\/ro\/wp-json\/wp\/v2\/posts"}],"about":[{"href":"https:\/\/www.btv.md\/ro\/wp-json\/wp\/v2\/types\/post"}],"author":[{"embeddable":true,"href":"https:\/\/www.btv.md\/ro\/wp-json\/wp\/v2\/users\/4"}],"replies":[{"embeddable":true,"href":"https:\/\/www.btv.md\/ro\/wp-json\/wp\/v2\/comments?post=22700"}],"version-history":[{"count":0,"href":"https:\/\/www.btv.md\/ro\/wp-json\/wp\/v2\/posts\/22700\/revisions"}],"wp:featuredmedia":[{"embeddable":true,"href":"https:\/\/www.btv.md\/ro\/wp-json\/wp\/v2\/media\/22701"}],"wp:attachment":[{"href":"https:\/\/www.btv.md\/ro\/wp-json\/wp\/v2\/media?parent=22700"}],"wp:term":[{"taxonomy":"category","embeddable":true,"href":"https:\/\/www.btv.md\/ro\/wp-json\/wp\/v2\/categories?post=22700"},{"taxonomy":"post_tag","embeddable":true,"href":"https:\/\/www.btv.md\/ro\/wp-json\/wp\/v2\/tags?post=22700"}],"curies":[{"name":"wp","href":"https:\/\/api.w.org\/{rel}","templated":true}]}}