{"id":22783,"date":"2017-04-05T18:30:19","date_gmt":"2017-04-05T15:30:19","guid":{"rendered":"http:\/\/btv.md\/?p=22783"},"modified":"2019-03-29T10:33:31","modified_gmt":"2019-03-29T08:33:31","slug":"salvatorii-balteni-au-inaugurat-o-autospeciala-monument","status":"publish","type":"post","link":"https:\/\/www.btv.md\/ro\/salvatorii-balteni-au-inaugurat-o-autospeciala-monument\/","title":{"rendered":"SALVATORII  B\u0102L\u021aENI  AU  INAUGURAT  O  AUTOSPECIAL\u0102-MONUMENT"},"content":{"rendered":"<p><strong>De Ziua Salvatorului, la B\u0103l\u021bi a fost inaugurat\u0103 o autospecial\u0103 renovat\u0103 care dateaz\u0103 din anul 1959. Aceasta a fost instalat\u0103 ca monument chiar la intrarea \u00een curtea sediului Direc\u021bia Situa\u021bii Excep\u021bionale.<\/strong><\/p>\n<p><iframe width=\"1170\" height=\"878\" data-src=\"https:\/\/www.youtube.com\/embed\/RY331V-Gdsk?wmode=transparent&amp;rel=0&amp;feature=oembed\" frameborder=\"0\" allow=\"accelerometer; autoplay; encrypted-media; gyroscope; picture-in-picture\" allowfullscreen src=\"data:image\/svg+xml;base64,PHN2ZyB3aWR0aD0iMSIgaGVpZ2h0PSIxIiB4bWxucz0iaHR0cDovL3d3dy53My5vcmcvMjAwMC9zdmciPjwvc3ZnPg==\" class=\"lazyload\" data-load-mode=\"1\"><\/iframe><\/p>\n<p>Potrivit Maiorului Serviciului Salvare, Valeriu Paiu, autospeciala a fost renovat\u0103 timp de c\u00e2teva luni. De\u0219i aceasta mai poate fi utilizat\u0103 la lichidarea incendiilor, angaja\u021bii DSE au hot\u0103r\u00e2t s\u0103 o p\u0103streze \u00een memoria colegilor trecu\u021bi \u00een nefiin\u021b\u0103.<\/p>\n<p>Cu ocazia zilei lor profesionale, salvatorii au fost felicita\u021bi de c\u0103tre \u0218eful Serviciului Protec\u021biei Civile \u0219i Situa\u021bii Excep\u021bionale \u00a0al Ministerului Afacerilor Interne, General- Maior Mihail Garabagiu. Unii dintre ei s-au ales cu medalii \u0219i diplome.<\/p>\n<p>Salvatorii spun c\u0103 \u0219i-au ales o profesie deloc u\u0219oar\u0103 care necesit\u0103 mult curaj.<\/p>\n<p>La eveniment au fost prezen\u021bi \u0219i fo\u0219tii angaja\u021bi ai Direc\u021biei situa\u021bii excep\u021bionale B\u0103l\u021bi, dar \u0219i rudele celor care au avut de suferit la datorie. Ace\u0219tia au primit\u00a0 o recompens\u0103 \u00een semn de recuno\u0219tin\u021b\u0103 \u0219i devotament.<\/p>\n<p>Peste acest b\u0103rbat a c\u0103zut un perete, \u00een timp ce lucra la lichidarea consecin\u021belor unui incendiu. Colegul lui a murit pe loc, el \u00eens\u0103 \u00a0a r\u0103mas viu ca prin minune.<\/p>\n<p>\u00cen Republica Moldova activeaz\u0103 peste dou\u0103 mii de salvatori \u0219i pompieri.<\/p>\n","protected":false},"excerpt":{"rendered":"<p>De Ziua Salvatorului, la B\u0103l\u021bi a fost inaugurat\u0103 o autospecial\u0103 renovat\u0103 care dateaz\u0103 din anul 1959. Aceasta a fost instalat\u0103 ca monument chiar la intrarea \u00een curtea sediului Direc\u021bia Situa\u021bii Excep\u021bionale. Potrivit Maiorului Serviciului Salvare, Valeriu Paiu, autospeciala a fost renovat\u0103 timp de c\u00e2teva luni. De\u0219i aceasta mai poate fi utilizat\u0103 la lichidarea incendiilor, angaja\u021bii [&hellip;]<\/p>\n","protected":false},"author":4,"featured_media":22784,"comment_status":"closed","ping_status":"closed","sticky":false,"template":"","format":"standard","meta":{"footnotes":""},"categories":[],"tags":[],"class_list":["post-22783","post","type-post","status-publish","format-standard","has-post-thumbnail","hentry"],"yoast_head":"<!-- This site is optimized with the Yoast SEO plugin v27.4 - https:\/\/yoast.com\/product\/yoast-seo-wordpress\/ -->\n<title>SALVATORII B\u0102L\u021aENI AU INAUGURAT O AUTOSPECIAL\u0102-MONUMENT<\/title>\n<meta name=\"description\" content=\"De Ziua Salvatorului, la B\u0103l\u021bi a fost inaugurat\u0103 o autospecial\u0103 renovat\u0103 care dateaz\u0103 din anul 1959. Aceasta a fost instalat\u0103 ca monument chiar la\" \/>\n<meta name=\"robots\" content=\"index, follow, max-snippet:-1, max-image-preview:large, max-video-preview:-1\" \/>\n<link rel=\"canonical\" href=\"https:\/\/www.btv.md\/ro\/salvatorii-balteni-au-inaugurat-o-autospeciala-monument\/\" \/>\n<meta property=\"og:locale\" content=\"ro_RO\" \/>\n<meta property=\"og:type\" content=\"article\" \/>\n<meta property=\"og:title\" content=\"SALVATORII B\u0102L\u021aENI AU INAUGURAT O AUTOSPECIAL\u0102-MONUMENT\" \/>\n<meta property=\"og:description\" content=\"De Ziua Salvatorului, la B\u0103l\u021bi a fost inaugurat\u0103 o autospecial\u0103 renovat\u0103 care dateaz\u0103 din anul 1959. Aceasta a fost instalat\u0103 ca monument chiar la\" \/>\n<meta property=\"og:url\" content=\"https:\/\/www.btv.md\/ro\/salvatorii-balteni-au-inaugurat-o-autospeciala-monument\/\" \/>\n<meta property=\"og:site_name\" content=\"BTV\" \/>\n<meta property=\"article:publisher\" content=\"https:\/\/www.facebook.com\/btvmoldova\/\" \/>\n<meta property=\"article:published_time\" content=\"2017-04-05T15:30:19+00:00\" \/>\n<meta property=\"article:modified_time\" content=\"2019-03-29T08:33:31+00:00\" \/>\n<meta property=\"og:image\" content=\"https:\/\/www.btv.md\/wp-content\/uploads\/2017\/04\/BTV_8487_01.MP4.00_00_01_20.nepodvizhnoe-izobrazhenie001.jpg\" \/>\n\t<meta property=\"og:image:width\" content=\"1920\" \/>\n\t<meta property=\"og:image:height\" content=\"1080\" \/>\n\t<meta property=\"og:image:type\" content=\"image\/jpeg\" \/>\n<meta name=\"author\" content=\"admin\" \/>\n<meta name=\"twitter:label1\" content=\"Scris de\" \/>\n\t<meta name=\"twitter:data1\" content=\"admin\" \/>\n\t<meta name=\"twitter:label2\" content=\"Timp estimat pentru citire\" \/>\n\t<meta name=\"twitter:data2\" content=\"1 minut\" \/>\n<script type=\"application\/ld+json\" class=\"yoast-schema-graph\">{\"@context\":\"https:\\\/\\\/schema.org\",\"@graph\":[{\"@type\":\"Article\",\"@id\":\"https:\\\/\\\/www.btv.md\\\/ro\\\/salvatorii-balteni-au-inaugurat-o-autospeciala-monument\\\/#article\",\"isPartOf\":{\"@id\":\"https:\\\/\\\/www.btv.md\\\/ro\\\/salvatorii-balteni-au-inaugurat-o-autospeciala-monument\\\/\"},\"author\":{\"name\":\"admin\",\"@id\":\"https:\\\/\\\/www.btv.md\\\/#\\\/schema\\\/person\\\/8fadce81561b3ce2c34c46dadc4ccbf2\"},\"headline\":\"SALVATORII B\u0102L\u021aENI AU INAUGURAT O AUTOSPECIAL\u0102-MONUMENT\",\"datePublished\":\"2017-04-05T15:30:19+00:00\",\"dateModified\":\"2019-03-29T08:33:31+00:00\",\"mainEntityOfPage\":{\"@id\":\"https:\\\/\\\/www.btv.md\\\/ro\\\/salvatorii-balteni-au-inaugurat-o-autospeciala-monument\\\/\"},\"wordCount\":236,\"image\":{\"@id\":\"https:\\\/\\\/www.btv.md\\\/ro\\\/salvatorii-balteni-au-inaugurat-o-autospeciala-monument\\\/#primaryimage\"},\"thumbnailUrl\":\"https:\\\/\\\/www.btv.md\\\/wp-content\\\/uploads\\\/2017\\\/04\\\/BTV_8487_01.MP4.00_00_01_20.nepodvizhnoe-izobrazhenie001.jpg\",\"inLanguage\":\"ro-RO\"},{\"@type\":\"WebPage\",\"@id\":\"https:\\\/\\\/www.btv.md\\\/ro\\\/salvatorii-balteni-au-inaugurat-o-autospeciala-monument\\\/\",\"url\":\"https:\\\/\\\/www.btv.md\\\/ro\\\/salvatorii-balteni-au-inaugurat-o-autospeciala-monument\\\/\",\"name\":\"SALVATORII B\u0102L\u021aENI AU INAUGURAT O AUTOSPECIAL\u0102-MONUMENT\",\"isPartOf\":{\"@id\":\"https:\\\/\\\/www.btv.md\\\/#website\"},\"primaryImageOfPage\":{\"@id\":\"https:\\\/\\\/www.btv.md\\\/ro\\\/salvatorii-balteni-au-inaugurat-o-autospeciala-monument\\\/#primaryimage\"},\"image\":{\"@id\":\"https:\\\/\\\/www.btv.md\\\/ro\\\/salvatorii-balteni-au-inaugurat-o-autospeciala-monument\\\/#primaryimage\"},\"thumbnailUrl\":\"https:\\\/\\\/www.btv.md\\\/wp-content\\\/uploads\\\/2017\\\/04\\\/BTV_8487_01.MP4.00_00_01_20.nepodvizhnoe-izobrazhenie001.jpg\",\"datePublished\":\"2017-04-05T15:30:19+00:00\",\"dateModified\":\"2019-03-29T08:33:31+00:00\",\"author\":{\"@id\":\"https:\\\/\\\/www.btv.md\\\/#\\\/schema\\\/person\\\/8fadce81561b3ce2c34c46dadc4ccbf2\"},\"description\":\"De Ziua Salvatorului, la B\u0103l\u021bi a fost inaugurat\u0103 o autospecial\u0103 renovat\u0103 care dateaz\u0103 din anul 1959. Aceasta a fost instalat\u0103 ca monument chiar la\",\"inLanguage\":\"ro-RO\",\"potentialAction\":[{\"@type\":\"ReadAction\",\"target\":[\"https:\\\/\\\/www.btv.md\\\/ro\\\/salvatorii-balteni-au-inaugurat-o-autospeciala-monument\\\/\"]}]},{\"@type\":\"ImageObject\",\"inLanguage\":\"ro-RO\",\"@id\":\"https:\\\/\\\/www.btv.md\\\/ro\\\/salvatorii-balteni-au-inaugurat-o-autospeciala-monument\\\/#primaryimage\",\"url\":\"https:\\\/\\\/www.btv.md\\\/wp-content\\\/uploads\\\/2017\\\/04\\\/BTV_8487_01.MP4.00_00_01_20.nepodvizhnoe-izobrazhenie001.jpg\",\"contentUrl\":\"https:\\\/\\\/www.btv.md\\\/wp-content\\\/uploads\\\/2017\\\/04\\\/BTV_8487_01.MP4.00_00_01_20.nepodvizhnoe-izobrazhenie001.jpg\",\"width\":1920,\"height\":1080},{\"@type\":\"WebSite\",\"@id\":\"https:\\\/\\\/www.btv.md\\\/#website\",\"url\":\"https:\\\/\\\/www.btv.md\\\/\",\"name\":\"BTV\",\"description\":\"\u0411\u0435\u043b\u044c\u0446\u043a\u043e\u0435 \u0442\u0435\u043b\u0435\u0432\u0438\u0434\u0435\u043d\u0438\u0435\",\"potentialAction\":[{\"@type\":\"SearchAction\",\"target\":{\"@type\":\"EntryPoint\",\"urlTemplate\":\"https:\\\/\\\/www.btv.md\\\/?s={search_term_string}\"},\"query-input\":{\"@type\":\"PropertyValueSpecification\",\"valueRequired\":true,\"valueName\":\"search_term_string\"}}],\"inLanguage\":\"ro-RO\"},{\"@type\":\"Person\",\"@id\":\"https:\\\/\\\/www.btv.md\\\/#\\\/schema\\\/person\\\/8fadce81561b3ce2c34c46dadc4ccbf2\",\"name\":\"admin\"}]}<\/script>\n<!-- \/ Yoast SEO plugin. -->","yoast_head_json":{"title":"SALVATORII B\u0102L\u021aENI AU INAUGURAT O AUTOSPECIAL\u0102-MONUMENT","description":"De Ziua Salvatorului, la B\u0103l\u021bi a fost inaugurat\u0103 o autospecial\u0103 renovat\u0103 care dateaz\u0103 din anul 1959. Aceasta a fost instalat\u0103 ca monument chiar la","robots":{"index":"index","follow":"follow","max-snippet":"max-snippet:-1","max-image-preview":"max-image-preview:large","max-video-preview":"max-video-preview:-1"},"canonical":"https:\/\/www.btv.md\/ro\/salvatorii-balteni-au-inaugurat-o-autospeciala-monument\/","og_locale":"ro_RO","og_type":"article","og_title":"SALVATORII B\u0102L\u021aENI AU INAUGURAT O AUTOSPECIAL\u0102-MONUMENT","og_description":"De Ziua Salvatorului, la B\u0103l\u021bi a fost inaugurat\u0103 o autospecial\u0103 renovat\u0103 care dateaz\u0103 din anul 1959. Aceasta a fost instalat\u0103 ca monument chiar la","og_url":"https:\/\/www.btv.md\/ro\/salvatorii-balteni-au-inaugurat-o-autospeciala-monument\/","og_site_name":"BTV","article_publisher":"https:\/\/www.facebook.com\/btvmoldova\/","article_published_time":"2017-04-05T15:30:19+00:00","article_modified_time":"2019-03-29T08:33:31+00:00","og_image":[{"width":1920,"height":1080,"url":"https:\/\/www.btv.md\/wp-content\/uploads\/2017\/04\/BTV_8487_01.MP4.00_00_01_20.nepodvizhnoe-izobrazhenie001.jpg","type":"image\/jpeg"}],"author":"admin","twitter_misc":{"Scris de":"admin","Timp estimat pentru citire":"1 minut"},"schema":{"@context":"https:\/\/schema.org","@graph":[{"@type":"Article","@id":"https:\/\/www.btv.md\/ro\/salvatorii-balteni-au-inaugurat-o-autospeciala-monument\/#article","isPartOf":{"@id":"https:\/\/www.btv.md\/ro\/salvatorii-balteni-au-inaugurat-o-autospeciala-monument\/"},"author":{"name":"admin","@id":"https:\/\/www.btv.md\/#\/schema\/person\/8fadce81561b3ce2c34c46dadc4ccbf2"},"headline":"SALVATORII B\u0102L\u021aENI AU INAUGURAT O AUTOSPECIAL\u0102-MONUMENT","datePublished":"2017-04-05T15:30:19+00:00","dateModified":"2019-03-29T08:33:31+00:00","mainEntityOfPage":{"@id":"https:\/\/www.btv.md\/ro\/salvatorii-balteni-au-inaugurat-o-autospeciala-monument\/"},"wordCount":236,"image":{"@id":"https:\/\/www.btv.md\/ro\/salvatorii-balteni-au-inaugurat-o-autospeciala-monument\/#primaryimage"},"thumbnailUrl":"https:\/\/www.btv.md\/wp-content\/uploads\/2017\/04\/BTV_8487_01.MP4.00_00_01_20.nepodvizhnoe-izobrazhenie001.jpg","inLanguage":"ro-RO"},{"@type":"WebPage","@id":"https:\/\/www.btv.md\/ro\/salvatorii-balteni-au-inaugurat-o-autospeciala-monument\/","url":"https:\/\/www.btv.md\/ro\/salvatorii-balteni-au-inaugurat-o-autospeciala-monument\/","name":"SALVATORII B\u0102L\u021aENI AU INAUGURAT O AUTOSPECIAL\u0102-MONUMENT","isPartOf":{"@id":"https:\/\/www.btv.md\/#website"},"primaryImageOfPage":{"@id":"https:\/\/www.btv.md\/ro\/salvatorii-balteni-au-inaugurat-o-autospeciala-monument\/#primaryimage"},"image":{"@id":"https:\/\/www.btv.md\/ro\/salvatorii-balteni-au-inaugurat-o-autospeciala-monument\/#primaryimage"},"thumbnailUrl":"https:\/\/www.btv.md\/wp-content\/uploads\/2017\/04\/BTV_8487_01.MP4.00_00_01_20.nepodvizhnoe-izobrazhenie001.jpg","datePublished":"2017-04-05T15:30:19+00:00","dateModified":"2019-03-29T08:33:31+00:00","author":{"@id":"https:\/\/www.btv.md\/#\/schema\/person\/8fadce81561b3ce2c34c46dadc4ccbf2"},"description":"De Ziua Salvatorului, la B\u0103l\u021bi a fost inaugurat\u0103 o autospecial\u0103 renovat\u0103 care dateaz\u0103 din anul 1959. Aceasta a fost instalat\u0103 ca monument chiar la","inLanguage":"ro-RO","potentialAction":[{"@type":"ReadAction","target":["https:\/\/www.btv.md\/ro\/salvatorii-balteni-au-inaugurat-o-autospeciala-monument\/"]}]},{"@type":"ImageObject","inLanguage":"ro-RO","@id":"https:\/\/www.btv.md\/ro\/salvatorii-balteni-au-inaugurat-o-autospeciala-monument\/#primaryimage","url":"https:\/\/www.btv.md\/wp-content\/uploads\/2017\/04\/BTV_8487_01.MP4.00_00_01_20.nepodvizhnoe-izobrazhenie001.jpg","contentUrl":"https:\/\/www.btv.md\/wp-content\/uploads\/2017\/04\/BTV_8487_01.MP4.00_00_01_20.nepodvizhnoe-izobrazhenie001.jpg","width":1920,"height":1080},{"@type":"WebSite","@id":"https:\/\/www.btv.md\/#website","url":"https:\/\/www.btv.md\/","name":"BTV","description":"\u0411\u0435\u043b\u044c\u0446\u043a\u043e\u0435 \u0442\u0435\u043b\u0435\u0432\u0438\u0434\u0435\u043d\u0438\u0435","potentialAction":[{"@type":"SearchAction","target":{"@type":"EntryPoint","urlTemplate":"https:\/\/www.btv.md\/?s={search_term_string}"},"query-input":{"@type":"PropertyValueSpecification","valueRequired":true,"valueName":"search_term_string"}}],"inLanguage":"ro-RO"},{"@type":"Person","@id":"https:\/\/www.btv.md\/#\/schema\/person\/8fadce81561b3ce2c34c46dadc4ccbf2","name":"admin"}]}},"_links":{"self":[{"href":"https:\/\/www.btv.md\/ro\/wp-json\/wp\/v2\/posts\/22783","targetHints":{"allow":["GET"]}}],"collection":[{"href":"https:\/\/www.btv.md\/ro\/wp-json\/wp\/v2\/posts"}],"about":[{"href":"https:\/\/www.btv.md\/ro\/wp-json\/wp\/v2\/types\/post"}],"author":[{"embeddable":true,"href":"https:\/\/www.btv.md\/ro\/wp-json\/wp\/v2\/users\/4"}],"replies":[{"embeddable":true,"href":"https:\/\/www.btv.md\/ro\/wp-json\/wp\/v2\/comments?post=22783"}],"version-history":[{"count":0,"href":"https:\/\/www.btv.md\/ro\/wp-json\/wp\/v2\/posts\/22783\/revisions"}],"wp:featuredmedia":[{"embeddable":true,"href":"https:\/\/www.btv.md\/ro\/wp-json\/wp\/v2\/media\/22784"}],"wp:attachment":[{"href":"https:\/\/www.btv.md\/ro\/wp-json\/wp\/v2\/media?parent=22783"}],"wp:term":[{"taxonomy":"category","embeddable":true,"href":"https:\/\/www.btv.md\/ro\/wp-json\/wp\/v2\/categories?post=22783"},{"taxonomy":"post_tag","embeddable":true,"href":"https:\/\/www.btv.md\/ro\/wp-json\/wp\/v2\/tags?post=22783"}],"curies":[{"name":"wp","href":"https:\/\/api.w.org\/{rel}","templated":true}]}}