{"id":22794,"date":"2017-04-05T18:42:33","date_gmt":"2017-04-05T15:42:33","guid":{"rendered":"http:\/\/btv.md\/?p=22794"},"modified":"2019-03-29T10:35:03","modified_gmt":"2019-03-29T08:35:03","slug":"pd-l-a-somat-pe-primarul-de-la-falesti-sa-paraseasca-partidul-nostru","status":"publish","type":"post","link":"https:\/\/www.btv.md\/ro\/pd-l-a-somat-pe-primarul-de-la-falesti-sa-paraseasca-partidul-nostru\/","title":{"rendered":"PD L-A SOMAT PE PRIMARUL DE LA F\u0102LE\u0218TI  S\u0102 P\u0102R\u0102SEASC\u0102 \u201ePARTIDUL NOSTRU\u201d"},"content":{"rendered":"<p><strong>Primarul ora\u0219ului F\u0103le\u0219ti, Vladimir Rusu, care acum c\u00eeteva zile a anun\u021bat c\u0103 p\u0103r\u0103se\u0219te r\u00eendurile \u201ePartidului Nostru\u201d, al\u0103turi de al\u021bi fo\u0219ti membri de partid, recunoa\u0219te c\u0103 a fost impus, prin \u0219antaj, s\u0103 fac\u0103 acest lucru. Potrivit lui, de acest lucru s-au ocupat mai mul\u021bi reprezentan\u021bi locali ai Partidului Democrat, dar \u0219i un oarecare Oleg de la Chi\u0219in\u0103u. \u00cenregistrarea audio a fost publicat\u0103 pe pagina de Facebook al liderului \u201cPartidului Nostru\u201d Renato Usat\u00eei.<\/strong><\/p>\n<p><iframe width=\"1170\" height=\"878\" data-src=\"https:\/\/www.youtube.com\/embed\/bXHPteFKF_4?wmode=transparent&amp;rel=0&amp;feature=oembed\" frameborder=\"0\" allow=\"accelerometer; autoplay; encrypted-media; gyroscope; picture-in-picture\" allowfullscreen src=\"data:image\/svg+xml;base64,PHN2ZyB3aWR0aD0iMSIgaGVpZ2h0PSIxIiB4bWxucz0iaHR0cDovL3d3dy53My5vcmcvMjAwMC9zdmciPjwvc3ZnPg==\" class=\"lazyload\" data-load-mode=\"1\"><\/iframe><\/p>\n<p>Vladimir Rusu a recunoscut acest fapt \u00een fa\u021ba unor colegi de la F\u0103le\u0219ti, fiind \u00eenregistrat \u00een secret. Astfel, \u00een \u00eenregistr\u0103rile postate pe Internet, primarul de la F\u0103le\u0219ti spune c\u0103 a \u00eenceput a fi vizitat de reprezentan\u021bii partidului de guvernare imediat ce liderul \u201ePartidului Nostru\u201d, Renato Usat\u00eei, i-a cerut prin Skype s\u0103-\u0219i dea demisia.<\/p>\n<p>01:17\u201eAm fost ap\u0103sat, am fost maltratat. De c\u00eend Renat m-a m\u00eentuit pe Skype atunci. De-atunci eu s\u00eent presat\u201d, recunoa\u0219te Rusu \u00een \u00eenregistr\u0103ri.<\/p>\n<p>\u201eMi-au venit \u00een cas\u0103 cu ma\u0219ina, m-au luat \u00een ma\u0219in\u0103. Domn primar, a\u0219a \u0219i a\u0219a, iaca de ce am venit\u2026 N-ai s\u0103 po\u021bi face nimic\u2026 Mata ia seama c\u0103 ai copii, ai nepo\u021bi. \u0218i nu \u0219tiu ce s\u0103 fac, s\u0103 trec la Partidul Democrat\u201d, mai spune primarul de la F\u0103le\u0219ti.<br \/>\nC\u00eet \u021bine de cel care a venit de la Chi\u0219in\u0103u pentru a-l convinge, Vladimir Rusu nu \u0219i-a putut aminti numele sau func\u021bia acestuia, spun\u00eend doar c\u0103 este vorba de un oarecare Oleg care l-a vizitat de mai multe ori \u0219i i-a spus c\u0103 \u201emata o s\u0103 ai probleme\u201d, \u00een cazul \u00een care nu-\u0219i d\u0103 acordul.<\/p>\n<p>La fel, potrivit lui Rusu, acesta i-a dat asigur\u0103ri c\u0103 Renato Usat\u00eei n-o s\u0103 se mai \u00eentoarc\u0103 \u00een Moldova pentru c\u0103 i-au fost create toate condi\u021biile, iar dac\u0103 o s\u0103 revin\u0103 va fi re\u021binut imediat.<\/p>\n<p>Amintim c\u0103 \u00een martie, c\u00ee\u021biva consilieri \u0219i primari din raionul F\u0103le\u0219ti, inclusiv Vladimir Rusu, au semnat o declara\u021bie precum c\u0103 p\u0103r\u0103sesc \u201ePartidul Nostru\u201d. \u00cen scurt timp, unul dintre ei, consilier \u00een satul Obreja Veche, a distribuit o \u00eenregistrare video \u00een care a anun\u021bat c\u0103 se \u00eentoarce \u00een partid \u0219i \u00ee\u0219i retrage semn\u0103tura de sub declara\u021bie. Consilierul a recunoscut c\u0103 a fost min\u021bit \u0219i, astfel, inmpus s\u0103 semneze documentul.<\/p>\n","protected":false},"excerpt":{"rendered":"<p>Primarul ora\u0219ului F\u0103le\u0219ti, Vladimir Rusu, care acum c\u00eeteva zile a anun\u021bat c\u0103 p\u0103r\u0103se\u0219te r\u00eendurile \u201ePartidului Nostru\u201d, al\u0103turi de al\u021bi fo\u0219ti membri de partid, recunoa\u0219te c\u0103 a fost impus, prin \u0219antaj, s\u0103 fac\u0103 acest lucru. Potrivit lui, de acest lucru s-au ocupat mai mul\u021bi reprezentan\u021bi locali ai Partidului Democrat, dar \u0219i un oarecare Oleg de la [&hellip;]<\/p>\n","protected":false},"author":4,"featured_media":22795,"comment_status":"closed","ping_status":"closed","sticky":false,"template":"","format":"standard","meta":{"footnotes":""},"categories":[6368],"tags":[],"class_list":["post-22794","post","type-post","status-publish","format-standard","has-post-thumbnail","hentry","category-politica-ro"],"yoast_head":"<!-- This site is optimized with the Yoast SEO plugin v27.4 - https:\/\/yoast.com\/product\/yoast-seo-wordpress\/ -->\n<title>\u041c\u042d\u0420 \u0424\u042d\u041b\u0415\u0428\u0422 \u041f\u0420\u0418\u0417\u041d\u0410\u041b, \u0427\u0422\u041e \u0414\u0415\u041c\u041e\u041a\u0420\u0410\u0422\u042b \u0417\u0410\u0421\u0422\u0410\u0412\u0418\u041b\u0418 \u0415\u0413\u041e \u0412\u042b\u0419\u0422\u0418 \u0418\u0417 \u00ab\u041d\u0410\u0428\u0415\u0419 \u041f\u0410\u0420\u0422\u0418\u0418\u00bb<\/title>\n<meta name=\"description\" content=\"\u041c\u044d\u0440 \u0433\u043e\u0440\u043e\u0434\u0430 \u0424\u0430\u043b\u0435\u0448\u0442\u044b \u0412\u043b\u0430\u0434\u0438\u043c\u0438\u0440 \u0420\u0443\u0441\u0443, \u043e\u0431\u044a\u044f\u0432\u0438\u0432\u0448\u0438\u0439 \u0440\u0430\u043d\u0435\u0435 \u043e \u0441\u0432\u043e\u0435\u043c \u0432\u044b\u0445\u043e\u0434\u0435 \u0438\u0437 \u00ab\u041d\u0430\u0448\u0435\u0439 \u041f\u0430\u0440\u0442\u0438\u0438\u00bb, \u0432\u043c\u0435\u0441\u0442\u0435\" \/>\n<meta name=\"robots\" content=\"index, follow, max-snippet:-1, max-image-preview:large, max-video-preview:-1\" \/>\n<link rel=\"canonical\" href=\"https:\/\/www.btv.md\/ro\/pd-l-a-somat-pe-primarul-de-la-falesti-sa-paraseasca-partidul-nostru\/\" \/>\n<meta property=\"og:locale\" content=\"ro_RO\" \/>\n<meta property=\"og:type\" content=\"article\" \/>\n<meta property=\"og:title\" content=\"\u041c\u042d\u0420 \u0424\u042d\u041b\u0415\u0428\u0422 \u041f\u0420\u0418\u0417\u041d\u0410\u041b, \u0427\u0422\u041e \u0414\u0415\u041c\u041e\u041a\u0420\u0410\u0422\u042b \u0417\u0410\u0421\u0422\u0410\u0412\u0418\u041b\u0418 \u0415\u0413\u041e \u0412\u042b\u0419\u0422\u0418 \u0418\u0417 \u00ab\u041d\u0410\u0428\u0415\u0419 \u041f\u0410\u0420\u0422\u0418\u0418\u00bb\" \/>\n<meta property=\"og:description\" content=\"\u041c\u044d\u0440 \u0433\u043e\u0440\u043e\u0434\u0430 \u0424\u0430\u043b\u0435\u0448\u0442\u044b \u0412\u043b\u0430\u0434\u0438\u043c\u0438\u0440 \u0420\u0443\u0441\u0443, \u043e\u0431\u044a\u044f\u0432\u0438\u0432\u0448\u0438\u0439 \u0440\u0430\u043d\u0435\u0435 \u043e \u0441\u0432\u043e\u0435\u043c \u0432\u044b\u0445\u043e\u0434\u0435 \u0438\u0437 \u00ab\u041d\u0430\u0448\u0435\u0439 \u041f\u0430\u0440\u0442\u0438\u0438\u00bb, \u0432\u043c\u0435\u0441\u0442\u0435\" \/>\n<meta property=\"og:url\" content=\"https:\/\/www.btv.md\/ro\/pd-l-a-somat-pe-primarul-de-la-falesti-sa-paraseasca-partidul-nostru\/\" \/>\n<meta property=\"og:site_name\" content=\"BTV\" \/>\n<meta property=\"article:publisher\" content=\"https:\/\/www.facebook.com\/btvmoldova\/\" \/>\n<meta property=\"article:published_time\" content=\"2017-04-05T15:42:33+00:00\" \/>\n<meta property=\"article:modified_time\" content=\"2019-03-29T08:35:03+00:00\" \/>\n<meta property=\"og:image\" content=\"https:\/\/www.btv.md\/wp-content\/uploads\/2017\/04\/1-14.jpg\" \/>\n\t<meta property=\"og:image:width\" content=\"850\" \/>\n\t<meta property=\"og:image:height\" content=\"567\" \/>\n\t<meta property=\"og:image:type\" content=\"image\/jpeg\" \/>\n<meta name=\"author\" content=\"admin\" \/>\n<meta name=\"twitter:label1\" content=\"Scris de\" \/>\n\t<meta name=\"twitter:data1\" content=\"admin\" \/>\n\t<meta name=\"twitter:label2\" content=\"Timp estimat pentru citire\" \/>\n\t<meta name=\"twitter:data2\" content=\"2 minute\" \/>\n<script type=\"application\/ld+json\" class=\"yoast-schema-graph\">{\"@context\":\"https:\\\/\\\/schema.org\",\"@graph\":[{\"@type\":\"Article\",\"@id\":\"https:\\\/\\\/www.btv.md\\\/ro\\\/pd-l-a-somat-pe-primarul-de-la-falesti-sa-paraseasca-partidul-nostru\\\/#article\",\"isPartOf\":{\"@id\":\"https:\\\/\\\/www.btv.md\\\/ro\\\/pd-l-a-somat-pe-primarul-de-la-falesti-sa-paraseasca-partidul-nostru\\\/\"},\"author\":{\"name\":\"admin\",\"@id\":\"https:\\\/\\\/www.btv.md\\\/#\\\/schema\\\/person\\\/8fadce81561b3ce2c34c46dadc4ccbf2\"},\"headline\":\"PD L-A SOMAT PE PRIMARUL DE LA F\u0102LE\u0218TI S\u0102 P\u0102R\u0102SEASC\u0102 \u201ePARTIDUL NOSTRU\u201d\",\"datePublished\":\"2017-04-05T15:42:33+00:00\",\"dateModified\":\"2019-03-29T08:35:03+00:00\",\"mainEntityOfPage\":{\"@id\":\"https:\\\/\\\/www.btv.md\\\/ro\\\/pd-l-a-somat-pe-primarul-de-la-falesti-sa-paraseasca-partidul-nostru\\\/\"},\"wordCount\":436,\"image\":{\"@id\":\"https:\\\/\\\/www.btv.md\\\/ro\\\/pd-l-a-somat-pe-primarul-de-la-falesti-sa-paraseasca-partidul-nostru\\\/#primaryimage\"},\"thumbnailUrl\":\"https:\\\/\\\/www.btv.md\\\/wp-content\\\/uploads\\\/2017\\\/04\\\/1-14.jpg\",\"articleSection\":[\"Politic\u0103\"],\"inLanguage\":\"ro-RO\"},{\"@type\":\"WebPage\",\"@id\":\"https:\\\/\\\/www.btv.md\\\/ro\\\/pd-l-a-somat-pe-primarul-de-la-falesti-sa-paraseasca-partidul-nostru\\\/\",\"url\":\"https:\\\/\\\/www.btv.md\\\/ro\\\/pd-l-a-somat-pe-primarul-de-la-falesti-sa-paraseasca-partidul-nostru\\\/\",\"name\":\"\u041c\u042d\u0420 \u0424\u042d\u041b\u0415\u0428\u0422 \u041f\u0420\u0418\u0417\u041d\u0410\u041b, \u0427\u0422\u041e \u0414\u0415\u041c\u041e\u041a\u0420\u0410\u0422\u042b \u0417\u0410\u0421\u0422\u0410\u0412\u0418\u041b\u0418 \u0415\u0413\u041e \u0412\u042b\u0419\u0422\u0418 \u0418\u0417 \u00ab\u041d\u0410\u0428\u0415\u0419 \u041f\u0410\u0420\u0422\u0418\u0418\u00bb\",\"isPartOf\":{\"@id\":\"https:\\\/\\\/www.btv.md\\\/#website\"},\"primaryImageOfPage\":{\"@id\":\"https:\\\/\\\/www.btv.md\\\/ro\\\/pd-l-a-somat-pe-primarul-de-la-falesti-sa-paraseasca-partidul-nostru\\\/#primaryimage\"},\"image\":{\"@id\":\"https:\\\/\\\/www.btv.md\\\/ro\\\/pd-l-a-somat-pe-primarul-de-la-falesti-sa-paraseasca-partidul-nostru\\\/#primaryimage\"},\"thumbnailUrl\":\"https:\\\/\\\/www.btv.md\\\/wp-content\\\/uploads\\\/2017\\\/04\\\/1-14.jpg\",\"datePublished\":\"2017-04-05T15:42:33+00:00\",\"dateModified\":\"2019-03-29T08:35:03+00:00\",\"author\":{\"@id\":\"https:\\\/\\\/www.btv.md\\\/#\\\/schema\\\/person\\\/8fadce81561b3ce2c34c46dadc4ccbf2\"},\"description\":\"\u041c\u044d\u0440 \u0433\u043e\u0440\u043e\u0434\u0430 \u0424\u0430\u043b\u0435\u0448\u0442\u044b \u0412\u043b\u0430\u0434\u0438\u043c\u0438\u0440 \u0420\u0443\u0441\u0443, \u043e\u0431\u044a\u044f\u0432\u0438\u0432\u0448\u0438\u0439 \u0440\u0430\u043d\u0435\u0435 \u043e \u0441\u0432\u043e\u0435\u043c \u0432\u044b\u0445\u043e\u0434\u0435 \u0438\u0437 \u00ab\u041d\u0430\u0448\u0435\u0439 \u041f\u0430\u0440\u0442\u0438\u0438\u00bb, \u0432\u043c\u0435\u0441\u0442\u0435\",\"inLanguage\":\"ro-RO\",\"potentialAction\":[{\"@type\":\"ReadAction\",\"target\":[\"https:\\\/\\\/www.btv.md\\\/ro\\\/pd-l-a-somat-pe-primarul-de-la-falesti-sa-paraseasca-partidul-nostru\\\/\"]}]},{\"@type\":\"ImageObject\",\"inLanguage\":\"ro-RO\",\"@id\":\"https:\\\/\\\/www.btv.md\\\/ro\\\/pd-l-a-somat-pe-primarul-de-la-falesti-sa-paraseasca-partidul-nostru\\\/#primaryimage\",\"url\":\"https:\\\/\\\/www.btv.md\\\/wp-content\\\/uploads\\\/2017\\\/04\\\/1-14.jpg\",\"contentUrl\":\"https:\\\/\\\/www.btv.md\\\/wp-content\\\/uploads\\\/2017\\\/04\\\/1-14.jpg\",\"width\":850,\"height\":567},{\"@type\":\"WebSite\",\"@id\":\"https:\\\/\\\/www.btv.md\\\/#website\",\"url\":\"https:\\\/\\\/www.btv.md\\\/\",\"name\":\"BTV\",\"description\":\"\u0411\u0435\u043b\u044c\u0446\u043a\u043e\u0435 \u0442\u0435\u043b\u0435\u0432\u0438\u0434\u0435\u043d\u0438\u0435\",\"potentialAction\":[{\"@type\":\"SearchAction\",\"target\":{\"@type\":\"EntryPoint\",\"urlTemplate\":\"https:\\\/\\\/www.btv.md\\\/?s={search_term_string}\"},\"query-input\":{\"@type\":\"PropertyValueSpecification\",\"valueRequired\":true,\"valueName\":\"search_term_string\"}}],\"inLanguage\":\"ro-RO\"},{\"@type\":\"Person\",\"@id\":\"https:\\\/\\\/www.btv.md\\\/#\\\/schema\\\/person\\\/8fadce81561b3ce2c34c46dadc4ccbf2\",\"name\":\"admin\"}]}<\/script>\n<!-- \/ Yoast SEO plugin. -->","yoast_head_json":{"title":"\u041c\u042d\u0420 \u0424\u042d\u041b\u0415\u0428\u0422 \u041f\u0420\u0418\u0417\u041d\u0410\u041b, \u0427\u0422\u041e \u0414\u0415\u041c\u041e\u041a\u0420\u0410\u0422\u042b \u0417\u0410\u0421\u0422\u0410\u0412\u0418\u041b\u0418 \u0415\u0413\u041e \u0412\u042b\u0419\u0422\u0418 \u0418\u0417 \u00ab\u041d\u0410\u0428\u0415\u0419 \u041f\u0410\u0420\u0422\u0418\u0418\u00bb","description":"\u041c\u044d\u0440 \u0433\u043e\u0440\u043e\u0434\u0430 \u0424\u0430\u043b\u0435\u0448\u0442\u044b \u0412\u043b\u0430\u0434\u0438\u043c\u0438\u0440 \u0420\u0443\u0441\u0443, \u043e\u0431\u044a\u044f\u0432\u0438\u0432\u0448\u0438\u0439 \u0440\u0430\u043d\u0435\u0435 \u043e \u0441\u0432\u043e\u0435\u043c \u0432\u044b\u0445\u043e\u0434\u0435 \u0438\u0437 \u00ab\u041d\u0430\u0448\u0435\u0439 \u041f\u0430\u0440\u0442\u0438\u0438\u00bb, \u0432\u043c\u0435\u0441\u0442\u0435","robots":{"index":"index","follow":"follow","max-snippet":"max-snippet:-1","max-image-preview":"max-image-preview:large","max-video-preview":"max-video-preview:-1"},"canonical":"https:\/\/www.btv.md\/ro\/pd-l-a-somat-pe-primarul-de-la-falesti-sa-paraseasca-partidul-nostru\/","og_locale":"ro_RO","og_type":"article","og_title":"\u041c\u042d\u0420 \u0424\u042d\u041b\u0415\u0428\u0422 \u041f\u0420\u0418\u0417\u041d\u0410\u041b, \u0427\u0422\u041e \u0414\u0415\u041c\u041e\u041a\u0420\u0410\u0422\u042b \u0417\u0410\u0421\u0422\u0410\u0412\u0418\u041b\u0418 \u0415\u0413\u041e \u0412\u042b\u0419\u0422\u0418 \u0418\u0417 \u00ab\u041d\u0410\u0428\u0415\u0419 \u041f\u0410\u0420\u0422\u0418\u0418\u00bb","og_description":"\u041c\u044d\u0440 \u0433\u043e\u0440\u043e\u0434\u0430 \u0424\u0430\u043b\u0435\u0448\u0442\u044b \u0412\u043b\u0430\u0434\u0438\u043c\u0438\u0440 \u0420\u0443\u0441\u0443, \u043e\u0431\u044a\u044f\u0432\u0438\u0432\u0448\u0438\u0439 \u0440\u0430\u043d\u0435\u0435 \u043e \u0441\u0432\u043e\u0435\u043c \u0432\u044b\u0445\u043e\u0434\u0435 \u0438\u0437 \u00ab\u041d\u0430\u0448\u0435\u0439 \u041f\u0430\u0440\u0442\u0438\u0438\u00bb, \u0432\u043c\u0435\u0441\u0442\u0435","og_url":"https:\/\/www.btv.md\/ro\/pd-l-a-somat-pe-primarul-de-la-falesti-sa-paraseasca-partidul-nostru\/","og_site_name":"BTV","article_publisher":"https:\/\/www.facebook.com\/btvmoldova\/","article_published_time":"2017-04-05T15:42:33+00:00","article_modified_time":"2019-03-29T08:35:03+00:00","og_image":[{"width":850,"height":567,"url":"https:\/\/www.btv.md\/wp-content\/uploads\/2017\/04\/1-14.jpg","type":"image\/jpeg"}],"author":"admin","twitter_misc":{"Scris de":"admin","Timp estimat pentru citire":"2 minute"},"schema":{"@context":"https:\/\/schema.org","@graph":[{"@type":"Article","@id":"https:\/\/www.btv.md\/ro\/pd-l-a-somat-pe-primarul-de-la-falesti-sa-paraseasca-partidul-nostru\/#article","isPartOf":{"@id":"https:\/\/www.btv.md\/ro\/pd-l-a-somat-pe-primarul-de-la-falesti-sa-paraseasca-partidul-nostru\/"},"author":{"name":"admin","@id":"https:\/\/www.btv.md\/#\/schema\/person\/8fadce81561b3ce2c34c46dadc4ccbf2"},"headline":"PD L-A SOMAT PE PRIMARUL DE LA F\u0102LE\u0218TI S\u0102 P\u0102R\u0102SEASC\u0102 \u201ePARTIDUL NOSTRU\u201d","datePublished":"2017-04-05T15:42:33+00:00","dateModified":"2019-03-29T08:35:03+00:00","mainEntityOfPage":{"@id":"https:\/\/www.btv.md\/ro\/pd-l-a-somat-pe-primarul-de-la-falesti-sa-paraseasca-partidul-nostru\/"},"wordCount":436,"image":{"@id":"https:\/\/www.btv.md\/ro\/pd-l-a-somat-pe-primarul-de-la-falesti-sa-paraseasca-partidul-nostru\/#primaryimage"},"thumbnailUrl":"https:\/\/www.btv.md\/wp-content\/uploads\/2017\/04\/1-14.jpg","articleSection":["Politic\u0103"],"inLanguage":"ro-RO"},{"@type":"WebPage","@id":"https:\/\/www.btv.md\/ro\/pd-l-a-somat-pe-primarul-de-la-falesti-sa-paraseasca-partidul-nostru\/","url":"https:\/\/www.btv.md\/ro\/pd-l-a-somat-pe-primarul-de-la-falesti-sa-paraseasca-partidul-nostru\/","name":"\u041c\u042d\u0420 \u0424\u042d\u041b\u0415\u0428\u0422 \u041f\u0420\u0418\u0417\u041d\u0410\u041b, \u0427\u0422\u041e \u0414\u0415\u041c\u041e\u041a\u0420\u0410\u0422\u042b \u0417\u0410\u0421\u0422\u0410\u0412\u0418\u041b\u0418 \u0415\u0413\u041e \u0412\u042b\u0419\u0422\u0418 \u0418\u0417 \u00ab\u041d\u0410\u0428\u0415\u0419 \u041f\u0410\u0420\u0422\u0418\u0418\u00bb","isPartOf":{"@id":"https:\/\/www.btv.md\/#website"},"primaryImageOfPage":{"@id":"https:\/\/www.btv.md\/ro\/pd-l-a-somat-pe-primarul-de-la-falesti-sa-paraseasca-partidul-nostru\/#primaryimage"},"image":{"@id":"https:\/\/www.btv.md\/ro\/pd-l-a-somat-pe-primarul-de-la-falesti-sa-paraseasca-partidul-nostru\/#primaryimage"},"thumbnailUrl":"https:\/\/www.btv.md\/wp-content\/uploads\/2017\/04\/1-14.jpg","datePublished":"2017-04-05T15:42:33+00:00","dateModified":"2019-03-29T08:35:03+00:00","author":{"@id":"https:\/\/www.btv.md\/#\/schema\/person\/8fadce81561b3ce2c34c46dadc4ccbf2"},"description":"\u041c\u044d\u0440 \u0433\u043e\u0440\u043e\u0434\u0430 \u0424\u0430\u043b\u0435\u0448\u0442\u044b \u0412\u043b\u0430\u0434\u0438\u043c\u0438\u0440 \u0420\u0443\u0441\u0443, \u043e\u0431\u044a\u044f\u0432\u0438\u0432\u0448\u0438\u0439 \u0440\u0430\u043d\u0435\u0435 \u043e \u0441\u0432\u043e\u0435\u043c \u0432\u044b\u0445\u043e\u0434\u0435 \u0438\u0437 \u00ab\u041d\u0430\u0448\u0435\u0439 \u041f\u0430\u0440\u0442\u0438\u0438\u00bb, \u0432\u043c\u0435\u0441\u0442\u0435","inLanguage":"ro-RO","potentialAction":[{"@type":"ReadAction","target":["https:\/\/www.btv.md\/ro\/pd-l-a-somat-pe-primarul-de-la-falesti-sa-paraseasca-partidul-nostru\/"]}]},{"@type":"ImageObject","inLanguage":"ro-RO","@id":"https:\/\/www.btv.md\/ro\/pd-l-a-somat-pe-primarul-de-la-falesti-sa-paraseasca-partidul-nostru\/#primaryimage","url":"https:\/\/www.btv.md\/wp-content\/uploads\/2017\/04\/1-14.jpg","contentUrl":"https:\/\/www.btv.md\/wp-content\/uploads\/2017\/04\/1-14.jpg","width":850,"height":567},{"@type":"WebSite","@id":"https:\/\/www.btv.md\/#website","url":"https:\/\/www.btv.md\/","name":"BTV","description":"\u0411\u0435\u043b\u044c\u0446\u043a\u043e\u0435 \u0442\u0435\u043b\u0435\u0432\u0438\u0434\u0435\u043d\u0438\u0435","potentialAction":[{"@type":"SearchAction","target":{"@type":"EntryPoint","urlTemplate":"https:\/\/www.btv.md\/?s={search_term_string}"},"query-input":{"@type":"PropertyValueSpecification","valueRequired":true,"valueName":"search_term_string"}}],"inLanguage":"ro-RO"},{"@type":"Person","@id":"https:\/\/www.btv.md\/#\/schema\/person\/8fadce81561b3ce2c34c46dadc4ccbf2","name":"admin"}]}},"_links":{"self":[{"href":"https:\/\/www.btv.md\/ro\/wp-json\/wp\/v2\/posts\/22794","targetHints":{"allow":["GET"]}}],"collection":[{"href":"https:\/\/www.btv.md\/ro\/wp-json\/wp\/v2\/posts"}],"about":[{"href":"https:\/\/www.btv.md\/ro\/wp-json\/wp\/v2\/types\/post"}],"author":[{"embeddable":true,"href":"https:\/\/www.btv.md\/ro\/wp-json\/wp\/v2\/users\/4"}],"replies":[{"embeddable":true,"href":"https:\/\/www.btv.md\/ro\/wp-json\/wp\/v2\/comments?post=22794"}],"version-history":[{"count":0,"href":"https:\/\/www.btv.md\/ro\/wp-json\/wp\/v2\/posts\/22794\/revisions"}],"wp:featuredmedia":[{"embeddable":true,"href":"https:\/\/www.btv.md\/ro\/wp-json\/wp\/v2\/media\/22795"}],"wp:attachment":[{"href":"https:\/\/www.btv.md\/ro\/wp-json\/wp\/v2\/media?parent=22794"}],"wp:term":[{"taxonomy":"category","embeddable":true,"href":"https:\/\/www.btv.md\/ro\/wp-json\/wp\/v2\/categories?post=22794"},{"taxonomy":"post_tag","embeddable":true,"href":"https:\/\/www.btv.md\/ro\/wp-json\/wp\/v2\/tags?post=22794"}],"curies":[{"name":"wp","href":"https:\/\/api.w.org\/{rel}","templated":true}]}}