{"id":22823,"date":"2017-04-06T14:31:40","date_gmt":"2017-04-06T11:31:40","guid":{"rendered":"http:\/\/btv.md\/?p=22823"},"modified":"2017-04-06T17:39:00","modified_gmt":"2017-04-06T14:39:00","slug":"cum-pdm-creste-moldova-cazul-de-la-falesti","status":"publish","type":"post","link":"https:\/\/www.btv.md\/ro\/cum-pdm-creste-moldova-cazul-de-la-falesti\/","title":{"rendered":"CUM PDM CRE\u0218TE MOLDOVA? CAZUL DE LA F\u0102LE\u0218TI"},"content":{"rendered":"<p><strong>Cum Vladimir Plahotniuc sau Partidul Democrat cre\u0219te Moldova dup\u0103 anul 2014? Nu v-a\u021bi pus niciodat\u0103 aceast\u0103 \u00eentrebare stima\u021bi telespectatori, dup\u0103 ultimele alegeri parlamentare. Mai \u00een glum\u0103, mai \u00een serios\u00a0 se pare c\u0103 reprezentan\u021bilor acestei mi\u0219c\u0103ri politice le place s\u0103 creasc\u0103 \u021bara, prin \u0219antaj, prin amenin\u021b\u0103ri\u00a0 sau prin dosare\u00a0 fabricate la comand\u0103. \u00cen ultima period\u0103 , Republica Moldova\u00a0 a fost zguduit\u0103 un \u0219ir de arest\u0103ri, pl\u0103carei a unor ale\u0219ilor locali din partidele de opozi\u021bie.<\/strong><\/p>\n<p><iframe width=\"1170\" height=\"658\" data-src=\"https:\/\/www.youtube.com\/embed\/p97sxJHzV1M?wmode=transparent&amp;rel=0&amp;feature=oembed\" frameborder=\"0\" allow=\"accelerometer; autoplay; encrypted-media; gyroscope; picture-in-picture\" allowfullscreen src=\"data:image\/svg+xml;base64,PHN2ZyB3aWR0aD0iMSIgaGVpZ2h0PSIxIiB4bWxucz0iaHR0cDovL3d3dy53My5vcmcvMjAwMC9zdmciPjwvc3ZnPg==\" class=\"lazyload\" data-load-mode=\"1\"><\/iframe><\/p>\n<p>Recent primarul ora\u0219ul F\u0103le\u0219ti, Vladimir Rusu\u00a0 care\u00a0 a c\u0103p\u0103tat aceast\u0103 func\u021bie \u00een urma alegerilor locale din 2015, pe listele Partidului Nostru a fost\u00a0 somat de doi transfugi, s\u0103 adere la Partidul Democrat.\u00a0<\/p>\n<p>Potrivit unor consilieri locali p\u00e2n\u0103 la plecare, primarul de F\u0103le\u0219ti a colaborat cot la cot cu membri consiliului local pentru binele urbiei. Astfel, consilierul or\u0103\u0219enesc, Boris Dedov spune c\u0103 \u00een ultimii doi an administra\u021bia public\u0103 local\u0103 s-ar putera m\u00e2ndri cu unele lucruri ob\u021binute. El a mai ad\u0103ugat c\u0103 vor c\u0103uta solu\u021bii pentru a continua dezvoltarea ora\u0219ului, indiferent de circumstan\u021bele politice.<\/p>\n<p>Din cele v\u0103zute\u00a0 pe str\u0103zile micului ora\u0219 din nordul \u021b\u0103rii, se pare c\u0103 pofta Prtidului Democrat cre\u0219te \u00een privin\u021ba\u00a0 bloc\u0103rii procesului de modernizare a unor localit\u0103\u021bi care nu corespund culorii politice<\/p>\n","protected":false},"excerpt":{"rendered":"<p>Cum Vladimir Plahotniuc sau Partidul Democrat cre\u0219te Moldova dup\u0103 anul 2014? Nu v-a\u021bi pus niciodat\u0103 aceast\u0103 \u00eentrebare stima\u021bi telespectatori, dup\u0103 ultimele alegeri parlamentare. Mai \u00een glum\u0103, mai \u00een serios\u00a0 se pare c\u0103 reprezentan\u021bilor acestei mi\u0219c\u0103ri politice le place s\u0103 creasc\u0103 \u021bara, prin \u0219antaj, prin amenin\u021b\u0103ri\u00a0 sau prin dosare\u00a0 fabricate la comand\u0103. \u00cen ultima period\u0103 , [&hellip;]<\/p>\n","protected":false},"author":4,"featured_media":22824,"comment_status":"closed","ping_status":"closed","sticky":false,"template":"","format":"standard","meta":{"footnotes":""},"categories":[8,11],"tags":[],"class_list":["post-22823","post","type-post","status-publish","format-standard","has-post-thumbnail","hentry","category-obshestvo","category-politica"],"yoast_head":"<!-- This site is optimized with the Yoast SEO plugin v27.4 - https:\/\/yoast.com\/product\/yoast-seo-wordpress\/ -->\n<title>CUM PDM CRE\u0218TE MOLDOVA? CAZUL DE LA F\u0102LE\u0218TI<\/title>\n<meta name=\"description\" content=\"Cum Vladimir Plahotniuc sau Partidul Democrat cre\u0219te Moldova dup\u0103 anul 2014? Nu v-a\u021bi pus niciodat\u0103 aceast\u0103 \u00eentrebare stima\u021bi telespectatori,\" \/>\n<meta name=\"robots\" content=\"index, follow, max-snippet:-1, max-image-preview:large, max-video-preview:-1\" \/>\n<link rel=\"canonical\" href=\"https:\/\/www.btv.md\/ro\/cum-pdm-creste-moldova-cazul-de-la-falesti\/\" \/>\n<meta property=\"og:locale\" content=\"ro_RO\" \/>\n<meta property=\"og:type\" content=\"article\" \/>\n<meta property=\"og:title\" content=\"CUM PDM CRE\u0218TE MOLDOVA? CAZUL DE LA F\u0102LE\u0218TI\" \/>\n<meta property=\"og:description\" content=\"Cum Vladimir Plahotniuc sau Partidul Democrat cre\u0219te Moldova dup\u0103 anul 2014? Nu v-a\u021bi pus niciodat\u0103 aceast\u0103 \u00eentrebare stima\u021bi telespectatori,\" \/>\n<meta property=\"og:url\" content=\"https:\/\/www.btv.md\/ro\/cum-pdm-creste-moldova-cazul-de-la-falesti\/\" \/>\n<meta property=\"og:site_name\" content=\"BTV\" \/>\n<meta property=\"article:publisher\" content=\"https:\/\/www.facebook.com\/btvmoldova\/\" \/>\n<meta property=\"article:published_time\" content=\"2017-04-06T11:31:40+00:00\" \/>\n<meta property=\"article:modified_time\" content=\"2017-04-06T14:39:00+00:00\" \/>\n<meta property=\"og:image\" content=\"https:\/\/www.btv.md\/wp-content\/uploads\/2017\/04\/BTV_8549_01.MP4.00_11_07_12.nepodvizhnoe-izobrazhenie001.jpg\" \/>\n\t<meta property=\"og:image:width\" content=\"1920\" \/>\n\t<meta property=\"og:image:height\" content=\"1080\" \/>\n\t<meta property=\"og:image:type\" content=\"image\/jpeg\" \/>\n<meta name=\"author\" content=\"admin\" \/>\n<meta name=\"twitter:label1\" content=\"Scris de\" \/>\n\t<meta name=\"twitter:data1\" content=\"admin\" \/>\n\t<meta name=\"twitter:label2\" content=\"Timp estimat pentru citire\" \/>\n\t<meta name=\"twitter:data2\" content=\"1 minut\" \/>\n<script type=\"application\/ld+json\" class=\"yoast-schema-graph\">{\"@context\":\"https:\\\/\\\/schema.org\",\"@graph\":[{\"@type\":\"Article\",\"@id\":\"https:\\\/\\\/www.btv.md\\\/ro\\\/cum-pdm-creste-moldova-cazul-de-la-falesti\\\/#article\",\"isPartOf\":{\"@id\":\"https:\\\/\\\/www.btv.md\\\/ro\\\/cum-pdm-creste-moldova-cazul-de-la-falesti\\\/\"},\"author\":{\"name\":\"admin\",\"@id\":\"https:\\\/\\\/www.btv.md\\\/#\\\/schema\\\/person\\\/8fadce81561b3ce2c34c46dadc4ccbf2\"},\"headline\":\"CUM PDM CRE\u0218TE MOLDOVA? CAZUL DE LA F\u0102LE\u0218TI\",\"datePublished\":\"2017-04-06T11:31:40+00:00\",\"dateModified\":\"2017-04-06T14:39:00+00:00\",\"mainEntityOfPage\":{\"@id\":\"https:\\\/\\\/www.btv.md\\\/ro\\\/cum-pdm-creste-moldova-cazul-de-la-falesti\\\/\"},\"wordCount\":245,\"image\":{\"@id\":\"https:\\\/\\\/www.btv.md\\\/ro\\\/cum-pdm-creste-moldova-cazul-de-la-falesti\\\/#primaryimage\"},\"thumbnailUrl\":\"https:\\\/\\\/www.btv.md\\\/wp-content\\\/uploads\\\/2017\\\/04\\\/BTV_8549_01.MP4.00_11_07_12.nepodvizhnoe-izobrazhenie001.jpg\",\"articleSection\":[\"\u041e\u0431\u0449\u0435\u0441\u0442\u0432\u043e\",\"\u041f\u043e\u043b\u0438\u0442\u0438\u043a\u0430\"],\"inLanguage\":\"ro-RO\"},{\"@type\":\"WebPage\",\"@id\":\"https:\\\/\\\/www.btv.md\\\/ro\\\/cum-pdm-creste-moldova-cazul-de-la-falesti\\\/\",\"url\":\"https:\\\/\\\/www.btv.md\\\/ro\\\/cum-pdm-creste-moldova-cazul-de-la-falesti\\\/\",\"name\":\"CUM PDM CRE\u0218TE MOLDOVA? CAZUL DE LA F\u0102LE\u0218TI\",\"isPartOf\":{\"@id\":\"https:\\\/\\\/www.btv.md\\\/#website\"},\"primaryImageOfPage\":{\"@id\":\"https:\\\/\\\/www.btv.md\\\/ro\\\/cum-pdm-creste-moldova-cazul-de-la-falesti\\\/#primaryimage\"},\"image\":{\"@id\":\"https:\\\/\\\/www.btv.md\\\/ro\\\/cum-pdm-creste-moldova-cazul-de-la-falesti\\\/#primaryimage\"},\"thumbnailUrl\":\"https:\\\/\\\/www.btv.md\\\/wp-content\\\/uploads\\\/2017\\\/04\\\/BTV_8549_01.MP4.00_11_07_12.nepodvizhnoe-izobrazhenie001.jpg\",\"datePublished\":\"2017-04-06T11:31:40+00:00\",\"dateModified\":\"2017-04-06T14:39:00+00:00\",\"author\":{\"@id\":\"https:\\\/\\\/www.btv.md\\\/#\\\/schema\\\/person\\\/8fadce81561b3ce2c34c46dadc4ccbf2\"},\"description\":\"Cum Vladimir Plahotniuc sau Partidul Democrat cre\u0219te Moldova dup\u0103 anul 2014? Nu v-a\u021bi pus niciodat\u0103 aceast\u0103 \u00eentrebare stima\u021bi telespectatori,\",\"inLanguage\":\"ro-RO\",\"potentialAction\":[{\"@type\":\"ReadAction\",\"target\":[\"https:\\\/\\\/www.btv.md\\\/ro\\\/cum-pdm-creste-moldova-cazul-de-la-falesti\\\/\"]}]},{\"@type\":\"ImageObject\",\"inLanguage\":\"ro-RO\",\"@id\":\"https:\\\/\\\/www.btv.md\\\/ro\\\/cum-pdm-creste-moldova-cazul-de-la-falesti\\\/#primaryimage\",\"url\":\"https:\\\/\\\/www.btv.md\\\/wp-content\\\/uploads\\\/2017\\\/04\\\/BTV_8549_01.MP4.00_11_07_12.nepodvizhnoe-izobrazhenie001.jpg\",\"contentUrl\":\"https:\\\/\\\/www.btv.md\\\/wp-content\\\/uploads\\\/2017\\\/04\\\/BTV_8549_01.MP4.00_11_07_12.nepodvizhnoe-izobrazhenie001.jpg\",\"width\":1920,\"height\":1080},{\"@type\":\"WebSite\",\"@id\":\"https:\\\/\\\/www.btv.md\\\/#website\",\"url\":\"https:\\\/\\\/www.btv.md\\\/\",\"name\":\"BTV\",\"description\":\"\u0411\u0435\u043b\u044c\u0446\u043a\u043e\u0435 \u0442\u0435\u043b\u0435\u0432\u0438\u0434\u0435\u043d\u0438\u0435\",\"potentialAction\":[{\"@type\":\"SearchAction\",\"target\":{\"@type\":\"EntryPoint\",\"urlTemplate\":\"https:\\\/\\\/www.btv.md\\\/?s={search_term_string}\"},\"query-input\":{\"@type\":\"PropertyValueSpecification\",\"valueRequired\":true,\"valueName\":\"search_term_string\"}}],\"inLanguage\":\"ro-RO\"},{\"@type\":\"Person\",\"@id\":\"https:\\\/\\\/www.btv.md\\\/#\\\/schema\\\/person\\\/8fadce81561b3ce2c34c46dadc4ccbf2\",\"name\":\"admin\"}]}<\/script>\n<!-- \/ Yoast SEO plugin. -->","yoast_head_json":{"title":"CUM PDM CRE\u0218TE MOLDOVA? CAZUL DE LA F\u0102LE\u0218TI","description":"Cum Vladimir Plahotniuc sau Partidul Democrat cre\u0219te Moldova dup\u0103 anul 2014? Nu v-a\u021bi pus niciodat\u0103 aceast\u0103 \u00eentrebare stima\u021bi telespectatori,","robots":{"index":"index","follow":"follow","max-snippet":"max-snippet:-1","max-image-preview":"max-image-preview:large","max-video-preview":"max-video-preview:-1"},"canonical":"https:\/\/www.btv.md\/ro\/cum-pdm-creste-moldova-cazul-de-la-falesti\/","og_locale":"ro_RO","og_type":"article","og_title":"CUM PDM CRE\u0218TE MOLDOVA? CAZUL DE LA F\u0102LE\u0218TI","og_description":"Cum Vladimir Plahotniuc sau Partidul Democrat cre\u0219te Moldova dup\u0103 anul 2014? Nu v-a\u021bi pus niciodat\u0103 aceast\u0103 \u00eentrebare stima\u021bi telespectatori,","og_url":"https:\/\/www.btv.md\/ro\/cum-pdm-creste-moldova-cazul-de-la-falesti\/","og_site_name":"BTV","article_publisher":"https:\/\/www.facebook.com\/btvmoldova\/","article_published_time":"2017-04-06T11:31:40+00:00","article_modified_time":"2017-04-06T14:39:00+00:00","og_image":[{"width":1920,"height":1080,"url":"https:\/\/www.btv.md\/wp-content\/uploads\/2017\/04\/BTV_8549_01.MP4.00_11_07_12.nepodvizhnoe-izobrazhenie001.jpg","type":"image\/jpeg"}],"author":"admin","twitter_misc":{"Scris de":"admin","Timp estimat pentru citire":"1 minut"},"schema":{"@context":"https:\/\/schema.org","@graph":[{"@type":"Article","@id":"https:\/\/www.btv.md\/ro\/cum-pdm-creste-moldova-cazul-de-la-falesti\/#article","isPartOf":{"@id":"https:\/\/www.btv.md\/ro\/cum-pdm-creste-moldova-cazul-de-la-falesti\/"},"author":{"name":"admin","@id":"https:\/\/www.btv.md\/#\/schema\/person\/8fadce81561b3ce2c34c46dadc4ccbf2"},"headline":"CUM PDM CRE\u0218TE MOLDOVA? CAZUL DE LA F\u0102LE\u0218TI","datePublished":"2017-04-06T11:31:40+00:00","dateModified":"2017-04-06T14:39:00+00:00","mainEntityOfPage":{"@id":"https:\/\/www.btv.md\/ro\/cum-pdm-creste-moldova-cazul-de-la-falesti\/"},"wordCount":245,"image":{"@id":"https:\/\/www.btv.md\/ro\/cum-pdm-creste-moldova-cazul-de-la-falesti\/#primaryimage"},"thumbnailUrl":"https:\/\/www.btv.md\/wp-content\/uploads\/2017\/04\/BTV_8549_01.MP4.00_11_07_12.nepodvizhnoe-izobrazhenie001.jpg","articleSection":["\u041e\u0431\u0449\u0435\u0441\u0442\u0432\u043e","\u041f\u043e\u043b\u0438\u0442\u0438\u043a\u0430"],"inLanguage":"ro-RO"},{"@type":"WebPage","@id":"https:\/\/www.btv.md\/ro\/cum-pdm-creste-moldova-cazul-de-la-falesti\/","url":"https:\/\/www.btv.md\/ro\/cum-pdm-creste-moldova-cazul-de-la-falesti\/","name":"CUM PDM CRE\u0218TE MOLDOVA? CAZUL DE LA F\u0102LE\u0218TI","isPartOf":{"@id":"https:\/\/www.btv.md\/#website"},"primaryImageOfPage":{"@id":"https:\/\/www.btv.md\/ro\/cum-pdm-creste-moldova-cazul-de-la-falesti\/#primaryimage"},"image":{"@id":"https:\/\/www.btv.md\/ro\/cum-pdm-creste-moldova-cazul-de-la-falesti\/#primaryimage"},"thumbnailUrl":"https:\/\/www.btv.md\/wp-content\/uploads\/2017\/04\/BTV_8549_01.MP4.00_11_07_12.nepodvizhnoe-izobrazhenie001.jpg","datePublished":"2017-04-06T11:31:40+00:00","dateModified":"2017-04-06T14:39:00+00:00","author":{"@id":"https:\/\/www.btv.md\/#\/schema\/person\/8fadce81561b3ce2c34c46dadc4ccbf2"},"description":"Cum Vladimir Plahotniuc sau Partidul Democrat cre\u0219te Moldova dup\u0103 anul 2014? Nu v-a\u021bi pus niciodat\u0103 aceast\u0103 \u00eentrebare stima\u021bi telespectatori,","inLanguage":"ro-RO","potentialAction":[{"@type":"ReadAction","target":["https:\/\/www.btv.md\/ro\/cum-pdm-creste-moldova-cazul-de-la-falesti\/"]}]},{"@type":"ImageObject","inLanguage":"ro-RO","@id":"https:\/\/www.btv.md\/ro\/cum-pdm-creste-moldova-cazul-de-la-falesti\/#primaryimage","url":"https:\/\/www.btv.md\/wp-content\/uploads\/2017\/04\/BTV_8549_01.MP4.00_11_07_12.nepodvizhnoe-izobrazhenie001.jpg","contentUrl":"https:\/\/www.btv.md\/wp-content\/uploads\/2017\/04\/BTV_8549_01.MP4.00_11_07_12.nepodvizhnoe-izobrazhenie001.jpg","width":1920,"height":1080},{"@type":"WebSite","@id":"https:\/\/www.btv.md\/#website","url":"https:\/\/www.btv.md\/","name":"BTV","description":"\u0411\u0435\u043b\u044c\u0446\u043a\u043e\u0435 \u0442\u0435\u043b\u0435\u0432\u0438\u0434\u0435\u043d\u0438\u0435","potentialAction":[{"@type":"SearchAction","target":{"@type":"EntryPoint","urlTemplate":"https:\/\/www.btv.md\/?s={search_term_string}"},"query-input":{"@type":"PropertyValueSpecification","valueRequired":true,"valueName":"search_term_string"}}],"inLanguage":"ro-RO"},{"@type":"Person","@id":"https:\/\/www.btv.md\/#\/schema\/person\/8fadce81561b3ce2c34c46dadc4ccbf2","name":"admin"}]}},"_links":{"self":[{"href":"https:\/\/www.btv.md\/ro\/wp-json\/wp\/v2\/posts\/22823","targetHints":{"allow":["GET"]}}],"collection":[{"href":"https:\/\/www.btv.md\/ro\/wp-json\/wp\/v2\/posts"}],"about":[{"href":"https:\/\/www.btv.md\/ro\/wp-json\/wp\/v2\/types\/post"}],"author":[{"embeddable":true,"href":"https:\/\/www.btv.md\/ro\/wp-json\/wp\/v2\/users\/4"}],"replies":[{"embeddable":true,"href":"https:\/\/www.btv.md\/ro\/wp-json\/wp\/v2\/comments?post=22823"}],"version-history":[{"count":0,"href":"https:\/\/www.btv.md\/ro\/wp-json\/wp\/v2\/posts\/22823\/revisions"}],"wp:featuredmedia":[{"embeddable":true,"href":"https:\/\/www.btv.md\/ro\/wp-json\/wp\/v2\/media\/22824"}],"wp:attachment":[{"href":"https:\/\/www.btv.md\/ro\/wp-json\/wp\/v2\/media?parent=22823"}],"wp:term":[{"taxonomy":"category","embeddable":true,"href":"https:\/\/www.btv.md\/ro\/wp-json\/wp\/v2\/categories?post=22823"},{"taxonomy":"post_tag","embeddable":true,"href":"https:\/\/www.btv.md\/ro\/wp-json\/wp\/v2\/tags?post=22823"}],"curies":[{"name":"wp","href":"https:\/\/api.w.org\/{rel}","templated":true}]}}