{"id":22858,"date":"2017-04-07T15:36:14","date_gmt":"2017-04-07T12:36:14","guid":{"rendered":"http:\/\/btv.md\/?p=22858"},"modified":"2017-05-09T09:41:59","modified_gmt":"2017-05-09T06:41:59","slug":"vladimir-voronin-despre-votul-uninominal-o-momeala","status":"publish","type":"post","link":"https:\/\/www.btv.md\/ro\/vladimir-voronin-despre-votul-uninominal-o-momeala\/","title":{"rendered":"Vladimir Voronin despre votul uninominal: O momeal\u0103!"},"content":{"rendered":"<p><strong>Liderul Partidului Comuni\u0219tilor, Vladimir Voronin, critic\u0103 dur ini\u021biativa PDM privind votul uninominal. Fostul pre\u0219edinte consider\u0103 c\u0103 promisiunea autorilor ini\u021biativei precum c\u0103 oamenii \u00ee\u0219i vor putea demite deputatul ales este o momeal\u0103 pentru ca documentul s\u0103 fie sus\u021binut<\/strong><strong>, scrie unimedia.info<\/strong><\/p>\n<p><iframe width=\"1170\" height=\"658\" data-src=\"https:\/\/www.youtube.com\/embed\/e3gSHSRcsCI?wmode=transparent&amp;rel=0&amp;feature=oembed\" frameborder=\"0\" allow=\"accelerometer; autoplay; encrypted-media; gyroscope; picture-in-picture\" allowfullscreen src=\"data:image\/svg+xml;base64,PHN2ZyB3aWR0aD0iMSIgaGVpZ2h0PSIxIiB4bWxucz0iaHR0cDovL3d3dy53My5vcmcvMjAwMC9zdmciPjwvc3ZnPg==\" class=\"lazyload\" data-load-mode=\"1\"><\/iframe><\/p>\n<p>Voronin spune c\u0103, \u00een realitate, oamenii nu-\u0219i pot demite alesul \u0219i ofer\u0103 drept exemplu cazul primarului Dorin Chirtoac\u0103, care nu poate fi demis, chiar dac\u0103 au existat mai multe \u00eencerc\u0103ri \u00een acest sens.<\/p>\n<p>\u201eAsta se nume\u0219te mormeal\u0103, ca s\u0103 v\u0103 prind\u0103, da nu exist\u0103 a\u0219a ceva \u00een teorie, \u00een practic\u0103 ca mata s\u0103 ai deputatul matale. Mata, po\u021bi s\u0103 ai gospod\u0103ria matale, so\u021bia matale, da nu deputat. Aici este o \u00eentrebare \u00eenc\u0103 mai de\u0219tepat\u0103, cum vor fi formate cele 101 circumscrip\u021bii a cuiva? Pe care principiu? De exemplu, dac\u0103 raionul are 40 de mii da o circumscrip\u021bie poate s\u0103 cuprind\u0103 doar 30 de mii, 10 mii de aleg\u0103tori c\u0103rui raion \u00eei repartiz\u0103m? \u0218i candidatul ales cu ajutorul celor 10 mii de aleg\u0103tori a cui deputat va fi considerat?\u201d, spune Voronin.<\/p>\n<p>Fostul pre\u0219edinte spune c\u0103 problemele legate de corup\u021bie \u0219i integritatea deputa\u021bilor, pot fi solu\u021bionat\u0103 printr-o cur\u0103\u021benie \u00een interiorul partidelor.\u00a0<\/p>\n<p>\u201eEu \u00eentreb pe toat\u0103 Moldova \u0219i pe to\u021bi primarii care au fost \u0219i care sunt. Ave\u021bi m\u0103car un exemplu de primar care a fost revocat? Uita\u021bi-v\u0103 c\u00e2t\u0103 f\u00e2\u021b\u00e2ial\u0103 cu Chirtoac\u0103 acesta din Chi\u0219in\u0103u \u0219i nu se prime\u0219te nimic. \u0411\u0435\u0437\u0434\u0435\u043b\u044c\u043d\u0438\u043a \u043a\u043e\u043d\u0447\u0435\u043d\u043d\u044b\u0439 (n.r. lene\u0219 pr\u0103p\u0103dit), de 9 ani de zile distram\u0103 totul \u0219i nu-l pot da afar\u0103\u201d, a ad\u0103ugat Voronin.<\/p>\n","protected":false},"excerpt":{"rendered":"<p>Liderul Partidului Comuni\u0219tilor, Vladimir Voronin, critic\u0103 dur ini\u021biativa PDM privind votul uninominal. Fostul pre\u0219edinte consider\u0103 c\u0103 promisiunea autorilor ini\u021biativei precum c\u0103 oamenii \u00ee\u0219i vor putea demite deputatul ales este o momeal\u0103 pentru ca documentul s\u0103 fie sus\u021binut, scrie unimedia.info Voronin spune c\u0103, \u00een realitate, oamenii nu-\u0219i pot demite alesul \u0219i ofer\u0103 drept exemplu cazul primarului [&hellip;]<\/p>\n","protected":false},"author":4,"featured_media":22859,"comment_status":"closed","ping_status":"closed","sticky":false,"template":"","format":"standard","meta":{"footnotes":""},"categories":[6368],"tags":[],"class_list":["post-22858","post","type-post","status-publish","format-standard","has-post-thumbnail","hentry","category-politica-ro"],"yoast_head":"<!-- This site is optimized with the Yoast SEO plugin v27.4 - https:\/\/yoast.com\/product\/yoast-seo-wordpress\/ -->\n<title>VLADIMIR VORONIN DESPRE VOTUL UNINOMINAL: O MOMEAL\u0102!<\/title>\n<meta name=\"description\" content=\"Liderul Partidului Comuni\u0219tilor, Vladimir Voronin, critic\u0103 dur ini\u021biativa PDM privind votul uninominal. Fostul pre\u0219edinte\" \/>\n<meta name=\"robots\" content=\"index, follow, max-snippet:-1, max-image-preview:large, max-video-preview:-1\" \/>\n<link rel=\"canonical\" href=\"https:\/\/www.btv.md\/ro\/vladimir-voronin-despre-votul-uninominal-o-momeala\/\" \/>\n<meta property=\"og:locale\" content=\"ro_RO\" \/>\n<meta property=\"og:type\" content=\"article\" \/>\n<meta property=\"og:title\" content=\"VLADIMIR VORONIN DESPRE VOTUL UNINOMINAL: O MOMEAL\u0102!\" \/>\n<meta property=\"og:description\" content=\"Liderul Partidului Comuni\u0219tilor, Vladimir Voronin, critic\u0103 dur ini\u021biativa PDM privind votul uninominal. Fostul pre\u0219edinte\" \/>\n<meta property=\"og:url\" content=\"https:\/\/www.btv.md\/ro\/vladimir-voronin-despre-votul-uninominal-o-momeala\/\" \/>\n<meta property=\"og:site_name\" content=\"BTV\" \/>\n<meta property=\"article:publisher\" content=\"https:\/\/www.facebook.com\/btvmoldova\/\" \/>\n<meta property=\"article:published_time\" content=\"2017-04-07T12:36:14+00:00\" \/>\n<meta property=\"article:modified_time\" content=\"2017-05-09T06:41:59+00:00\" \/>\n<meta property=\"og:image\" content=\"https:\/\/www.btv.md\/wp-content\/uploads\/2017\/04\/HD.00_03_21_00.nepodvizhnoe-izobrazhenie006.jpg\" \/>\n\t<meta property=\"og:image:width\" content=\"1920\" \/>\n\t<meta property=\"og:image:height\" content=\"1080\" \/>\n\t<meta property=\"og:image:type\" content=\"image\/jpeg\" \/>\n<meta name=\"author\" content=\"admin\" \/>\n<meta name=\"twitter:label1\" content=\"Scris de\" \/>\n\t<meta name=\"twitter:data1\" content=\"admin\" \/>\n\t<meta name=\"twitter:label2\" content=\"Timp estimat pentru citire\" \/>\n\t<meta name=\"twitter:data2\" content=\"1 minut\" \/>\n<script type=\"application\/ld+json\" class=\"yoast-schema-graph\">{\"@context\":\"https:\\\/\\\/schema.org\",\"@graph\":[{\"@type\":\"Article\",\"@id\":\"https:\\\/\\\/www.btv.md\\\/ro\\\/vladimir-voronin-despre-votul-uninominal-o-momeala\\\/#article\",\"isPartOf\":{\"@id\":\"https:\\\/\\\/www.btv.md\\\/ro\\\/vladimir-voronin-despre-votul-uninominal-o-momeala\\\/\"},\"author\":{\"name\":\"admin\",\"@id\":\"https:\\\/\\\/www.btv.md\\\/#\\\/schema\\\/person\\\/8fadce81561b3ce2c34c46dadc4ccbf2\"},\"headline\":\"Vladimir Voronin despre votul uninominal: O momeal\u0103!\",\"datePublished\":\"2017-04-07T12:36:14+00:00\",\"dateModified\":\"2017-05-09T06:41:59+00:00\",\"mainEntityOfPage\":{\"@id\":\"https:\\\/\\\/www.btv.md\\\/ro\\\/vladimir-voronin-despre-votul-uninominal-o-momeala\\\/\"},\"wordCount\":326,\"image\":{\"@id\":\"https:\\\/\\\/www.btv.md\\\/ro\\\/vladimir-voronin-despre-votul-uninominal-o-momeala\\\/#primaryimage\"},\"thumbnailUrl\":\"https:\\\/\\\/www.btv.md\\\/wp-content\\\/uploads\\\/2017\\\/04\\\/HD.00_03_21_00.nepodvizhnoe-izobrazhenie006.jpg\",\"articleSection\":[\"Politic\u0103\"],\"inLanguage\":\"ro-RO\"},{\"@type\":\"WebPage\",\"@id\":\"https:\\\/\\\/www.btv.md\\\/ro\\\/vladimir-voronin-despre-votul-uninominal-o-momeala\\\/\",\"url\":\"https:\\\/\\\/www.btv.md\\\/ro\\\/vladimir-voronin-despre-votul-uninominal-o-momeala\\\/\",\"name\":\"VLADIMIR VORONIN DESPRE VOTUL UNINOMINAL: O MOMEAL\u0102!\",\"isPartOf\":{\"@id\":\"https:\\\/\\\/www.btv.md\\\/#website\"},\"primaryImageOfPage\":{\"@id\":\"https:\\\/\\\/www.btv.md\\\/ro\\\/vladimir-voronin-despre-votul-uninominal-o-momeala\\\/#primaryimage\"},\"image\":{\"@id\":\"https:\\\/\\\/www.btv.md\\\/ro\\\/vladimir-voronin-despre-votul-uninominal-o-momeala\\\/#primaryimage\"},\"thumbnailUrl\":\"https:\\\/\\\/www.btv.md\\\/wp-content\\\/uploads\\\/2017\\\/04\\\/HD.00_03_21_00.nepodvizhnoe-izobrazhenie006.jpg\",\"datePublished\":\"2017-04-07T12:36:14+00:00\",\"dateModified\":\"2017-05-09T06:41:59+00:00\",\"author\":{\"@id\":\"https:\\\/\\\/www.btv.md\\\/#\\\/schema\\\/person\\\/8fadce81561b3ce2c34c46dadc4ccbf2\"},\"description\":\"Liderul Partidului Comuni\u0219tilor, Vladimir Voronin, critic\u0103 dur ini\u021biativa PDM privind votul uninominal. Fostul pre\u0219edinte\",\"inLanguage\":\"ro-RO\",\"potentialAction\":[{\"@type\":\"ReadAction\",\"target\":[\"https:\\\/\\\/www.btv.md\\\/ro\\\/vladimir-voronin-despre-votul-uninominal-o-momeala\\\/\"]}]},{\"@type\":\"ImageObject\",\"inLanguage\":\"ro-RO\",\"@id\":\"https:\\\/\\\/www.btv.md\\\/ro\\\/vladimir-voronin-despre-votul-uninominal-o-momeala\\\/#primaryimage\",\"url\":\"https:\\\/\\\/www.btv.md\\\/wp-content\\\/uploads\\\/2017\\\/04\\\/HD.00_03_21_00.nepodvizhnoe-izobrazhenie006.jpg\",\"contentUrl\":\"https:\\\/\\\/www.btv.md\\\/wp-content\\\/uploads\\\/2017\\\/04\\\/HD.00_03_21_00.nepodvizhnoe-izobrazhenie006.jpg\",\"width\":1920,\"height\":1080},{\"@type\":\"WebSite\",\"@id\":\"https:\\\/\\\/www.btv.md\\\/#website\",\"url\":\"https:\\\/\\\/www.btv.md\\\/\",\"name\":\"BTV\",\"description\":\"\u0411\u0435\u043b\u044c\u0446\u043a\u043e\u0435 \u0442\u0435\u043b\u0435\u0432\u0438\u0434\u0435\u043d\u0438\u0435\",\"potentialAction\":[{\"@type\":\"SearchAction\",\"target\":{\"@type\":\"EntryPoint\",\"urlTemplate\":\"https:\\\/\\\/www.btv.md\\\/?s={search_term_string}\"},\"query-input\":{\"@type\":\"PropertyValueSpecification\",\"valueRequired\":true,\"valueName\":\"search_term_string\"}}],\"inLanguage\":\"ro-RO\"},{\"@type\":\"Person\",\"@id\":\"https:\\\/\\\/www.btv.md\\\/#\\\/schema\\\/person\\\/8fadce81561b3ce2c34c46dadc4ccbf2\",\"name\":\"admin\"}]}<\/script>\n<!-- \/ Yoast SEO plugin. -->","yoast_head_json":{"title":"VLADIMIR VORONIN DESPRE VOTUL UNINOMINAL: O MOMEAL\u0102!","description":"Liderul Partidului Comuni\u0219tilor, Vladimir Voronin, critic\u0103 dur ini\u021biativa PDM privind votul uninominal. Fostul pre\u0219edinte","robots":{"index":"index","follow":"follow","max-snippet":"max-snippet:-1","max-image-preview":"max-image-preview:large","max-video-preview":"max-video-preview:-1"},"canonical":"https:\/\/www.btv.md\/ro\/vladimir-voronin-despre-votul-uninominal-o-momeala\/","og_locale":"ro_RO","og_type":"article","og_title":"VLADIMIR VORONIN DESPRE VOTUL UNINOMINAL: O MOMEAL\u0102!","og_description":"Liderul Partidului Comuni\u0219tilor, Vladimir Voronin, critic\u0103 dur ini\u021biativa PDM privind votul uninominal. Fostul pre\u0219edinte","og_url":"https:\/\/www.btv.md\/ro\/vladimir-voronin-despre-votul-uninominal-o-momeala\/","og_site_name":"BTV","article_publisher":"https:\/\/www.facebook.com\/btvmoldova\/","article_published_time":"2017-04-07T12:36:14+00:00","article_modified_time":"2017-05-09T06:41:59+00:00","og_image":[{"width":1920,"height":1080,"url":"https:\/\/www.btv.md\/wp-content\/uploads\/2017\/04\/HD.00_03_21_00.nepodvizhnoe-izobrazhenie006.jpg","type":"image\/jpeg"}],"author":"admin","twitter_misc":{"Scris de":"admin","Timp estimat pentru citire":"1 minut"},"schema":{"@context":"https:\/\/schema.org","@graph":[{"@type":"Article","@id":"https:\/\/www.btv.md\/ro\/vladimir-voronin-despre-votul-uninominal-o-momeala\/#article","isPartOf":{"@id":"https:\/\/www.btv.md\/ro\/vladimir-voronin-despre-votul-uninominal-o-momeala\/"},"author":{"name":"admin","@id":"https:\/\/www.btv.md\/#\/schema\/person\/8fadce81561b3ce2c34c46dadc4ccbf2"},"headline":"Vladimir Voronin despre votul uninominal: O momeal\u0103!","datePublished":"2017-04-07T12:36:14+00:00","dateModified":"2017-05-09T06:41:59+00:00","mainEntityOfPage":{"@id":"https:\/\/www.btv.md\/ro\/vladimir-voronin-despre-votul-uninominal-o-momeala\/"},"wordCount":326,"image":{"@id":"https:\/\/www.btv.md\/ro\/vladimir-voronin-despre-votul-uninominal-o-momeala\/#primaryimage"},"thumbnailUrl":"https:\/\/www.btv.md\/wp-content\/uploads\/2017\/04\/HD.00_03_21_00.nepodvizhnoe-izobrazhenie006.jpg","articleSection":["Politic\u0103"],"inLanguage":"ro-RO"},{"@type":"WebPage","@id":"https:\/\/www.btv.md\/ro\/vladimir-voronin-despre-votul-uninominal-o-momeala\/","url":"https:\/\/www.btv.md\/ro\/vladimir-voronin-despre-votul-uninominal-o-momeala\/","name":"VLADIMIR VORONIN DESPRE VOTUL UNINOMINAL: O MOMEAL\u0102!","isPartOf":{"@id":"https:\/\/www.btv.md\/#website"},"primaryImageOfPage":{"@id":"https:\/\/www.btv.md\/ro\/vladimir-voronin-despre-votul-uninominal-o-momeala\/#primaryimage"},"image":{"@id":"https:\/\/www.btv.md\/ro\/vladimir-voronin-despre-votul-uninominal-o-momeala\/#primaryimage"},"thumbnailUrl":"https:\/\/www.btv.md\/wp-content\/uploads\/2017\/04\/HD.00_03_21_00.nepodvizhnoe-izobrazhenie006.jpg","datePublished":"2017-04-07T12:36:14+00:00","dateModified":"2017-05-09T06:41:59+00:00","author":{"@id":"https:\/\/www.btv.md\/#\/schema\/person\/8fadce81561b3ce2c34c46dadc4ccbf2"},"description":"Liderul Partidului Comuni\u0219tilor, Vladimir Voronin, critic\u0103 dur ini\u021biativa PDM privind votul uninominal. Fostul pre\u0219edinte","inLanguage":"ro-RO","potentialAction":[{"@type":"ReadAction","target":["https:\/\/www.btv.md\/ro\/vladimir-voronin-despre-votul-uninominal-o-momeala\/"]}]},{"@type":"ImageObject","inLanguage":"ro-RO","@id":"https:\/\/www.btv.md\/ro\/vladimir-voronin-despre-votul-uninominal-o-momeala\/#primaryimage","url":"https:\/\/www.btv.md\/wp-content\/uploads\/2017\/04\/HD.00_03_21_00.nepodvizhnoe-izobrazhenie006.jpg","contentUrl":"https:\/\/www.btv.md\/wp-content\/uploads\/2017\/04\/HD.00_03_21_00.nepodvizhnoe-izobrazhenie006.jpg","width":1920,"height":1080},{"@type":"WebSite","@id":"https:\/\/www.btv.md\/#website","url":"https:\/\/www.btv.md\/","name":"BTV","description":"\u0411\u0435\u043b\u044c\u0446\u043a\u043e\u0435 \u0442\u0435\u043b\u0435\u0432\u0438\u0434\u0435\u043d\u0438\u0435","potentialAction":[{"@type":"SearchAction","target":{"@type":"EntryPoint","urlTemplate":"https:\/\/www.btv.md\/?s={search_term_string}"},"query-input":{"@type":"PropertyValueSpecification","valueRequired":true,"valueName":"search_term_string"}}],"inLanguage":"ro-RO"},{"@type":"Person","@id":"https:\/\/www.btv.md\/#\/schema\/person\/8fadce81561b3ce2c34c46dadc4ccbf2","name":"admin"}]}},"_links":{"self":[{"href":"https:\/\/www.btv.md\/ro\/wp-json\/wp\/v2\/posts\/22858","targetHints":{"allow":["GET"]}}],"collection":[{"href":"https:\/\/www.btv.md\/ro\/wp-json\/wp\/v2\/posts"}],"about":[{"href":"https:\/\/www.btv.md\/ro\/wp-json\/wp\/v2\/types\/post"}],"author":[{"embeddable":true,"href":"https:\/\/www.btv.md\/ro\/wp-json\/wp\/v2\/users\/4"}],"replies":[{"embeddable":true,"href":"https:\/\/www.btv.md\/ro\/wp-json\/wp\/v2\/comments?post=22858"}],"version-history":[{"count":0,"href":"https:\/\/www.btv.md\/ro\/wp-json\/wp\/v2\/posts\/22858\/revisions"}],"wp:featuredmedia":[{"embeddable":true,"href":"https:\/\/www.btv.md\/ro\/wp-json\/wp\/v2\/media\/22859"}],"wp:attachment":[{"href":"https:\/\/www.btv.md\/ro\/wp-json\/wp\/v2\/media?parent=22858"}],"wp:term":[{"taxonomy":"category","embeddable":true,"href":"https:\/\/www.btv.md\/ro\/wp-json\/wp\/v2\/categories?post=22858"},{"taxonomy":"post_tag","embeddable":true,"href":"https:\/\/www.btv.md\/ro\/wp-json\/wp\/v2\/tags?post=22858"}],"curies":[{"name":"wp","href":"https:\/\/api.w.org\/{rel}","templated":true}]}}