{"id":29223,"date":"2017-07-19T19:26:20","date_gmt":"2017-07-19T16:26:20","guid":{"rendered":"http:\/\/btv.md\/?p=29223"},"modified":"2019-03-18T11:50:27","modified_gmt":"2019-03-18T09:50:27","slug":"municipiile-balti-si-botosani-vor-atrage-fonduri-europene","status":"publish","type":"post","link":"https:\/\/www.btv.md\/ro\/municipiile-balti-si-botosani-vor-atrage-fonduri-europene\/","title":{"rendered":"Municipiile B\u0103l\u021bi \u0219i Boto\u0219ani vor atrage fonduri europene"},"content":{"rendered":"<p><strong>Municipiile B\u0103l\u021bi \u0219i Boto\u0219ani au semnat miercuri, 19 iulie Acordul de Colaborare, care va permite celor dou\u0103 p\u0103r\u021bi s\u0103 atrag\u0103 fonduri europene, pe proiecte transfrontaliere. Ace\u0219ti bani vor permite localit\u0103\u021bilor s\u0103 se dezvolte \u00een diverse domenii: social, economic \u0219i cultural.<\/strong><\/p>\n<p><iframe width=\"1170\" height=\"658\" data-src=\"https:\/\/www.youtube.com\/embed\/rJF4tWtcVP0?wmode=transparent&amp;rel=0&amp;feature=oembed\" frameborder=\"0\" allow=\"accelerometer; autoplay; encrypted-media; gyroscope; picture-in-picture\" allowfullscreen src=\"data:image\/svg+xml;base64,PHN2ZyB3aWR0aD0iMSIgaGVpZ2h0PSIxIiB4bWxucz0iaHR0cDovL3d3dy53My5vcmcvMjAwMC9zdmciPjwvc3ZnPg==\" class=\"lazyload\" data-load-mode=\"1\"><\/iframe><\/p>\n<p>At\u00e2t viceprimarul de B\u0103l\u021bi, Igor \u0218eremet, c\u00e2t \u0219i primarul de Boto\u0219ani, C\u0103t\u0103lin Flutur, spun c\u0103 prevederile acordului vor permite, \u00eencep\u00e2nd cu luna septembrie, ini\u021bierea primului proiect transfrontalier.<\/p>\n<p>Consulul Rom\u00e2niei la B\u0103l\u021bi, Mihai Baciu, prezent la eveniment a declarat pentru BTV, c\u0103 astfel de documente nu trebuie s\u0103 se termine doar cu o fotografie de grup.<\/p>\n<p>Dup\u0103 semnarea acordului, cei doi \u0219efi de ora\u0219e, \u00eenso\u021bi de reprezentan\u021bii prim\u0103riilor, au f\u0103cut o promenad\u0103 prin Parcul Central \u0219i zona pietonal\u0103 din B\u0103l\u021bi. Apoi, au vizitat Zona Economic\u0103 Liber\u0103 B\u0103l\u021bi \u0219i Centrul de tratament ambulator a persoanelor bolnave de tuberculoz\u0103.<\/p>\n<p>\u00cen a doua decad\u0103 a lunii aprilie, Igor \u0218eremet, \u00eenso\u021bit de \u0219eful Serviciului rela\u021bii externe \u0219i atragerea investi\u021biilor, Sergiu Culibaba, s-au aflat \u00eentr-o vizit\u0103 de informare \u00een municipiul Boto\u0219ani.<\/p>\n","protected":false},"excerpt":{"rendered":"<p>Municipiile B\u0103l\u021bi \u0219i Boto\u0219ani au semnat miercuri, 19 iulie Acordul de Colaborare, care va permite celor dou\u0103 p\u0103r\u021bi s\u0103 atrag\u0103 fonduri europene, pe proiecte transfrontaliere. Ace\u0219ti bani vor permite localit\u0103\u021bilor s\u0103 se dezvolte \u00een diverse domenii: social, economic \u0219i cultural. At\u00e2t viceprimarul de B\u0103l\u021bi, Igor \u0218eremet, c\u00e2t \u0219i primarul de Boto\u0219ani, C\u0103t\u0103lin Flutur, spun c\u0103 [&hellip;]<\/p>\n","protected":false},"author":4,"featured_media":29224,"comment_status":"closed","ping_status":"closed","sticky":false,"template":"","format":"standard","meta":{"footnotes":""},"categories":[6353,6377],"tags":[],"class_list":["post-29223","post","type-post","status-publish","format-standard","has-post-thumbnail","hentry","category-oras","category-stiri"],"yoast_head":"<!-- This site is optimized with the Yoast SEO plugin v27.4 - https:\/\/yoast.com\/product\/yoast-seo-wordpress\/ -->\n<title>Municipiile B\u0103l\u021bi \u0219i Boto\u0219ani vor atrage fonduri europene<\/title>\n<meta name=\"description\" content=\"Municipiile B\u0103l\u021bi \u0219i Boto\u0219ani au semnat miercuri, 19 iulie Acordul de Colaborare, care va permite celor dou\u0103 p\u0103r\u021bi s\u0103 atrag\u0103 fonduri europene.\" \/>\n<meta name=\"robots\" content=\"index, follow, max-snippet:-1, max-image-preview:large, max-video-preview:-1\" \/>\n<link rel=\"canonical\" href=\"https:\/\/www.btv.md\/ro\/municipiile-balti-si-botosani-vor-atrage-fonduri-europene\/\" \/>\n<meta property=\"og:locale\" content=\"ro_RO\" \/>\n<meta property=\"og:type\" content=\"article\" \/>\n<meta property=\"og:title\" content=\"Municipiile B\u0103l\u021bi \u0219i Boto\u0219ani vor atrage fonduri europene\" \/>\n<meta property=\"og:description\" content=\"Municipiile B\u0103l\u021bi \u0219i Boto\u0219ani au semnat miercuri, 19 iulie Acordul de Colaborare, care va permite celor dou\u0103 p\u0103r\u021bi s\u0103 atrag\u0103 fonduri europene, pe proiecte transfrontaliere.\" \/>\n<meta property=\"og:url\" content=\"https:\/\/www.btv.md\/ro\/municipiile-balti-si-botosani-vor-atrage-fonduri-europene\/\" \/>\n<meta property=\"og:site_name\" content=\"BTV\" \/>\n<meta property=\"article:publisher\" content=\"https:\/\/www.facebook.com\/btvmoldova\/\" \/>\n<meta property=\"article:published_time\" content=\"2017-07-19T16:26:20+00:00\" \/>\n<meta property=\"article:modified_time\" content=\"2019-03-18T09:50:27+00:00\" \/>\n<meta property=\"og:image\" content=\"https:\/\/www.btv.md\/wp-content\/uploads\/2017\/07\/HD.00_01_39_03.nepodvizhnoe-izobrazhenie003.jpg\" \/>\n\t<meta property=\"og:image:width\" content=\"1920\" \/>\n\t<meta property=\"og:image:height\" content=\"1080\" \/>\n\t<meta property=\"og:image:type\" content=\"image\/jpeg\" \/>\n<meta name=\"author\" content=\"admin\" \/>\n<meta name=\"twitter:label1\" content=\"Scris de\" \/>\n\t<meta name=\"twitter:data1\" content=\"admin\" \/>\n\t<meta name=\"twitter:label2\" content=\"Timp estimat pentru citire\" \/>\n\t<meta name=\"twitter:data2\" content=\"1 minut\" \/>\n<script type=\"application\/ld+json\" class=\"yoast-schema-graph\">{\"@context\":\"https:\\\/\\\/schema.org\",\"@graph\":[{\"@type\":\"Article\",\"@id\":\"https:\\\/\\\/www.btv.md\\\/ro\\\/municipiile-balti-si-botosani-vor-atrage-fonduri-europene\\\/#article\",\"isPartOf\":{\"@id\":\"https:\\\/\\\/www.btv.md\\\/ro\\\/municipiile-balti-si-botosani-vor-atrage-fonduri-europene\\\/\"},\"author\":{\"name\":\"admin\",\"@id\":\"https:\\\/\\\/www.btv.md\\\/#\\\/schema\\\/person\\\/8fadce81561b3ce2c34c46dadc4ccbf2\"},\"headline\":\"Municipiile B\u0103l\u021bi \u0219i Boto\u0219ani vor atrage fonduri europene\",\"datePublished\":\"2017-07-19T16:26:20+00:00\",\"dateModified\":\"2019-03-18T09:50:27+00:00\",\"mainEntityOfPage\":{\"@id\":\"https:\\\/\\\/www.btv.md\\\/ro\\\/municipiile-balti-si-botosani-vor-atrage-fonduri-europene\\\/\"},\"wordCount\":212,\"image\":{\"@id\":\"https:\\\/\\\/www.btv.md\\\/ro\\\/municipiile-balti-si-botosani-vor-atrage-fonduri-europene\\\/#primaryimage\"},\"thumbnailUrl\":\"https:\\\/\\\/www.btv.md\\\/wp-content\\\/uploads\\\/2017\\\/07\\\/HD.00_01_39_03.nepodvizhnoe-izobrazhenie003.jpg\",\"articleSection\":[\"Ora\u0219\",\"\u0218tiri\"],\"inLanguage\":\"ro-RO\"},{\"@type\":\"WebPage\",\"@id\":\"https:\\\/\\\/www.btv.md\\\/ro\\\/municipiile-balti-si-botosani-vor-atrage-fonduri-europene\\\/\",\"url\":\"https:\\\/\\\/www.btv.md\\\/ro\\\/municipiile-balti-si-botosani-vor-atrage-fonduri-europene\\\/\",\"name\":\"Municipiile B\u0103l\u021bi \u0219i Boto\u0219ani vor atrage fonduri europene\",\"isPartOf\":{\"@id\":\"https:\\\/\\\/www.btv.md\\\/#website\"},\"primaryImageOfPage\":{\"@id\":\"https:\\\/\\\/www.btv.md\\\/ro\\\/municipiile-balti-si-botosani-vor-atrage-fonduri-europene\\\/#primaryimage\"},\"image\":{\"@id\":\"https:\\\/\\\/www.btv.md\\\/ro\\\/municipiile-balti-si-botosani-vor-atrage-fonduri-europene\\\/#primaryimage\"},\"thumbnailUrl\":\"https:\\\/\\\/www.btv.md\\\/wp-content\\\/uploads\\\/2017\\\/07\\\/HD.00_01_39_03.nepodvizhnoe-izobrazhenie003.jpg\",\"datePublished\":\"2017-07-19T16:26:20+00:00\",\"dateModified\":\"2019-03-18T09:50:27+00:00\",\"author\":{\"@id\":\"https:\\\/\\\/www.btv.md\\\/#\\\/schema\\\/person\\\/8fadce81561b3ce2c34c46dadc4ccbf2\"},\"description\":\"Municipiile B\u0103l\u021bi \u0219i Boto\u0219ani au semnat miercuri, 19 iulie Acordul de Colaborare, care va permite celor dou\u0103 p\u0103r\u021bi s\u0103 atrag\u0103 fonduri europene.\",\"inLanguage\":\"ro-RO\",\"potentialAction\":[{\"@type\":\"ReadAction\",\"target\":[\"https:\\\/\\\/www.btv.md\\\/ro\\\/municipiile-balti-si-botosani-vor-atrage-fonduri-europene\\\/\"]}]},{\"@type\":\"ImageObject\",\"inLanguage\":\"ro-RO\",\"@id\":\"https:\\\/\\\/www.btv.md\\\/ro\\\/municipiile-balti-si-botosani-vor-atrage-fonduri-europene\\\/#primaryimage\",\"url\":\"https:\\\/\\\/www.btv.md\\\/wp-content\\\/uploads\\\/2017\\\/07\\\/HD.00_01_39_03.nepodvizhnoe-izobrazhenie003.jpg\",\"contentUrl\":\"https:\\\/\\\/www.btv.md\\\/wp-content\\\/uploads\\\/2017\\\/07\\\/HD.00_01_39_03.nepodvizhnoe-izobrazhenie003.jpg\",\"width\":1920,\"height\":1080},{\"@type\":\"WebSite\",\"@id\":\"https:\\\/\\\/www.btv.md\\\/#website\",\"url\":\"https:\\\/\\\/www.btv.md\\\/\",\"name\":\"BTV\",\"description\":\"\u0411\u0435\u043b\u044c\u0446\u043a\u043e\u0435 \u0442\u0435\u043b\u0435\u0432\u0438\u0434\u0435\u043d\u0438\u0435\",\"potentialAction\":[{\"@type\":\"SearchAction\",\"target\":{\"@type\":\"EntryPoint\",\"urlTemplate\":\"https:\\\/\\\/www.btv.md\\\/?s={search_term_string}\"},\"query-input\":{\"@type\":\"PropertyValueSpecification\",\"valueRequired\":true,\"valueName\":\"search_term_string\"}}],\"inLanguage\":\"ro-RO\"},{\"@type\":\"Person\",\"@id\":\"https:\\\/\\\/www.btv.md\\\/#\\\/schema\\\/person\\\/8fadce81561b3ce2c34c46dadc4ccbf2\",\"name\":\"admin\"}]}<\/script>\n<!-- \/ Yoast SEO plugin. -->","yoast_head_json":{"title":"Municipiile B\u0103l\u021bi \u0219i Boto\u0219ani vor atrage fonduri europene","description":"Municipiile B\u0103l\u021bi \u0219i Boto\u0219ani au semnat miercuri, 19 iulie Acordul de Colaborare, care va permite celor dou\u0103 p\u0103r\u021bi s\u0103 atrag\u0103 fonduri europene.","robots":{"index":"index","follow":"follow","max-snippet":"max-snippet:-1","max-image-preview":"max-image-preview:large","max-video-preview":"max-video-preview:-1"},"canonical":"https:\/\/www.btv.md\/ro\/municipiile-balti-si-botosani-vor-atrage-fonduri-europene\/","og_locale":"ro_RO","og_type":"article","og_title":"Municipiile B\u0103l\u021bi \u0219i Boto\u0219ani vor atrage fonduri europene","og_description":"Municipiile B\u0103l\u021bi \u0219i Boto\u0219ani au semnat miercuri, 19 iulie Acordul de Colaborare, care va permite celor dou\u0103 p\u0103r\u021bi s\u0103 atrag\u0103 fonduri europene, pe proiecte transfrontaliere.","og_url":"https:\/\/www.btv.md\/ro\/municipiile-balti-si-botosani-vor-atrage-fonduri-europene\/","og_site_name":"BTV","article_publisher":"https:\/\/www.facebook.com\/btvmoldova\/","article_published_time":"2017-07-19T16:26:20+00:00","article_modified_time":"2019-03-18T09:50:27+00:00","og_image":[{"width":1920,"height":1080,"url":"https:\/\/www.btv.md\/wp-content\/uploads\/2017\/07\/HD.00_01_39_03.nepodvizhnoe-izobrazhenie003.jpg","type":"image\/jpeg"}],"author":"admin","twitter_misc":{"Scris de":"admin","Timp estimat pentru citire":"1 minut"},"schema":{"@context":"https:\/\/schema.org","@graph":[{"@type":"Article","@id":"https:\/\/www.btv.md\/ro\/municipiile-balti-si-botosani-vor-atrage-fonduri-europene\/#article","isPartOf":{"@id":"https:\/\/www.btv.md\/ro\/municipiile-balti-si-botosani-vor-atrage-fonduri-europene\/"},"author":{"name":"admin","@id":"https:\/\/www.btv.md\/#\/schema\/person\/8fadce81561b3ce2c34c46dadc4ccbf2"},"headline":"Municipiile B\u0103l\u021bi \u0219i Boto\u0219ani vor atrage fonduri europene","datePublished":"2017-07-19T16:26:20+00:00","dateModified":"2019-03-18T09:50:27+00:00","mainEntityOfPage":{"@id":"https:\/\/www.btv.md\/ro\/municipiile-balti-si-botosani-vor-atrage-fonduri-europene\/"},"wordCount":212,"image":{"@id":"https:\/\/www.btv.md\/ro\/municipiile-balti-si-botosani-vor-atrage-fonduri-europene\/#primaryimage"},"thumbnailUrl":"https:\/\/www.btv.md\/wp-content\/uploads\/2017\/07\/HD.00_01_39_03.nepodvizhnoe-izobrazhenie003.jpg","articleSection":["Ora\u0219","\u0218tiri"],"inLanguage":"ro-RO"},{"@type":"WebPage","@id":"https:\/\/www.btv.md\/ro\/municipiile-balti-si-botosani-vor-atrage-fonduri-europene\/","url":"https:\/\/www.btv.md\/ro\/municipiile-balti-si-botosani-vor-atrage-fonduri-europene\/","name":"Municipiile B\u0103l\u021bi \u0219i Boto\u0219ani vor atrage fonduri europene","isPartOf":{"@id":"https:\/\/www.btv.md\/#website"},"primaryImageOfPage":{"@id":"https:\/\/www.btv.md\/ro\/municipiile-balti-si-botosani-vor-atrage-fonduri-europene\/#primaryimage"},"image":{"@id":"https:\/\/www.btv.md\/ro\/municipiile-balti-si-botosani-vor-atrage-fonduri-europene\/#primaryimage"},"thumbnailUrl":"https:\/\/www.btv.md\/wp-content\/uploads\/2017\/07\/HD.00_01_39_03.nepodvizhnoe-izobrazhenie003.jpg","datePublished":"2017-07-19T16:26:20+00:00","dateModified":"2019-03-18T09:50:27+00:00","author":{"@id":"https:\/\/www.btv.md\/#\/schema\/person\/8fadce81561b3ce2c34c46dadc4ccbf2"},"description":"Municipiile B\u0103l\u021bi \u0219i Boto\u0219ani au semnat miercuri, 19 iulie Acordul de Colaborare, care va permite celor dou\u0103 p\u0103r\u021bi s\u0103 atrag\u0103 fonduri europene.","inLanguage":"ro-RO","potentialAction":[{"@type":"ReadAction","target":["https:\/\/www.btv.md\/ro\/municipiile-balti-si-botosani-vor-atrage-fonduri-europene\/"]}]},{"@type":"ImageObject","inLanguage":"ro-RO","@id":"https:\/\/www.btv.md\/ro\/municipiile-balti-si-botosani-vor-atrage-fonduri-europene\/#primaryimage","url":"https:\/\/www.btv.md\/wp-content\/uploads\/2017\/07\/HD.00_01_39_03.nepodvizhnoe-izobrazhenie003.jpg","contentUrl":"https:\/\/www.btv.md\/wp-content\/uploads\/2017\/07\/HD.00_01_39_03.nepodvizhnoe-izobrazhenie003.jpg","width":1920,"height":1080},{"@type":"WebSite","@id":"https:\/\/www.btv.md\/#website","url":"https:\/\/www.btv.md\/","name":"BTV","description":"\u0411\u0435\u043b\u044c\u0446\u043a\u043e\u0435 \u0442\u0435\u043b\u0435\u0432\u0438\u0434\u0435\u043d\u0438\u0435","potentialAction":[{"@type":"SearchAction","target":{"@type":"EntryPoint","urlTemplate":"https:\/\/www.btv.md\/?s={search_term_string}"},"query-input":{"@type":"PropertyValueSpecification","valueRequired":true,"valueName":"search_term_string"}}],"inLanguage":"ro-RO"},{"@type":"Person","@id":"https:\/\/www.btv.md\/#\/schema\/person\/8fadce81561b3ce2c34c46dadc4ccbf2","name":"admin"}]}},"_links":{"self":[{"href":"https:\/\/www.btv.md\/ro\/wp-json\/wp\/v2\/posts\/29223","targetHints":{"allow":["GET"]}}],"collection":[{"href":"https:\/\/www.btv.md\/ro\/wp-json\/wp\/v2\/posts"}],"about":[{"href":"https:\/\/www.btv.md\/ro\/wp-json\/wp\/v2\/types\/post"}],"author":[{"embeddable":true,"href":"https:\/\/www.btv.md\/ro\/wp-json\/wp\/v2\/users\/4"}],"replies":[{"embeddable":true,"href":"https:\/\/www.btv.md\/ro\/wp-json\/wp\/v2\/comments?post=29223"}],"version-history":[{"count":0,"href":"https:\/\/www.btv.md\/ro\/wp-json\/wp\/v2\/posts\/29223\/revisions"}],"wp:featuredmedia":[{"embeddable":true,"href":"https:\/\/www.btv.md\/ro\/wp-json\/wp\/v2\/media\/29224"}],"wp:attachment":[{"href":"https:\/\/www.btv.md\/ro\/wp-json\/wp\/v2\/media?parent=29223"}],"wp:term":[{"taxonomy":"category","embeddable":true,"href":"https:\/\/www.btv.md\/ro\/wp-json\/wp\/v2\/categories?post=29223"},{"taxonomy":"post_tag","embeddable":true,"href":"https:\/\/www.btv.md\/ro\/wp-json\/wp\/v2\/tags?post=29223"}],"curies":[{"name":"wp","href":"https:\/\/api.w.org\/{rel}","templated":true}]}}