{"id":29248,"date":"2017-07-20T12:20:50","date_gmt":"2017-07-20T09:20:50","guid":{"rendered":"http:\/\/btv.md\/?p=29248"},"modified":"2019-03-18T11:48:58","modified_gmt":"2019-03-18T09:48:58","slug":"balteni-mobilizati-pentru-sustinerea-votului-mixt","status":"publish","type":"post","link":"https:\/\/www.btv.md\/ro\/balteni-mobilizati-pentru-sustinerea-votului-mixt\/","title":{"rendered":"B\u0103l\u021beni, mobiliza\u021bi pentru sus\u021binerea votului mixt"},"content":{"rendered":"<p><strong>,, Plec la pescuit, merg la Chi\u0219in\u0103u, vreau s\u0103 su\u021bin votul mixt\u201d.\u00a0 Aceste au fost r\u0103spunsurile unor b\u0103l\u021beni mobiliza\u021bi joi, dis de diminea\u021b\u0103, s\u0103 participe la mitingul de sus\u021binere a votului mixt din fa\u021ba Parlamentului care urmez\u0103 s\u0103 fie votat pe 20 iulie \u00een Legislativ de deputa\u021bii PSRM \u0219i PDM. Oamenii, care au urcat \u00een autocare. au recunoscut c\u0103 sunt angaja\u021bi la \u00centreprinderile de Stat, precum: CET-NORD \u0219i RED-NORD. Printre ei au fost \u0219efii lor \u0219i activi\u0219tii forma\u021biunii care s-au ar\u0103tat extrem de agresivi cu reporterul BTV.<\/strong><\/p>\n<p style=\"text-align: center;\"><iframe data-src=\"https:\/\/www.youtube.com\/embed\/cJ2yBU8e7Wg\" width=\"854\" height=\"480\" frameborder=\"0\" allowfullscreen=\"allowfullscreen\" src=\"data:image\/svg+xml;base64,PHN2ZyB3aWR0aD0iMSIgaGVpZ2h0PSIxIiB4bWxucz0iaHR0cDovL3d3dy53My5vcmcvMjAwMC9zdmciPjwvc3ZnPg==\" class=\"lazyload\" data-load-mode=\"1\"><\/iframe><\/p>\n<p>Dup\u0103 ce miercuri partidele de opozi\u021bie au anun\u0163at c\u0103 va fi organizat un protest pa\u015fnic care s\u0103 \u00eempiedice votarea proiectului de lege privind votul mixt, \u00een fa\u0163a Parlamentului au fost instalate garduri \u0219i mobiliza\u021bi\u00a0 angaja\u021bii ai diferitor structuri din subordinea Ministerului Afacerilor Interne.<\/p>\n<p>La fel \u00een seara zilei de miercuri a fost organizat un protest \u00een fa\u021ba Parlamentului Republicii Moldova, \u00een urma c\u0103ruia au fost re\u021binu\u021bi doi activi\u0219i ai Partidului Nostru. Este vorba despre\u00a0 Sergiu Tom\u0219a \u0219i Stanislav Vlasov.<\/p>\n<p>Pe 5 mai, deputa\u0163ii PD, PSRM \u015fi cei din Grupul Leanc\u0103 au adoptat \u00een prima lectur\u0103 trecerea la sistemul mixt de vot, fapt care a determinat Parlamentul European s\u0103 am\u00e2ne acordarea sprijinului macroeconomic de 100 de milioane de euro. Totodat\u0103, \u00een semn de protest, un \u015fir de organiza\u0163ii nonguvernamentale au desf\u0103\u015furat mai multe proteste \u00een fa\u0163a legislativului.<\/p>\n","protected":false},"excerpt":{"rendered":"<p>,, Plec la pescuit, merg la Chi\u0219in\u0103u, vreau s\u0103 su\u021bin votul mixt\u201d.\u00a0 Aceste au fost r\u0103spunsurile unor b\u0103l\u021beni mobiliza\u021bi joi, dis de diminea\u021b\u0103, s\u0103 participe la mitingul de sus\u021binere a votului mixt din fa\u021ba Parlamentului care urmez\u0103 s\u0103 fie votat pe 20 iulie \u00een Legislativ de deputa\u021bii PSRM \u0219i PDM. Oamenii, care au urcat \u00een [&hellip;]<\/p>\n","protected":false},"author":4,"featured_media":29249,"comment_status":"closed","ping_status":"closed","sticky":false,"template":"","format":"standard","meta":{"footnotes":""},"categories":[6368,6377],"tags":[],"class_list":["post-29248","post","type-post","status-publish","format-standard","has-post-thumbnail","hentry","category-politica-ro","category-stiri"],"yoast_head":"<!-- This site is optimized with the Yoast SEO plugin v27.4 - https:\/\/yoast.com\/product\/yoast-seo-wordpress\/ -->\n<title>B\u0103l\u021beni, mobiliza\u021bi pentru sus\u021binerea votului mixt.........<\/title>\n<meta name=\"description\" content=\",, Plec la pescuit, merg la Chi\u0219in\u0103u, vreau s\u0103 su\u021bin votul mixt\u201d.\u00a0 Aceste au fost r\u0103spunsurile unor b\u0103l\u021beni mobiliza\u021bi joi, dis de diminea\u021b\u0103, la miting.\" \/>\n<meta name=\"robots\" content=\"index, follow, max-snippet:-1, max-image-preview:large, max-video-preview:-1\" \/>\n<link rel=\"canonical\" href=\"https:\/\/www.btv.md\/ro\/balteni-mobilizati-pentru-sustinerea-votului-mixt\/\" \/>\n<meta property=\"og:locale\" content=\"ro_RO\" \/>\n<meta property=\"og:type\" content=\"article\" \/>\n<meta property=\"og:title\" content=\"B\u0103l\u021beni, mobiliza\u021bi pentru sus\u021binerea votului mixt\" \/>\n<meta property=\"og:description\" content=\",, Plec la pescuit, merg la Chi\u0219in\u0103u, vreau s\u0103 su\u021bin votul mixt\u201d.\u00a0 Aceste au fost r\u0103spunsurile unor b\u0103l\u021beni mobiliza\u021bi joi, dis de diminea\u021b\u0103, s\u0103 participe la mitingul de sus\u021binere a votului mixt din fa\u021ba Parlamentului\" \/>\n<meta property=\"og:url\" content=\"https:\/\/www.btv.md\/ro\/balteni-mobilizati-pentru-sustinerea-votului-mixt\/\" \/>\n<meta property=\"og:site_name\" content=\"BTV\" \/>\n<meta property=\"article:publisher\" content=\"https:\/\/www.facebook.com\/btvmoldova\/\" \/>\n<meta property=\"article:published_time\" content=\"2017-07-20T09:20:50+00:00\" \/>\n<meta property=\"article:modified_time\" content=\"2019-03-18T09:48:58+00:00\" \/>\n<meta property=\"og:image\" content=\"https:\/\/www.btv.md\/wp-content\/uploads\/2017\/07\/mobilizare.png\" \/>\n\t<meta property=\"og:image:width\" content=\"1366\" \/>\n\t<meta property=\"og:image:height\" content=\"617\" \/>\n\t<meta property=\"og:image:type\" content=\"image\/png\" \/>\n<meta name=\"author\" content=\"admin\" \/>\n<meta name=\"twitter:label1\" content=\"Scris de\" \/>\n\t<meta name=\"twitter:data1\" content=\"admin\" \/>\n\t<meta name=\"twitter:label2\" content=\"Timp estimat pentru citire\" \/>\n\t<meta name=\"twitter:data2\" content=\"1 minut\" \/>\n<script type=\"application\/ld+json\" class=\"yoast-schema-graph\">{\"@context\":\"https:\\\/\\\/schema.org\",\"@graph\":[{\"@type\":\"Article\",\"@id\":\"https:\\\/\\\/www.btv.md\\\/ro\\\/balteni-mobilizati-pentru-sustinerea-votului-mixt\\\/#article\",\"isPartOf\":{\"@id\":\"https:\\\/\\\/www.btv.md\\\/ro\\\/balteni-mobilizati-pentru-sustinerea-votului-mixt\\\/\"},\"author\":{\"name\":\"admin\",\"@id\":\"https:\\\/\\\/www.btv.md\\\/#\\\/schema\\\/person\\\/8fadce81561b3ce2c34c46dadc4ccbf2\"},\"headline\":\"B\u0103l\u021beni, mobiliza\u021bi pentru sus\u021binerea votului mixt\",\"datePublished\":\"2017-07-20T09:20:50+00:00\",\"dateModified\":\"2019-03-18T09:48:58+00:00\",\"mainEntityOfPage\":{\"@id\":\"https:\\\/\\\/www.btv.md\\\/ro\\\/balteni-mobilizati-pentru-sustinerea-votului-mixt\\\/\"},\"wordCount\":260,\"image\":{\"@id\":\"https:\\\/\\\/www.btv.md\\\/ro\\\/balteni-mobilizati-pentru-sustinerea-votului-mixt\\\/#primaryimage\"},\"thumbnailUrl\":\"https:\\\/\\\/www.btv.md\\\/wp-content\\\/uploads\\\/2017\\\/07\\\/mobilizare.png\",\"articleSection\":[\"Politic\u0103\",\"\u0218tiri\"],\"inLanguage\":\"ro-RO\"},{\"@type\":\"WebPage\",\"@id\":\"https:\\\/\\\/www.btv.md\\\/ro\\\/balteni-mobilizati-pentru-sustinerea-votului-mixt\\\/\",\"url\":\"https:\\\/\\\/www.btv.md\\\/ro\\\/balteni-mobilizati-pentru-sustinerea-votului-mixt\\\/\",\"name\":\"B\u0103l\u021beni, mobiliza\u021bi pentru sus\u021binerea votului mixt.........\",\"isPartOf\":{\"@id\":\"https:\\\/\\\/www.btv.md\\\/#website\"},\"primaryImageOfPage\":{\"@id\":\"https:\\\/\\\/www.btv.md\\\/ro\\\/balteni-mobilizati-pentru-sustinerea-votului-mixt\\\/#primaryimage\"},\"image\":{\"@id\":\"https:\\\/\\\/www.btv.md\\\/ro\\\/balteni-mobilizati-pentru-sustinerea-votului-mixt\\\/#primaryimage\"},\"thumbnailUrl\":\"https:\\\/\\\/www.btv.md\\\/wp-content\\\/uploads\\\/2017\\\/07\\\/mobilizare.png\",\"datePublished\":\"2017-07-20T09:20:50+00:00\",\"dateModified\":\"2019-03-18T09:48:58+00:00\",\"author\":{\"@id\":\"https:\\\/\\\/www.btv.md\\\/#\\\/schema\\\/person\\\/8fadce81561b3ce2c34c46dadc4ccbf2\"},\"description\":\",, Plec la pescuit, merg la Chi\u0219in\u0103u, vreau s\u0103 su\u021bin votul mixt\u201d.\u00a0 Aceste au fost r\u0103spunsurile unor b\u0103l\u021beni mobiliza\u021bi joi, dis de diminea\u021b\u0103, la miting.\",\"inLanguage\":\"ro-RO\",\"potentialAction\":[{\"@type\":\"ReadAction\",\"target\":[\"https:\\\/\\\/www.btv.md\\\/ro\\\/balteni-mobilizati-pentru-sustinerea-votului-mixt\\\/\"]}]},{\"@type\":\"ImageObject\",\"inLanguage\":\"ro-RO\",\"@id\":\"https:\\\/\\\/www.btv.md\\\/ro\\\/balteni-mobilizati-pentru-sustinerea-votului-mixt\\\/#primaryimage\",\"url\":\"https:\\\/\\\/www.btv.md\\\/wp-content\\\/uploads\\\/2017\\\/07\\\/mobilizare.png\",\"contentUrl\":\"https:\\\/\\\/www.btv.md\\\/wp-content\\\/uploads\\\/2017\\\/07\\\/mobilizare.png\",\"width\":1366,\"height\":617},{\"@type\":\"WebSite\",\"@id\":\"https:\\\/\\\/www.btv.md\\\/#website\",\"url\":\"https:\\\/\\\/www.btv.md\\\/\",\"name\":\"BTV\",\"description\":\"\u0411\u0435\u043b\u044c\u0446\u043a\u043e\u0435 \u0442\u0435\u043b\u0435\u0432\u0438\u0434\u0435\u043d\u0438\u0435\",\"potentialAction\":[{\"@type\":\"SearchAction\",\"target\":{\"@type\":\"EntryPoint\",\"urlTemplate\":\"https:\\\/\\\/www.btv.md\\\/?s={search_term_string}\"},\"query-input\":{\"@type\":\"PropertyValueSpecification\",\"valueRequired\":true,\"valueName\":\"search_term_string\"}}],\"inLanguage\":\"ro-RO\"},{\"@type\":\"Person\",\"@id\":\"https:\\\/\\\/www.btv.md\\\/#\\\/schema\\\/person\\\/8fadce81561b3ce2c34c46dadc4ccbf2\",\"name\":\"admin\"}]}<\/script>\n<!-- \/ Yoast SEO plugin. -->","yoast_head_json":{"title":"B\u0103l\u021beni, mobiliza\u021bi pentru sus\u021binerea votului mixt.........","description":",, Plec la pescuit, merg la Chi\u0219in\u0103u, vreau s\u0103 su\u021bin votul mixt\u201d.\u00a0 Aceste au fost r\u0103spunsurile unor b\u0103l\u021beni mobiliza\u021bi joi, dis de diminea\u021b\u0103, la miting.","robots":{"index":"index","follow":"follow","max-snippet":"max-snippet:-1","max-image-preview":"max-image-preview:large","max-video-preview":"max-video-preview:-1"},"canonical":"https:\/\/www.btv.md\/ro\/balteni-mobilizati-pentru-sustinerea-votului-mixt\/","og_locale":"ro_RO","og_type":"article","og_title":"B\u0103l\u021beni, mobiliza\u021bi pentru sus\u021binerea votului mixt","og_description":",, Plec la pescuit, merg la Chi\u0219in\u0103u, vreau s\u0103 su\u021bin votul mixt\u201d.\u00a0 Aceste au fost r\u0103spunsurile unor b\u0103l\u021beni mobiliza\u021bi joi, dis de diminea\u021b\u0103, s\u0103 participe la mitingul de sus\u021binere a votului mixt din fa\u021ba Parlamentului","og_url":"https:\/\/www.btv.md\/ro\/balteni-mobilizati-pentru-sustinerea-votului-mixt\/","og_site_name":"BTV","article_publisher":"https:\/\/www.facebook.com\/btvmoldova\/","article_published_time":"2017-07-20T09:20:50+00:00","article_modified_time":"2019-03-18T09:48:58+00:00","og_image":[{"width":1366,"height":617,"url":"https:\/\/www.btv.md\/wp-content\/uploads\/2017\/07\/mobilizare.png","type":"image\/png"}],"author":"admin","twitter_misc":{"Scris de":"admin","Timp estimat pentru citire":"1 minut"},"schema":{"@context":"https:\/\/schema.org","@graph":[{"@type":"Article","@id":"https:\/\/www.btv.md\/ro\/balteni-mobilizati-pentru-sustinerea-votului-mixt\/#article","isPartOf":{"@id":"https:\/\/www.btv.md\/ro\/balteni-mobilizati-pentru-sustinerea-votului-mixt\/"},"author":{"name":"admin","@id":"https:\/\/www.btv.md\/#\/schema\/person\/8fadce81561b3ce2c34c46dadc4ccbf2"},"headline":"B\u0103l\u021beni, mobiliza\u021bi pentru sus\u021binerea votului mixt","datePublished":"2017-07-20T09:20:50+00:00","dateModified":"2019-03-18T09:48:58+00:00","mainEntityOfPage":{"@id":"https:\/\/www.btv.md\/ro\/balteni-mobilizati-pentru-sustinerea-votului-mixt\/"},"wordCount":260,"image":{"@id":"https:\/\/www.btv.md\/ro\/balteni-mobilizati-pentru-sustinerea-votului-mixt\/#primaryimage"},"thumbnailUrl":"https:\/\/www.btv.md\/wp-content\/uploads\/2017\/07\/mobilizare.png","articleSection":["Politic\u0103","\u0218tiri"],"inLanguage":"ro-RO"},{"@type":"WebPage","@id":"https:\/\/www.btv.md\/ro\/balteni-mobilizati-pentru-sustinerea-votului-mixt\/","url":"https:\/\/www.btv.md\/ro\/balteni-mobilizati-pentru-sustinerea-votului-mixt\/","name":"B\u0103l\u021beni, mobiliza\u021bi pentru sus\u021binerea votului mixt.........","isPartOf":{"@id":"https:\/\/www.btv.md\/#website"},"primaryImageOfPage":{"@id":"https:\/\/www.btv.md\/ro\/balteni-mobilizati-pentru-sustinerea-votului-mixt\/#primaryimage"},"image":{"@id":"https:\/\/www.btv.md\/ro\/balteni-mobilizati-pentru-sustinerea-votului-mixt\/#primaryimage"},"thumbnailUrl":"https:\/\/www.btv.md\/wp-content\/uploads\/2017\/07\/mobilizare.png","datePublished":"2017-07-20T09:20:50+00:00","dateModified":"2019-03-18T09:48:58+00:00","author":{"@id":"https:\/\/www.btv.md\/#\/schema\/person\/8fadce81561b3ce2c34c46dadc4ccbf2"},"description":",, Plec la pescuit, merg la Chi\u0219in\u0103u, vreau s\u0103 su\u021bin votul mixt\u201d.\u00a0 Aceste au fost r\u0103spunsurile unor b\u0103l\u021beni mobiliza\u021bi joi, dis de diminea\u021b\u0103, la miting.","inLanguage":"ro-RO","potentialAction":[{"@type":"ReadAction","target":["https:\/\/www.btv.md\/ro\/balteni-mobilizati-pentru-sustinerea-votului-mixt\/"]}]},{"@type":"ImageObject","inLanguage":"ro-RO","@id":"https:\/\/www.btv.md\/ro\/balteni-mobilizati-pentru-sustinerea-votului-mixt\/#primaryimage","url":"https:\/\/www.btv.md\/wp-content\/uploads\/2017\/07\/mobilizare.png","contentUrl":"https:\/\/www.btv.md\/wp-content\/uploads\/2017\/07\/mobilizare.png","width":1366,"height":617},{"@type":"WebSite","@id":"https:\/\/www.btv.md\/#website","url":"https:\/\/www.btv.md\/","name":"BTV","description":"\u0411\u0435\u043b\u044c\u0446\u043a\u043e\u0435 \u0442\u0435\u043b\u0435\u0432\u0438\u0434\u0435\u043d\u0438\u0435","potentialAction":[{"@type":"SearchAction","target":{"@type":"EntryPoint","urlTemplate":"https:\/\/www.btv.md\/?s={search_term_string}"},"query-input":{"@type":"PropertyValueSpecification","valueRequired":true,"valueName":"search_term_string"}}],"inLanguage":"ro-RO"},{"@type":"Person","@id":"https:\/\/www.btv.md\/#\/schema\/person\/8fadce81561b3ce2c34c46dadc4ccbf2","name":"admin"}]}},"_links":{"self":[{"href":"https:\/\/www.btv.md\/ro\/wp-json\/wp\/v2\/posts\/29248","targetHints":{"allow":["GET"]}}],"collection":[{"href":"https:\/\/www.btv.md\/ro\/wp-json\/wp\/v2\/posts"}],"about":[{"href":"https:\/\/www.btv.md\/ro\/wp-json\/wp\/v2\/types\/post"}],"author":[{"embeddable":true,"href":"https:\/\/www.btv.md\/ro\/wp-json\/wp\/v2\/users\/4"}],"replies":[{"embeddable":true,"href":"https:\/\/www.btv.md\/ro\/wp-json\/wp\/v2\/comments?post=29248"}],"version-history":[{"count":0,"href":"https:\/\/www.btv.md\/ro\/wp-json\/wp\/v2\/posts\/29248\/revisions"}],"wp:featuredmedia":[{"embeddable":true,"href":"https:\/\/www.btv.md\/ro\/wp-json\/wp\/v2\/media\/29249"}],"wp:attachment":[{"href":"https:\/\/www.btv.md\/ro\/wp-json\/wp\/v2\/media?parent=29248"}],"wp:term":[{"taxonomy":"category","embeddable":true,"href":"https:\/\/www.btv.md\/ro\/wp-json\/wp\/v2\/categories?post=29248"},{"taxonomy":"post_tag","embeddable":true,"href":"https:\/\/www.btv.md\/ro\/wp-json\/wp\/v2\/tags?post=29248"}],"curies":[{"name":"wp","href":"https:\/\/api.w.org\/{rel}","templated":true}]}}