{"id":29272,"date":"2017-07-20T17:28:09","date_gmt":"2017-07-20T14:28:09","guid":{"rendered":"http:\/\/btv.md\/?p=29272"},"modified":"2019-03-18T11:47:29","modified_gmt":"2019-03-18T09:47:29","slug":"cetatenii-liberi-impotriva-unei-bande-de-hoti","status":"publish","type":"post","link":"https:\/\/www.btv.md\/ro\/cetatenii-liberi-impotriva-unei-bande-de-hoti\/","title":{"rendered":"Cet\u0103\u021benii liberi \u00eempotriva unei bande de ho\u021bi"},"content":{"rendered":"<p><strong>Protest de amploare s-a desf\u0103\u0219urat, joi, \u00een fa\u021ba Parlamentului Republicii Moldova. Oamenii \u0219i-au exprimat nemul\u021bumirea fa\u021b\u0103 de aprobarea sistemului mixt, \u00een lectur\u0103 final\u0103 de c\u0103tre deputa\u021bii PD \u0219i PSRM. Astfel, cu o majoritate de 74 de voturi, proiectul de lege a fost modificat \u00een lectur\u0103 final\u0103.<\/strong><\/p>\n<p style=\"text-align: center;\"><iframe data-src=\"https:\/\/www.youtube.com\/embed\/3eB6kD2oXec\" width=\"854\" height=\"480\" frameborder=\"0\" allowfullscreen=\"allowfullscreen\" src=\"data:image\/svg+xml;base64,PHN2ZyB3aWR0aD0iMSIgaGVpZ2h0PSIxIiB4bWxucz0iaHR0cDovL3d3dy53My5vcmcvMjAwMC9zdmciPjwvc3ZnPg==\" class=\"lazyload\" data-load-mode=\"1\"><\/iframe><\/p>\n<p>La doar c\u00e2\u0163iva metri de protestul antiguvernamental, Partidul Democrat\u00a0 a organizat o contramanifesta\u0163ie, \u00een scuarul Legislativului. La ea, sus\u021bin\u0103torii votului mixt au fost adu\u015fi organizat, din teritoriu. Doar de la B\u0103l\u021bi spre Chi\u0219in\u0103u s-au deplastat aproape zece autocare, cu angaja\u0163i din mai multe \u00eentreprinderi de stat. Cele dou\u0103 tabere de manifestan\u021bi au fost desp\u0103r\u021bite, prin cordoane de poli\u021bi\u0219ti.<\/p>\n<p>Protestul ,,antimixt\u201d a fost organizat de partidele de opozi\u021bie Partidul Nostru, Platforma DA \u0219i PAS.<\/p>\n<p>Dup\u0103 votarea proiectul de lege, privind votul mixt, oamenii s-au ar\u0103tat nemul\u0163umi\u0163i. Astfel, \u00eentre poli\u021bi\u0219ti \u0219i protestatari s-au iscat alterca\u021bii.<\/p>\n<p>Unii lideri ai opozi\u021biei extraparlamentare au \u00eencercat s\u0103-i cheme de pe pragul Parlamentului, pe oameni de la mitingul PD-lor s\u0103 treac\u0103 de partea lor. \u00cen consecin\u021b\u0103, ei au fost obstruc\u021biona\u021bi de paza Partidului Democrat. Printre ace\u0219tia sunt vicepre\u0219edintele Partidului Nostru, Dumitru Ciuba\u0219enco \u0219i liderul Platformei DA, Andrei N\u0103stase.<\/p>\n<p>\u00cen jurul orei 12:00, manifesta\u0163ii din fa\u0163a legislativului au pornit \u00een mar\u015f spre Pre\u015fedin\u0163ie. Aici, oamenii au scandat mesaje \u00een adresa pre\u0219edintelui Igor Dodon. Dumitru Ciuba\u0219enco, prezent la acest miting, \u0219i-a cerut iertare de la cet\u0103\u021beni, c\u0103 ia \u00eendemnat \u00een toamna anului trecut s\u0103 voteze pentru Dodon, \u00een turul doi al preziden\u021bialelor. De asemenea, Ciuba\u0219enco l-a numit pe Dodon ,,nemernic\u201d pentru rela\u021bia sa cu Plahotniuc.<\/p>\n<blockquote><p>,,<em>Dodon ne-a tr\u0103dat pe to\u0163i. El este un nemernic. Ne r\u0103m\u00e2ne doar s\u0103 protest\u0103m \u00eempotriva acestui tandem dintre Plahotniuc \u015fi Dodon<\/em>\u201d, a declarat vicepre\u015fedintele Partidului Nostru, Dumitru Ciuba\u015fenco<\/p><\/blockquote>\n<p>La sf\u00e2r\u0219itul protestului din fa\u021ba Pre\u0219iden\u021biei, liderii partidelor de opozi\u021bie i-au \u00eendemnat pe oameni, s\u0103 ias\u0103\u00a0 vineri, 21 iulie, la protest \u00een fa\u021ba Pre\u0219edin\u021biei la ora 12:00.<\/p>\n<p>Liderul ,,Partidului Nostru\u201d, Renato Usat\u00eei, \u00eentr-o postare pe pagina sa de Facebook, \u00eei \u00eendeamn\u0103 pe cet\u0103\u021beni s\u0103 participe masiv la ac\u021biunile de protest, pentru a demonstra acestui regim c\u0103 suntem o na\u021biune destoinic\u0103.<\/p>\n<blockquote><p>,,<em>\u00cen fiecare zi, \u00een centrul Chi\u0219in\u0103ului, noi trebuie s\u0103 fim tot mai mul\u021bi. Sute de mii de oameni vor ar\u0103ta acestei hunte c\u0103 noi suntem o na\u021biune destoinic\u0103. Hunta poate conduce cu robi, dar nu cu poporul. Protestele vor continua \u0219i se vor intensifica. Noi \u00eei vom fug\u0103ri<\/em>\u201d, a declarat Usat\u00eei.<\/p><\/blockquote>\n","protected":false},"excerpt":{"rendered":"<p>Protest de amploare s-a desf\u0103\u0219urat, joi, \u00een fa\u021ba Parlamentului Republicii Moldova. Oamenii \u0219i-au exprimat nemul\u021bumirea fa\u021b\u0103 de aprobarea sistemului mixt, \u00een lectur\u0103 final\u0103 de c\u0103tre deputa\u021bii PD \u0219i PSRM. Astfel, cu o majoritate de 74 de voturi, proiectul de lege a fost modificat \u00een lectur\u0103 final\u0103. La doar c\u00e2\u0163iva metri de protestul antiguvernamental, Partidul Democrat\u00a0 [&hellip;]<\/p>\n","protected":false},"author":4,"featured_media":29273,"comment_status":"closed","ping_status":"closed","sticky":false,"template":"","format":"standard","meta":{"footnotes":""},"categories":[6368,6377],"tags":[],"class_list":["post-29272","post","type-post","status-publish","format-standard","has-post-thumbnail","hentry","category-politica-ro","category-stiri"],"yoast_head":"<!-- This site is optimized with the Yoast SEO plugin v27.4 - https:\/\/yoast.com\/product\/yoast-seo-wordpress\/ -->\n<title>Cet\u0103\u021benii liberi \u00eempotriva unei bande de ho\u021bi.............<\/title>\n<meta name=\"description\" content=\"Protest de amploare s-a desf\u0103\u0219urat, joi, \u00een fa\u021ba Parlamentului Republicii Moldova. Oamenii \u0219i-au exprimat nemul\u021bumirea fa\u021b\u0103 de aprobarea sistemului mixt.\" \/>\n<meta name=\"robots\" content=\"index, follow, max-snippet:-1, max-image-preview:large, max-video-preview:-1\" \/>\n<link rel=\"canonical\" href=\"https:\/\/www.btv.md\/ro\/cetatenii-liberi-impotriva-unei-bande-de-hoti\/\" \/>\n<meta property=\"og:locale\" content=\"ro_RO\" \/>\n<meta property=\"og:type\" content=\"article\" \/>\n<meta property=\"og:title\" content=\"Cet\u0103\u021benii liberi \u00eempotriva unei bande de ho\u021bi\" \/>\n<meta property=\"og:description\" content=\"Protest de amploare s-a desf\u0103\u0219urat, joi, \u00een fa\u021ba Parlamentului Republicii Moldova. Oamenii \u0219i-au exprimat nemul\u021bumirea fa\u021b\u0103 de aprobarea sistemului mixt, \u00een lectur\u0103 final\u0103 de c\u0103tre deputa\u021bii PD \u0219i PSRM.\" \/>\n<meta property=\"og:url\" content=\"https:\/\/www.btv.md\/ro\/cetatenii-liberi-impotriva-unei-bande-de-hoti\/\" \/>\n<meta property=\"og:site_name\" content=\"BTV\" \/>\n<meta property=\"article:publisher\" content=\"https:\/\/www.facebook.com\/btvmoldova\/\" \/>\n<meta property=\"article:published_time\" content=\"2017-07-20T14:28:09+00:00\" \/>\n<meta property=\"article:modified_time\" content=\"2019-03-18T09:47:29+00:00\" \/>\n<meta property=\"og:image\" content=\"https:\/\/www.btv.md\/wp-content\/uploads\/2017\/07\/protest.png\" \/>\n\t<meta property=\"og:image:width\" content=\"1366\" \/>\n\t<meta property=\"og:image:height\" content=\"620\" \/>\n\t<meta property=\"og:image:type\" content=\"image\/png\" \/>\n<meta name=\"author\" content=\"admin\" \/>\n<meta name=\"twitter:label1\" content=\"Scris de\" \/>\n\t<meta name=\"twitter:data1\" content=\"admin\" \/>\n\t<meta name=\"twitter:label2\" content=\"Timp estimat pentru citire\" \/>\n\t<meta name=\"twitter:data2\" content=\"2 minute\" \/>\n<script type=\"application\/ld+json\" class=\"yoast-schema-graph\">{\"@context\":\"https:\\\/\\\/schema.org\",\"@graph\":[{\"@type\":\"Article\",\"@id\":\"https:\\\/\\\/www.btv.md\\\/ro\\\/cetatenii-liberi-impotriva-unei-bande-de-hoti\\\/#article\",\"isPartOf\":{\"@id\":\"https:\\\/\\\/www.btv.md\\\/ro\\\/cetatenii-liberi-impotriva-unei-bande-de-hoti\\\/\"},\"author\":{\"name\":\"admin\",\"@id\":\"https:\\\/\\\/www.btv.md\\\/#\\\/schema\\\/person\\\/8fadce81561b3ce2c34c46dadc4ccbf2\"},\"headline\":\"Cet\u0103\u021benii liberi \u00eempotriva unei bande de ho\u021bi\",\"datePublished\":\"2017-07-20T14:28:09+00:00\",\"dateModified\":\"2019-03-18T09:47:29+00:00\",\"mainEntityOfPage\":{\"@id\":\"https:\\\/\\\/www.btv.md\\\/ro\\\/cetatenii-liberi-impotriva-unei-bande-de-hoti\\\/\"},\"wordCount\":468,\"image\":{\"@id\":\"https:\\\/\\\/www.btv.md\\\/ro\\\/cetatenii-liberi-impotriva-unei-bande-de-hoti\\\/#primaryimage\"},\"thumbnailUrl\":\"https:\\\/\\\/www.btv.md\\\/wp-content\\\/uploads\\\/2017\\\/07\\\/protest.png\",\"articleSection\":[\"Politic\u0103\",\"\u0218tiri\"],\"inLanguage\":\"ro-RO\"},{\"@type\":\"WebPage\",\"@id\":\"https:\\\/\\\/www.btv.md\\\/ro\\\/cetatenii-liberi-impotriva-unei-bande-de-hoti\\\/\",\"url\":\"https:\\\/\\\/www.btv.md\\\/ro\\\/cetatenii-liberi-impotriva-unei-bande-de-hoti\\\/\",\"name\":\"Cet\u0103\u021benii liberi \u00eempotriva unei bande de ho\u021bi.............\",\"isPartOf\":{\"@id\":\"https:\\\/\\\/www.btv.md\\\/#website\"},\"primaryImageOfPage\":{\"@id\":\"https:\\\/\\\/www.btv.md\\\/ro\\\/cetatenii-liberi-impotriva-unei-bande-de-hoti\\\/#primaryimage\"},\"image\":{\"@id\":\"https:\\\/\\\/www.btv.md\\\/ro\\\/cetatenii-liberi-impotriva-unei-bande-de-hoti\\\/#primaryimage\"},\"thumbnailUrl\":\"https:\\\/\\\/www.btv.md\\\/wp-content\\\/uploads\\\/2017\\\/07\\\/protest.png\",\"datePublished\":\"2017-07-20T14:28:09+00:00\",\"dateModified\":\"2019-03-18T09:47:29+00:00\",\"author\":{\"@id\":\"https:\\\/\\\/www.btv.md\\\/#\\\/schema\\\/person\\\/8fadce81561b3ce2c34c46dadc4ccbf2\"},\"description\":\"Protest de amploare s-a desf\u0103\u0219urat, joi, \u00een fa\u021ba Parlamentului Republicii Moldova. Oamenii \u0219i-au exprimat nemul\u021bumirea fa\u021b\u0103 de aprobarea sistemului mixt.\",\"inLanguage\":\"ro-RO\",\"potentialAction\":[{\"@type\":\"ReadAction\",\"target\":[\"https:\\\/\\\/www.btv.md\\\/ro\\\/cetatenii-liberi-impotriva-unei-bande-de-hoti\\\/\"]}]},{\"@type\":\"ImageObject\",\"inLanguage\":\"ro-RO\",\"@id\":\"https:\\\/\\\/www.btv.md\\\/ro\\\/cetatenii-liberi-impotriva-unei-bande-de-hoti\\\/#primaryimage\",\"url\":\"https:\\\/\\\/www.btv.md\\\/wp-content\\\/uploads\\\/2017\\\/07\\\/protest.png\",\"contentUrl\":\"https:\\\/\\\/www.btv.md\\\/wp-content\\\/uploads\\\/2017\\\/07\\\/protest.png\",\"width\":1366,\"height\":620},{\"@type\":\"WebSite\",\"@id\":\"https:\\\/\\\/www.btv.md\\\/#website\",\"url\":\"https:\\\/\\\/www.btv.md\\\/\",\"name\":\"BTV\",\"description\":\"\u0411\u0435\u043b\u044c\u0446\u043a\u043e\u0435 \u0442\u0435\u043b\u0435\u0432\u0438\u0434\u0435\u043d\u0438\u0435\",\"potentialAction\":[{\"@type\":\"SearchAction\",\"target\":{\"@type\":\"EntryPoint\",\"urlTemplate\":\"https:\\\/\\\/www.btv.md\\\/?s={search_term_string}\"},\"query-input\":{\"@type\":\"PropertyValueSpecification\",\"valueRequired\":true,\"valueName\":\"search_term_string\"}}],\"inLanguage\":\"ro-RO\"},{\"@type\":\"Person\",\"@id\":\"https:\\\/\\\/www.btv.md\\\/#\\\/schema\\\/person\\\/8fadce81561b3ce2c34c46dadc4ccbf2\",\"name\":\"admin\"}]}<\/script>\n<!-- \/ Yoast SEO plugin. -->","yoast_head_json":{"title":"Cet\u0103\u021benii liberi \u00eempotriva unei bande de ho\u021bi.............","description":"Protest de amploare s-a desf\u0103\u0219urat, joi, \u00een fa\u021ba Parlamentului Republicii Moldova. Oamenii \u0219i-au exprimat nemul\u021bumirea fa\u021b\u0103 de aprobarea sistemului mixt.","robots":{"index":"index","follow":"follow","max-snippet":"max-snippet:-1","max-image-preview":"max-image-preview:large","max-video-preview":"max-video-preview:-1"},"canonical":"https:\/\/www.btv.md\/ro\/cetatenii-liberi-impotriva-unei-bande-de-hoti\/","og_locale":"ro_RO","og_type":"article","og_title":"Cet\u0103\u021benii liberi \u00eempotriva unei bande de ho\u021bi","og_description":"Protest de amploare s-a desf\u0103\u0219urat, joi, \u00een fa\u021ba Parlamentului Republicii Moldova. Oamenii \u0219i-au exprimat nemul\u021bumirea fa\u021b\u0103 de aprobarea sistemului mixt, \u00een lectur\u0103 final\u0103 de c\u0103tre deputa\u021bii PD \u0219i PSRM.","og_url":"https:\/\/www.btv.md\/ro\/cetatenii-liberi-impotriva-unei-bande-de-hoti\/","og_site_name":"BTV","article_publisher":"https:\/\/www.facebook.com\/btvmoldova\/","article_published_time":"2017-07-20T14:28:09+00:00","article_modified_time":"2019-03-18T09:47:29+00:00","og_image":[{"width":1366,"height":620,"url":"https:\/\/www.btv.md\/wp-content\/uploads\/2017\/07\/protest.png","type":"image\/png"}],"author":"admin","twitter_misc":{"Scris de":"admin","Timp estimat pentru citire":"2 minute"},"schema":{"@context":"https:\/\/schema.org","@graph":[{"@type":"Article","@id":"https:\/\/www.btv.md\/ro\/cetatenii-liberi-impotriva-unei-bande-de-hoti\/#article","isPartOf":{"@id":"https:\/\/www.btv.md\/ro\/cetatenii-liberi-impotriva-unei-bande-de-hoti\/"},"author":{"name":"admin","@id":"https:\/\/www.btv.md\/#\/schema\/person\/8fadce81561b3ce2c34c46dadc4ccbf2"},"headline":"Cet\u0103\u021benii liberi \u00eempotriva unei bande de ho\u021bi","datePublished":"2017-07-20T14:28:09+00:00","dateModified":"2019-03-18T09:47:29+00:00","mainEntityOfPage":{"@id":"https:\/\/www.btv.md\/ro\/cetatenii-liberi-impotriva-unei-bande-de-hoti\/"},"wordCount":468,"image":{"@id":"https:\/\/www.btv.md\/ro\/cetatenii-liberi-impotriva-unei-bande-de-hoti\/#primaryimage"},"thumbnailUrl":"https:\/\/www.btv.md\/wp-content\/uploads\/2017\/07\/protest.png","articleSection":["Politic\u0103","\u0218tiri"],"inLanguage":"ro-RO"},{"@type":"WebPage","@id":"https:\/\/www.btv.md\/ro\/cetatenii-liberi-impotriva-unei-bande-de-hoti\/","url":"https:\/\/www.btv.md\/ro\/cetatenii-liberi-impotriva-unei-bande-de-hoti\/","name":"Cet\u0103\u021benii liberi \u00eempotriva unei bande de ho\u021bi.............","isPartOf":{"@id":"https:\/\/www.btv.md\/#website"},"primaryImageOfPage":{"@id":"https:\/\/www.btv.md\/ro\/cetatenii-liberi-impotriva-unei-bande-de-hoti\/#primaryimage"},"image":{"@id":"https:\/\/www.btv.md\/ro\/cetatenii-liberi-impotriva-unei-bande-de-hoti\/#primaryimage"},"thumbnailUrl":"https:\/\/www.btv.md\/wp-content\/uploads\/2017\/07\/protest.png","datePublished":"2017-07-20T14:28:09+00:00","dateModified":"2019-03-18T09:47:29+00:00","author":{"@id":"https:\/\/www.btv.md\/#\/schema\/person\/8fadce81561b3ce2c34c46dadc4ccbf2"},"description":"Protest de amploare s-a desf\u0103\u0219urat, joi, \u00een fa\u021ba Parlamentului Republicii Moldova. Oamenii \u0219i-au exprimat nemul\u021bumirea fa\u021b\u0103 de aprobarea sistemului mixt.","inLanguage":"ro-RO","potentialAction":[{"@type":"ReadAction","target":["https:\/\/www.btv.md\/ro\/cetatenii-liberi-impotriva-unei-bande-de-hoti\/"]}]},{"@type":"ImageObject","inLanguage":"ro-RO","@id":"https:\/\/www.btv.md\/ro\/cetatenii-liberi-impotriva-unei-bande-de-hoti\/#primaryimage","url":"https:\/\/www.btv.md\/wp-content\/uploads\/2017\/07\/protest.png","contentUrl":"https:\/\/www.btv.md\/wp-content\/uploads\/2017\/07\/protest.png","width":1366,"height":620},{"@type":"WebSite","@id":"https:\/\/www.btv.md\/#website","url":"https:\/\/www.btv.md\/","name":"BTV","description":"\u0411\u0435\u043b\u044c\u0446\u043a\u043e\u0435 \u0442\u0435\u043b\u0435\u0432\u0438\u0434\u0435\u043d\u0438\u0435","potentialAction":[{"@type":"SearchAction","target":{"@type":"EntryPoint","urlTemplate":"https:\/\/www.btv.md\/?s={search_term_string}"},"query-input":{"@type":"PropertyValueSpecification","valueRequired":true,"valueName":"search_term_string"}}],"inLanguage":"ro-RO"},{"@type":"Person","@id":"https:\/\/www.btv.md\/#\/schema\/person\/8fadce81561b3ce2c34c46dadc4ccbf2","name":"admin"}]}},"_links":{"self":[{"href":"https:\/\/www.btv.md\/ro\/wp-json\/wp\/v2\/posts\/29272","targetHints":{"allow":["GET"]}}],"collection":[{"href":"https:\/\/www.btv.md\/ro\/wp-json\/wp\/v2\/posts"}],"about":[{"href":"https:\/\/www.btv.md\/ro\/wp-json\/wp\/v2\/types\/post"}],"author":[{"embeddable":true,"href":"https:\/\/www.btv.md\/ro\/wp-json\/wp\/v2\/users\/4"}],"replies":[{"embeddable":true,"href":"https:\/\/www.btv.md\/ro\/wp-json\/wp\/v2\/comments?post=29272"}],"version-history":[{"count":0,"href":"https:\/\/www.btv.md\/ro\/wp-json\/wp\/v2\/posts\/29272\/revisions"}],"wp:featuredmedia":[{"embeddable":true,"href":"https:\/\/www.btv.md\/ro\/wp-json\/wp\/v2\/media\/29273"}],"wp:attachment":[{"href":"https:\/\/www.btv.md\/ro\/wp-json\/wp\/v2\/media?parent=29272"}],"wp:term":[{"taxonomy":"category","embeddable":true,"href":"https:\/\/www.btv.md\/ro\/wp-json\/wp\/v2\/categories?post=29272"},{"taxonomy":"post_tag","embeddable":true,"href":"https:\/\/www.btv.md\/ro\/wp-json\/wp\/v2\/tags?post=29272"}],"curies":[{"name":"wp","href":"https:\/\/api.w.org\/{rel}","templated":true}]}}