{"id":29299,"date":"2017-07-21T14:50:26","date_gmt":"2017-07-21T11:50:26","guid":{"rendered":"http:\/\/btv.md\/?p=29299"},"modified":"2017-07-21T14:50:26","modified_gmt":"2017-07-21T11:50:26","slug":"condamnati-la-10-zile-pentru-participare-la-protest","status":"publish","type":"post","link":"https:\/\/www.btv.md\/ro\/condamnati-la-10-zile-pentru-participare-la-protest\/","title":{"rendered":"Condamna\u021bi la 10 zile pentru participare la protest"},"content":{"rendered":"<p><strong>Activi\u0219tii ,,Partidului Nostru\u201d Sergiu Tom\u0219a \u0219i Stanislav Valsov au fost condamna\u021bi la 10 zile de arest, \u00een urma protestului de miercuri seara din fa\u021ba Parlamentului. O decizie \u00een acest sens a fost luat\u0103 de Judec\u0103toria sectorului Buiucani.. Potrivit portalului ru1.md, cei doi au fost \u00eenc\u0103tu\u0219a\u021bi \u00een rezultatul provoc\u0103rilor lansate poli\u021bi\u0219ti.<\/strong><\/p>\n<p style=\"text-align: center;\"><iframe data-src=\"https:\/\/www.youtube.com\/embed\/gXohx25dVgA\" width=\"854\" height=\"480\" frameborder=\"0\" allowfullscreen=\"allowfullscreen\" src=\"data:image\/svg+xml;base64,PHN2ZyB3aWR0aD0iMSIgaGVpZ2h0PSIxIiB4bWxucz0iaHR0cDovL3d3dy53My5vcmcvMjAwMC9zdmciPjwvc3ZnPg==\" class=\"lazyload\" data-load-mode=\"1\"><\/iframe><\/p>\n<p>Magistra\u021bii au refuzat s\u0103 ia \u00een calcul faptul c\u0103 niciunul nu dintre ei nu are antecedente. Sergiu Tom\u0219a are sub tutel\u0103 doi minori. De\u0219i articolul care li se incrimineaz\u0103 prevede \u0219i sanc\u021biuni sub form\u0103 de amend\u0103, magistra\u021bii i-au trimis dup\u0103 gratii.<\/p>\n<p>Vicepre\u0219dintele \u201ePartidului Nostru\u201d, Nicolai \u021aipovici a asistat la \u0219edin\u021ba de judecat\u0103, \u00een care \u201evictimele\u201d \u00een uniforme ale Poli\u021biei s-au contrazis, \u00een m\u0103rturii. Totodat\u0103, \u021aipovici a fost \u0219i martor ocular \u00een momentul re\u021binerii lui Tom\u0219a.<\/p>\n<blockquote>\n<p><em>\u201eSerghei Tom\u0219a era \u00eentr-o parte. Cordonul de poli\u021bie \u00eens\u0103 l-a \u00eempins \u00een direc\u021bia \u0219efului Inspectoratului Na\u021bional de Patrulare, Liviu Baziuc. Din acest motiv, acesta s-a enervat \u0219i a cerut ca Tom\u0219a s\u0103 fie re\u021binut\u201d,<\/em> a declarat \u021aipovici.<\/p>\n<\/blockquote>\n<p>Recunoa\u0219terea instan\u021bei, \u00een calitate de vinovat a lui Vlasov este absurd\u0103. El a fost \u201eexclus\u201d din r\u00e2ndurile activi\u0219tilor de poli\u021bi\u0219ti \u00een civil, fapt care poate fi observat din imaginile video surprinse la fa\u021ba locului. Cu toate acestea, \u00een instan\u021b\u0103, niciunul dintre oamenii legii care l-au re\u021binut pe activistul \u201ePartidului Nostru\u201d, nu a fost prezent la \u0219edin\u021b\u0103.<\/p>\n","protected":false},"excerpt":{"rendered":"<p>Activi\u0219tii ,,Partidului Nostru\u201d Sergiu Tom\u0219a \u0219i Stanislav Valsov au fost condamna\u021bi la 10 zile de arest, \u00een urma protestului de miercuri seara din fa\u021ba Parlamentului. O decizie \u00een acest sens a fost luat\u0103 de Judec\u0103toria sectorului Buiucani.. Potrivit portalului ru1.md, cei doi au fost \u00eenc\u0103tu\u0219a\u021bi \u00een rezultatul provoc\u0103rilor lansate poli\u021bi\u0219ti. Magistra\u021bii au refuzat s\u0103 ia [&hellip;]<\/p>\n","protected":false},"author":4,"featured_media":29305,"comment_status":"closed","ping_status":"closed","sticky":false,"template":"","format":"standard","meta":{"footnotes":""},"categories":[259,11],"tags":[],"class_list":["post-29299","post","type-post","status-publish","format-standard","has-post-thumbnail","hentry","category-novosti","category-politica"],"yoast_head":"<!-- This site is optimized with the Yoast SEO plugin v27.4 - https:\/\/yoast.com\/product\/yoast-seo-wordpress\/ -->\n<title>Condamna\u021bi la 10 zile pentru participare la protest.<\/title>\n<meta name=\"description\" content=\"Activi\u0219tii ,,Partidului Nostru\u201d Sergiu Tom\u0219a \u0219i Stanislav Valsov au fost condamna\u021bi la 10 zile de arest, \u00een urma protestului de miercuri seara...\" \/>\n<meta name=\"robots\" content=\"index, follow, max-snippet:-1, max-image-preview:large, max-video-preview:-1\" \/>\n<link rel=\"canonical\" href=\"https:\/\/www.btv.md\/ro\/amp\/condamnati-la-10-zile-pentru-participare-la-protest\/\" \/>\n<meta property=\"og:locale\" content=\"ro_RO\" \/>\n<meta property=\"og:type\" content=\"article\" \/>\n<meta property=\"og:title\" content=\"Condamna\u021bi la 10 zile pentru participare la protest\" \/>\n<meta property=\"og:description\" content=\"Activi\u0219tii ,,Partidului Nostru\u201d Sergiu Tom\u0219a \u0219i Stanislav Valsov au fost condamna\u021bi la 10 zile de arest, \u00een urma protestului de miercuri seara din fa\u021ba Parlamentului.\" \/>\n<meta property=\"og:url\" content=\"https:\/\/www.btv.md\/ro\/amp\/condamnati-la-10-zile-pentru-participare-la-protest\/\" \/>\n<meta property=\"og:site_name\" content=\"BTV\" \/>\n<meta property=\"article:publisher\" content=\"https:\/\/www.facebook.com\/btvmoldova\/\" \/>\n<meta property=\"article:published_time\" content=\"2017-07-21T11:50:26+00:00\" \/>\n<meta property=\"og:image\" content=\"https:\/\/www.btv.md\/wp-content\/uploads\/2017\/07\/activist.png\" \/>\n\t<meta property=\"og:image:width\" content=\"1366\" \/>\n\t<meta property=\"og:image:height\" content=\"627\" \/>\n\t<meta property=\"og:image:type\" content=\"image\/png\" \/>\n<meta name=\"author\" content=\"admin\" \/>\n<meta name=\"twitter:label1\" content=\"Scris de\" \/>\n\t<meta name=\"twitter:data1\" content=\"admin\" \/>\n\t<meta name=\"twitter:label2\" content=\"Timp estimat pentru citire\" \/>\n\t<meta name=\"twitter:data2\" content=\"1 minut\" \/>\n<script type=\"application\/ld+json\" class=\"yoast-schema-graph\">{\"@context\":\"https:\\\/\\\/schema.org\",\"@graph\":[{\"@type\":\"Article\",\"@id\":\"https:\\\/\\\/www.btv.md\\\/ro\\\/amp\\\/condamnati-la-10-zile-pentru-participare-la-protest\\\/#article\",\"isPartOf\":{\"@id\":\"https:\\\/\\\/www.btv.md\\\/ro\\\/amp\\\/condamnati-la-10-zile-pentru-participare-la-protest\\\/\"},\"author\":{\"name\":\"admin\",\"@id\":\"https:\\\/\\\/www.btv.md\\\/#\\\/schema\\\/person\\\/8fadce81561b3ce2c34c46dadc4ccbf2\"},\"headline\":\"Condamna\u021bi la 10 zile pentru participare la protest\",\"datePublished\":\"2017-07-21T11:50:26+00:00\",\"mainEntityOfPage\":{\"@id\":\"https:\\\/\\\/www.btv.md\\\/ro\\\/amp\\\/condamnati-la-10-zile-pentru-participare-la-protest\\\/\"},\"wordCount\":262,\"image\":{\"@id\":\"https:\\\/\\\/www.btv.md\\\/ro\\\/amp\\\/condamnati-la-10-zile-pentru-participare-la-protest\\\/#primaryimage\"},\"thumbnailUrl\":\"https:\\\/\\\/www.btv.md\\\/wp-content\\\/uploads\\\/2017\\\/07\\\/activist.png\",\"articleSection\":[\"\u041d\u043e\u0432\u043e\u0441\u0442\u0438\",\"\u041f\u043e\u043b\u0438\u0442\u0438\u043a\u0430\"],\"inLanguage\":\"ro-RO\"},{\"@type\":\"WebPage\",\"@id\":\"https:\\\/\\\/www.btv.md\\\/ro\\\/amp\\\/condamnati-la-10-zile-pentru-participare-la-protest\\\/\",\"url\":\"https:\\\/\\\/www.btv.md\\\/ro\\\/amp\\\/condamnati-la-10-zile-pentru-participare-la-protest\\\/\",\"name\":\"Condamna\u021bi la 10 zile pentru participare la protest.\",\"isPartOf\":{\"@id\":\"https:\\\/\\\/www.btv.md\\\/#website\"},\"primaryImageOfPage\":{\"@id\":\"https:\\\/\\\/www.btv.md\\\/ro\\\/amp\\\/condamnati-la-10-zile-pentru-participare-la-protest\\\/#primaryimage\"},\"image\":{\"@id\":\"https:\\\/\\\/www.btv.md\\\/ro\\\/amp\\\/condamnati-la-10-zile-pentru-participare-la-protest\\\/#primaryimage\"},\"thumbnailUrl\":\"https:\\\/\\\/www.btv.md\\\/wp-content\\\/uploads\\\/2017\\\/07\\\/activist.png\",\"datePublished\":\"2017-07-21T11:50:26+00:00\",\"author\":{\"@id\":\"https:\\\/\\\/www.btv.md\\\/#\\\/schema\\\/person\\\/8fadce81561b3ce2c34c46dadc4ccbf2\"},\"description\":\"Activi\u0219tii ,,Partidului Nostru\u201d Sergiu Tom\u0219a \u0219i Stanislav Valsov au fost condamna\u021bi la 10 zile de arest, \u00een urma protestului de miercuri seara...\",\"inLanguage\":\"ro-RO\",\"potentialAction\":[{\"@type\":\"ReadAction\",\"target\":[\"https:\\\/\\\/www.btv.md\\\/ro\\\/amp\\\/condamnati-la-10-zile-pentru-participare-la-protest\\\/\"]}]},{\"@type\":\"ImageObject\",\"inLanguage\":\"ro-RO\",\"@id\":\"https:\\\/\\\/www.btv.md\\\/ro\\\/amp\\\/condamnati-la-10-zile-pentru-participare-la-protest\\\/#primaryimage\",\"url\":\"https:\\\/\\\/www.btv.md\\\/wp-content\\\/uploads\\\/2017\\\/07\\\/activist.png\",\"contentUrl\":\"https:\\\/\\\/www.btv.md\\\/wp-content\\\/uploads\\\/2017\\\/07\\\/activist.png\",\"width\":1366,\"height\":627},{\"@type\":\"WebSite\",\"@id\":\"https:\\\/\\\/www.btv.md\\\/#website\",\"url\":\"https:\\\/\\\/www.btv.md\\\/\",\"name\":\"BTV\",\"description\":\"\u0411\u0435\u043b\u044c\u0446\u043a\u043e\u0435 \u0442\u0435\u043b\u0435\u0432\u0438\u0434\u0435\u043d\u0438\u0435\",\"potentialAction\":[{\"@type\":\"SearchAction\",\"target\":{\"@type\":\"EntryPoint\",\"urlTemplate\":\"https:\\\/\\\/www.btv.md\\\/?s={search_term_string}\"},\"query-input\":{\"@type\":\"PropertyValueSpecification\",\"valueRequired\":true,\"valueName\":\"search_term_string\"}}],\"inLanguage\":\"ro-RO\"},{\"@type\":\"Person\",\"@id\":\"https:\\\/\\\/www.btv.md\\\/#\\\/schema\\\/person\\\/8fadce81561b3ce2c34c46dadc4ccbf2\",\"name\":\"admin\"}]}<\/script>\n<!-- \/ Yoast SEO plugin. -->","yoast_head_json":{"title":"Condamna\u021bi la 10 zile pentru participare la protest.","description":"Activi\u0219tii ,,Partidului Nostru\u201d Sergiu Tom\u0219a \u0219i Stanislav Valsov au fost condamna\u021bi la 10 zile de arest, \u00een urma protestului de miercuri seara...","robots":{"index":"index","follow":"follow","max-snippet":"max-snippet:-1","max-image-preview":"max-image-preview:large","max-video-preview":"max-video-preview:-1"},"canonical":"https:\/\/www.btv.md\/ro\/amp\/condamnati-la-10-zile-pentru-participare-la-protest\/","og_locale":"ro_RO","og_type":"article","og_title":"Condamna\u021bi la 10 zile pentru participare la protest","og_description":"Activi\u0219tii ,,Partidului Nostru\u201d Sergiu Tom\u0219a \u0219i Stanislav Valsov au fost condamna\u021bi la 10 zile de arest, \u00een urma protestului de miercuri seara din fa\u021ba Parlamentului.","og_url":"https:\/\/www.btv.md\/ro\/amp\/condamnati-la-10-zile-pentru-participare-la-protest\/","og_site_name":"BTV","article_publisher":"https:\/\/www.facebook.com\/btvmoldova\/","article_published_time":"2017-07-21T11:50:26+00:00","og_image":[{"width":1366,"height":627,"url":"https:\/\/www.btv.md\/wp-content\/uploads\/2017\/07\/activist.png","type":"image\/png"}],"author":"admin","twitter_misc":{"Scris de":"admin","Timp estimat pentru citire":"1 minut"},"schema":{"@context":"https:\/\/schema.org","@graph":[{"@type":"Article","@id":"https:\/\/www.btv.md\/ro\/amp\/condamnati-la-10-zile-pentru-participare-la-protest\/#article","isPartOf":{"@id":"https:\/\/www.btv.md\/ro\/amp\/condamnati-la-10-zile-pentru-participare-la-protest\/"},"author":{"name":"admin","@id":"https:\/\/www.btv.md\/#\/schema\/person\/8fadce81561b3ce2c34c46dadc4ccbf2"},"headline":"Condamna\u021bi la 10 zile pentru participare la protest","datePublished":"2017-07-21T11:50:26+00:00","mainEntityOfPage":{"@id":"https:\/\/www.btv.md\/ro\/amp\/condamnati-la-10-zile-pentru-participare-la-protest\/"},"wordCount":262,"image":{"@id":"https:\/\/www.btv.md\/ro\/amp\/condamnati-la-10-zile-pentru-participare-la-protest\/#primaryimage"},"thumbnailUrl":"https:\/\/www.btv.md\/wp-content\/uploads\/2017\/07\/activist.png","articleSection":["\u041d\u043e\u0432\u043e\u0441\u0442\u0438","\u041f\u043e\u043b\u0438\u0442\u0438\u043a\u0430"],"inLanguage":"ro-RO"},{"@type":"WebPage","@id":"https:\/\/www.btv.md\/ro\/amp\/condamnati-la-10-zile-pentru-participare-la-protest\/","url":"https:\/\/www.btv.md\/ro\/amp\/condamnati-la-10-zile-pentru-participare-la-protest\/","name":"Condamna\u021bi la 10 zile pentru participare la protest.","isPartOf":{"@id":"https:\/\/www.btv.md\/#website"},"primaryImageOfPage":{"@id":"https:\/\/www.btv.md\/ro\/amp\/condamnati-la-10-zile-pentru-participare-la-protest\/#primaryimage"},"image":{"@id":"https:\/\/www.btv.md\/ro\/amp\/condamnati-la-10-zile-pentru-participare-la-protest\/#primaryimage"},"thumbnailUrl":"https:\/\/www.btv.md\/wp-content\/uploads\/2017\/07\/activist.png","datePublished":"2017-07-21T11:50:26+00:00","author":{"@id":"https:\/\/www.btv.md\/#\/schema\/person\/8fadce81561b3ce2c34c46dadc4ccbf2"},"description":"Activi\u0219tii ,,Partidului Nostru\u201d Sergiu Tom\u0219a \u0219i Stanislav Valsov au fost condamna\u021bi la 10 zile de arest, \u00een urma protestului de miercuri seara...","inLanguage":"ro-RO","potentialAction":[{"@type":"ReadAction","target":["https:\/\/www.btv.md\/ro\/amp\/condamnati-la-10-zile-pentru-participare-la-protest\/"]}]},{"@type":"ImageObject","inLanguage":"ro-RO","@id":"https:\/\/www.btv.md\/ro\/amp\/condamnati-la-10-zile-pentru-participare-la-protest\/#primaryimage","url":"https:\/\/www.btv.md\/wp-content\/uploads\/2017\/07\/activist.png","contentUrl":"https:\/\/www.btv.md\/wp-content\/uploads\/2017\/07\/activist.png","width":1366,"height":627},{"@type":"WebSite","@id":"https:\/\/www.btv.md\/#website","url":"https:\/\/www.btv.md\/","name":"BTV","description":"\u0411\u0435\u043b\u044c\u0446\u043a\u043e\u0435 \u0442\u0435\u043b\u0435\u0432\u0438\u0434\u0435\u043d\u0438\u0435","potentialAction":[{"@type":"SearchAction","target":{"@type":"EntryPoint","urlTemplate":"https:\/\/www.btv.md\/?s={search_term_string}"},"query-input":{"@type":"PropertyValueSpecification","valueRequired":true,"valueName":"search_term_string"}}],"inLanguage":"ro-RO"},{"@type":"Person","@id":"https:\/\/www.btv.md\/#\/schema\/person\/8fadce81561b3ce2c34c46dadc4ccbf2","name":"admin"}]}},"_links":{"self":[{"href":"https:\/\/www.btv.md\/ro\/wp-json\/wp\/v2\/posts\/29299","targetHints":{"allow":["GET"]}}],"collection":[{"href":"https:\/\/www.btv.md\/ro\/wp-json\/wp\/v2\/posts"}],"about":[{"href":"https:\/\/www.btv.md\/ro\/wp-json\/wp\/v2\/types\/post"}],"author":[{"embeddable":true,"href":"https:\/\/www.btv.md\/ro\/wp-json\/wp\/v2\/users\/4"}],"replies":[{"embeddable":true,"href":"https:\/\/www.btv.md\/ro\/wp-json\/wp\/v2\/comments?post=29299"}],"version-history":[{"count":0,"href":"https:\/\/www.btv.md\/ro\/wp-json\/wp\/v2\/posts\/29299\/revisions"}],"wp:featuredmedia":[{"embeddable":true,"href":"https:\/\/www.btv.md\/ro\/wp-json\/wp\/v2\/media\/29305"}],"wp:attachment":[{"href":"https:\/\/www.btv.md\/ro\/wp-json\/wp\/v2\/media?parent=29299"}],"wp:term":[{"taxonomy":"category","embeddable":true,"href":"https:\/\/www.btv.md\/ro\/wp-json\/wp\/v2\/categories?post=29299"},{"taxonomy":"post_tag","embeddable":true,"href":"https:\/\/www.btv.md\/ro\/wp-json\/wp\/v2\/tags?post=29299"}],"curies":[{"name":"wp","href":"https:\/\/api.w.org\/{rel}","templated":true}]}}