{"id":29560,"date":"2017-07-26T17:45:21","date_gmt":"2017-07-26T14:45:21","guid":{"rendered":"http:\/\/btv.md\/?p=29560"},"modified":"2017-07-26T17:49:01","modified_gmt":"2017-07-26T14:49:01","slug":"fantanile-seaca-iar-apa-de-la-robinet-nu-poate-fi-bauta","status":"publish","type":"post","link":"https:\/\/www.btv.md\/ro\/fantanile-seaca-iar-apa-de-la-robinet-nu-poate-fi-bauta\/","title":{"rendered":"F\u00e2nt\u00e2nile seac\u0103, iar apa de la robinet nu poate fi b\u0103ut\u0103"},"content":{"rendered":"<p><strong>Oamenii din satul Chiperceni, raionul Orhei, au r\u0103mas f\u0103r\u0103 ap\u0103. Mai multe f\u00e2nt\u00e2ni seac\u0103 din cauza caniculei, iar apa de la robinet este pentru uz tehnic.<\/strong><\/p>\n<p>\u00cen timp ce unii s\u0103teni fac drum lung pentru a ajunge la o f\u00e2nt\u00e2n\u0103, al\u021bii se roag\u0103 la Dumnezeu pentru o ploaie, care ar da via\u021b\u0103 la plante, vite \u0219i p\u0103s\u0103ri, scrie\u00a0<a href=\"http:\/\/www.realitatea.md\/canicula-da-batai-de-cap-locuitorilor-de-la-sate--fantanile-seaca--iar-apa-de-la-robinet-nu-poate-fi-bauta--reportaj-video-_61520.html\">realitatea.md<\/a>.<\/p>\n<p>A\u0219a arat\u0103 acum izvoarele, care \u00een urm\u0103 cu ceva ani erau cele mai curate \u0219i mai r\u0103coritoare. Oamenii din Chiperceni \u00ee\u0219i fac semnul crucii, \u00een speran\u021ba c\u0103 o ploaie bun\u0103 ar umple f\u00e2nt\u00e2nile.<\/p>\n<p>Aceast\u0103 femeie \u00een etate, este nevoit\u0103 s\u0103 mearg\u0103 peste 300 de metri, \u00eencolo \u0219i \u00eenapoi, pentru a aduce o c\u0103ldare cu ap\u0103. Chiar dac\u0103 are f\u00e2nt\u00e2n\u0103 \u00een curte, izvorul a secat.<\/p>\n<p>Autorit\u0103\u021bile locale au conectat o parte din sat la apeduct, dar oamenii spun c\u0103 apa din robinet nu e chiar bun\u0103.<\/p>\n<p>Meteorologii au emis Cod galben de canicul\u0103, care este valabil p\u00e2n\u0103 miercuri, iar Codul galben de secet\u0103 \u00een r\u00e2uri \u015fi lacuri se va men\u0163ine p\u00e2n\u0103 pe 2 august.<\/p>\n","protected":false},"excerpt":{"rendered":"<p>Oamenii din satul Chiperceni, raionul Orhei, au r\u0103mas f\u0103r\u0103 ap\u0103. Mai multe f\u00e2nt\u00e2ni seac\u0103 din cauza caniculei, iar apa de la robinet este pentru uz tehnic. \u00cen timp ce unii s\u0103teni fac drum lung pentru a ajunge la o f\u00e2nt\u00e2n\u0103, al\u021bii se roag\u0103 la Dumnezeu pentru o ploaie, care ar da via\u021b\u0103 la plante, vite [&hellip;]<\/p>\n","protected":false},"author":4,"featured_media":29563,"comment_status":"closed","ping_status":"closed","sticky":false,"template":"","format":"standard","meta":{"footnotes":""},"categories":[259,8],"tags":[],"class_list":["post-29560","post","type-post","status-publish","format-standard","has-post-thumbnail","hentry","category-novosti","category-obshestvo"],"yoast_head":"<!-- This site is optimized with the Yoast SEO plugin v27.4 - https:\/\/yoast.com\/product\/yoast-seo-wordpress\/ -->\n<title>F\u00e2nt\u00e2nile seac\u0103, iar apa de la robinet nu poate fi b\u0103ut\u0103<\/title>\n<meta name=\"description\" content=\"Oamenii din satul Chiperceni, raionul Orhei, au r\u0103mas f\u0103r\u0103 ap\u0103. Mai multe f\u00e2nt\u00e2ni seac\u0103 din cauza caniculei, iar apa de la robinet este pentru uz tehnic.\" \/>\n<meta name=\"robots\" content=\"index, follow, max-snippet:-1, max-image-preview:large, max-video-preview:-1\" \/>\n<link rel=\"canonical\" href=\"https:\/\/www.btv.md\/ro\/amp\/fantanile-seaca-iar-apa-de-la-robinet-nu-poate-fi-bauta\/\" \/>\n<meta property=\"og:locale\" content=\"ro_RO\" \/>\n<meta property=\"og:type\" content=\"article\" \/>\n<meta property=\"og:title\" content=\"F\u00e2nt\u00e2nile seac\u0103, iar apa de la robinet nu poate fi b\u0103ut\u0103\" \/>\n<meta property=\"og:description\" content=\"Oamenii din satul Chiperceni, raionul Orhei, au r\u0103mas f\u0103r\u0103 ap\u0103. Mai multe f\u00e2nt\u00e2ni seac\u0103 din cauza caniculei, iar apa de la robinet este pentru uz tehnic.\" \/>\n<meta property=\"og:url\" content=\"https:\/\/www.btv.md\/ro\/amp\/fantanile-seaca-iar-apa-de-la-robinet-nu-poate-fi-bauta\/\" \/>\n<meta property=\"og:site_name\" content=\"BTV\" \/>\n<meta property=\"article:publisher\" content=\"https:\/\/www.facebook.com\/btvmoldova\/\" \/>\n<meta property=\"article:published_time\" content=\"2017-07-26T14:45:21+00:00\" \/>\n<meta property=\"article:modified_time\" content=\"2017-07-26T14:49:01+00:00\" \/>\n<meta property=\"og:image\" content=\"https:\/\/www.btv.md\/wp-content\/uploads\/2017\/07\/fantana_26564600.jpg\" \/>\n\t<meta property=\"og:image:width\" content=\"1188\" \/>\n\t<meta property=\"og:image:height\" content=\"672\" \/>\n\t<meta property=\"og:image:type\" content=\"image\/jpeg\" \/>\n<meta name=\"author\" content=\"admin\" \/>\n<meta name=\"twitter:label1\" content=\"Scris de\" \/>\n\t<meta name=\"twitter:data1\" content=\"admin\" \/>\n\t<meta name=\"twitter:label2\" content=\"Timp estimat pentru citire\" \/>\n\t<meta name=\"twitter:data2\" content=\"1 minut\" \/>\n<script type=\"application\/ld+json\" class=\"yoast-schema-graph\">{\"@context\":\"https:\\\/\\\/schema.org\",\"@graph\":[{\"@type\":\"Article\",\"@id\":\"https:\\\/\\\/www.btv.md\\\/ro\\\/amp\\\/fantanile-seaca-iar-apa-de-la-robinet-nu-poate-fi-bauta\\\/#article\",\"isPartOf\":{\"@id\":\"https:\\\/\\\/www.btv.md\\\/ro\\\/amp\\\/fantanile-seaca-iar-apa-de-la-robinet-nu-poate-fi-bauta\\\/\"},\"author\":{\"name\":\"admin\",\"@id\":\"https:\\\/\\\/www.btv.md\\\/#\\\/schema\\\/person\\\/8fadce81561b3ce2c34c46dadc4ccbf2\"},\"headline\":\"F\u00e2nt\u00e2nile seac\u0103, iar apa de la robinet nu poate fi b\u0103ut\u0103\",\"datePublished\":\"2017-07-26T14:45:21+00:00\",\"dateModified\":\"2017-07-26T14:49:01+00:00\",\"mainEntityOfPage\":{\"@id\":\"https:\\\/\\\/www.btv.md\\\/ro\\\/amp\\\/fantanile-seaca-iar-apa-de-la-robinet-nu-poate-fi-bauta\\\/\"},\"wordCount\":208,\"image\":{\"@id\":\"https:\\\/\\\/www.btv.md\\\/ro\\\/amp\\\/fantanile-seaca-iar-apa-de-la-robinet-nu-poate-fi-bauta\\\/#primaryimage\"},\"thumbnailUrl\":\"https:\\\/\\\/www.btv.md\\\/wp-content\\\/uploads\\\/2017\\\/07\\\/fantana_26564600.jpg\",\"articleSection\":[\"\u041d\u043e\u0432\u043e\u0441\u0442\u0438\",\"\u041e\u0431\u0449\u0435\u0441\u0442\u0432\u043e\"],\"inLanguage\":\"ro-RO\"},{\"@type\":\"WebPage\",\"@id\":\"https:\\\/\\\/www.btv.md\\\/ro\\\/amp\\\/fantanile-seaca-iar-apa-de-la-robinet-nu-poate-fi-bauta\\\/\",\"url\":\"https:\\\/\\\/www.btv.md\\\/ro\\\/amp\\\/fantanile-seaca-iar-apa-de-la-robinet-nu-poate-fi-bauta\\\/\",\"name\":\"F\u00e2nt\u00e2nile seac\u0103, iar apa de la robinet nu poate fi b\u0103ut\u0103\",\"isPartOf\":{\"@id\":\"https:\\\/\\\/www.btv.md\\\/#website\"},\"primaryImageOfPage\":{\"@id\":\"https:\\\/\\\/www.btv.md\\\/ro\\\/amp\\\/fantanile-seaca-iar-apa-de-la-robinet-nu-poate-fi-bauta\\\/#primaryimage\"},\"image\":{\"@id\":\"https:\\\/\\\/www.btv.md\\\/ro\\\/amp\\\/fantanile-seaca-iar-apa-de-la-robinet-nu-poate-fi-bauta\\\/#primaryimage\"},\"thumbnailUrl\":\"https:\\\/\\\/www.btv.md\\\/wp-content\\\/uploads\\\/2017\\\/07\\\/fantana_26564600.jpg\",\"datePublished\":\"2017-07-26T14:45:21+00:00\",\"dateModified\":\"2017-07-26T14:49:01+00:00\",\"author\":{\"@id\":\"https:\\\/\\\/www.btv.md\\\/#\\\/schema\\\/person\\\/8fadce81561b3ce2c34c46dadc4ccbf2\"},\"description\":\"Oamenii din satul Chiperceni, raionul Orhei, au r\u0103mas f\u0103r\u0103 ap\u0103. Mai multe f\u00e2nt\u00e2ni seac\u0103 din cauza caniculei, iar apa de la robinet este pentru uz tehnic.\",\"inLanguage\":\"ro-RO\",\"potentialAction\":[{\"@type\":\"ReadAction\",\"target\":[\"https:\\\/\\\/www.btv.md\\\/ro\\\/amp\\\/fantanile-seaca-iar-apa-de-la-robinet-nu-poate-fi-bauta\\\/\"]}]},{\"@type\":\"ImageObject\",\"inLanguage\":\"ro-RO\",\"@id\":\"https:\\\/\\\/www.btv.md\\\/ro\\\/amp\\\/fantanile-seaca-iar-apa-de-la-robinet-nu-poate-fi-bauta\\\/#primaryimage\",\"url\":\"https:\\\/\\\/www.btv.md\\\/wp-content\\\/uploads\\\/2017\\\/07\\\/fantana_26564600.jpg\",\"contentUrl\":\"https:\\\/\\\/www.btv.md\\\/wp-content\\\/uploads\\\/2017\\\/07\\\/fantana_26564600.jpg\",\"width\":1188,\"height\":672},{\"@type\":\"WebSite\",\"@id\":\"https:\\\/\\\/www.btv.md\\\/#website\",\"url\":\"https:\\\/\\\/www.btv.md\\\/\",\"name\":\"BTV\",\"description\":\"\u0411\u0435\u043b\u044c\u0446\u043a\u043e\u0435 \u0442\u0435\u043b\u0435\u0432\u0438\u0434\u0435\u043d\u0438\u0435\",\"potentialAction\":[{\"@type\":\"SearchAction\",\"target\":{\"@type\":\"EntryPoint\",\"urlTemplate\":\"https:\\\/\\\/www.btv.md\\\/?s={search_term_string}\"},\"query-input\":{\"@type\":\"PropertyValueSpecification\",\"valueRequired\":true,\"valueName\":\"search_term_string\"}}],\"inLanguage\":\"ro-RO\"},{\"@type\":\"Person\",\"@id\":\"https:\\\/\\\/www.btv.md\\\/#\\\/schema\\\/person\\\/8fadce81561b3ce2c34c46dadc4ccbf2\",\"name\":\"admin\"}]}<\/script>\n<!-- \/ Yoast SEO plugin. -->","yoast_head_json":{"title":"F\u00e2nt\u00e2nile seac\u0103, iar apa de la robinet nu poate fi b\u0103ut\u0103","description":"Oamenii din satul Chiperceni, raionul Orhei, au r\u0103mas f\u0103r\u0103 ap\u0103. Mai multe f\u00e2nt\u00e2ni seac\u0103 din cauza caniculei, iar apa de la robinet este pentru uz tehnic.","robots":{"index":"index","follow":"follow","max-snippet":"max-snippet:-1","max-image-preview":"max-image-preview:large","max-video-preview":"max-video-preview:-1"},"canonical":"https:\/\/www.btv.md\/ro\/amp\/fantanile-seaca-iar-apa-de-la-robinet-nu-poate-fi-bauta\/","og_locale":"ro_RO","og_type":"article","og_title":"F\u00e2nt\u00e2nile seac\u0103, iar apa de la robinet nu poate fi b\u0103ut\u0103","og_description":"Oamenii din satul Chiperceni, raionul Orhei, au r\u0103mas f\u0103r\u0103 ap\u0103. Mai multe f\u00e2nt\u00e2ni seac\u0103 din cauza caniculei, iar apa de la robinet este pentru uz tehnic.","og_url":"https:\/\/www.btv.md\/ro\/amp\/fantanile-seaca-iar-apa-de-la-robinet-nu-poate-fi-bauta\/","og_site_name":"BTV","article_publisher":"https:\/\/www.facebook.com\/btvmoldova\/","article_published_time":"2017-07-26T14:45:21+00:00","article_modified_time":"2017-07-26T14:49:01+00:00","og_image":[{"width":1188,"height":672,"url":"https:\/\/www.btv.md\/wp-content\/uploads\/2017\/07\/fantana_26564600.jpg","type":"image\/jpeg"}],"author":"admin","twitter_misc":{"Scris de":"admin","Timp estimat pentru citire":"1 minut"},"schema":{"@context":"https:\/\/schema.org","@graph":[{"@type":"Article","@id":"https:\/\/www.btv.md\/ro\/amp\/fantanile-seaca-iar-apa-de-la-robinet-nu-poate-fi-bauta\/#article","isPartOf":{"@id":"https:\/\/www.btv.md\/ro\/amp\/fantanile-seaca-iar-apa-de-la-robinet-nu-poate-fi-bauta\/"},"author":{"name":"admin","@id":"https:\/\/www.btv.md\/#\/schema\/person\/8fadce81561b3ce2c34c46dadc4ccbf2"},"headline":"F\u00e2nt\u00e2nile seac\u0103, iar apa de la robinet nu poate fi b\u0103ut\u0103","datePublished":"2017-07-26T14:45:21+00:00","dateModified":"2017-07-26T14:49:01+00:00","mainEntityOfPage":{"@id":"https:\/\/www.btv.md\/ro\/amp\/fantanile-seaca-iar-apa-de-la-robinet-nu-poate-fi-bauta\/"},"wordCount":208,"image":{"@id":"https:\/\/www.btv.md\/ro\/amp\/fantanile-seaca-iar-apa-de-la-robinet-nu-poate-fi-bauta\/#primaryimage"},"thumbnailUrl":"https:\/\/www.btv.md\/wp-content\/uploads\/2017\/07\/fantana_26564600.jpg","articleSection":["\u041d\u043e\u0432\u043e\u0441\u0442\u0438","\u041e\u0431\u0449\u0435\u0441\u0442\u0432\u043e"],"inLanguage":"ro-RO"},{"@type":"WebPage","@id":"https:\/\/www.btv.md\/ro\/amp\/fantanile-seaca-iar-apa-de-la-robinet-nu-poate-fi-bauta\/","url":"https:\/\/www.btv.md\/ro\/amp\/fantanile-seaca-iar-apa-de-la-robinet-nu-poate-fi-bauta\/","name":"F\u00e2nt\u00e2nile seac\u0103, iar apa de la robinet nu poate fi b\u0103ut\u0103","isPartOf":{"@id":"https:\/\/www.btv.md\/#website"},"primaryImageOfPage":{"@id":"https:\/\/www.btv.md\/ro\/amp\/fantanile-seaca-iar-apa-de-la-robinet-nu-poate-fi-bauta\/#primaryimage"},"image":{"@id":"https:\/\/www.btv.md\/ro\/amp\/fantanile-seaca-iar-apa-de-la-robinet-nu-poate-fi-bauta\/#primaryimage"},"thumbnailUrl":"https:\/\/www.btv.md\/wp-content\/uploads\/2017\/07\/fantana_26564600.jpg","datePublished":"2017-07-26T14:45:21+00:00","dateModified":"2017-07-26T14:49:01+00:00","author":{"@id":"https:\/\/www.btv.md\/#\/schema\/person\/8fadce81561b3ce2c34c46dadc4ccbf2"},"description":"Oamenii din satul Chiperceni, raionul Orhei, au r\u0103mas f\u0103r\u0103 ap\u0103. Mai multe f\u00e2nt\u00e2ni seac\u0103 din cauza caniculei, iar apa de la robinet este pentru uz tehnic.","inLanguage":"ro-RO","potentialAction":[{"@type":"ReadAction","target":["https:\/\/www.btv.md\/ro\/amp\/fantanile-seaca-iar-apa-de-la-robinet-nu-poate-fi-bauta\/"]}]},{"@type":"ImageObject","inLanguage":"ro-RO","@id":"https:\/\/www.btv.md\/ro\/amp\/fantanile-seaca-iar-apa-de-la-robinet-nu-poate-fi-bauta\/#primaryimage","url":"https:\/\/www.btv.md\/wp-content\/uploads\/2017\/07\/fantana_26564600.jpg","contentUrl":"https:\/\/www.btv.md\/wp-content\/uploads\/2017\/07\/fantana_26564600.jpg","width":1188,"height":672},{"@type":"WebSite","@id":"https:\/\/www.btv.md\/#website","url":"https:\/\/www.btv.md\/","name":"BTV","description":"\u0411\u0435\u043b\u044c\u0446\u043a\u043e\u0435 \u0442\u0435\u043b\u0435\u0432\u0438\u0434\u0435\u043d\u0438\u0435","potentialAction":[{"@type":"SearchAction","target":{"@type":"EntryPoint","urlTemplate":"https:\/\/www.btv.md\/?s={search_term_string}"},"query-input":{"@type":"PropertyValueSpecification","valueRequired":true,"valueName":"search_term_string"}}],"inLanguage":"ro-RO"},{"@type":"Person","@id":"https:\/\/www.btv.md\/#\/schema\/person\/8fadce81561b3ce2c34c46dadc4ccbf2","name":"admin"}]}},"_links":{"self":[{"href":"https:\/\/www.btv.md\/ro\/wp-json\/wp\/v2\/posts\/29560","targetHints":{"allow":["GET"]}}],"collection":[{"href":"https:\/\/www.btv.md\/ro\/wp-json\/wp\/v2\/posts"}],"about":[{"href":"https:\/\/www.btv.md\/ro\/wp-json\/wp\/v2\/types\/post"}],"author":[{"embeddable":true,"href":"https:\/\/www.btv.md\/ro\/wp-json\/wp\/v2\/users\/4"}],"replies":[{"embeddable":true,"href":"https:\/\/www.btv.md\/ro\/wp-json\/wp\/v2\/comments?post=29560"}],"version-history":[{"count":0,"href":"https:\/\/www.btv.md\/ro\/wp-json\/wp\/v2\/posts\/29560\/revisions"}],"wp:featuredmedia":[{"embeddable":true,"href":"https:\/\/www.btv.md\/ro\/wp-json\/wp\/v2\/media\/29563"}],"wp:attachment":[{"href":"https:\/\/www.btv.md\/ro\/wp-json\/wp\/v2\/media?parent=29560"}],"wp:term":[{"taxonomy":"category","embeddable":true,"href":"https:\/\/www.btv.md\/ro\/wp-json\/wp\/v2\/categories?post=29560"},{"taxonomy":"post_tag","embeddable":true,"href":"https:\/\/www.btv.md\/ro\/wp-json\/wp\/v2\/tags?post=29560"}],"curies":[{"name":"wp","href":"https:\/\/api.w.org\/{rel}","templated":true}]}}