{"id":29564,"date":"2017-07-26T17:51:52","date_gmt":"2017-07-26T14:51:52","guid":{"rendered":"http:\/\/btv.md\/?p=29564"},"modified":"2017-07-26T17:51:52","modified_gmt":"2017-07-26T14:51:52","slug":"amenzi-in-valoare-de-140-000-de-lei-comerciantilor-de-flori","status":"publish","type":"post","link":"https:\/\/www.btv.md\/ro\/amenzi-in-valoare-de-140-000-de-lei-comerciantilor-de-flori\/","title":{"rendered":"Amenzi \u00een valoare de 140.000 de lei comercian\u021bilor de flori"},"content":{"rendered":"<p><strong>Serviciul Fiscal de Stat va aplica amenzi \u00een valoare de 140 mii lei comercian\u021bilor de flori la care au fost \u00eenregistrate abateri de la legisla\u021bie.<\/strong><\/p>\n<p>Verific\u0103rile au avut loc \u00een perioada 17-23 iulie, curent, iar dintre cele 36 controale, 10 s-au desf\u0103\u0219urat \u00een Capital\u0103, 11 \u00een zona de nord a \u021b\u0103rii, 8 \u00een zona de sud \u0219i 7 \u00een zona de centru, scrie <a href=\"https:\/\/point.md\/ro\/noutati\/social\/amenzi-in-valoare-de-140-000-de-lei-comerciantilor-de-flori-aplicate-de-fisc\">point.md<\/a>.<\/p>\n<p>Totodat\u0103, inspectorii fiscali au \u00eentocmit 20 de procese verbale, fiind aplicate sanc\u021biuni \u00een m\u0103rime de 28.750 de lei. Printre abaterile \u00eenregistrate fac parte: efectuarea \u00eencas\u0103rilor b\u0103ne\u0219ti \u00een numerar f\u0103r\u0103 utilizarea ma\u0219inii de cas\u0103 \u0219i control existente, neasigurarea bilan\u021bului numerarului \u00een ma\u0219ina de cas\u0103 \u0219i control, care const\u0103 \u00een formarea excesului de numerar nejustificat documentar, neprezentarea la prima cerere a persoanelor cu func\u021bii de r\u0103spundere din cadrul organului cu atribu\u021bii de administrare a documentelor de provenien\u021b\u0103 a m\u0103rfii expuse spre comercializare \u0219i desf\u0103\u0219urarea activit\u0103\u021bii ilicite de \u00eentreprinz\u0103tor.<\/p>\n<p>Reie\u0219ind din numeroasele abateri \u00eenregistrate \u00eentr-o perioad\u0103 de timp restr\u00e2ns, SFS va continua verific\u0103rile \u0219i \u00een perioada 24-30 iulie 2017. Scopul acestor ac\u021biuni este de a majora nivelul de conformare a contribuabililor la prevederile legisla\u021biei \u00een vigoare.<\/p>\n<p>\u00cen acest context, SFS lanseaz\u0103 un apel c\u0103tre persoanele care comercializeaz\u0103 flori, dar \u0219i alte produse, s\u0103 se conformeze legisla\u021biei \u0219i s\u0103 activeze \u00een conformitate cu cerin\u021bele acesteia.<\/p>\n<p>Reiter\u0103m, c\u0103 persoanele care nu se vor conforma prevederilor legisla\u021biei, risc\u0103 amend\u0103 (pentru \u00eenc\u0103lc\u0103ri admise la disciplina de cas\u0103 (art.254), Codul fiscal stabile\u0219te sanc\u021biuni de la 5.000 p\u00e2n\u0103 la 7.000 de lei; pentru comercializarea m\u0103rfurilor \u00een lipsa documentelor de provenien\u021b\u0103 a acestora (art.253 (1), Codul fiscal stabile\u0219te sanc\u021biuni de 5.000 de lei; pentru desf\u0103\u0219urarea activit\u0103\u021bii ilicite de \u00eentreprinz\u0103tor, Codul contraven\u021bional prevede amend\u0103 de p\u00e2n\u0103 la 4.500 de lei).<\/p>\n","protected":false},"excerpt":{"rendered":"<p>Serviciul Fiscal de Stat va aplica amenzi \u00een valoare de 140 mii lei comercian\u021bilor de flori la care au fost \u00eenregistrate abateri de la legisla\u021bie. Verific\u0103rile au avut loc \u00een perioada 17-23 iulie, curent, iar dintre cele 36 controale, 10 s-au desf\u0103\u0219urat \u00een Capital\u0103, 11 \u00een zona de nord a \u021b\u0103rii, 8 \u00een zona de [&hellip;]<\/p>\n","protected":false},"author":4,"featured_media":29565,"comment_status":"closed","ping_status":"closed","sticky":false,"template":"","format":"standard","meta":{"footnotes":""},"categories":[6349],"tags":[],"class_list":["post-29564","post","type-post","status-publish","format-standard","has-post-thumbnail","hentry","category-social"],"yoast_head":"<!-- This site is optimized with the Yoast SEO plugin v27.4 - https:\/\/yoast.com\/product\/yoast-seo-wordpress\/ -->\n<title>Amenzi \u00een valoare de 140.000 de lei comercian\u021bilor de flori<\/title>\n<meta name=\"description\" content=\"Serviciul Fiscal de Stat va aplica amenzi \u00een valoare de 140 mii lei comercian\u021bilor de flori la care au fost \u00eenregistrate abateri de la legisla\u021bie.\" \/>\n<meta name=\"robots\" content=\"index, follow, max-snippet:-1, max-image-preview:large, max-video-preview:-1\" \/>\n<link rel=\"canonical\" href=\"https:\/\/www.btv.md\/ro\/amenzi-in-valoare-de-140-000-de-lei-comerciantilor-de-flori\/\" \/>\n<meta property=\"og:locale\" content=\"ro_RO\" \/>\n<meta property=\"og:type\" content=\"article\" \/>\n<meta property=\"og:title\" content=\"Amenzi \u00een valoare de 140.000 de lei comercian\u021bilor de flori\" \/>\n<meta property=\"og:description\" content=\"Serviciul Fiscal de Stat va aplica amenzi \u00een valoare de 140 mii lei comercian\u021bilor de flori la care au fost \u00eenregistrate abateri de la legisla\u021bie.\" \/>\n<meta property=\"og:url\" content=\"https:\/\/www.btv.md\/ro\/amenzi-in-valoare-de-140-000-de-lei-comerciantilor-de-flori\/\" \/>\n<meta property=\"og:site_name\" content=\"BTV\" \/>\n<meta property=\"article:publisher\" content=\"https:\/\/www.facebook.com\/btvmoldova\/\" \/>\n<meta property=\"article:published_time\" content=\"2017-07-26T14:51:52+00:00\" \/>\n<meta property=\"og:image\" content=\"https:\/\/www.btv.md\/wp-content\/uploads\/2017\/07\/flori.jpg\" \/>\n\t<meta property=\"og:image:width\" content=\"1200\" \/>\n\t<meta property=\"og:image:height\" content=\"677\" \/>\n\t<meta property=\"og:image:type\" content=\"image\/jpeg\" \/>\n<meta name=\"author\" content=\"admin\" \/>\n<meta name=\"twitter:label1\" content=\"Scris de\" \/>\n\t<meta name=\"twitter:data1\" content=\"admin\" \/>\n\t<meta name=\"twitter:label2\" content=\"Timp estimat pentru citire\" \/>\n\t<meta name=\"twitter:data2\" content=\"2 minute\" \/>\n<script type=\"application\/ld+json\" class=\"yoast-schema-graph\">{\"@context\":\"https:\\\/\\\/schema.org\",\"@graph\":[{\"@type\":\"Article\",\"@id\":\"https:\\\/\\\/www.btv.md\\\/ro\\\/amenzi-in-valoare-de-140-000-de-lei-comerciantilor-de-flori\\\/#article\",\"isPartOf\":{\"@id\":\"https:\\\/\\\/www.btv.md\\\/ro\\\/amenzi-in-valoare-de-140-000-de-lei-comerciantilor-de-flori\\\/\"},\"author\":{\"name\":\"admin\",\"@id\":\"https:\\\/\\\/www.btv.md\\\/#\\\/schema\\\/person\\\/8fadce81561b3ce2c34c46dadc4ccbf2\"},\"headline\":\"Amenzi \u00een valoare de 140.000 de lei comercian\u021bilor de flori\",\"datePublished\":\"2017-07-26T14:51:52+00:00\",\"mainEntityOfPage\":{\"@id\":\"https:\\\/\\\/www.btv.md\\\/ro\\\/amenzi-in-valoare-de-140-000-de-lei-comerciantilor-de-flori\\\/\"},\"wordCount\":323,\"image\":{\"@id\":\"https:\\\/\\\/www.btv.md\\\/ro\\\/amenzi-in-valoare-de-140-000-de-lei-comerciantilor-de-flori\\\/#primaryimage\"},\"thumbnailUrl\":\"https:\\\/\\\/www.btv.md\\\/wp-content\\\/uploads\\\/2017\\\/07\\\/flori.jpg\",\"articleSection\":[\"Social\"],\"inLanguage\":\"ro-RO\"},{\"@type\":\"WebPage\",\"@id\":\"https:\\\/\\\/www.btv.md\\\/ro\\\/amenzi-in-valoare-de-140-000-de-lei-comerciantilor-de-flori\\\/\",\"url\":\"https:\\\/\\\/www.btv.md\\\/ro\\\/amenzi-in-valoare-de-140-000-de-lei-comerciantilor-de-flori\\\/\",\"name\":\"Amenzi \u00een valoare de 140.000 de lei comercian\u021bilor de flori\",\"isPartOf\":{\"@id\":\"https:\\\/\\\/www.btv.md\\\/#website\"},\"primaryImageOfPage\":{\"@id\":\"https:\\\/\\\/www.btv.md\\\/ro\\\/amenzi-in-valoare-de-140-000-de-lei-comerciantilor-de-flori\\\/#primaryimage\"},\"image\":{\"@id\":\"https:\\\/\\\/www.btv.md\\\/ro\\\/amenzi-in-valoare-de-140-000-de-lei-comerciantilor-de-flori\\\/#primaryimage\"},\"thumbnailUrl\":\"https:\\\/\\\/www.btv.md\\\/wp-content\\\/uploads\\\/2017\\\/07\\\/flori.jpg\",\"datePublished\":\"2017-07-26T14:51:52+00:00\",\"author\":{\"@id\":\"https:\\\/\\\/www.btv.md\\\/#\\\/schema\\\/person\\\/8fadce81561b3ce2c34c46dadc4ccbf2\"},\"description\":\"Serviciul Fiscal de Stat va aplica amenzi \u00een valoare de 140 mii lei comercian\u021bilor de flori la care au fost \u00eenregistrate abateri de la legisla\u021bie.\",\"inLanguage\":\"ro-RO\",\"potentialAction\":[{\"@type\":\"ReadAction\",\"target\":[\"https:\\\/\\\/www.btv.md\\\/ro\\\/amenzi-in-valoare-de-140-000-de-lei-comerciantilor-de-flori\\\/\"]}]},{\"@type\":\"ImageObject\",\"inLanguage\":\"ro-RO\",\"@id\":\"https:\\\/\\\/www.btv.md\\\/ro\\\/amenzi-in-valoare-de-140-000-de-lei-comerciantilor-de-flori\\\/#primaryimage\",\"url\":\"https:\\\/\\\/www.btv.md\\\/wp-content\\\/uploads\\\/2017\\\/07\\\/flori.jpg\",\"contentUrl\":\"https:\\\/\\\/www.btv.md\\\/wp-content\\\/uploads\\\/2017\\\/07\\\/flori.jpg\",\"width\":1200,\"height\":677},{\"@type\":\"WebSite\",\"@id\":\"https:\\\/\\\/www.btv.md\\\/#website\",\"url\":\"https:\\\/\\\/www.btv.md\\\/\",\"name\":\"BTV\",\"description\":\"\u0411\u0435\u043b\u044c\u0446\u043a\u043e\u0435 \u0442\u0435\u043b\u0435\u0432\u0438\u0434\u0435\u043d\u0438\u0435\",\"potentialAction\":[{\"@type\":\"SearchAction\",\"target\":{\"@type\":\"EntryPoint\",\"urlTemplate\":\"https:\\\/\\\/www.btv.md\\\/?s={search_term_string}\"},\"query-input\":{\"@type\":\"PropertyValueSpecification\",\"valueRequired\":true,\"valueName\":\"search_term_string\"}}],\"inLanguage\":\"ro-RO\"},{\"@type\":\"Person\",\"@id\":\"https:\\\/\\\/www.btv.md\\\/#\\\/schema\\\/person\\\/8fadce81561b3ce2c34c46dadc4ccbf2\",\"name\":\"admin\"}]}<\/script>\n<!-- \/ Yoast SEO plugin. -->","yoast_head_json":{"title":"Amenzi \u00een valoare de 140.000 de lei comercian\u021bilor de flori","description":"Serviciul Fiscal de Stat va aplica amenzi \u00een valoare de 140 mii lei comercian\u021bilor de flori la care au fost \u00eenregistrate abateri de la legisla\u021bie.","robots":{"index":"index","follow":"follow","max-snippet":"max-snippet:-1","max-image-preview":"max-image-preview:large","max-video-preview":"max-video-preview:-1"},"canonical":"https:\/\/www.btv.md\/ro\/amenzi-in-valoare-de-140-000-de-lei-comerciantilor-de-flori\/","og_locale":"ro_RO","og_type":"article","og_title":"Amenzi \u00een valoare de 140.000 de lei comercian\u021bilor de flori","og_description":"Serviciul Fiscal de Stat va aplica amenzi \u00een valoare de 140 mii lei comercian\u021bilor de flori la care au fost \u00eenregistrate abateri de la legisla\u021bie.","og_url":"https:\/\/www.btv.md\/ro\/amenzi-in-valoare-de-140-000-de-lei-comerciantilor-de-flori\/","og_site_name":"BTV","article_publisher":"https:\/\/www.facebook.com\/btvmoldova\/","article_published_time":"2017-07-26T14:51:52+00:00","og_image":[{"width":1200,"height":677,"url":"https:\/\/www.btv.md\/wp-content\/uploads\/2017\/07\/flori.jpg","type":"image\/jpeg"}],"author":"admin","twitter_misc":{"Scris de":"admin","Timp estimat pentru citire":"2 minute"},"schema":{"@context":"https:\/\/schema.org","@graph":[{"@type":"Article","@id":"https:\/\/www.btv.md\/ro\/amenzi-in-valoare-de-140-000-de-lei-comerciantilor-de-flori\/#article","isPartOf":{"@id":"https:\/\/www.btv.md\/ro\/amenzi-in-valoare-de-140-000-de-lei-comerciantilor-de-flori\/"},"author":{"name":"admin","@id":"https:\/\/www.btv.md\/#\/schema\/person\/8fadce81561b3ce2c34c46dadc4ccbf2"},"headline":"Amenzi \u00een valoare de 140.000 de lei comercian\u021bilor de flori","datePublished":"2017-07-26T14:51:52+00:00","mainEntityOfPage":{"@id":"https:\/\/www.btv.md\/ro\/amenzi-in-valoare-de-140-000-de-lei-comerciantilor-de-flori\/"},"wordCount":323,"image":{"@id":"https:\/\/www.btv.md\/ro\/amenzi-in-valoare-de-140-000-de-lei-comerciantilor-de-flori\/#primaryimage"},"thumbnailUrl":"https:\/\/www.btv.md\/wp-content\/uploads\/2017\/07\/flori.jpg","articleSection":["Social"],"inLanguage":"ro-RO"},{"@type":"WebPage","@id":"https:\/\/www.btv.md\/ro\/amenzi-in-valoare-de-140-000-de-lei-comerciantilor-de-flori\/","url":"https:\/\/www.btv.md\/ro\/amenzi-in-valoare-de-140-000-de-lei-comerciantilor-de-flori\/","name":"Amenzi \u00een valoare de 140.000 de lei comercian\u021bilor de flori","isPartOf":{"@id":"https:\/\/www.btv.md\/#website"},"primaryImageOfPage":{"@id":"https:\/\/www.btv.md\/ro\/amenzi-in-valoare-de-140-000-de-lei-comerciantilor-de-flori\/#primaryimage"},"image":{"@id":"https:\/\/www.btv.md\/ro\/amenzi-in-valoare-de-140-000-de-lei-comerciantilor-de-flori\/#primaryimage"},"thumbnailUrl":"https:\/\/www.btv.md\/wp-content\/uploads\/2017\/07\/flori.jpg","datePublished":"2017-07-26T14:51:52+00:00","author":{"@id":"https:\/\/www.btv.md\/#\/schema\/person\/8fadce81561b3ce2c34c46dadc4ccbf2"},"description":"Serviciul Fiscal de Stat va aplica amenzi \u00een valoare de 140 mii lei comercian\u021bilor de flori la care au fost \u00eenregistrate abateri de la legisla\u021bie.","inLanguage":"ro-RO","potentialAction":[{"@type":"ReadAction","target":["https:\/\/www.btv.md\/ro\/amenzi-in-valoare-de-140-000-de-lei-comerciantilor-de-flori\/"]}]},{"@type":"ImageObject","inLanguage":"ro-RO","@id":"https:\/\/www.btv.md\/ro\/amenzi-in-valoare-de-140-000-de-lei-comerciantilor-de-flori\/#primaryimage","url":"https:\/\/www.btv.md\/wp-content\/uploads\/2017\/07\/flori.jpg","contentUrl":"https:\/\/www.btv.md\/wp-content\/uploads\/2017\/07\/flori.jpg","width":1200,"height":677},{"@type":"WebSite","@id":"https:\/\/www.btv.md\/#website","url":"https:\/\/www.btv.md\/","name":"BTV","description":"\u0411\u0435\u043b\u044c\u0446\u043a\u043e\u0435 \u0442\u0435\u043b\u0435\u0432\u0438\u0434\u0435\u043d\u0438\u0435","potentialAction":[{"@type":"SearchAction","target":{"@type":"EntryPoint","urlTemplate":"https:\/\/www.btv.md\/?s={search_term_string}"},"query-input":{"@type":"PropertyValueSpecification","valueRequired":true,"valueName":"search_term_string"}}],"inLanguage":"ro-RO"},{"@type":"Person","@id":"https:\/\/www.btv.md\/#\/schema\/person\/8fadce81561b3ce2c34c46dadc4ccbf2","name":"admin"}]}},"_links":{"self":[{"href":"https:\/\/www.btv.md\/ro\/wp-json\/wp\/v2\/posts\/29564","targetHints":{"allow":["GET"]}}],"collection":[{"href":"https:\/\/www.btv.md\/ro\/wp-json\/wp\/v2\/posts"}],"about":[{"href":"https:\/\/www.btv.md\/ro\/wp-json\/wp\/v2\/types\/post"}],"author":[{"embeddable":true,"href":"https:\/\/www.btv.md\/ro\/wp-json\/wp\/v2\/users\/4"}],"replies":[{"embeddable":true,"href":"https:\/\/www.btv.md\/ro\/wp-json\/wp\/v2\/comments?post=29564"}],"version-history":[{"count":0,"href":"https:\/\/www.btv.md\/ro\/wp-json\/wp\/v2\/posts\/29564\/revisions"}],"wp:featuredmedia":[{"embeddable":true,"href":"https:\/\/www.btv.md\/ro\/wp-json\/wp\/v2\/media\/29565"}],"wp:attachment":[{"href":"https:\/\/www.btv.md\/ro\/wp-json\/wp\/v2\/media?parent=29564"}],"wp:term":[{"taxonomy":"category","embeddable":true,"href":"https:\/\/www.btv.md\/ro\/wp-json\/wp\/v2\/categories?post=29564"},{"taxonomy":"post_tag","embeddable":true,"href":"https:\/\/www.btv.md\/ro\/wp-json\/wp\/v2\/tags?post=29564"}],"curies":[{"name":"wp","href":"https:\/\/api.w.org\/{rel}","templated":true}]}}