{"id":29619,"date":"2017-07-27T11:38:08","date_gmt":"2017-07-27T08:38:08","guid":{"rendered":"http:\/\/btv.md\/?p=29619"},"modified":"2017-07-27T11:38:08","modified_gmt":"2017-07-27T08:38:08","slug":"lui-mihail-saakasvili-i-a-fost-retrasa-cetatenia-ucrainei","status":"publish","type":"post","link":"https:\/\/www.btv.md\/ro\/lui-mihail-saakasvili-i-a-fost-retrasa-cetatenia-ucrainei\/","title":{"rendered":"Lui Mihail Saaka\u0219vili i-a fost retras\u0103 cet\u0103\u021benia Ucrainei"},"content":{"rendered":"<p class=\"post-subtitle\"><strong>Fostului guvernator al regiunii Odessa, Mihail Saaka\u0219vili, i-a fost retras\u0103 cet\u0103\u021benia ucrainean\u0103. Dup\u0103 cum men\u021bioneaz\u0103 Serviciul de Stat pentru Migra\u021bie, acest lucru a fost cauzat de informa\u021biile false pe care acesta le-a oferit atunci c\u00e2nd a primit pa\u0219aportul, men\u021bioneaz\u0103\u00a0<a href=\"http:\/\/tv8.md\/2017\/07\/26\/lui-mihail-saakasvili-i-a-fost-retrasa-cetatenia-ucrainei\/\" target=\"_blank\" rel=\"noopener\">tv8.md<\/a>.<\/strong><\/p>\n<p>Motivul a fost faptul c\u0103, \u00een 2015, \u00een dosarul lui Saaka\u0219vili era scris c\u0103 acesta nu este \u00een curs de investigare pe teritoriul Ucrainei sau \u00een str\u0103in\u0103tate. Cu toate acestea, Saaka\u0219vili a fost arestat \u00een Georgia.<\/p>\n<p>Men\u021bion\u0103m c\u0103, \u00een decembrie 2015, Saaka\u0219vili a r\u0103mas \u0219i f\u0103r\u0103 cet\u0103\u021benia Georgiei, deoarece avea pa\u0219aport ucrainean. Nu se \u0219tie \u00eens\u0103 dac\u0103 acesta are \u0219i alt\u0103 cet\u0103\u021benie pe l\u00e2ng\u0103 cea ucrainean\u0103. Saaka\u0219vili a fost acuzat de un tribunal din Georgia, de abuz de putere, de utilizarea excesiv\u0103 a for\u021bei \u00eempotriva celor care au protestat \u00een Tbilisi \u00een noiembrie 2007, precum \u0219i de preluarea abuziva a unui post de televiziune.<\/p>\n<p>Saaka\u0219vili a fost pre\u0219edinte al Georgiei din 2004 p\u00e2n\u0103 \u00een 2007 \u0219i din 2008 p\u00e2n\u0103 \u00een 2013.<\/p>\n","protected":false},"excerpt":{"rendered":"<p>Fostului guvernator al regiunii Odessa, Mihail Saaka\u0219vili, i-a fost retras\u0103 cet\u0103\u021benia ucrainean\u0103. Dup\u0103 cum men\u021bioneaz\u0103 Serviciul de Stat pentru Migra\u021bie, acest lucru a fost cauzat de informa\u021biile false pe care acesta le-a oferit atunci c\u00e2nd a primit pa\u0219aportul, men\u021bioneaz\u0103\u00a0tv8.md. Motivul a fost faptul c\u0103, \u00een 2015, \u00een dosarul lui Saaka\u0219vili era scris c\u0103 acesta nu [&hellip;]<\/p>\n","protected":false},"author":4,"featured_media":29620,"comment_status":"closed","ping_status":"closed","sticky":false,"template":"","format":"standard","meta":{"footnotes":""},"categories":[6354],"tags":[],"class_list":["post-29619","post","type-post","status-publish","format-standard","has-post-thumbnail","hentry","category-externe-ro"],"yoast_head":"<!-- This site is optimized with the Yoast SEO plugin v27.4 - https:\/\/yoast.com\/product\/yoast-seo-wordpress\/ -->\n<title>Lui Mihail Saaka\u0219vili i-a fost retras\u0103 cet\u0103\u021benia Ucrainei<\/title>\n<meta name=\"description\" content=\"Fostului guvernator al regiunii Odessa, Mihail Saaka\u0219vili, i-a fost retras\u0103 cet\u0103\u021benia ucrainean\u0103. Dup\u0103 cum men\u021bioneaz\u0103 Serviciul de Stat pentru Migra\u021bie.\" \/>\n<meta name=\"robots\" content=\"index, follow, max-snippet:-1, max-image-preview:large, max-video-preview:-1\" \/>\n<link rel=\"canonical\" href=\"https:\/\/www.btv.md\/ro\/lui-mihail-saakasvili-i-a-fost-retrasa-cetatenia-ucrainei\/\" \/>\n<meta property=\"og:locale\" content=\"ro_RO\" \/>\n<meta property=\"og:type\" content=\"article\" \/>\n<meta property=\"og:title\" content=\"Lui Mihail Saaka\u0219vili i-a fost retras\u0103 cet\u0103\u021benia Ucrainei\" \/>\n<meta property=\"og:description\" content=\"Fostului guvernator al regiunii Odessa, Mihail Saaka\u0219vili, i-a fost retras\u0103 cet\u0103\u021benia ucrainean\u0103. Dup\u0103 cum men\u021bioneaz\u0103 Serviciul de Stat pentru Migra\u021bie...\" \/>\n<meta property=\"og:url\" content=\"https:\/\/www.btv.md\/ro\/lui-mihail-saakasvili-i-a-fost-retrasa-cetatenia-ucrainei\/\" \/>\n<meta property=\"og:site_name\" content=\"BTV\" \/>\n<meta property=\"article:publisher\" content=\"https:\/\/www.facebook.com\/btvmoldova\/\" \/>\n<meta property=\"article:published_time\" content=\"2017-07-27T08:38:08+00:00\" \/>\n<meta property=\"og:image\" content=\"https:\/\/www.btv.md\/wp-content\/uploads\/2017\/07\/saakashvili.jpg\" \/>\n\t<meta property=\"og:image:width\" content=\"1200\" \/>\n\t<meta property=\"og:image:height\" content=\"720\" \/>\n\t<meta property=\"og:image:type\" content=\"image\/jpeg\" \/>\n<meta name=\"author\" content=\"admin\" \/>\n<meta name=\"twitter:label1\" content=\"Scris de\" \/>\n\t<meta name=\"twitter:data1\" content=\"admin\" \/>\n\t<meta name=\"twitter:label2\" content=\"Timp estimat pentru citire\" \/>\n\t<meta name=\"twitter:data2\" content=\"1 minut\" \/>\n<script type=\"application\/ld+json\" class=\"yoast-schema-graph\">{\"@context\":\"https:\\\/\\\/schema.org\",\"@graph\":[{\"@type\":\"Article\",\"@id\":\"https:\\\/\\\/www.btv.md\\\/ro\\\/lui-mihail-saakasvili-i-a-fost-retrasa-cetatenia-ucrainei\\\/#article\",\"isPartOf\":{\"@id\":\"https:\\\/\\\/www.btv.md\\\/ro\\\/lui-mihail-saakasvili-i-a-fost-retrasa-cetatenia-ucrainei\\\/\"},\"author\":{\"name\":\"admin\",\"@id\":\"https:\\\/\\\/www.btv.md\\\/#\\\/schema\\\/person\\\/8fadce81561b3ce2c34c46dadc4ccbf2\"},\"headline\":\"Lui Mihail Saaka\u0219vili i-a fost retras\u0103 cet\u0103\u021benia Ucrainei\",\"datePublished\":\"2017-07-27T08:38:08+00:00\",\"mainEntityOfPage\":{\"@id\":\"https:\\\/\\\/www.btv.md\\\/ro\\\/lui-mihail-saakasvili-i-a-fost-retrasa-cetatenia-ucrainei\\\/\"},\"wordCount\":192,\"image\":{\"@id\":\"https:\\\/\\\/www.btv.md\\\/ro\\\/lui-mihail-saakasvili-i-a-fost-retrasa-cetatenia-ucrainei\\\/#primaryimage\"},\"thumbnailUrl\":\"https:\\\/\\\/www.btv.md\\\/wp-content\\\/uploads\\\/2017\\\/07\\\/saakashvili.jpg\",\"articleSection\":[\"Externe\"],\"inLanguage\":\"ro-RO\"},{\"@type\":\"WebPage\",\"@id\":\"https:\\\/\\\/www.btv.md\\\/ro\\\/lui-mihail-saakasvili-i-a-fost-retrasa-cetatenia-ucrainei\\\/\",\"url\":\"https:\\\/\\\/www.btv.md\\\/ro\\\/lui-mihail-saakasvili-i-a-fost-retrasa-cetatenia-ucrainei\\\/\",\"name\":\"Lui Mihail Saaka\u0219vili i-a fost retras\u0103 cet\u0103\u021benia Ucrainei\",\"isPartOf\":{\"@id\":\"https:\\\/\\\/www.btv.md\\\/#website\"},\"primaryImageOfPage\":{\"@id\":\"https:\\\/\\\/www.btv.md\\\/ro\\\/lui-mihail-saakasvili-i-a-fost-retrasa-cetatenia-ucrainei\\\/#primaryimage\"},\"image\":{\"@id\":\"https:\\\/\\\/www.btv.md\\\/ro\\\/lui-mihail-saakasvili-i-a-fost-retrasa-cetatenia-ucrainei\\\/#primaryimage\"},\"thumbnailUrl\":\"https:\\\/\\\/www.btv.md\\\/wp-content\\\/uploads\\\/2017\\\/07\\\/saakashvili.jpg\",\"datePublished\":\"2017-07-27T08:38:08+00:00\",\"author\":{\"@id\":\"https:\\\/\\\/www.btv.md\\\/#\\\/schema\\\/person\\\/8fadce81561b3ce2c34c46dadc4ccbf2\"},\"description\":\"Fostului guvernator al regiunii Odessa, Mihail Saaka\u0219vili, i-a fost retras\u0103 cet\u0103\u021benia ucrainean\u0103. Dup\u0103 cum men\u021bioneaz\u0103 Serviciul de Stat pentru Migra\u021bie.\",\"inLanguage\":\"ro-RO\",\"potentialAction\":[{\"@type\":\"ReadAction\",\"target\":[\"https:\\\/\\\/www.btv.md\\\/ro\\\/lui-mihail-saakasvili-i-a-fost-retrasa-cetatenia-ucrainei\\\/\"]}]},{\"@type\":\"ImageObject\",\"inLanguage\":\"ro-RO\",\"@id\":\"https:\\\/\\\/www.btv.md\\\/ro\\\/lui-mihail-saakasvili-i-a-fost-retrasa-cetatenia-ucrainei\\\/#primaryimage\",\"url\":\"https:\\\/\\\/www.btv.md\\\/wp-content\\\/uploads\\\/2017\\\/07\\\/saakashvili.jpg\",\"contentUrl\":\"https:\\\/\\\/www.btv.md\\\/wp-content\\\/uploads\\\/2017\\\/07\\\/saakashvili.jpg\",\"width\":1200,\"height\":720},{\"@type\":\"WebSite\",\"@id\":\"https:\\\/\\\/www.btv.md\\\/#website\",\"url\":\"https:\\\/\\\/www.btv.md\\\/\",\"name\":\"BTV\",\"description\":\"\u0411\u0435\u043b\u044c\u0446\u043a\u043e\u0435 \u0442\u0435\u043b\u0435\u0432\u0438\u0434\u0435\u043d\u0438\u0435\",\"potentialAction\":[{\"@type\":\"SearchAction\",\"target\":{\"@type\":\"EntryPoint\",\"urlTemplate\":\"https:\\\/\\\/www.btv.md\\\/?s={search_term_string}\"},\"query-input\":{\"@type\":\"PropertyValueSpecification\",\"valueRequired\":true,\"valueName\":\"search_term_string\"}}],\"inLanguage\":\"ro-RO\"},{\"@type\":\"Person\",\"@id\":\"https:\\\/\\\/www.btv.md\\\/#\\\/schema\\\/person\\\/8fadce81561b3ce2c34c46dadc4ccbf2\",\"name\":\"admin\"}]}<\/script>\n<!-- \/ Yoast SEO plugin. -->","yoast_head_json":{"title":"Lui Mihail Saaka\u0219vili i-a fost retras\u0103 cet\u0103\u021benia Ucrainei","description":"Fostului guvernator al regiunii Odessa, Mihail Saaka\u0219vili, i-a fost retras\u0103 cet\u0103\u021benia ucrainean\u0103. Dup\u0103 cum men\u021bioneaz\u0103 Serviciul de Stat pentru Migra\u021bie.","robots":{"index":"index","follow":"follow","max-snippet":"max-snippet:-1","max-image-preview":"max-image-preview:large","max-video-preview":"max-video-preview:-1"},"canonical":"https:\/\/www.btv.md\/ro\/lui-mihail-saakasvili-i-a-fost-retrasa-cetatenia-ucrainei\/","og_locale":"ro_RO","og_type":"article","og_title":"Lui Mihail Saaka\u0219vili i-a fost retras\u0103 cet\u0103\u021benia Ucrainei","og_description":"Fostului guvernator al regiunii Odessa, Mihail Saaka\u0219vili, i-a fost retras\u0103 cet\u0103\u021benia ucrainean\u0103. Dup\u0103 cum men\u021bioneaz\u0103 Serviciul de Stat pentru Migra\u021bie...","og_url":"https:\/\/www.btv.md\/ro\/lui-mihail-saakasvili-i-a-fost-retrasa-cetatenia-ucrainei\/","og_site_name":"BTV","article_publisher":"https:\/\/www.facebook.com\/btvmoldova\/","article_published_time":"2017-07-27T08:38:08+00:00","og_image":[{"width":1200,"height":720,"url":"https:\/\/www.btv.md\/wp-content\/uploads\/2017\/07\/saakashvili.jpg","type":"image\/jpeg"}],"author":"admin","twitter_misc":{"Scris de":"admin","Timp estimat pentru citire":"1 minut"},"schema":{"@context":"https:\/\/schema.org","@graph":[{"@type":"Article","@id":"https:\/\/www.btv.md\/ro\/lui-mihail-saakasvili-i-a-fost-retrasa-cetatenia-ucrainei\/#article","isPartOf":{"@id":"https:\/\/www.btv.md\/ro\/lui-mihail-saakasvili-i-a-fost-retrasa-cetatenia-ucrainei\/"},"author":{"name":"admin","@id":"https:\/\/www.btv.md\/#\/schema\/person\/8fadce81561b3ce2c34c46dadc4ccbf2"},"headline":"Lui Mihail Saaka\u0219vili i-a fost retras\u0103 cet\u0103\u021benia Ucrainei","datePublished":"2017-07-27T08:38:08+00:00","mainEntityOfPage":{"@id":"https:\/\/www.btv.md\/ro\/lui-mihail-saakasvili-i-a-fost-retrasa-cetatenia-ucrainei\/"},"wordCount":192,"image":{"@id":"https:\/\/www.btv.md\/ro\/lui-mihail-saakasvili-i-a-fost-retrasa-cetatenia-ucrainei\/#primaryimage"},"thumbnailUrl":"https:\/\/www.btv.md\/wp-content\/uploads\/2017\/07\/saakashvili.jpg","articleSection":["Externe"],"inLanguage":"ro-RO"},{"@type":"WebPage","@id":"https:\/\/www.btv.md\/ro\/lui-mihail-saakasvili-i-a-fost-retrasa-cetatenia-ucrainei\/","url":"https:\/\/www.btv.md\/ro\/lui-mihail-saakasvili-i-a-fost-retrasa-cetatenia-ucrainei\/","name":"Lui Mihail Saaka\u0219vili i-a fost retras\u0103 cet\u0103\u021benia Ucrainei","isPartOf":{"@id":"https:\/\/www.btv.md\/#website"},"primaryImageOfPage":{"@id":"https:\/\/www.btv.md\/ro\/lui-mihail-saakasvili-i-a-fost-retrasa-cetatenia-ucrainei\/#primaryimage"},"image":{"@id":"https:\/\/www.btv.md\/ro\/lui-mihail-saakasvili-i-a-fost-retrasa-cetatenia-ucrainei\/#primaryimage"},"thumbnailUrl":"https:\/\/www.btv.md\/wp-content\/uploads\/2017\/07\/saakashvili.jpg","datePublished":"2017-07-27T08:38:08+00:00","author":{"@id":"https:\/\/www.btv.md\/#\/schema\/person\/8fadce81561b3ce2c34c46dadc4ccbf2"},"description":"Fostului guvernator al regiunii Odessa, Mihail Saaka\u0219vili, i-a fost retras\u0103 cet\u0103\u021benia ucrainean\u0103. Dup\u0103 cum men\u021bioneaz\u0103 Serviciul de Stat pentru Migra\u021bie.","inLanguage":"ro-RO","potentialAction":[{"@type":"ReadAction","target":["https:\/\/www.btv.md\/ro\/lui-mihail-saakasvili-i-a-fost-retrasa-cetatenia-ucrainei\/"]}]},{"@type":"ImageObject","inLanguage":"ro-RO","@id":"https:\/\/www.btv.md\/ro\/lui-mihail-saakasvili-i-a-fost-retrasa-cetatenia-ucrainei\/#primaryimage","url":"https:\/\/www.btv.md\/wp-content\/uploads\/2017\/07\/saakashvili.jpg","contentUrl":"https:\/\/www.btv.md\/wp-content\/uploads\/2017\/07\/saakashvili.jpg","width":1200,"height":720},{"@type":"WebSite","@id":"https:\/\/www.btv.md\/#website","url":"https:\/\/www.btv.md\/","name":"BTV","description":"\u0411\u0435\u043b\u044c\u0446\u043a\u043e\u0435 \u0442\u0435\u043b\u0435\u0432\u0438\u0434\u0435\u043d\u0438\u0435","potentialAction":[{"@type":"SearchAction","target":{"@type":"EntryPoint","urlTemplate":"https:\/\/www.btv.md\/?s={search_term_string}"},"query-input":{"@type":"PropertyValueSpecification","valueRequired":true,"valueName":"search_term_string"}}],"inLanguage":"ro-RO"},{"@type":"Person","@id":"https:\/\/www.btv.md\/#\/schema\/person\/8fadce81561b3ce2c34c46dadc4ccbf2","name":"admin"}]}},"_links":{"self":[{"href":"https:\/\/www.btv.md\/ro\/wp-json\/wp\/v2\/posts\/29619","targetHints":{"allow":["GET"]}}],"collection":[{"href":"https:\/\/www.btv.md\/ro\/wp-json\/wp\/v2\/posts"}],"about":[{"href":"https:\/\/www.btv.md\/ro\/wp-json\/wp\/v2\/types\/post"}],"author":[{"embeddable":true,"href":"https:\/\/www.btv.md\/ro\/wp-json\/wp\/v2\/users\/4"}],"replies":[{"embeddable":true,"href":"https:\/\/www.btv.md\/ro\/wp-json\/wp\/v2\/comments?post=29619"}],"version-history":[{"count":0,"href":"https:\/\/www.btv.md\/ro\/wp-json\/wp\/v2\/posts\/29619\/revisions"}],"wp:featuredmedia":[{"embeddable":true,"href":"https:\/\/www.btv.md\/ro\/wp-json\/wp\/v2\/media\/29620"}],"wp:attachment":[{"href":"https:\/\/www.btv.md\/ro\/wp-json\/wp\/v2\/media?parent=29619"}],"wp:term":[{"taxonomy":"category","embeddable":true,"href":"https:\/\/www.btv.md\/ro\/wp-json\/wp\/v2\/categories?post=29619"},{"taxonomy":"post_tag","embeddable":true,"href":"https:\/\/www.btv.md\/ro\/wp-json\/wp\/v2\/tags?post=29619"}],"curies":[{"name":"wp","href":"https:\/\/api.w.org\/{rel}","templated":true}]}}